{"id":41206,"date":"2022-02-17T13:34:12","date_gmt":"2022-02-17T18:34:12","guid":{"rendered":"https:\/\/www.uqac.ca\/?p=41206"},"modified":"2022-02-17T13:34:12","modified_gmt":"2022-02-17T18:34:12","slug":"marie-josee-drapeau-signe-un-chapitre-dans-louvrage-de-lentrepreneur-a-lentrepreneuring","status":"publish","type":"post","link":"https:\/\/www.uqac.ca\/uqactualites\/2022\/02\/17\/marie-josee-drapeau-signe-un-chapitre-dans-louvrage-de-lentrepreneur-a-lentrepreneuring\/","title":{"rendered":"Marie-Jos\u00e9e Drapeau signe un chapitre dans l&rsquo;ouvrage De l&rsquo;entrepreneur \u00e0 l&rsquo;entrepreneuring"},"content":{"rendered":"<p>Sp\u00e9cialis\u00e9e en entreprenariat et PME, la professeure <a href=\"http:\/\/www.uqac.ca\/portfolio\/mariejoseedrapeau\/\">Marie-Jos\u00e9e Drapeau<\/a>\u00a0a r\u00e9cemment particip\u00e9 \u00e0 un ouvrage intitul\u00e9\u00a0<a href=\"https:\/\/www.eyrolles.com\/Entreprise\/Livre\/de-l-entrepreneur-a-l-entrepreneuring-9782376875543\/\"><em>De l\u2019entrepreneur \u00e0 l\u2019entrepreneuring<\/em><\/a>. Publi\u00e9 aux \u00e9ditions Eyrolles,\u00a0le livre rassemble les contributions de plus d&rsquo;une dizaine de chercheuses et de chercheurs de la Belgique, de la France et du Qu\u00e9bec aux horizons scientifiques vari\u00e9s et dresse un bilan des derni\u00e8res recherches men\u00e9es en entrepreneuriat.\u00a0Coordonn\u00e9 par Sandrine Emin et Nathalie Schieb-Bienfait, l&rsquo;ouvrage qui souhaite faire la lumi\u00e8re sur le ph\u00e9nom\u00e8ne entrepreneurial \u00e0 travers la loupe scientifique est destin\u00e9 aux \u00e9tudiant\u00b7es, aux doctorant\u00b7es de m\u00eame qu&rsquo;aux sp\u00e9cialistes du domaine.<\/p>\n<p>La contribution de Marie-Jos\u00e9e Drapeau, le cinqui\u00e8me chapitre, est pr\u00e9sent\u00e9e dans la deuxi\u00e8me partie de l\u2019ouvrage. Dans la mesure o\u00f9 la sortie entrepreneuriale est d\u2019actualit\u00e9 dans la presse manag\u00e9riale et qu\u2019elle fait partie int\u00e9grante de tout processus entrepreneurial, la professeure Drapeau a choisi de documenter ce sujet relativement peu trait\u00e9 comparativement \u00e0 celui portant sur l\u2019entr\u00e9e en entrepreneuriat. Dans ce chapitre, nomm\u00e9 <em>La d\u00e9cision de sortie entrepreneuriale<\/em>, elle privil\u00e9gie le courant de recherche relatif \u00e0 la sortie de l\u2019entrepreneur de son entreprise. Se d\u00e9marquant des lectures n\u00e9gatives de la sortie entrepreneuriale, elle inscrit son travail dans un pan de litt\u00e9rature relatif \u00e0 la prise de d\u00e9cision entrepreneuriale : l\u2019auteure propose ainsi une vision globale des diff\u00e9rentes strat\u00e9gies que l\u2019entrepreneur peut utiliser pour sortir de son entreprise, en s\u2019int\u00e9ressant \u00e0 la fois aux facteurs, aux motivations et aux intentions.<\/p>\n","protected":false},"excerpt":{"rendered":"<p>Sp\u00e9cialis\u00e9e en entreprenariat et PME, la professeure Marie-Jos\u00e9e Drapeau\u00a0a r\u00e9cemment particip\u00e9 \u00e0 un ouvrage intitul\u00e9\u00a0De l\u2019entrepreneur \u00e0 l\u2019entrepreneuring. Publi\u00e9 aux \u00e9ditions Eyrolles,\u00a0le livre rassemble les contributions de plus d&rsquo;une dizaine de chercheuses et de chercheurs de la Belgique, de la France et du Qu\u00e9bec aux horizons scientifiques vari\u00e9s et dresse un bilan des derni\u00e8res recherches [&hellip;]<\/p>\n","protected":false},"author":5,"featured_media":41214,"comment_status":"closed","ping_status":"closed","sticky":false,"template":"","format":"standard","meta":{"footnotes":""},"categories":[2],"tags":[8],"yoast_head":"<!-- This site is optimized with the Yoast SEO plugin v24.2 - https:\/\/yoast.com\/wordpress\/plugins\/seo\/ -->\r\n<title>Marie-Jos\u00e9e Drapeau signe un chapitre dans l&#039;ouvrage De l&#039;entrepreneur \u00e0 l&#039;entrepreneuring - UQACtualit\u00e9s<\/title>\r\n<meta name=\"robots\" content=\"index, follow, max-snippet:-1, max-image-preview:large, max-video-preview:-1\" \/>\r\n<link rel=\"canonical\" href=\"https:\/\/www.uqac.ca\/uqactualites\/2022\/02\/17\/marie-josee-drapeau-signe-un-chapitre-dans-louvrage-de-lentrepreneur-a-lentrepreneuring\/\" \/>\r\n<meta property=\"og:locale\" content=\"fr_CA\" \/>\r\n<meta property=\"og:type\" content=\"article\" \/>\r\n<meta property=\"og:title\" content=\"Marie-Jos\u00e9e Drapeau signe un chapitre dans l&#039;ouvrage De l&#039;entrepreneur \u00e0 l&#039;entrepreneuring - UQACtualit\u00e9s\" \/>\r\n<meta property=\"og:description\" content=\"Sp\u00e9cialis\u00e9e en entreprenariat et PME, la professeure Marie-Jos\u00e9e Drapeau\u00a0a r\u00e9cemment particip\u00e9 \u00e0 un ouvrage intitul\u00e9\u00a0De l\u2019entrepreneur \u00e0 l\u2019entrepreneuring. Publi\u00e9 aux \u00e9ditions Eyrolles,\u00a0le livre rassemble les contributions de plus d&rsquo;une dizaine de chercheuses et de chercheurs de la Belgique, de la France et du Qu\u00e9bec aux horizons scientifiques vari\u00e9s et dresse un bilan des derni\u00e8res recherches [&hellip;]\" \/>\r\n<meta property=\"og:url\" content=\"https:\/\/www.uqac.ca\/uqactualites\/2022\/02\/17\/marie-josee-drapeau-signe-un-chapitre-dans-louvrage-de-lentrepreneur-a-lentrepreneuring\/\" \/>\r\n<meta property=\"og:site_name\" content=\"UQACtualit\u00e9s\" \/>\r\n<meta property=\"article:published_time\" content=\"2022-02-17T18:34:12+00:00\" \/>\r\n<meta property=\"og:image\" content=\"https:\/\/www.uqac.ca\/uqactualites\/wp-content\/uploads\/2022\/02\/mjdrap.png\" \/>\r\n\t<meta property=\"og:image:width\" content=\"1040\" \/>\r\n\t<meta property=\"og:image:height\" content=\"695\" \/>\r\n\t<meta property=\"og:image:type\" content=\"image\/png\" \/>\r\n<meta name=\"author\" content=\"Service des communications et des relations publiques\" \/>\r\n<meta name=\"twitter:card\" content=\"summary_large_image\" \/>\r\n<meta name=\"twitter:label1\" content=\"\u00c9crit par\" \/>\n\t<meta name=\"twitter:data1\" content=\"Service des communications et des relations publiques\" \/>\n\t<meta name=\"twitter:label2\" content=\"Estimation du temps de lecture\" \/>\n\t<meta name=\"twitter:data2\" content=\"1 minute\" \/>\r\n<script type=\"application\/ld+json\" class=\"yoast-schema-graph\">{\"@context\":\"https:\/\/schema.org\",\"@graph\":[{\"@type\":\"WebPage\",\"@id\":\"https:\/\/www.uqac.ca\/uqactualites\/2022\/02\/17\/marie-josee-drapeau-signe-un-chapitre-dans-louvrage-de-lentrepreneur-a-lentrepreneuring\/\",\"url\":\"https:\/\/www.uqac.ca\/uqactualites\/2022\/02\/17\/marie-josee-drapeau-signe-un-chapitre-dans-louvrage-de-lentrepreneur-a-lentrepreneuring\/\",\"name\":\"Marie-Jos\u00e9e Drapeau signe un chapitre dans l'ouvrage De l'entrepreneur \u00e0 l'entrepreneuring - UQACtualit\u00e9s\",\"isPartOf\":{\"@id\":\"https:\/\/www.uqac.ca\/uqactualites\/#website\"},\"primaryImageOfPage\":{\"@id\":\"https:\/\/www.uqac.ca\/uqactualites\/2022\/02\/17\/marie-josee-drapeau-signe-un-chapitre-dans-louvrage-de-lentrepreneur-a-lentrepreneuring\/#primaryimage\"},\"image\":{\"@id\":\"https:\/\/www.uqac.ca\/uqactualites\/2022\/02\/17\/marie-josee-drapeau-signe-un-chapitre-dans-louvrage-de-lentrepreneur-a-lentrepreneuring\/#primaryimage\"},\"thumbnailUrl\":\"https:\/\/www.uqac.ca\/uqactualites\/wp-content\/uploads\/2022\/02\/mjdrap.png\",\"datePublished\":\"2022-02-17T18:34:12+00:00\",\"dateModified\":\"2022-02-17T18:34:12+00:00\",\"author\":{\"@id\":\"https:\/\/www.uqac.ca\/uqactualites\/#\/schema\/person\/366c45a0c4f0e677b41b4af5886e2018\"},\"breadcrumb\":{\"@id\":\"https:\/\/www.uqac.ca\/uqactualites\/2022\/02\/17\/marie-josee-drapeau-signe-un-chapitre-dans-louvrage-de-lentrepreneur-a-lentrepreneuring\/#breadcrumb\"},\"inLanguage\":\"fr-CA\",\"potentialAction\":[{\"@type\":\"ReadAction\",\"target\":[\"https:\/\/www.uqac.ca\/uqactualites\/2022\/02\/17\/marie-josee-drapeau-signe-un-chapitre-dans-louvrage-de-lentrepreneur-a-lentrepreneuring\/\"]}]},{\"@type\":\"ImageObject\",\"inLanguage\":\"fr-CA\",\"@id\":\"https:\/\/www.uqac.ca\/uqactualites\/2022\/02\/17\/marie-josee-drapeau-signe-un-chapitre-dans-louvrage-de-lentrepreneur-a-lentrepreneuring\/#primaryimage\",\"url\":\"https:\/\/www.uqac.ca\/uqactualites\/wp-content\/uploads\/2022\/02\/mjdrap.png\",\"contentUrl\":\"https:\/\/www.uqac.ca\/uqactualites\/wp-content\/uploads\/2022\/02\/mjdrap.png\",\"width\":1040,\"height\":695},{\"@type\":\"BreadcrumbList\",\"@id\":\"https:\/\/www.uqac.ca\/uqactualites\/2022\/02\/17\/marie-josee-drapeau-signe-un-chapitre-dans-louvrage-de-lentrepreneur-a-lentrepreneuring\/#breadcrumb\",\"itemListElement\":[{\"@type\":\"ListItem\",\"position\":1,\"name\":\"Home\",\"item\":\"https:\/\/www.uqac.ca\/uqactualites\/\"},{\"@type\":\"ListItem\",\"position\":2,\"name\":\"Marie-Jos\u00e9e Drapeau signe un chapitre dans l&rsquo;ouvrage De l&rsquo;entrepreneur \u00e0 l&rsquo;entrepreneuring\"}]},{\"@type\":\"WebSite\",\"@id\":\"https:\/\/www.uqac.ca\/uqactualites\/#website\",\"url\":\"https:\/\/www.uqac.ca\/uqactualites\/\",\"name\":\"UQACtualit\u00e9s\",\"description\":\"Le portail des nouvelles de l&#039;UQAC\",\"potentialAction\":[{\"@type\":\"SearchAction\",\"target\":{\"@type\":\"EntryPoint\",\"urlTemplate\":\"https:\/\/www.uqac.ca\/uqactualites\/?s={search_term_string}\"},\"query-input\":{\"@type\":\"PropertyValueSpecification\",\"valueRequired\":true,\"valueName\":\"search_term_string\"}}],\"inLanguage\":\"fr-CA\"},{\"@type\":\"Person\",\"@id\":\"https:\/\/www.uqac.ca\/uqactualites\/#\/schema\/person\/366c45a0c4f0e677b41b4af5886e2018\",\"name\":\"Service des communications et des relations publiques\",\"image\":{\"@type\":\"ImageObject\",\"inLanguage\":\"fr-CA\",\"@id\":\"https:\/\/www.uqac.ca\/uqactualites\/#\/schema\/person\/image\/\",\"url\":\"https:\/\/secure.gravatar.com\/avatar\/20fbbda8a292f59f2d3461a5b999c00b?s=96&d=mm&r=g\",\"contentUrl\":\"https:\/\/secure.gravatar.com\/avatar\/20fbbda8a292f59f2d3461a5b999c00b?s=96&d=mm&r=g\",\"caption\":\"Service des communications et des relations publiques\"},\"url\":\"https:\/\/www.uqac.ca\/uqactualites\/author\/bap\/\"}]}<\/script>\r\n<!-- \/ Yoast SEO plugin. -->","yoast_head_json":{"title":"Marie-Jos\u00e9e Drapeau signe un chapitre dans l'ouvrage De l'entrepreneur \u00e0 l'entrepreneuring - UQACtualit\u00e9s","robots":{"index":"index","follow":"follow","max-snippet":"max-snippet:-1","max-image-preview":"max-image-preview:large","max-video-preview":"max-video-preview:-1"},"canonical":"https:\/\/www.uqac.ca\/uqactualites\/2022\/02\/17\/marie-josee-drapeau-signe-un-chapitre-dans-louvrage-de-lentrepreneur-a-lentrepreneuring\/","og_locale":"fr_CA","og_type":"article","og_title":"Marie-Jos\u00e9e Drapeau signe un chapitre dans l'ouvrage De l'entrepreneur \u00e0 l'entrepreneuring - UQACtualit\u00e9s","og_description":"Sp\u00e9cialis\u00e9e en entreprenariat et PME, la professeure Marie-Jos\u00e9e Drapeau\u00a0a r\u00e9cemment particip\u00e9 \u00e0 un ouvrage intitul\u00e9\u00a0De l\u2019entrepreneur \u00e0 l\u2019entrepreneuring. Publi\u00e9 aux \u00e9ditions Eyrolles,\u00a0le livre rassemble les contributions de plus d&rsquo;une dizaine de chercheuses et de chercheurs de la Belgique, de la France et du Qu\u00e9bec aux horizons scientifiques vari\u00e9s et dresse un bilan des derni\u00e8res recherches [&hellip;]","og_url":"https:\/\/www.uqac.ca\/uqactualites\/2022\/02\/17\/marie-josee-drapeau-signe-un-chapitre-dans-louvrage-de-lentrepreneur-a-lentrepreneuring\/","og_site_name":"UQACtualit\u00e9s","article_published_time":"2022-02-17T18:34:12+00:00","og_image":[{"width":1040,"height":695,"url":"https:\/\/www.uqac.ca\/uqactualites\/wp-content\/uploads\/2022\/02\/mjdrap.png","type":"image\/png"}],"author":"Service des communications et des relations publiques","twitter_card":"summary_large_image","twitter_misc":{"\u00c9crit par":"Service des communications et des relations publiques","Estimation du temps de lecture":"1 minute"},"schema":{"@context":"https:\/\/schema.org","@graph":[{"@type":"WebPage","@id":"https:\/\/www.uqac.ca\/uqactualites\/2022\/02\/17\/marie-josee-drapeau-signe-un-chapitre-dans-louvrage-de-lentrepreneur-a-lentrepreneuring\/","url":"https:\/\/www.uqac.ca\/uqactualites\/2022\/02\/17\/marie-josee-drapeau-signe-un-chapitre-dans-louvrage-de-lentrepreneur-a-lentrepreneuring\/","name":"Marie-Jos\u00e9e Drapeau signe un chapitre dans l'ouvrage De l'entrepreneur \u00e0 l'entrepreneuring - UQACtualit\u00e9s","isPartOf":{"@id":"https:\/\/www.uqac.ca\/uqactualites\/#website"},"primaryImageOfPage":{"@id":"https:\/\/www.uqac.ca\/uqactualites\/2022\/02\/17\/marie-josee-drapeau-signe-un-chapitre-dans-louvrage-de-lentrepreneur-a-lentrepreneuring\/#primaryimage"},"image":{"@id":"https:\/\/www.uqac.ca\/uqactualites\/2022\/02\/17\/marie-josee-drapeau-signe-un-chapitre-dans-louvrage-de-lentrepreneur-a-lentrepreneuring\/#primaryimage"},"thumbnailUrl":"https:\/\/www.uqac.ca\/uqactualites\/wp-content\/uploads\/2022\/02\/mjdrap.png","datePublished":"2022-02-17T18:34:12+00:00","dateModified":"2022-02-17T18:34:12+00:00","author":{"@id":"https:\/\/www.uqac.ca\/uqactualites\/#\/schema\/person\/366c45a0c4f0e677b41b4af5886e2018"},"breadcrumb":{"@id":"https:\/\/www.uqac.ca\/uqactualites\/2022\/02\/17\/marie-josee-drapeau-signe-un-chapitre-dans-louvrage-de-lentrepreneur-a-lentrepreneuring\/#breadcrumb"},"inLanguage":"fr-CA","potentialAction":[{"@type":"ReadAction","target":["https:\/\/www.uqac.ca\/uqactualites\/2022\/02\/17\/marie-josee-drapeau-signe-un-chapitre-dans-louvrage-de-lentrepreneur-a-lentrepreneuring\/"]}]},{"@type":"ImageObject","inLanguage":"fr-CA","@id":"https:\/\/www.uqac.ca\/uqactualites\/2022\/02\/17\/marie-josee-drapeau-signe-un-chapitre-dans-louvrage-de-lentrepreneur-a-lentrepreneuring\/#primaryimage","url":"https:\/\/www.uqac.ca\/uqactualites\/wp-content\/uploads\/2022\/02\/mjdrap.png","contentUrl":"https:\/\/www.uqac.ca\/uqactualites\/wp-content\/uploads\/2022\/02\/mjdrap.png","width":1040,"height":695},{"@type":"BreadcrumbList","@id":"https:\/\/www.uqac.ca\/uqactualites\/2022\/02\/17\/marie-josee-drapeau-signe-un-chapitre-dans-louvrage-de-lentrepreneur-a-lentrepreneuring\/#breadcrumb","itemListElement":[{"@type":"ListItem","position":1,"name":"Home","item":"https:\/\/www.uqac.ca\/uqactualites\/"},{"@type":"ListItem","position":2,"name":"Marie-Jos\u00e9e Drapeau signe un chapitre dans l&rsquo;ouvrage De l&rsquo;entrepreneur \u00e0 l&rsquo;entrepreneuring"}]},{"@type":"WebSite","@id":"https:\/\/www.uqac.ca\/uqactualites\/#website","url":"https:\/\/www.uqac.ca\/uqactualites\/","name":"UQACtualit\u00e9s","description":"Le portail des nouvelles de l&#039;UQAC","potentialAction":[{"@type":"SearchAction","target":{"@type":"EntryPoint","urlTemplate":"https:\/\/www.uqac.ca\/uqactualites\/?s={search_term_string}"},"query-input":{"@type":"PropertyValueSpecification","valueRequired":true,"valueName":"search_term_string"}}],"inLanguage":"fr-CA"},{"@type":"Person","@id":"https:\/\/www.uqac.ca\/uqactualites\/#\/schema\/person\/366c45a0c4f0e677b41b4af5886e2018","name":"Service des communications et des relations publiques","image":{"@type":"ImageObject","inLanguage":"fr-CA","@id":"https:\/\/www.uqac.ca\/uqactualites\/#\/schema\/person\/image\/","url":"https:\/\/secure.gravatar.com\/avatar\/20fbbda8a292f59f2d3461a5b999c00b?s=96&d=mm&r=g","contentUrl":"https:\/\/secure.gravatar.com\/avatar\/20fbbda8a292f59f2d3461a5b999c00b?s=96&d=mm&r=g","caption":"Service des communications et des relations publiques"},"url":"https:\/\/www.uqac.ca\/uqactualites\/author\/bap\/"}]}},"_links":{"self":[{"href":"https:\/\/www.uqac.ca\/uqactualites\/wp-json\/wp\/v2\/posts\/41206"}],"collection":[{"href":"https:\/\/www.uqac.ca\/uqactualites\/wp-json\/wp\/v2\/posts"}],"about":[{"href":"https:\/\/www.uqac.ca\/uqactualites\/wp-json\/wp\/v2\/types\/post"}],"author":[{"embeddable":true,"href":"https:\/\/www.uqac.ca\/uqactualites\/wp-json\/wp\/v2\/users\/5"}],"replies":[{"embeddable":true,"href":"https:\/\/www.uqac.ca\/uqactualites\/wp-json\/wp\/v2\/comments?post=41206"}],"version-history":[{"count":0,"href":"https:\/\/www.uqac.ca\/uqactualites\/wp-json\/wp\/v2\/posts\/41206\/revisions"}],"wp:featuredmedia":[{"embeddable":true,"href":"https:\/\/www.uqac.ca\/uqactualites\/wp-json\/wp\/v2\/media\/41214"}],"wp:attachment":[{"href":"https:\/\/www.uqac.ca\/uqactualites\/wp-json\/wp\/v2\/media?parent=41206"}],"wp:term":[{"taxonomy":"category","embeddable":true,"href":"https:\/\/www.uqac.ca\/uqactualites\/wp-json\/wp\/v2\/categories?post=41206"},{"taxonomy":"post_tag","embeddable":true,"href":"https:\/\/www.uqac.ca\/uqactualites\/wp-json\/wp\/v2\/tags?post=41206"}],"curies":[{"name":"wp","href":"https:\/\/api.w.org\/{rel}","templated":true}]}}