{"id":41241,"date":"2022-02-21T14:57:37","date_gmt":"2022-02-21T19:57:37","guid":{"rendered":"https:\/\/www.uqac.ca\/?p=41241"},"modified":"2022-02-21T14:57:37","modified_gmt":"2022-02-21T19:57:37","slug":"labo-dataviz-pour-sonder-la-sante-mentale-de-la-communaute-universitaire","status":"publish","type":"post","link":"https:\/\/www.uqac.ca\/uqactualites\/2022\/02\/21\/labo-dataviz-pour-sonder-la-sante-mentale-de-la-communaute-universitaire\/","title":{"rendered":"Labo Dataviz pour sonder la sant\u00e9 mentale de la communaut\u00e9 universitaire"},"content":{"rendered":"<p>Le dispositif Dataviz, situ\u00e9 \u00e0 l&rsquo;entr\u00e9e est du Pavillon principal pr\u00e9sente un tout nouveau sc\u00e9nario. C&rsquo;est sous la th\u00e9matique du voyage que la communaut\u00e9 universitaire est invit\u00e9e \u00e0 embarquer dans un moment d&rsquo;introspection pour se demander \u00abComment \u00e7a va?\u00bb et pour imaginer un monde o\u00f9 la sant\u00e9 mentale est une priorit\u00e9 pour tous. Les donn\u00e9es et les pistes de solution envisag\u00e9es seront utilis\u00e9es par la professeure au D\u00e9partement des sciences humaines et sociales <a href=\"http:\/\/www.uqac.ca\/portfolio\/christianebergeronleclerc\/\" target=\"_blank\" rel=\"noopener\">Christiane Bergeron-Leclerc<\/a> dont les travaux\u00a0de recherche s\u2019int\u00e9ressent notamment \u00e0 la sant\u00e9 mentale de diverses populations, dont la communaut\u00e9 universitaire de l\u2019UQAC. Elle sera accompagn\u00e9e par les professeurs <a href=\"http:\/\/www.uqac.ca\/portfolio\/jacquescherblanc\/\" target=\"_blank\" rel=\"noopener\">Jacques Cherblanc <\/a>\u00a0et Olivier Riffon et les professeures <a href=\"http:\/\/www.uqac.ca\/portfolio\/marieevelangelier\/\" target=\"_blank\" rel=\"noopener\">Marie-\u00c8ve Langelier,<\/a>\u00a0<a href=\"http:\/\/www.uqac.ca\/portfolio\/daniellemaltais\/\" target=\"_blank\" rel=\"noopener\">Danielle Maltais<\/a> et <a href=\"http:\/\/www.uqac.ca\/portfolio\/jacinthedion\/\" target=\"_blank\" rel=\"noopener\">Jacinthe Dion.<\/a><\/p>\n<p>Rappelons que le dispositif Labo Dataviz est \u00e0 la fois un espace d\u2019\u00e9change et de dialogue sur les enjeux de notre \u00e9poque ainsi qu\u2019une exp\u00e9rience participative de collecte et de visualisation de donn\u00e9es.\u00a0 R\u00e9unissant science, art et design, l\u2019installation s\u2019inscrit dans le mouvement des repr\u00e9sentations graphiques, physiques et num\u00e9riques du vaste univers du Data.<\/p>\n<p>Au cours des prochains jours, des \u00e9tudiantes en travail social et en \u00e9ducation qui<em>\u00a0<\/em>sont impliqu\u00e9es dans la d\u00e9marche participeront \u00e0 l\u2019animation<em>.\u00a0<\/em><\/p>\n","protected":false},"excerpt":{"rendered":"<p>Le dispositif Dataviz, situ\u00e9 \u00e0 l&rsquo;entr\u00e9e est du Pavillon principal pr\u00e9sente un tout nouveau sc\u00e9nario. C&rsquo;est sous la th\u00e9matique du voyage que la communaut\u00e9 universitaire est invit\u00e9e \u00e0 embarquer dans un moment d&rsquo;introspection pour se demander \u00abComment \u00e7a va?\u00bb et pour imaginer un monde o\u00f9 la sant\u00e9 mentale est une priorit\u00e9 pour tous. Les donn\u00e9es [&hellip;]<\/p>\n","protected":false},"author":5,"featured_media":41243,"comment_status":"closed","ping_status":"closed","sticky":false,"template":"","format":"standard","meta":{"footnotes":""},"categories":[2],"tags":[22],"yoast_head":"<!-- This site is optimized with the Yoast SEO plugin v24.2 - https:\/\/yoast.com\/wordpress\/plugins\/seo\/ -->\r\n<title>Labo Dataviz pour sonder la sant\u00e9 mentale de la communaut\u00e9 universitaire - UQACtualit\u00e9s<\/title>\r\n<meta name=\"robots\" content=\"index, follow, max-snippet:-1, max-image-preview:large, max-video-preview:-1\" \/>\r\n<link rel=\"canonical\" href=\"https:\/\/www.uqac.ca\/uqactualites\/2022\/02\/21\/labo-dataviz-pour-sonder-la-sante-mentale-de-la-communaute-universitaire\/\" \/>\r\n<meta property=\"og:locale\" content=\"fr_CA\" \/>\r\n<meta property=\"og:type\" content=\"article\" \/>\r\n<meta property=\"og:title\" content=\"Labo Dataviz pour sonder la sant\u00e9 mentale de la communaut\u00e9 universitaire - UQACtualit\u00e9s\" \/>\r\n<meta property=\"og:description\" content=\"Le dispositif Dataviz, situ\u00e9 \u00e0 l&rsquo;entr\u00e9e est du Pavillon principal pr\u00e9sente un tout nouveau sc\u00e9nario. C&rsquo;est sous la th\u00e9matique du voyage que la communaut\u00e9 universitaire est invit\u00e9e \u00e0 embarquer dans un moment d&rsquo;introspection pour se demander \u00abComment \u00e7a va?\u00bb et pour imaginer un monde o\u00f9 la sant\u00e9 mentale est une priorit\u00e9 pour tous. Les donn\u00e9es [&hellip;]\" \/>\r\n<meta property=\"og:url\" content=\"https:\/\/www.uqac.ca\/uqactualites\/2022\/02\/21\/labo-dataviz-pour-sonder-la-sante-mentale-de-la-communaute-universitaire\/\" \/>\r\n<meta property=\"og:site_name\" content=\"UQACtualit\u00e9s\" \/>\r\n<meta property=\"article:published_time\" content=\"2022-02-21T19:57:37+00:00\" \/>\r\n<meta property=\"og:image\" content=\"https:\/\/www.uqac.ca\/uqactualites\/wp-content\/uploads\/2022\/02\/LancementDatavizLabVivant_staillon_H22_-14-scaled.jpg\" \/>\r\n\t<meta property=\"og:image:width\" content=\"2560\" \/>\r\n\t<meta property=\"og:image:height\" content=\"1706\" \/>\r\n\t<meta property=\"og:image:type\" content=\"image\/jpeg\" \/>\r\n<meta name=\"author\" content=\"Service des communications et des relations publiques\" \/>\r\n<meta name=\"twitter:card\" content=\"summary_large_image\" \/>\r\n<meta name=\"twitter:label1\" content=\"\u00c9crit par\" \/>\n\t<meta name=\"twitter:data1\" content=\"Service des communications et des relations publiques\" \/>\n\t<meta name=\"twitter:label2\" content=\"Estimation du temps de lecture\" \/>\n\t<meta name=\"twitter:data2\" content=\"1 minute\" \/>\r\n<script type=\"application\/ld+json\" class=\"yoast-schema-graph\">{\"@context\":\"https:\/\/schema.org\",\"@graph\":[{\"@type\":\"WebPage\",\"@id\":\"https:\/\/www.uqac.ca\/uqactualites\/2022\/02\/21\/labo-dataviz-pour-sonder-la-sante-mentale-de-la-communaute-universitaire\/\",\"url\":\"https:\/\/www.uqac.ca\/uqactualites\/2022\/02\/21\/labo-dataviz-pour-sonder-la-sante-mentale-de-la-communaute-universitaire\/\",\"name\":\"Labo Dataviz pour sonder la sant\u00e9 mentale de la communaut\u00e9 universitaire - UQACtualit\u00e9s\",\"isPartOf\":{\"@id\":\"https:\/\/www.uqac.ca\/uqactualites\/#website\"},\"primaryImageOfPage\":{\"@id\":\"https:\/\/www.uqac.ca\/uqactualites\/2022\/02\/21\/labo-dataviz-pour-sonder-la-sante-mentale-de-la-communaute-universitaire\/#primaryimage\"},\"image\":{\"@id\":\"https:\/\/www.uqac.ca\/uqactualites\/2022\/02\/21\/labo-dataviz-pour-sonder-la-sante-mentale-de-la-communaute-universitaire\/#primaryimage\"},\"thumbnailUrl\":\"https:\/\/www.uqac.ca\/uqactualites\/wp-content\/uploads\/2022\/02\/LancementDatavizLabVivant_staillon_H22_-14-scaled.jpg\",\"datePublished\":\"2022-02-21T19:57:37+00:00\",\"dateModified\":\"2022-02-21T19:57:37+00:00\",\"author\":{\"@id\":\"https:\/\/www.uqac.ca\/uqactualites\/#\/schema\/person\/366c45a0c4f0e677b41b4af5886e2018\"},\"breadcrumb\":{\"@id\":\"https:\/\/www.uqac.ca\/uqactualites\/2022\/02\/21\/labo-dataviz-pour-sonder-la-sante-mentale-de-la-communaute-universitaire\/#breadcrumb\"},\"inLanguage\":\"fr-CA\",\"potentialAction\":[{\"@type\":\"ReadAction\",\"target\":[\"https:\/\/www.uqac.ca\/uqactualites\/2022\/02\/21\/labo-dataviz-pour-sonder-la-sante-mentale-de-la-communaute-universitaire\/\"]}]},{\"@type\":\"ImageObject\",\"inLanguage\":\"fr-CA\",\"@id\":\"https:\/\/www.uqac.ca\/uqactualites\/2022\/02\/21\/labo-dataviz-pour-sonder-la-sante-mentale-de-la-communaute-universitaire\/#primaryimage\",\"url\":\"https:\/\/www.uqac.ca\/uqactualites\/wp-content\/uploads\/2022\/02\/LancementDatavizLabVivant_staillon_H22_-14-scaled.jpg\",\"contentUrl\":\"https:\/\/www.uqac.ca\/uqactualites\/wp-content\/uploads\/2022\/02\/LancementDatavizLabVivant_staillon_H22_-14-scaled.jpg\",\"width\":2560,\"height\":1706,\"caption\":\"Sur la photo, la directrice de Lum Design Annie Perron, le professeur Olivier Riffon, la professeure Christiane Bergeron-Leclerc et le recteur, Ghislain Samson\"},{\"@type\":\"BreadcrumbList\",\"@id\":\"https:\/\/www.uqac.ca\/uqactualites\/2022\/02\/21\/labo-dataviz-pour-sonder-la-sante-mentale-de-la-communaute-universitaire\/#breadcrumb\",\"itemListElement\":[{\"@type\":\"ListItem\",\"position\":1,\"name\":\"Home\",\"item\":\"https:\/\/www.uqac.ca\/uqactualites\/\"},{\"@type\":\"ListItem\",\"position\":2,\"name\":\"Labo Dataviz pour sonder la sant\u00e9 mentale de la communaut\u00e9 universitaire\"}]},{\"@type\":\"WebSite\",\"@id\":\"https:\/\/www.uqac.ca\/uqactualites\/#website\",\"url\":\"https:\/\/www.uqac.ca\/uqactualites\/\",\"name\":\"UQACtualit\u00e9s\",\"description\":\"Le portail des nouvelles de l&#039;UQAC\",\"potentialAction\":[{\"@type\":\"SearchAction\",\"target\":{\"@type\":\"EntryPoint\",\"urlTemplate\":\"https:\/\/www.uqac.ca\/uqactualites\/?s={search_term_string}\"},\"query-input\":{\"@type\":\"PropertyValueSpecification\",\"valueRequired\":true,\"valueName\":\"search_term_string\"}}],\"inLanguage\":\"fr-CA\"},{\"@type\":\"Person\",\"@id\":\"https:\/\/www.uqac.ca\/uqactualites\/#\/schema\/person\/366c45a0c4f0e677b41b4af5886e2018\",\"name\":\"Service des communications et des relations publiques\",\"image\":{\"@type\":\"ImageObject\",\"inLanguage\":\"fr-CA\",\"@id\":\"https:\/\/www.uqac.ca\/uqactualites\/#\/schema\/person\/image\/\",\"url\":\"https:\/\/secure.gravatar.com\/avatar\/20fbbda8a292f59f2d3461a5b999c00b?s=96&d=mm&r=g\",\"contentUrl\":\"https:\/\/secure.gravatar.com\/avatar\/20fbbda8a292f59f2d3461a5b999c00b?s=96&d=mm&r=g\",\"caption\":\"Service des communications et des relations publiques\"},\"url\":\"https:\/\/www.uqac.ca\/uqactualites\/author\/bap\/\"}]}<\/script>\r\n<!-- \/ Yoast SEO plugin. -->","yoast_head_json":{"title":"Labo Dataviz pour sonder la sant\u00e9 mentale de la communaut\u00e9 universitaire - UQACtualit\u00e9s","robots":{"index":"index","follow":"follow","max-snippet":"max-snippet:-1","max-image-preview":"max-image-preview:large","max-video-preview":"max-video-preview:-1"},"canonical":"https:\/\/www.uqac.ca\/uqactualites\/2022\/02\/21\/labo-dataviz-pour-sonder-la-sante-mentale-de-la-communaute-universitaire\/","og_locale":"fr_CA","og_type":"article","og_title":"Labo Dataviz pour sonder la sant\u00e9 mentale de la communaut\u00e9 universitaire - UQACtualit\u00e9s","og_description":"Le dispositif Dataviz, situ\u00e9 \u00e0 l&rsquo;entr\u00e9e est du Pavillon principal pr\u00e9sente un tout nouveau sc\u00e9nario. C&rsquo;est sous la th\u00e9matique du voyage que la communaut\u00e9 universitaire est invit\u00e9e \u00e0 embarquer dans un moment d&rsquo;introspection pour se demander \u00abComment \u00e7a va?\u00bb et pour imaginer un monde o\u00f9 la sant\u00e9 mentale est une priorit\u00e9 pour tous. Les donn\u00e9es [&hellip;]","og_url":"https:\/\/www.uqac.ca\/uqactualites\/2022\/02\/21\/labo-dataviz-pour-sonder-la-sante-mentale-de-la-communaute-universitaire\/","og_site_name":"UQACtualit\u00e9s","article_published_time":"2022-02-21T19:57:37+00:00","og_image":[{"width":2560,"height":1706,"url":"https:\/\/www.uqac.ca\/uqactualites\/wp-content\/uploads\/2022\/02\/LancementDatavizLabVivant_staillon_H22_-14-scaled.jpg","type":"image\/jpeg"}],"author":"Service des communications et des relations publiques","twitter_card":"summary_large_image","twitter_misc":{"\u00c9crit par":"Service des communications et des relations publiques","Estimation du temps de lecture":"1 minute"},"schema":{"@context":"https:\/\/schema.org","@graph":[{"@type":"WebPage","@id":"https:\/\/www.uqac.ca\/uqactualites\/2022\/02\/21\/labo-dataviz-pour-sonder-la-sante-mentale-de-la-communaute-universitaire\/","url":"https:\/\/www.uqac.ca\/uqactualites\/2022\/02\/21\/labo-dataviz-pour-sonder-la-sante-mentale-de-la-communaute-universitaire\/","name":"Labo Dataviz pour sonder la sant\u00e9 mentale de la communaut\u00e9 universitaire - UQACtualit\u00e9s","isPartOf":{"@id":"https:\/\/www.uqac.ca\/uqactualites\/#website"},"primaryImageOfPage":{"@id":"https:\/\/www.uqac.ca\/uqactualites\/2022\/02\/21\/labo-dataviz-pour-sonder-la-sante-mentale-de-la-communaute-universitaire\/#primaryimage"},"image":{"@id":"https:\/\/www.uqac.ca\/uqactualites\/2022\/02\/21\/labo-dataviz-pour-sonder-la-sante-mentale-de-la-communaute-universitaire\/#primaryimage"},"thumbnailUrl":"https:\/\/www.uqac.ca\/uqactualites\/wp-content\/uploads\/2022\/02\/LancementDatavizLabVivant_staillon_H22_-14-scaled.jpg","datePublished":"2022-02-21T19:57:37+00:00","dateModified":"2022-02-21T19:57:37+00:00","author":{"@id":"https:\/\/www.uqac.ca\/uqactualites\/#\/schema\/person\/366c45a0c4f0e677b41b4af5886e2018"},"breadcrumb":{"@id":"https:\/\/www.uqac.ca\/uqactualites\/2022\/02\/21\/labo-dataviz-pour-sonder-la-sante-mentale-de-la-communaute-universitaire\/#breadcrumb"},"inLanguage":"fr-CA","potentialAction":[{"@type":"ReadAction","target":["https:\/\/www.uqac.ca\/uqactualites\/2022\/02\/21\/labo-dataviz-pour-sonder-la-sante-mentale-de-la-communaute-universitaire\/"]}]},{"@type":"ImageObject","inLanguage":"fr-CA","@id":"https:\/\/www.uqac.ca\/uqactualites\/2022\/02\/21\/labo-dataviz-pour-sonder-la-sante-mentale-de-la-communaute-universitaire\/#primaryimage","url":"https:\/\/www.uqac.ca\/uqactualites\/wp-content\/uploads\/2022\/02\/LancementDatavizLabVivant_staillon_H22_-14-scaled.jpg","contentUrl":"https:\/\/www.uqac.ca\/uqactualites\/wp-content\/uploads\/2022\/02\/LancementDatavizLabVivant_staillon_H22_-14-scaled.jpg","width":2560,"height":1706,"caption":"Sur la photo, la directrice de Lum Design Annie Perron, le professeur Olivier Riffon, la professeure Christiane Bergeron-Leclerc et le recteur, Ghislain Samson"},{"@type":"BreadcrumbList","@id":"https:\/\/www.uqac.ca\/uqactualites\/2022\/02\/21\/labo-dataviz-pour-sonder-la-sante-mentale-de-la-communaute-universitaire\/#breadcrumb","itemListElement":[{"@type":"ListItem","position":1,"name":"Home","item":"https:\/\/www.uqac.ca\/uqactualites\/"},{"@type":"ListItem","position":2,"name":"Labo Dataviz pour sonder la sant\u00e9 mentale de la communaut\u00e9 universitaire"}]},{"@type":"WebSite","@id":"https:\/\/www.uqac.ca\/uqactualites\/#website","url":"https:\/\/www.uqac.ca\/uqactualites\/","name":"UQACtualit\u00e9s","description":"Le portail des nouvelles de l&#039;UQAC","potentialAction":[{"@type":"SearchAction","target":{"@type":"EntryPoint","urlTemplate":"https:\/\/www.uqac.ca\/uqactualites\/?s={search_term_string}"},"query-input":{"@type":"PropertyValueSpecification","valueRequired":true,"valueName":"search_term_string"}}],"inLanguage":"fr-CA"},{"@type":"Person","@id":"https:\/\/www.uqac.ca\/uqactualites\/#\/schema\/person\/366c45a0c4f0e677b41b4af5886e2018","name":"Service des communications et des relations publiques","image":{"@type":"ImageObject","inLanguage":"fr-CA","@id":"https:\/\/www.uqac.ca\/uqactualites\/#\/schema\/person\/image\/","url":"https:\/\/secure.gravatar.com\/avatar\/20fbbda8a292f59f2d3461a5b999c00b?s=96&d=mm&r=g","contentUrl":"https:\/\/secure.gravatar.com\/avatar\/20fbbda8a292f59f2d3461a5b999c00b?s=96&d=mm&r=g","caption":"Service des communications et des relations publiques"},"url":"https:\/\/www.uqac.ca\/uqactualites\/author\/bap\/"}]}},"_links":{"self":[{"href":"https:\/\/www.uqac.ca\/uqactualites\/wp-json\/wp\/v2\/posts\/41241"}],"collection":[{"href":"https:\/\/www.uqac.ca\/uqactualites\/wp-json\/wp\/v2\/posts"}],"about":[{"href":"https:\/\/www.uqac.ca\/uqactualites\/wp-json\/wp\/v2\/types\/post"}],"author":[{"embeddable":true,"href":"https:\/\/www.uqac.ca\/uqactualites\/wp-json\/wp\/v2\/users\/5"}],"replies":[{"embeddable":true,"href":"https:\/\/www.uqac.ca\/uqactualites\/wp-json\/wp\/v2\/comments?post=41241"}],"version-history":[{"count":0,"href":"https:\/\/www.uqac.ca\/uqactualites\/wp-json\/wp\/v2\/posts\/41241\/revisions"}],"wp:featuredmedia":[{"embeddable":true,"href":"https:\/\/www.uqac.ca\/uqactualites\/wp-json\/wp\/v2\/media\/41243"}],"wp:attachment":[{"href":"https:\/\/www.uqac.ca\/uqactualites\/wp-json\/wp\/v2\/media?parent=41241"}],"wp:term":[{"taxonomy":"category","embeddable":true,"href":"https:\/\/www.uqac.ca\/uqactualites\/wp-json\/wp\/v2\/categories?post=41241"},{"taxonomy":"post_tag","embeddable":true,"href":"https:\/\/www.uqac.ca\/uqactualites\/wp-json\/wp\/v2\/tags?post=41241"}],"curies":[{"name":"wp","href":"https:\/\/api.w.org\/{rel}","templated":true}]}}