{"id":41296,"date":"2022-03-14T09:12:00","date_gmt":"2022-03-14T13:12:00","guid":{"rendered":"https:\/\/www.uqac.ca\/?p=41296"},"modified":"2022-03-14T09:12:00","modified_gmt":"2022-03-14T13:12:00","slug":"automne-2022-des-nouveautes-pour-le-baccalaureat-en-histoire-de-luqac","status":"publish","type":"post","link":"https:\/\/www.uqac.ca\/uqactualites\/2022\/03\/14\/automne-2022-des-nouveautes-pour-le-baccalaureat-en-histoire-de-luqac\/","title":{"rendered":"Automne 2022 : Des nouveaut\u00e9s pour le baccalaur\u00e9at en histoire de l\u2019UQAC"},"content":{"rendered":"<p>Apr\u00e8s avoir men\u00e9 des consultations aupr\u00e8s des \u00e9tudiants et des professeurs du programme <a href=\"https:\/\/www.uqac.ca\/programme\/7758-baccalaureat-en-histoire\/\">baccalaur\u00e9at en histoire de l\u2019Universit\u00e9 du Qu\u00e9bec \u00e0 Chicoutimi (UQAC)<\/a>, de nouvelles id\u00e9es ont \u00e9merg\u00e9es afin que la formation soit davantage ax\u00e9e sur la pratique des enjeux d\u2019aujourd\u2019hui.<\/p>\n<p>Donc, d\u00e8s cet automne, le programme sera divis\u00e9 en quatre blocs comprenant des cours optionnels ax\u00e9s soit sur l\u2019international, l\u2019histoire autochtone, la pratique de l\u2019histoire ou diff\u00e9rentes th\u00e9matiques en histoire qui seront chang\u00e9es annuellement. Selon le corps professoral, ces ajouts permettront aux \u00e9tudiants d\u2019accro\u00eetre significativement leur culture g\u00e9n\u00e9rale et sauront mieux les outiller dans leurs activit\u00e9s de recherche et de r\u00e9daction.<\/p>\n<p>La consultation a aussi permis de d\u00e9couvrir que les \u00e9tudiants souhaitaient en apprendre davantage sur le c\u00f4t\u00e9 pratique de la profession d\u2019historien. Les responsables du programme ont donc ajout\u00e9 dans le cheminement du baccalaur\u00e9at une activit\u00e9 d\u2019int\u00e9gration de six cr\u00e9dits qui comprendra un stage et un cours d\u2019histoire publique.<\/p>\n<p>Aussi, une nouvelle entente passerelle entre le programme pr\u00e9universitaire d&rsquo;histoire et civilisation du C\u00e9gep de Chicoutimi et le baccalaur\u00e9at en histoire de l\u2019UQAC a \u00e9galement \u00e9t\u00e9 prise en compte lors de la r\u00e9forme pour les rendre compatibles. Cette passerelle permettra, entre autres, aux \u00e9tudiants d\u2019all\u00e9ger leur transition du coll\u00e8ge \u00e0 l\u2019universit\u00e9 et de diminuer la dur\u00e9e de leurs formations.<\/p>\n<p>Finalement l\u2019instauration d\u2019un cheminement <em>Honor<\/em> permettra de faciliter l\u2019acc\u00e8s aux cycles sup\u00e9rieurs pour les \u00e9tudiants qui r\u00e9pondront aux crit\u00e8res sp\u00e9cifiques demand\u00e9s.<\/p>\n<p>&nbsp;<\/p>\n","protected":false},"excerpt":{"rendered":"<p>Apr\u00e8s avoir men\u00e9 des consultations aupr\u00e8s des \u00e9tudiants et des professeurs du programme baccalaur\u00e9at en histoire de l\u2019Universit\u00e9 du Qu\u00e9bec \u00e0 Chicoutimi (UQAC), de nouvelles id\u00e9es ont \u00e9merg\u00e9es afin que la formation soit davantage ax\u00e9e sur la pratique des enjeux d\u2019aujourd\u2019hui. Donc, d\u00e8s cet automne, le programme sera divis\u00e9 en quatre blocs comprenant des cours [&hellip;]<\/p>\n","protected":false},"author":5,"featured_media":41300,"comment_status":"closed","ping_status":"closed","sticky":false,"template":"","format":"standard","meta":{"footnotes":""},"categories":[2],"tags":[22],"yoast_head":"<!-- This site is optimized with the Yoast SEO plugin v24.2 - https:\/\/yoast.com\/wordpress\/plugins\/seo\/ -->\r\n<title>Automne 2022 : Des nouveaut\u00e9s pour le baccalaur\u00e9at en histoire de l\u2019UQAC - UQACtualit\u00e9s<\/title>\r\n<meta name=\"robots\" content=\"index, follow, max-snippet:-1, max-image-preview:large, max-video-preview:-1\" \/>\r\n<link rel=\"canonical\" href=\"https:\/\/www.uqac.ca\/uqactualites\/2022\/03\/14\/automne-2022-des-nouveautes-pour-le-baccalaureat-en-histoire-de-luqac\/\" \/>\r\n<meta property=\"og:locale\" content=\"fr_CA\" \/>\r\n<meta property=\"og:type\" content=\"article\" \/>\r\n<meta property=\"og:title\" content=\"Automne 2022 : Des nouveaut\u00e9s pour le baccalaur\u00e9at en histoire de l\u2019UQAC - UQACtualit\u00e9s\" \/>\r\n<meta property=\"og:description\" content=\"Apr\u00e8s avoir men\u00e9 des consultations aupr\u00e8s des \u00e9tudiants et des professeurs du programme baccalaur\u00e9at en histoire de l\u2019Universit\u00e9 du Qu\u00e9bec \u00e0 Chicoutimi (UQAC), de nouvelles id\u00e9es ont \u00e9merg\u00e9es afin que la formation soit davantage ax\u00e9e sur la pratique des enjeux d\u2019aujourd\u2019hui. Donc, d\u00e8s cet automne, le programme sera divis\u00e9 en quatre blocs comprenant des cours [&hellip;]\" \/>\r\n<meta property=\"og:url\" content=\"https:\/\/www.uqac.ca\/uqactualites\/2022\/03\/14\/automne-2022-des-nouveautes-pour-le-baccalaureat-en-histoire-de-luqac\/\" \/>\r\n<meta property=\"og:site_name\" content=\"UQACtualit\u00e9s\" \/>\r\n<meta property=\"article:published_time\" content=\"2022-03-14T13:12:00+00:00\" \/>\r\n<meta property=\"og:image\" content=\"https:\/\/www.uqac.ca\/uqactualites\/wp-content\/uploads\/2022\/03\/NUM_BaccHistoireH21_Fbk-Lkdn-ImPartage1200x628-12.jpg\" \/>\r\n\t<meta property=\"og:image:width\" content=\"1221\" \/>\r\n\t<meta property=\"og:image:height\" content=\"629\" \/>\r\n\t<meta property=\"og:image:type\" content=\"image\/jpeg\" \/>\r\n<meta name=\"author\" content=\"Service des communications et des relations publiques\" \/>\r\n<meta name=\"twitter:card\" content=\"summary_large_image\" \/>\r\n<meta name=\"twitter:label1\" content=\"\u00c9crit par\" \/>\n\t<meta name=\"twitter:data1\" content=\"Service des communications et des relations publiques\" \/>\n\t<meta name=\"twitter:label2\" content=\"Estimation du temps de lecture\" \/>\n\t<meta name=\"twitter:data2\" content=\"1 minute\" \/>\r\n<script type=\"application\/ld+json\" class=\"yoast-schema-graph\">{\"@context\":\"https:\/\/schema.org\",\"@graph\":[{\"@type\":\"WebPage\",\"@id\":\"https:\/\/www.uqac.ca\/uqactualites\/2022\/03\/14\/automne-2022-des-nouveautes-pour-le-baccalaureat-en-histoire-de-luqac\/\",\"url\":\"https:\/\/www.uqac.ca\/uqactualites\/2022\/03\/14\/automne-2022-des-nouveautes-pour-le-baccalaureat-en-histoire-de-luqac\/\",\"name\":\"Automne 2022 : Des nouveaut\u00e9s pour le baccalaur\u00e9at en histoire de l\u2019UQAC - UQACtualit\u00e9s\",\"isPartOf\":{\"@id\":\"https:\/\/www.uqac.ca\/uqactualites\/#website\"},\"primaryImageOfPage\":{\"@id\":\"https:\/\/www.uqac.ca\/uqactualites\/2022\/03\/14\/automne-2022-des-nouveautes-pour-le-baccalaureat-en-histoire-de-luqac\/#primaryimage\"},\"image\":{\"@id\":\"https:\/\/www.uqac.ca\/uqactualites\/2022\/03\/14\/automne-2022-des-nouveautes-pour-le-baccalaureat-en-histoire-de-luqac\/#primaryimage\"},\"thumbnailUrl\":\"https:\/\/www.uqac.ca\/uqactualites\/wp-content\/uploads\/2022\/03\/NUM_BaccHistoireH21_Fbk-Lkdn-ImPartage1200x628-12.jpg\",\"datePublished\":\"2022-03-14T13:12:00+00:00\",\"dateModified\":\"2022-03-14T13:12:00+00:00\",\"author\":{\"@id\":\"https:\/\/www.uqac.ca\/uqactualites\/#\/schema\/person\/366c45a0c4f0e677b41b4af5886e2018\"},\"breadcrumb\":{\"@id\":\"https:\/\/www.uqac.ca\/uqactualites\/2022\/03\/14\/automne-2022-des-nouveautes-pour-le-baccalaureat-en-histoire-de-luqac\/#breadcrumb\"},\"inLanguage\":\"fr-CA\",\"potentialAction\":[{\"@type\":\"ReadAction\",\"target\":[\"https:\/\/www.uqac.ca\/uqactualites\/2022\/03\/14\/automne-2022-des-nouveautes-pour-le-baccalaureat-en-histoire-de-luqac\/\"]}]},{\"@type\":\"ImageObject\",\"inLanguage\":\"fr-CA\",\"@id\":\"https:\/\/www.uqac.ca\/uqactualites\/2022\/03\/14\/automne-2022-des-nouveautes-pour-le-baccalaureat-en-histoire-de-luqac\/#primaryimage\",\"url\":\"https:\/\/www.uqac.ca\/uqactualites\/wp-content\/uploads\/2022\/03\/NUM_BaccHistoireH21_Fbk-Lkdn-ImPartage1200x628-12.jpg\",\"contentUrl\":\"https:\/\/www.uqac.ca\/uqactualites\/wp-content\/uploads\/2022\/03\/NUM_BaccHistoireH21_Fbk-Lkdn-ImPartage1200x628-12.jpg\",\"width\":1221,\"height\":629},{\"@type\":\"BreadcrumbList\",\"@id\":\"https:\/\/www.uqac.ca\/uqactualites\/2022\/03\/14\/automne-2022-des-nouveautes-pour-le-baccalaureat-en-histoire-de-luqac\/#breadcrumb\",\"itemListElement\":[{\"@type\":\"ListItem\",\"position\":1,\"name\":\"Home\",\"item\":\"https:\/\/www.uqac.ca\/uqactualites\/\"},{\"@type\":\"ListItem\",\"position\":2,\"name\":\"Automne 2022 : Des nouveaut\u00e9s pour le baccalaur\u00e9at en histoire de l\u2019UQAC\"}]},{\"@type\":\"WebSite\",\"@id\":\"https:\/\/www.uqac.ca\/uqactualites\/#website\",\"url\":\"https:\/\/www.uqac.ca\/uqactualites\/\",\"name\":\"UQACtualit\u00e9s\",\"description\":\"Le portail des nouvelles de l&#039;UQAC\",\"potentialAction\":[{\"@type\":\"SearchAction\",\"target\":{\"@type\":\"EntryPoint\",\"urlTemplate\":\"https:\/\/www.uqac.ca\/uqactualites\/?s={search_term_string}\"},\"query-input\":{\"@type\":\"PropertyValueSpecification\",\"valueRequired\":true,\"valueName\":\"search_term_string\"}}],\"inLanguage\":\"fr-CA\"},{\"@type\":\"Person\",\"@id\":\"https:\/\/www.uqac.ca\/uqactualites\/#\/schema\/person\/366c45a0c4f0e677b41b4af5886e2018\",\"name\":\"Service des communications et des relations publiques\",\"image\":{\"@type\":\"ImageObject\",\"inLanguage\":\"fr-CA\",\"@id\":\"https:\/\/www.uqac.ca\/uqactualites\/#\/schema\/person\/image\/\",\"url\":\"https:\/\/secure.gravatar.com\/avatar\/20fbbda8a292f59f2d3461a5b999c00b?s=96&d=mm&r=g\",\"contentUrl\":\"https:\/\/secure.gravatar.com\/avatar\/20fbbda8a292f59f2d3461a5b999c00b?s=96&d=mm&r=g\",\"caption\":\"Service des communications et des relations publiques\"},\"url\":\"https:\/\/www.uqac.ca\/uqactualites\/author\/bap\/\"}]}<\/script>\r\n<!-- \/ Yoast SEO plugin. -->","yoast_head_json":{"title":"Automne 2022 : Des nouveaut\u00e9s pour le baccalaur\u00e9at en histoire de l\u2019UQAC - UQACtualit\u00e9s","robots":{"index":"index","follow":"follow","max-snippet":"max-snippet:-1","max-image-preview":"max-image-preview:large","max-video-preview":"max-video-preview:-1"},"canonical":"https:\/\/www.uqac.ca\/uqactualites\/2022\/03\/14\/automne-2022-des-nouveautes-pour-le-baccalaureat-en-histoire-de-luqac\/","og_locale":"fr_CA","og_type":"article","og_title":"Automne 2022 : Des nouveaut\u00e9s pour le baccalaur\u00e9at en histoire de l\u2019UQAC - UQACtualit\u00e9s","og_description":"Apr\u00e8s avoir men\u00e9 des consultations aupr\u00e8s des \u00e9tudiants et des professeurs du programme baccalaur\u00e9at en histoire de l\u2019Universit\u00e9 du Qu\u00e9bec \u00e0 Chicoutimi (UQAC), de nouvelles id\u00e9es ont \u00e9merg\u00e9es afin que la formation soit davantage ax\u00e9e sur la pratique des enjeux d\u2019aujourd\u2019hui. Donc, d\u00e8s cet automne, le programme sera divis\u00e9 en quatre blocs comprenant des cours [&hellip;]","og_url":"https:\/\/www.uqac.ca\/uqactualites\/2022\/03\/14\/automne-2022-des-nouveautes-pour-le-baccalaureat-en-histoire-de-luqac\/","og_site_name":"UQACtualit\u00e9s","article_published_time":"2022-03-14T13:12:00+00:00","og_image":[{"width":1221,"height":629,"url":"https:\/\/www.uqac.ca\/uqactualites\/wp-content\/uploads\/2022\/03\/NUM_BaccHistoireH21_Fbk-Lkdn-ImPartage1200x628-12.jpg","type":"image\/jpeg"}],"author":"Service des communications et des relations publiques","twitter_card":"summary_large_image","twitter_misc":{"\u00c9crit par":"Service des communications et des relations publiques","Estimation du temps de lecture":"1 minute"},"schema":{"@context":"https:\/\/schema.org","@graph":[{"@type":"WebPage","@id":"https:\/\/www.uqac.ca\/uqactualites\/2022\/03\/14\/automne-2022-des-nouveautes-pour-le-baccalaureat-en-histoire-de-luqac\/","url":"https:\/\/www.uqac.ca\/uqactualites\/2022\/03\/14\/automne-2022-des-nouveautes-pour-le-baccalaureat-en-histoire-de-luqac\/","name":"Automne 2022 : Des nouveaut\u00e9s pour le baccalaur\u00e9at en histoire de l\u2019UQAC - UQACtualit\u00e9s","isPartOf":{"@id":"https:\/\/www.uqac.ca\/uqactualites\/#website"},"primaryImageOfPage":{"@id":"https:\/\/www.uqac.ca\/uqactualites\/2022\/03\/14\/automne-2022-des-nouveautes-pour-le-baccalaureat-en-histoire-de-luqac\/#primaryimage"},"image":{"@id":"https:\/\/www.uqac.ca\/uqactualites\/2022\/03\/14\/automne-2022-des-nouveautes-pour-le-baccalaureat-en-histoire-de-luqac\/#primaryimage"},"thumbnailUrl":"https:\/\/www.uqac.ca\/uqactualites\/wp-content\/uploads\/2022\/03\/NUM_BaccHistoireH21_Fbk-Lkdn-ImPartage1200x628-12.jpg","datePublished":"2022-03-14T13:12:00+00:00","dateModified":"2022-03-14T13:12:00+00:00","author":{"@id":"https:\/\/www.uqac.ca\/uqactualites\/#\/schema\/person\/366c45a0c4f0e677b41b4af5886e2018"},"breadcrumb":{"@id":"https:\/\/www.uqac.ca\/uqactualites\/2022\/03\/14\/automne-2022-des-nouveautes-pour-le-baccalaureat-en-histoire-de-luqac\/#breadcrumb"},"inLanguage":"fr-CA","potentialAction":[{"@type":"ReadAction","target":["https:\/\/www.uqac.ca\/uqactualites\/2022\/03\/14\/automne-2022-des-nouveautes-pour-le-baccalaureat-en-histoire-de-luqac\/"]}]},{"@type":"ImageObject","inLanguage":"fr-CA","@id":"https:\/\/www.uqac.ca\/uqactualites\/2022\/03\/14\/automne-2022-des-nouveautes-pour-le-baccalaureat-en-histoire-de-luqac\/#primaryimage","url":"https:\/\/www.uqac.ca\/uqactualites\/wp-content\/uploads\/2022\/03\/NUM_BaccHistoireH21_Fbk-Lkdn-ImPartage1200x628-12.jpg","contentUrl":"https:\/\/www.uqac.ca\/uqactualites\/wp-content\/uploads\/2022\/03\/NUM_BaccHistoireH21_Fbk-Lkdn-ImPartage1200x628-12.jpg","width":1221,"height":629},{"@type":"BreadcrumbList","@id":"https:\/\/www.uqac.ca\/uqactualites\/2022\/03\/14\/automne-2022-des-nouveautes-pour-le-baccalaureat-en-histoire-de-luqac\/#breadcrumb","itemListElement":[{"@type":"ListItem","position":1,"name":"Home","item":"https:\/\/www.uqac.ca\/uqactualites\/"},{"@type":"ListItem","position":2,"name":"Automne 2022 : Des nouveaut\u00e9s pour le baccalaur\u00e9at en histoire de l\u2019UQAC"}]},{"@type":"WebSite","@id":"https:\/\/www.uqac.ca\/uqactualites\/#website","url":"https:\/\/www.uqac.ca\/uqactualites\/","name":"UQACtualit\u00e9s","description":"Le portail des nouvelles de l&#039;UQAC","potentialAction":[{"@type":"SearchAction","target":{"@type":"EntryPoint","urlTemplate":"https:\/\/www.uqac.ca\/uqactualites\/?s={search_term_string}"},"query-input":{"@type":"PropertyValueSpecification","valueRequired":true,"valueName":"search_term_string"}}],"inLanguage":"fr-CA"},{"@type":"Person","@id":"https:\/\/www.uqac.ca\/uqactualites\/#\/schema\/person\/366c45a0c4f0e677b41b4af5886e2018","name":"Service des communications et des relations publiques","image":{"@type":"ImageObject","inLanguage":"fr-CA","@id":"https:\/\/www.uqac.ca\/uqactualites\/#\/schema\/person\/image\/","url":"https:\/\/secure.gravatar.com\/avatar\/20fbbda8a292f59f2d3461a5b999c00b?s=96&d=mm&r=g","contentUrl":"https:\/\/secure.gravatar.com\/avatar\/20fbbda8a292f59f2d3461a5b999c00b?s=96&d=mm&r=g","caption":"Service des communications et des relations publiques"},"url":"https:\/\/www.uqac.ca\/uqactualites\/author\/bap\/"}]}},"_links":{"self":[{"href":"https:\/\/www.uqac.ca\/uqactualites\/wp-json\/wp\/v2\/posts\/41296"}],"collection":[{"href":"https:\/\/www.uqac.ca\/uqactualites\/wp-json\/wp\/v2\/posts"}],"about":[{"href":"https:\/\/www.uqac.ca\/uqactualites\/wp-json\/wp\/v2\/types\/post"}],"author":[{"embeddable":true,"href":"https:\/\/www.uqac.ca\/uqactualites\/wp-json\/wp\/v2\/users\/5"}],"replies":[{"embeddable":true,"href":"https:\/\/www.uqac.ca\/uqactualites\/wp-json\/wp\/v2\/comments?post=41296"}],"version-history":[{"count":0,"href":"https:\/\/www.uqac.ca\/uqactualites\/wp-json\/wp\/v2\/posts\/41296\/revisions"}],"wp:featuredmedia":[{"embeddable":true,"href":"https:\/\/www.uqac.ca\/uqactualites\/wp-json\/wp\/v2\/media\/41300"}],"wp:attachment":[{"href":"https:\/\/www.uqac.ca\/uqactualites\/wp-json\/wp\/v2\/media?parent=41296"}],"wp:term":[{"taxonomy":"category","embeddable":true,"href":"https:\/\/www.uqac.ca\/uqactualites\/wp-json\/wp\/v2\/categories?post=41296"},{"taxonomy":"post_tag","embeddable":true,"href":"https:\/\/www.uqac.ca\/uqactualites\/wp-json\/wp\/v2\/tags?post=41296"}],"curies":[{"name":"wp","href":"https:\/\/api.w.org\/{rel}","templated":true}]}}