{"id":41321,"date":"2022-03-15T15:14:08","date_gmt":"2022-03-15T19:14:08","guid":{"rendered":"https:\/\/www.uqac.ca\/?p=41321"},"modified":"2022-03-15T15:14:08","modified_gmt":"2022-03-15T19:14:08","slug":"lor-pour-les-inuk-de-luqac","status":"publish","type":"post","link":"https:\/\/www.uqac.ca\/uqactualites\/2022\/03\/15\/lor-pour-les-inuk-de-luqac\/","title":{"rendered":"L\u2019or pour les INUK de L\u2019UQAC"},"content":{"rendered":"<p>Les 11 et 12 mars dernier s&rsquo;est tenu le tournoi provincial de volleyball universitaire f\u00e9minin division 2 \u00e0 l&rsquo;Universit\u00e9 du Qu\u00e9bec en Outaouais.<\/p>\n<p>Le tournoi a d\u00e9but\u00e9 avec un premier match contre le Nordet de l\u2019UQAR. L\u2019attaquante Camille Tremblay a \u00e9t\u00e9 particuli\u00e8rement incisive au filet, r\u00e9ussissant pratiquement tous ses smashes, au grand d\u00e9sarroi de ses adversaires. Les INUK ont remport\u00e9 les deux premi\u00e8res manches avec des excellents pointages de 25-6 et 25-7. Les rimouskoises ont \u00e9t\u00e9 plus coriaces lors de la troisi\u00e8me manche mais les INUK l\u2019ont quand m\u00eame remport\u00e9 avec un pointage de 25-17.<\/p>\n<p>Cette victoire en premi\u00e8re ronde a propuls\u00e9 les saguen\u00e9ennes directement en finale contre la redoutable \u00e9quipe des Piranhas de l\u2019\u00c9TS. Rappelons que lors du dernier tournoi, les INUK avait baiss\u00e9 pavillon contre cette \u00e9quipe. En l&rsquo;affrontant de nouveau, l&rsquo;entra\u00eeneur-chef des INUK, M. Luc Martel \u00e0 certainement su apporter les ajustements n\u00e9cessaires \u00e0 sa formation puisque cette fois, le match s&rsquo;est sold\u00e9 par une victoire convaincante des \u00e9tudiantes-athl\u00e8tes de l&rsquo;UQAC.<\/p>\n<p>Malgr\u00e9 une saison irr\u00e9guli\u00e8re en raison de la situation sanitaire, les entra\u00eeneurs sont extr\u00eamement fiers du travail de l\u2019\u00e9quipe, de l\u2019acharnement et de la d\u00e9termination des \u00e9tudiantes-athl\u00e8tes.<\/p>\n<p>Voici les pointages finaux :<\/p>\n<p>UQAC vs UQAR : victoire 3-0 (25-06, 25-07 et 25-17)<\/p>\n<p>UQAC vs \u00c9TS : victoire 3-1 (25-17, 25-21, 19-25 et 25-20)<\/p>\n","protected":false},"excerpt":{"rendered":"<p>Les 11 et 12 mars dernier s&rsquo;est tenu le tournoi provincial de volleyball universitaire f\u00e9minin division 2 \u00e0 l&rsquo;Universit\u00e9 du Qu\u00e9bec en Outaouais. Le tournoi a d\u00e9but\u00e9 avec un premier match contre le Nordet de l\u2019UQAR. L\u2019attaquante Camille Tremblay a \u00e9t\u00e9 particuli\u00e8rement incisive au filet, r\u00e9ussissant pratiquement tous ses smashes, au grand d\u00e9sarroi de ses [&hellip;]<\/p>\n","protected":false},"author":5,"featured_media":41323,"comment_status":"closed","ping_status":"closed","sticky":false,"template":"","format":"standard","meta":{"footnotes":""},"categories":[2773],"tags":[85,86,26,58,87,88,89],"yoast_head":"<!-- This site is optimized with the Yoast SEO plugin v24.2 - https:\/\/yoast.com\/wordpress\/plugins\/seo\/ -->\r\n<title>L\u2019or pour les INUK de L\u2019UQAC - UQACtualit\u00e9s<\/title>\r\n<meta name=\"robots\" content=\"index, follow, max-snippet:-1, max-image-preview:large, max-video-preview:-1\" \/>\r\n<link rel=\"canonical\" href=\"https:\/\/www.uqac.ca\/uqactualites\/2022\/03\/15\/lor-pour-les-inuk-de-luqac\/\" \/>\r\n<meta property=\"og:locale\" content=\"fr_CA\" \/>\r\n<meta property=\"og:type\" content=\"article\" \/>\r\n<meta property=\"og:title\" content=\"L\u2019or pour les INUK de L\u2019UQAC - UQACtualit\u00e9s\" \/>\r\n<meta property=\"og:description\" content=\"Les 11 et 12 mars dernier s&rsquo;est tenu le tournoi provincial de volleyball universitaire f\u00e9minin division 2 \u00e0 l&rsquo;Universit\u00e9 du Qu\u00e9bec en Outaouais. Le tournoi a d\u00e9but\u00e9 avec un premier match contre le Nordet de l\u2019UQAR. L\u2019attaquante Camille Tremblay a \u00e9t\u00e9 particuli\u00e8rement incisive au filet, r\u00e9ussissant pratiquement tous ses smashes, au grand d\u00e9sarroi de ses [&hellip;]\" \/>\r\n<meta property=\"og:url\" content=\"https:\/\/www.uqac.ca\/uqactualites\/2022\/03\/15\/lor-pour-les-inuk-de-luqac\/\" \/>\r\n<meta property=\"og:site_name\" content=\"UQACtualit\u00e9s\" \/>\r\n<meta property=\"article:published_time\" content=\"2022-03-15T19:14:08+00:00\" \/>\r\n<meta property=\"og:image\" content=\"https:\/\/www.uqac.ca\/uqactualites\/wp-content\/uploads\/2022\/03\/inuk-championnes.jpg\" \/>\r\n\t<meta property=\"og:image:width\" content=\"1200\" \/>\r\n\t<meta property=\"og:image:height\" content=\"900\" \/>\r\n\t<meta property=\"og:image:type\" content=\"image\/jpeg\" \/>\r\n<meta name=\"author\" content=\"Service des communications et des relations publiques\" \/>\r\n<meta name=\"twitter:card\" content=\"summary_large_image\" \/>\r\n<meta name=\"twitter:label1\" content=\"\u00c9crit par\" \/>\n\t<meta name=\"twitter:data1\" content=\"Service des communications et des relations publiques\" \/>\n\t<meta name=\"twitter:label2\" content=\"Estimation du temps de lecture\" \/>\n\t<meta name=\"twitter:data2\" content=\"1 minute\" \/>\r\n<script type=\"application\/ld+json\" class=\"yoast-schema-graph\">{\"@context\":\"https:\/\/schema.org\",\"@graph\":[{\"@type\":\"WebPage\",\"@id\":\"https:\/\/www.uqac.ca\/uqactualites\/2022\/03\/15\/lor-pour-les-inuk-de-luqac\/\",\"url\":\"https:\/\/www.uqac.ca\/uqactualites\/2022\/03\/15\/lor-pour-les-inuk-de-luqac\/\",\"name\":\"L\u2019or pour les INUK de L\u2019UQAC - UQACtualit\u00e9s\",\"isPartOf\":{\"@id\":\"https:\/\/www.uqac.ca\/uqactualites\/#website\"},\"primaryImageOfPage\":{\"@id\":\"https:\/\/www.uqac.ca\/uqactualites\/2022\/03\/15\/lor-pour-les-inuk-de-luqac\/#primaryimage\"},\"image\":{\"@id\":\"https:\/\/www.uqac.ca\/uqactualites\/2022\/03\/15\/lor-pour-les-inuk-de-luqac\/#primaryimage\"},\"thumbnailUrl\":\"https:\/\/www.uqac.ca\/uqactualites\/wp-content\/uploads\/2022\/03\/inuk-championnes.jpg\",\"datePublished\":\"2022-03-15T19:14:08+00:00\",\"dateModified\":\"2022-03-15T19:14:08+00:00\",\"author\":{\"@id\":\"https:\/\/www.uqac.ca\/uqactualites\/#\/schema\/person\/366c45a0c4f0e677b41b4af5886e2018\"},\"breadcrumb\":{\"@id\":\"https:\/\/www.uqac.ca\/uqactualites\/2022\/03\/15\/lor-pour-les-inuk-de-luqac\/#breadcrumb\"},\"inLanguage\":\"fr-CA\",\"potentialAction\":[{\"@type\":\"ReadAction\",\"target\":[\"https:\/\/www.uqac.ca\/uqactualites\/2022\/03\/15\/lor-pour-les-inuk-de-luqac\/\"]}]},{\"@type\":\"ImageObject\",\"inLanguage\":\"fr-CA\",\"@id\":\"https:\/\/www.uqac.ca\/uqactualites\/2022\/03\/15\/lor-pour-les-inuk-de-luqac\/#primaryimage\",\"url\":\"https:\/\/www.uqac.ca\/uqactualites\/wp-content\/uploads\/2022\/03\/inuk-championnes.jpg\",\"contentUrl\":\"https:\/\/www.uqac.ca\/uqactualites\/wp-content\/uploads\/2022\/03\/inuk-championnes.jpg\",\"width\":1200,\"height\":900},{\"@type\":\"BreadcrumbList\",\"@id\":\"https:\/\/www.uqac.ca\/uqactualites\/2022\/03\/15\/lor-pour-les-inuk-de-luqac\/#breadcrumb\",\"itemListElement\":[{\"@type\":\"ListItem\",\"position\":1,\"name\":\"Home\",\"item\":\"https:\/\/www.uqac.ca\/uqactualites\/\"},{\"@type\":\"ListItem\",\"position\":2,\"name\":\"L\u2019or pour les INUK de L\u2019UQAC\"}]},{\"@type\":\"WebSite\",\"@id\":\"https:\/\/www.uqac.ca\/uqactualites\/#website\",\"url\":\"https:\/\/www.uqac.ca\/uqactualites\/\",\"name\":\"UQACtualit\u00e9s\",\"description\":\"Le portail des nouvelles de l&#039;UQAC\",\"potentialAction\":[{\"@type\":\"SearchAction\",\"target\":{\"@type\":\"EntryPoint\",\"urlTemplate\":\"https:\/\/www.uqac.ca\/uqactualites\/?s={search_term_string}\"},\"query-input\":{\"@type\":\"PropertyValueSpecification\",\"valueRequired\":true,\"valueName\":\"search_term_string\"}}],\"inLanguage\":\"fr-CA\"},{\"@type\":\"Person\",\"@id\":\"https:\/\/www.uqac.ca\/uqactualites\/#\/schema\/person\/366c45a0c4f0e677b41b4af5886e2018\",\"name\":\"Service des communications et des relations publiques\",\"image\":{\"@type\":\"ImageObject\",\"inLanguage\":\"fr-CA\",\"@id\":\"https:\/\/www.uqac.ca\/uqactualites\/#\/schema\/person\/image\/\",\"url\":\"https:\/\/secure.gravatar.com\/avatar\/20fbbda8a292f59f2d3461a5b999c00b?s=96&d=mm&r=g\",\"contentUrl\":\"https:\/\/secure.gravatar.com\/avatar\/20fbbda8a292f59f2d3461a5b999c00b?s=96&d=mm&r=g\",\"caption\":\"Service des communications et des relations publiques\"},\"url\":\"https:\/\/www.uqac.ca\/uqactualites\/author\/bap\/\"}]}<\/script>\r\n<!-- \/ Yoast SEO plugin. -->","yoast_head_json":{"title":"L\u2019or pour les INUK de L\u2019UQAC - UQACtualit\u00e9s","robots":{"index":"index","follow":"follow","max-snippet":"max-snippet:-1","max-image-preview":"max-image-preview:large","max-video-preview":"max-video-preview:-1"},"canonical":"https:\/\/www.uqac.ca\/uqactualites\/2022\/03\/15\/lor-pour-les-inuk-de-luqac\/","og_locale":"fr_CA","og_type":"article","og_title":"L\u2019or pour les INUK de L\u2019UQAC - UQACtualit\u00e9s","og_description":"Les 11 et 12 mars dernier s&rsquo;est tenu le tournoi provincial de volleyball universitaire f\u00e9minin division 2 \u00e0 l&rsquo;Universit\u00e9 du Qu\u00e9bec en Outaouais. Le tournoi a d\u00e9but\u00e9 avec un premier match contre le Nordet de l\u2019UQAR. L\u2019attaquante Camille Tremblay a \u00e9t\u00e9 particuli\u00e8rement incisive au filet, r\u00e9ussissant pratiquement tous ses smashes, au grand d\u00e9sarroi de ses [&hellip;]","og_url":"https:\/\/www.uqac.ca\/uqactualites\/2022\/03\/15\/lor-pour-les-inuk-de-luqac\/","og_site_name":"UQACtualit\u00e9s","article_published_time":"2022-03-15T19:14:08+00:00","og_image":[{"width":1200,"height":900,"url":"https:\/\/www.uqac.ca\/uqactualites\/wp-content\/uploads\/2022\/03\/inuk-championnes.jpg","type":"image\/jpeg"}],"author":"Service des communications et des relations publiques","twitter_card":"summary_large_image","twitter_misc":{"\u00c9crit par":"Service des communications et des relations publiques","Estimation du temps de lecture":"1 minute"},"schema":{"@context":"https:\/\/schema.org","@graph":[{"@type":"WebPage","@id":"https:\/\/www.uqac.ca\/uqactualites\/2022\/03\/15\/lor-pour-les-inuk-de-luqac\/","url":"https:\/\/www.uqac.ca\/uqactualites\/2022\/03\/15\/lor-pour-les-inuk-de-luqac\/","name":"L\u2019or pour les INUK de L\u2019UQAC - UQACtualit\u00e9s","isPartOf":{"@id":"https:\/\/www.uqac.ca\/uqactualites\/#website"},"primaryImageOfPage":{"@id":"https:\/\/www.uqac.ca\/uqactualites\/2022\/03\/15\/lor-pour-les-inuk-de-luqac\/#primaryimage"},"image":{"@id":"https:\/\/www.uqac.ca\/uqactualites\/2022\/03\/15\/lor-pour-les-inuk-de-luqac\/#primaryimage"},"thumbnailUrl":"https:\/\/www.uqac.ca\/uqactualites\/wp-content\/uploads\/2022\/03\/inuk-championnes.jpg","datePublished":"2022-03-15T19:14:08+00:00","dateModified":"2022-03-15T19:14:08+00:00","author":{"@id":"https:\/\/www.uqac.ca\/uqactualites\/#\/schema\/person\/366c45a0c4f0e677b41b4af5886e2018"},"breadcrumb":{"@id":"https:\/\/www.uqac.ca\/uqactualites\/2022\/03\/15\/lor-pour-les-inuk-de-luqac\/#breadcrumb"},"inLanguage":"fr-CA","potentialAction":[{"@type":"ReadAction","target":["https:\/\/www.uqac.ca\/uqactualites\/2022\/03\/15\/lor-pour-les-inuk-de-luqac\/"]}]},{"@type":"ImageObject","inLanguage":"fr-CA","@id":"https:\/\/www.uqac.ca\/uqactualites\/2022\/03\/15\/lor-pour-les-inuk-de-luqac\/#primaryimage","url":"https:\/\/www.uqac.ca\/uqactualites\/wp-content\/uploads\/2022\/03\/inuk-championnes.jpg","contentUrl":"https:\/\/www.uqac.ca\/uqactualites\/wp-content\/uploads\/2022\/03\/inuk-championnes.jpg","width":1200,"height":900},{"@type":"BreadcrumbList","@id":"https:\/\/www.uqac.ca\/uqactualites\/2022\/03\/15\/lor-pour-les-inuk-de-luqac\/#breadcrumb","itemListElement":[{"@type":"ListItem","position":1,"name":"Home","item":"https:\/\/www.uqac.ca\/uqactualites\/"},{"@type":"ListItem","position":2,"name":"L\u2019or pour les INUK de L\u2019UQAC"}]},{"@type":"WebSite","@id":"https:\/\/www.uqac.ca\/uqactualites\/#website","url":"https:\/\/www.uqac.ca\/uqactualites\/","name":"UQACtualit\u00e9s","description":"Le portail des nouvelles de l&#039;UQAC","potentialAction":[{"@type":"SearchAction","target":{"@type":"EntryPoint","urlTemplate":"https:\/\/www.uqac.ca\/uqactualites\/?s={search_term_string}"},"query-input":{"@type":"PropertyValueSpecification","valueRequired":true,"valueName":"search_term_string"}}],"inLanguage":"fr-CA"},{"@type":"Person","@id":"https:\/\/www.uqac.ca\/uqactualites\/#\/schema\/person\/366c45a0c4f0e677b41b4af5886e2018","name":"Service des communications et des relations publiques","image":{"@type":"ImageObject","inLanguage":"fr-CA","@id":"https:\/\/www.uqac.ca\/uqactualites\/#\/schema\/person\/image\/","url":"https:\/\/secure.gravatar.com\/avatar\/20fbbda8a292f59f2d3461a5b999c00b?s=96&d=mm&r=g","contentUrl":"https:\/\/secure.gravatar.com\/avatar\/20fbbda8a292f59f2d3461a5b999c00b?s=96&d=mm&r=g","caption":"Service des communications et des relations publiques"},"url":"https:\/\/www.uqac.ca\/uqactualites\/author\/bap\/"}]}},"_links":{"self":[{"href":"https:\/\/www.uqac.ca\/uqactualites\/wp-json\/wp\/v2\/posts\/41321"}],"collection":[{"href":"https:\/\/www.uqac.ca\/uqactualites\/wp-json\/wp\/v2\/posts"}],"about":[{"href":"https:\/\/www.uqac.ca\/uqactualites\/wp-json\/wp\/v2\/types\/post"}],"author":[{"embeddable":true,"href":"https:\/\/www.uqac.ca\/uqactualites\/wp-json\/wp\/v2\/users\/5"}],"replies":[{"embeddable":true,"href":"https:\/\/www.uqac.ca\/uqactualites\/wp-json\/wp\/v2\/comments?post=41321"}],"version-history":[{"count":0,"href":"https:\/\/www.uqac.ca\/uqactualites\/wp-json\/wp\/v2\/posts\/41321\/revisions"}],"wp:featuredmedia":[{"embeddable":true,"href":"https:\/\/www.uqac.ca\/uqactualites\/wp-json\/wp\/v2\/media\/41323"}],"wp:attachment":[{"href":"https:\/\/www.uqac.ca\/uqactualites\/wp-json\/wp\/v2\/media?parent=41321"}],"wp:term":[{"taxonomy":"category","embeddable":true,"href":"https:\/\/www.uqac.ca\/uqactualites\/wp-json\/wp\/v2\/categories?post=41321"},{"taxonomy":"post_tag","embeddable":true,"href":"https:\/\/www.uqac.ca\/uqactualites\/wp-json\/wp\/v2\/tags?post=41321"}],"curies":[{"name":"wp","href":"https:\/\/api.w.org\/{rel}","templated":true}]}}