{"id":41371,"date":"2022-04-01T09:15:31","date_gmt":"2022-04-01T13:15:31","guid":{"rendered":"https:\/\/www.uqac.ca\/?p=41371"},"modified":"2022-04-01T09:15:31","modified_gmt":"2022-04-01T13:15:31","slug":"luqar-et-luqac-collaborent-pour-soutenir-les-entreprises-de-la-cote-nord-dans-leur-transformation-numerique","status":"publish","type":"post","link":"https:\/\/www.uqac.ca\/uqactualites\/2022\/04\/01\/luqar-et-luqac-collaborent-pour-soutenir-les-entreprises-de-la-cote-nord-dans-leur-transformation-numerique\/","title":{"rendered":"L\u2019UQAR et l\u2019UQAC collaborent pour soutenir les entreprises de la C\u00f4te-Nord dans leur transformation num\u00e9rique"},"content":{"rendered":"<p>L\u2019Universit\u00e9 du Qu\u00e9bec \u00e0 Rimouski (UQAR) et l\u2019Universit\u00e9 du Qu\u00e9bec \u00e0 Chicoutimi (UQAC) offrent maintenant une nouvelle formation sur la transition num\u00e9rique en vue de soutenir les petites et moyennes entreprises de la C\u00f4te-Nord dans leur transformation num\u00e9rique. Cette formation d\u00e9butera le 19\u00a0avril et est rendue possible gr\u00e2ce \u00e0 la participation financi\u00e8re du gouvernement du Qu\u00e9bec.<\/p>\n<p>Ce partenariat entre l\u2019UQAR et l\u2019UQAC vise \u00e0 r\u00e9pondre aux besoins des PME de la C\u00f4te-Nord qui utilisent les nouvelles technologies dans leurs op\u00e9rations quotidiennes. D\u2019une dur\u00e9e de 28 heures, la formation, qui s\u2019adresse aux gestionnaires et aux travailleuses et travailleurs en situation de gestion, a \u00e9t\u00e9 con\u00e7ue pour les PME des secteurs du commerce de d\u00e9tail et des services. Plusieurs notions seront abord\u00e9es dans le cadre de la formation, dont le marketing num\u00e9rique, le commerce en ligne, les m\u00e9dias sociaux, l\u2019exp\u00e9rience client ainsi que la planification des ressources humaines, financi\u00e8res et technologiques inh\u00e9rentes au num\u00e9rique.<\/p>\n<p><strong>Citation de monsieur Jean Boulet, ministre du Travail, de l\u2019Emploi et de la Solidarit\u00e9 sociale, ministre de l\u2019Immigration, de la Francisation et de l\u2019Int\u00e9gration et ministre responsable de la r\u00e9gion de la Mauricie\u00a0:<\/strong><\/p>\n<p><em>Notre gouvernement est fier de contribuer \u00e0 ce nouveau partenariat. Il est essentiel de multiplier des projets innovants tels que celui de la nouvelle formation en transformation num\u00e9rique offerte aux PME de la C\u00f4te-Nord par l\u2019Universit\u00e9 du Qu\u00e9bec \u00e0 Rimouski et l\u2019Universit\u00e9 du Qu\u00e9bec \u00e0 Chicoutimi. Cette formation r\u00e9pond aux enjeux et aux besoins des entreprises des secteurs du commerce de d\u00e9tail et des services. Ces derni\u00e8res doivent en effet maintenir leurs connaissances \u00e0 jour pour s\u2019adapter aux changements technologiques et demeurer ainsi concurrentielles. <\/em><\/p>\n<p><strong>Citation de monsieur Julien Lambrey de Souza, directeur du Service de la formation continue et de la formation hors campus de l\u2019UQAR\u00a0:<\/strong><\/p>\n<p><em>La combinaison des expertises de nos deux universit\u00e9s offre la possibilit\u00e9 aux PME de la C\u00f4te-Nord de b\u00e9n\u00e9ficier d\u2019une formation de pointe pour les guider dans leurs d\u00e9marches de transition num\u00e9rique. Ce partenariat constitue une toute premi\u00e8re collaboration entre les deux universit\u00e9s et la direction r\u00e9gionale de Services Qu\u00e9bec de la C\u00f4te-Nord dans le but de soutenir l\u2019acc\u00e8s \u00e0 une formation universitaire strat\u00e9gique pour les travailleuses et les travailleurs et les entreprises de la r\u00e9gion.<\/em><\/p>\n<p><strong>Citation de madame Guylaine Malaison, directrice des Centres de formation de l\u2019UQAC\u00a0:<\/strong><\/p>\n<p><em>Ce parcours de formation s\u2019inscrit tout au d\u00e9but d\u2019une d\u00e9marche de transition num\u00e9rique pour une ou un gestionnaire d\u2019entreprise ou une professionnelle ou un professionnel en contexte de gestion. Le programme leur permet d\u2019aller \u00e0 la rencontre de six sp\u00e9cialistes qui les guideront dans la mise en place d\u2019un plan d&rsquo;action strat\u00e9gique vers le virage num\u00e9rique.<\/em><\/p>\n<p>Intitul\u00e9e <em>Transformation num\u00e9rique\u00a0: Offrir une exp\u00e9rience client num\u00e9rique<\/em>, la formation sera offerte par des sp\u00e9cialistes en sciences de la gestion de l\u2019UQAR et de l\u2019UQAC et sera disponible en ligne, \u00e0 compter du 31 mars 2022. \u00a0La participation financi\u00e8re du gouvernement du Qu\u00e9bec permet d\u2019offrir cette formation au co\u00fbt de 300\u00a0$ par personne. Les gestionnaires et les ressources professionnelles de PME int\u00e9ress\u00e9s par cette formation sont invit\u00e9s \u00e0 s\u2019inscrire sur le site <a href=\"https:\/\/maformationcontinue.uqar.ca\">maformationcontinue.uqar.ca.<\/a><\/p>\n<p><strong>\u00c0 propos de l\u2019Universit\u00e9 du Qu\u00e9bec \u00e0 Rimouski<\/strong><\/p>\n<p>L\u2019UQAR est une universit\u00e9 du r\u00e9seau de l\u2019Universit\u00e9 du Qu\u00e9bec historiquement arrim\u00e9e aux r\u00e9alit\u00e9s des milieux qu&rsquo;elle dessert. Elle offre des programmes de formation \u00e0 tous les cycles dans des disciplines vari\u00e9es \u00e0 plus de 6700 \u00e9tudiantes et \u00e9tudiants sur l\u2019ensemble de son territoire allant de Chaudi\u00e8re-Appalaches aux \u00celes-de-la-Madeleine et passant par l\u2019ouest de la C\u00f4te-Nord et elle se distingue par l\u2019accessibilit\u00e9 et la qualit\u00e9 de ses formations ainsi que par l\u2019encadrement des \u00e9tudiantes et des \u00e9tudiants. L\u2019UQAR d\u00e9ploie \u00e9galement des formations de courte dur\u00e9e destin\u00e9es aux employ\u00e9es et aux employ\u00e9s et aux gestionnaires, en plus de proposer des formations sur mesure en r\u00e9ponse aux demandes des entreprises et des organisations. Elle contribue ainsi au rehaussement des comp\u00e9tences et des expertises des travailleuses et des travailleurs, et aide les organisations \u00e0 assurer leur positionnement comp\u00e9titif.<\/p>\n<p><strong>\u00c0 propos de l\u2019Universit\u00e9 du Qu\u00e9bec \u00e0 Chicoutimi<\/strong><\/p>\n<p>Fond\u00e9e en 1969, l&rsquo;Universit\u00e9 du Qu\u00e9bec \u00e0 Chicoutimi (UQAC) fait partie du plus grand r\u00e9seau universitaire du Canada, celui de l\u2019Universit\u00e9 du Qu\u00e9bec. Forte du succ\u00e8s de ses 60 000 dipl\u00f4m\u00e9s, l\u2019UQAC accueille chaque ann\u00e9e 6500 \u00e9tudiants, dont plus de 1550 sont issus d&rsquo;une cinquantaine de pays \u00e0 travers le monde. R\u00e9put\u00e9e pour le rapport de proximit\u00e9 qui existe entre ses \u00e9tudiants et ses professeurs, l\u2019UQAC offre une exp\u00e9rience unique et plus de 200 programmes d&rsquo;\u00e9tudes. Sur le plan de la recherche, l&rsquo;institution est reconnue comme l&rsquo;une des universit\u00e9s les plus productives par rapport \u00e0 ce qui se r\u00e9alise dans le domaine de la recherche partenariale au Qu\u00e9bec. Ainsi, elle a su d\u00e9velopper au fil de son histoire plusieurs cr\u00e9neaux de recherche, ce qui lui permet de se distinguer \u00e0 travers le monde.<\/p>\n","protected":false},"excerpt":{"rendered":"<p>L\u2019Universit\u00e9 du Qu\u00e9bec \u00e0 Rimouski (UQAR) et l\u2019Universit\u00e9 du Qu\u00e9bec \u00e0 Chicoutimi (UQAC) offrent maintenant une nouvelle formation sur la transition num\u00e9rique en vue de soutenir les petites et moyennes entreprises de la C\u00f4te-Nord dans leur transformation num\u00e9rique. Cette formation d\u00e9butera le 19\u00a0avril et est rendue possible gr\u00e2ce \u00e0 la participation financi\u00e8re du gouvernement du [&hellip;]<\/p>\n","protected":false},"author":5,"featured_media":41372,"comment_status":"closed","ping_status":"closed","sticky":false,"template":"","format":"standard","meta":{"footnotes":""},"categories":[2],"tags":[],"yoast_head":"<!-- This site is optimized with the Yoast SEO plugin v24.2 - https:\/\/yoast.com\/wordpress\/plugins\/seo\/ -->\r\n<title>L\u2019UQAR et l\u2019UQAC collaborent pour soutenir les entreprises de la C\u00f4te-Nord dans leur transformation num\u00e9rique - UQACtualit\u00e9s<\/title>\r\n<meta name=\"robots\" content=\"index, follow, max-snippet:-1, max-image-preview:large, max-video-preview:-1\" \/>\r\n<link rel=\"canonical\" href=\"https:\/\/www.uqac.ca\/uqactualites\/2022\/04\/01\/luqar-et-luqac-collaborent-pour-soutenir-les-entreprises-de-la-cote-nord-dans-leur-transformation-numerique\/\" \/>\r\n<meta property=\"og:locale\" content=\"fr_CA\" \/>\r\n<meta property=\"og:type\" content=\"article\" \/>\r\n<meta property=\"og:title\" content=\"L\u2019UQAR et l\u2019UQAC collaborent pour soutenir les entreprises de la C\u00f4te-Nord dans leur transformation num\u00e9rique - UQACtualit\u00e9s\" \/>\r\n<meta property=\"og:description\" content=\"L\u2019Universit\u00e9 du Qu\u00e9bec \u00e0 Rimouski (UQAR) et l\u2019Universit\u00e9 du Qu\u00e9bec \u00e0 Chicoutimi (UQAC) offrent maintenant une nouvelle formation sur la transition num\u00e9rique en vue de soutenir les petites et moyennes entreprises de la C\u00f4te-Nord dans leur transformation num\u00e9rique. Cette formation d\u00e9butera le 19\u00a0avril et est rendue possible gr\u00e2ce \u00e0 la participation financi\u00e8re du gouvernement du [&hellip;]\" \/>\r\n<meta property=\"og:url\" content=\"https:\/\/www.uqac.ca\/uqactualites\/2022\/04\/01\/luqar-et-luqac-collaborent-pour-soutenir-les-entreprises-de-la-cote-nord-dans-leur-transformation-numerique\/\" \/>\r\n<meta property=\"og:site_name\" content=\"UQACtualit\u00e9s\" \/>\r\n<meta property=\"article:published_time\" content=\"2022-04-01T13:15:31+00:00\" \/>\r\n<meta property=\"og:image\" content=\"https:\/\/www.uqac.ca\/uqactualites\/wp-content\/uploads\/2022\/04\/iStock-1249219777-scaled.jpg\" \/>\r\n\t<meta property=\"og:image:width\" content=\"2560\" \/>\r\n\t<meta property=\"og:image:height\" content=\"1707\" \/>\r\n\t<meta property=\"og:image:type\" content=\"image\/jpeg\" \/>\r\n<meta name=\"author\" content=\"Service des communications et des relations publiques\" \/>\r\n<meta name=\"twitter:card\" content=\"summary_large_image\" \/>\r\n<meta name=\"twitter:label1\" content=\"\u00c9crit par\" \/>\n\t<meta name=\"twitter:data1\" content=\"Service des communications et des relations publiques\" \/>\n\t<meta name=\"twitter:label2\" content=\"Estimation du temps de lecture\" \/>\n\t<meta name=\"twitter:data2\" content=\"4 minutes\" \/>\r\n<script type=\"application\/ld+json\" class=\"yoast-schema-graph\">{\"@context\":\"https:\/\/schema.org\",\"@graph\":[{\"@type\":\"WebPage\",\"@id\":\"https:\/\/www.uqac.ca\/uqactualites\/2022\/04\/01\/luqar-et-luqac-collaborent-pour-soutenir-les-entreprises-de-la-cote-nord-dans-leur-transformation-numerique\/\",\"url\":\"https:\/\/www.uqac.ca\/uqactualites\/2022\/04\/01\/luqar-et-luqac-collaborent-pour-soutenir-les-entreprises-de-la-cote-nord-dans-leur-transformation-numerique\/\",\"name\":\"L\u2019UQAR et l\u2019UQAC collaborent pour soutenir les entreprises de la C\u00f4te-Nord dans leur transformation num\u00e9rique - UQACtualit\u00e9s\",\"isPartOf\":{\"@id\":\"https:\/\/www.uqac.ca\/uqactualites\/#website\"},\"primaryImageOfPage\":{\"@id\":\"https:\/\/www.uqac.ca\/uqactualites\/2022\/04\/01\/luqar-et-luqac-collaborent-pour-soutenir-les-entreprises-de-la-cote-nord-dans-leur-transformation-numerique\/#primaryimage\"},\"image\":{\"@id\":\"https:\/\/www.uqac.ca\/uqactualites\/2022\/04\/01\/luqar-et-luqac-collaborent-pour-soutenir-les-entreprises-de-la-cote-nord-dans-leur-transformation-numerique\/#primaryimage\"},\"thumbnailUrl\":\"https:\/\/www.uqac.ca\/uqactualites\/wp-content\/uploads\/2022\/04\/iStock-1249219777-scaled.jpg\",\"datePublished\":\"2022-04-01T13:15:31+00:00\",\"dateModified\":\"2022-04-01T13:15:31+00:00\",\"author\":{\"@id\":\"https:\/\/www.uqac.ca\/uqactualites\/#\/schema\/person\/366c45a0c4f0e677b41b4af5886e2018\"},\"breadcrumb\":{\"@id\":\"https:\/\/www.uqac.ca\/uqactualites\/2022\/04\/01\/luqar-et-luqac-collaborent-pour-soutenir-les-entreprises-de-la-cote-nord-dans-leur-transformation-numerique\/#breadcrumb\"},\"inLanguage\":\"fr-CA\",\"potentialAction\":[{\"@type\":\"ReadAction\",\"target\":[\"https:\/\/www.uqac.ca\/uqactualites\/2022\/04\/01\/luqar-et-luqac-collaborent-pour-soutenir-les-entreprises-de-la-cote-nord-dans-leur-transformation-numerique\/\"]}]},{\"@type\":\"ImageObject\",\"inLanguage\":\"fr-CA\",\"@id\":\"https:\/\/www.uqac.ca\/uqactualites\/2022\/04\/01\/luqar-et-luqac-collaborent-pour-soutenir-les-entreprises-de-la-cote-nord-dans-leur-transformation-numerique\/#primaryimage\",\"url\":\"https:\/\/www.uqac.ca\/uqactualites\/wp-content\/uploads\/2022\/04\/iStock-1249219777-scaled.jpg\",\"contentUrl\":\"https:\/\/www.uqac.ca\/uqactualites\/wp-content\/uploads\/2022\/04\/iStock-1249219777-scaled.jpg\",\"width\":2560,\"height\":1707,\"caption\":\"OFFRIR UNE EXP\u00c9RIENCE CLIENT NUM\u00c9RIQUE\"},{\"@type\":\"BreadcrumbList\",\"@id\":\"https:\/\/www.uqac.ca\/uqactualites\/2022\/04\/01\/luqar-et-luqac-collaborent-pour-soutenir-les-entreprises-de-la-cote-nord-dans-leur-transformation-numerique\/#breadcrumb\",\"itemListElement\":[{\"@type\":\"ListItem\",\"position\":1,\"name\":\"Home\",\"item\":\"https:\/\/www.uqac.ca\/uqactualites\/\"},{\"@type\":\"ListItem\",\"position\":2,\"name\":\"L\u2019UQAR et l\u2019UQAC collaborent pour soutenir les entreprises de la C\u00f4te-Nord dans leur transformation num\u00e9rique\"}]},{\"@type\":\"WebSite\",\"@id\":\"https:\/\/www.uqac.ca\/uqactualites\/#website\",\"url\":\"https:\/\/www.uqac.ca\/uqactualites\/\",\"name\":\"UQACtualit\u00e9s\",\"description\":\"Le portail des nouvelles de l&#039;UQAC\",\"potentialAction\":[{\"@type\":\"SearchAction\",\"target\":{\"@type\":\"EntryPoint\",\"urlTemplate\":\"https:\/\/www.uqac.ca\/uqactualites\/?s={search_term_string}\"},\"query-input\":{\"@type\":\"PropertyValueSpecification\",\"valueRequired\":true,\"valueName\":\"search_term_string\"}}],\"inLanguage\":\"fr-CA\"},{\"@type\":\"Person\",\"@id\":\"https:\/\/www.uqac.ca\/uqactualites\/#\/schema\/person\/366c45a0c4f0e677b41b4af5886e2018\",\"name\":\"Service des communications et des relations publiques\",\"image\":{\"@type\":\"ImageObject\",\"inLanguage\":\"fr-CA\",\"@id\":\"https:\/\/www.uqac.ca\/uqactualites\/#\/schema\/person\/image\/\",\"url\":\"https:\/\/secure.gravatar.com\/avatar\/20fbbda8a292f59f2d3461a5b999c00b?s=96&d=mm&r=g\",\"contentUrl\":\"https:\/\/secure.gravatar.com\/avatar\/20fbbda8a292f59f2d3461a5b999c00b?s=96&d=mm&r=g\",\"caption\":\"Service des communications et des relations publiques\"},\"url\":\"https:\/\/www.uqac.ca\/uqactualites\/author\/bap\/\"}]}<\/script>\r\n<!-- \/ Yoast SEO plugin. -->","yoast_head_json":{"title":"L\u2019UQAR et l\u2019UQAC collaborent pour soutenir les entreprises de la C\u00f4te-Nord dans leur transformation num\u00e9rique - UQACtualit\u00e9s","robots":{"index":"index","follow":"follow","max-snippet":"max-snippet:-1","max-image-preview":"max-image-preview:large","max-video-preview":"max-video-preview:-1"},"canonical":"https:\/\/www.uqac.ca\/uqactualites\/2022\/04\/01\/luqar-et-luqac-collaborent-pour-soutenir-les-entreprises-de-la-cote-nord-dans-leur-transformation-numerique\/","og_locale":"fr_CA","og_type":"article","og_title":"L\u2019UQAR et l\u2019UQAC collaborent pour soutenir les entreprises de la C\u00f4te-Nord dans leur transformation num\u00e9rique - UQACtualit\u00e9s","og_description":"L\u2019Universit\u00e9 du Qu\u00e9bec \u00e0 Rimouski (UQAR) et l\u2019Universit\u00e9 du Qu\u00e9bec \u00e0 Chicoutimi (UQAC) offrent maintenant une nouvelle formation sur la transition num\u00e9rique en vue de soutenir les petites et moyennes entreprises de la C\u00f4te-Nord dans leur transformation num\u00e9rique. Cette formation d\u00e9butera le 19\u00a0avril et est rendue possible gr\u00e2ce \u00e0 la participation financi\u00e8re du gouvernement du [&hellip;]","og_url":"https:\/\/www.uqac.ca\/uqactualites\/2022\/04\/01\/luqar-et-luqac-collaborent-pour-soutenir-les-entreprises-de-la-cote-nord-dans-leur-transformation-numerique\/","og_site_name":"UQACtualit\u00e9s","article_published_time":"2022-04-01T13:15:31+00:00","og_image":[{"width":2560,"height":1707,"url":"https:\/\/www.uqac.ca\/uqactualites\/wp-content\/uploads\/2022\/04\/iStock-1249219777-scaled.jpg","type":"image\/jpeg"}],"author":"Service des communications et des relations publiques","twitter_card":"summary_large_image","twitter_misc":{"\u00c9crit par":"Service des communications et des relations publiques","Estimation du temps de lecture":"4 minutes"},"schema":{"@context":"https:\/\/schema.org","@graph":[{"@type":"WebPage","@id":"https:\/\/www.uqac.ca\/uqactualites\/2022\/04\/01\/luqar-et-luqac-collaborent-pour-soutenir-les-entreprises-de-la-cote-nord-dans-leur-transformation-numerique\/","url":"https:\/\/www.uqac.ca\/uqactualites\/2022\/04\/01\/luqar-et-luqac-collaborent-pour-soutenir-les-entreprises-de-la-cote-nord-dans-leur-transformation-numerique\/","name":"L\u2019UQAR et l\u2019UQAC collaborent pour soutenir les entreprises de la C\u00f4te-Nord dans leur transformation num\u00e9rique - UQACtualit\u00e9s","isPartOf":{"@id":"https:\/\/www.uqac.ca\/uqactualites\/#website"},"primaryImageOfPage":{"@id":"https:\/\/www.uqac.ca\/uqactualites\/2022\/04\/01\/luqar-et-luqac-collaborent-pour-soutenir-les-entreprises-de-la-cote-nord-dans-leur-transformation-numerique\/#primaryimage"},"image":{"@id":"https:\/\/www.uqac.ca\/uqactualites\/2022\/04\/01\/luqar-et-luqac-collaborent-pour-soutenir-les-entreprises-de-la-cote-nord-dans-leur-transformation-numerique\/#primaryimage"},"thumbnailUrl":"https:\/\/www.uqac.ca\/uqactualites\/wp-content\/uploads\/2022\/04\/iStock-1249219777-scaled.jpg","datePublished":"2022-04-01T13:15:31+00:00","dateModified":"2022-04-01T13:15:31+00:00","author":{"@id":"https:\/\/www.uqac.ca\/uqactualites\/#\/schema\/person\/366c45a0c4f0e677b41b4af5886e2018"},"breadcrumb":{"@id":"https:\/\/www.uqac.ca\/uqactualites\/2022\/04\/01\/luqar-et-luqac-collaborent-pour-soutenir-les-entreprises-de-la-cote-nord-dans-leur-transformation-numerique\/#breadcrumb"},"inLanguage":"fr-CA","potentialAction":[{"@type":"ReadAction","target":["https:\/\/www.uqac.ca\/uqactualites\/2022\/04\/01\/luqar-et-luqac-collaborent-pour-soutenir-les-entreprises-de-la-cote-nord-dans-leur-transformation-numerique\/"]}]},{"@type":"ImageObject","inLanguage":"fr-CA","@id":"https:\/\/www.uqac.ca\/uqactualites\/2022\/04\/01\/luqar-et-luqac-collaborent-pour-soutenir-les-entreprises-de-la-cote-nord-dans-leur-transformation-numerique\/#primaryimage","url":"https:\/\/www.uqac.ca\/uqactualites\/wp-content\/uploads\/2022\/04\/iStock-1249219777-scaled.jpg","contentUrl":"https:\/\/www.uqac.ca\/uqactualites\/wp-content\/uploads\/2022\/04\/iStock-1249219777-scaled.jpg","width":2560,"height":1707,"caption":"OFFRIR UNE EXP\u00c9RIENCE CLIENT NUM\u00c9RIQUE"},{"@type":"BreadcrumbList","@id":"https:\/\/www.uqac.ca\/uqactualites\/2022\/04\/01\/luqar-et-luqac-collaborent-pour-soutenir-les-entreprises-de-la-cote-nord-dans-leur-transformation-numerique\/#breadcrumb","itemListElement":[{"@type":"ListItem","position":1,"name":"Home","item":"https:\/\/www.uqac.ca\/uqactualites\/"},{"@type":"ListItem","position":2,"name":"L\u2019UQAR et l\u2019UQAC collaborent pour soutenir les entreprises de la C\u00f4te-Nord dans leur transformation num\u00e9rique"}]},{"@type":"WebSite","@id":"https:\/\/www.uqac.ca\/uqactualites\/#website","url":"https:\/\/www.uqac.ca\/uqactualites\/","name":"UQACtualit\u00e9s","description":"Le portail des nouvelles de l&#039;UQAC","potentialAction":[{"@type":"SearchAction","target":{"@type":"EntryPoint","urlTemplate":"https:\/\/www.uqac.ca\/uqactualites\/?s={search_term_string}"},"query-input":{"@type":"PropertyValueSpecification","valueRequired":true,"valueName":"search_term_string"}}],"inLanguage":"fr-CA"},{"@type":"Person","@id":"https:\/\/www.uqac.ca\/uqactualites\/#\/schema\/person\/366c45a0c4f0e677b41b4af5886e2018","name":"Service des communications et des relations publiques","image":{"@type":"ImageObject","inLanguage":"fr-CA","@id":"https:\/\/www.uqac.ca\/uqactualites\/#\/schema\/person\/image\/","url":"https:\/\/secure.gravatar.com\/avatar\/20fbbda8a292f59f2d3461a5b999c00b?s=96&d=mm&r=g","contentUrl":"https:\/\/secure.gravatar.com\/avatar\/20fbbda8a292f59f2d3461a5b999c00b?s=96&d=mm&r=g","caption":"Service des communications et des relations publiques"},"url":"https:\/\/www.uqac.ca\/uqactualites\/author\/bap\/"}]}},"_links":{"self":[{"href":"https:\/\/www.uqac.ca\/uqactualites\/wp-json\/wp\/v2\/posts\/41371"}],"collection":[{"href":"https:\/\/www.uqac.ca\/uqactualites\/wp-json\/wp\/v2\/posts"}],"about":[{"href":"https:\/\/www.uqac.ca\/uqactualites\/wp-json\/wp\/v2\/types\/post"}],"author":[{"embeddable":true,"href":"https:\/\/www.uqac.ca\/uqactualites\/wp-json\/wp\/v2\/users\/5"}],"replies":[{"embeddable":true,"href":"https:\/\/www.uqac.ca\/uqactualites\/wp-json\/wp\/v2\/comments?post=41371"}],"version-history":[{"count":0,"href":"https:\/\/www.uqac.ca\/uqactualites\/wp-json\/wp\/v2\/posts\/41371\/revisions"}],"wp:featuredmedia":[{"embeddable":true,"href":"https:\/\/www.uqac.ca\/uqactualites\/wp-json\/wp\/v2\/media\/41372"}],"wp:attachment":[{"href":"https:\/\/www.uqac.ca\/uqactualites\/wp-json\/wp\/v2\/media?parent=41371"}],"wp:term":[{"taxonomy":"category","embeddable":true,"href":"https:\/\/www.uqac.ca\/uqactualites\/wp-json\/wp\/v2\/categories?post=41371"},{"taxonomy":"post_tag","embeddable":true,"href":"https:\/\/www.uqac.ca\/uqactualites\/wp-json\/wp\/v2\/tags?post=41371"}],"curies":[{"name":"wp","href":"https:\/\/api.w.org\/{rel}","templated":true}]}}