{"id":41410,"date":"2022-04-14T09:12:29","date_gmt":"2022-04-14T13:12:29","guid":{"rendered":"https:\/\/www.uqac.ca\/?p=41410"},"modified":"2022-04-14T09:12:29","modified_gmt":"2022-04-14T13:12:29","slug":"premier-roman-pour-melanie-minier-etudiante-au-baccalaureat-en-etudes-litteraires-francaises","status":"publish","type":"post","link":"https:\/\/www.uqac.ca\/uqactualites\/2022\/04\/14\/premier-roman-pour-melanie-minier-etudiante-au-baccalaureat-en-etudes-litteraires-francaises\/","title":{"rendered":"Premier roman pour M\u00e9lanie Minier, \u00e9tudiante au baccalaur\u00e9at en \u00e9tudes litt\u00e9raires fran\u00e7aises"},"content":{"rendered":"<p>L\u2019\u00e9tudiante au baccalaur\u00e9at \u00e9tudes litt\u00e9raires fran\u00e7aises, M\u00e9lanie Minier, lancera bient\u00f4t son premier roman intitul\u00e9 <a href=\"http:\/\/www.lemeac.com\/catalogue\/2942-cascouia.html\"><em>C<\/em><em>as<\/em><em>coui<\/em><em>a<\/em><\/a> <em>aux \u00e9ditions Lem\u00e9ac<\/em>.<\/p>\n<p>Port\u00e9 par les voix de personnages plus vrais que vrais, ce premier roman plein de vie est le r\u00e9cit d\u2019un sauvetage, une ode \u00e0 la solidarit\u00e9 et \u00e0 l\u2019esprit de communaut\u00e9.<\/p>\n<p>C\u2019est un hiver de grande, de froide solitude. Au bord de la petite baie Cascouia, dans le chalet familial laiss\u00e9 \u00e0 l\u2019abandon depuis des ann\u00e9es, Sarah peine \u00e0 se r\u00e9chauffer. Pourquoi fuit-elle en avant, t\u00eate baiss\u00e9e, sabotant toutes ses chances de bonheur ? Pourquoi tente-t-elle de se punir d\u2019une faute qu\u2019elle n\u2019a pourtant jamais commise ?<\/p>\n<p>C\u2019est ici, dans ce village du Saguenay, que son p\u00e8re est mort dans des circonstances troubles, alors qu\u2019elle n\u2019avait que onze ans. C\u2019est ici qu\u2019\u00e0 trente-cinq ans Sarah essaiera de comprendre. Et que, seule ou avec d\u2019autres \u2013 son revenant de fr\u00e8re, ses voisins bienveillants et ce petit gar\u00e7on \u00e0 la pr\u00e9sence providentielle \u2013, elle finira par se reconstruire.<\/p>\n<p><strong>Lancement:\u00a0<\/strong>Jeudi 21 avril 2022 \u00e0 18 h \u00e0 la Librairie Marie-Laura de Jonqui\u00e8re<\/p>\n<p><strong>Biographie\u00a0:<\/strong> M\u00e9lanie Minier est n\u00e9e en 1981 \u00e0 Jonqui\u00e8re. En 2020, elle a remport\u00e9 le premier prix du concours litt\u00e9raire Damase-Potvin avec sa nouvelle <em>Elle s\u2019appelait Zaharah<\/em>. Titulaire d\u2019un certificat en cr\u00e9ation litt\u00e9raire de l\u2019UQAC, elle termine actuellement un baccalaur\u00e9at en \u00e9tudes litt\u00e9raires fran\u00e7aises.<\/p>\n","protected":false},"excerpt":{"rendered":"<p>L\u2019\u00e9tudiante au baccalaur\u00e9at \u00e9tudes litt\u00e9raires fran\u00e7aises, M\u00e9lanie Minier, lancera bient\u00f4t son premier roman intitul\u00e9 Cascouia aux \u00e9ditions Lem\u00e9ac. Port\u00e9 par les voix de personnages plus vrais que vrais, ce premier roman plein de vie est le r\u00e9cit d\u2019un sauvetage, une ode \u00e0 la solidarit\u00e9 et \u00e0 l\u2019esprit de communaut\u00e9. C\u2019est un hiver de grande, de [&hellip;]<\/p>\n","protected":false},"author":5,"featured_media":41425,"comment_status":"closed","ping_status":"closed","sticky":false,"template":"","format":"standard","meta":{"footnotes":""},"categories":[2,2772,25],"tags":[39,90,92],"yoast_head":"<!-- This site is optimized with the Yoast SEO plugin v24.2 - https:\/\/yoast.com\/wordpress\/plugins\/seo\/ -->\r\n<title>Premier roman pour M\u00e9lanie Minier, \u00e9tudiante au baccalaur\u00e9at en \u00e9tudes litt\u00e9raires fran\u00e7aises - UQACtualit\u00e9s<\/title>\r\n<meta name=\"robots\" content=\"index, follow, max-snippet:-1, max-image-preview:large, max-video-preview:-1\" \/>\r\n<link rel=\"canonical\" href=\"https:\/\/www.uqac.ca\/uqactualites\/2022\/04\/14\/premier-roman-pour-melanie-minier-etudiante-au-baccalaureat-en-etudes-litteraires-francaises\/\" \/>\r\n<meta property=\"og:locale\" content=\"fr_CA\" \/>\r\n<meta property=\"og:type\" content=\"article\" \/>\r\n<meta property=\"og:title\" content=\"Premier roman pour M\u00e9lanie Minier, \u00e9tudiante au baccalaur\u00e9at en \u00e9tudes litt\u00e9raires fran\u00e7aises - UQACtualit\u00e9s\" \/>\r\n<meta property=\"og:description\" content=\"L\u2019\u00e9tudiante au baccalaur\u00e9at \u00e9tudes litt\u00e9raires fran\u00e7aises, M\u00e9lanie Minier, lancera bient\u00f4t son premier roman intitul\u00e9 Cascouia aux \u00e9ditions Lem\u00e9ac. Port\u00e9 par les voix de personnages plus vrais que vrais, ce premier roman plein de vie est le r\u00e9cit d\u2019un sauvetage, une ode \u00e0 la solidarit\u00e9 et \u00e0 l\u2019esprit de communaut\u00e9. C\u2019est un hiver de grande, de [&hellip;]\" \/>\r\n<meta property=\"og:url\" content=\"https:\/\/www.uqac.ca\/uqactualites\/2022\/04\/14\/premier-roman-pour-melanie-minier-etudiante-au-baccalaureat-en-etudes-litteraires-francaises\/\" \/>\r\n<meta property=\"og:site_name\" content=\"UQACtualit\u00e9s\" \/>\r\n<meta property=\"article:published_time\" content=\"2022-04-14T13:12:29+00:00\" \/>\r\n<meta property=\"og:image\" content=\"https:\/\/www.uqac.ca\/uqactualites\/wp-content\/uploads\/2022\/04\/NUM_M_Minier_RomanCascouinaA22_Uqctualite1920X1080-25.jpg\" \/>\r\n\t<meta property=\"og:image:width\" content=\"1920\" \/>\r\n\t<meta property=\"og:image:height\" content=\"1080\" \/>\r\n\t<meta property=\"og:image:type\" content=\"image\/jpeg\" \/>\r\n<meta name=\"author\" content=\"Service des communications et des relations publiques\" \/>\r\n<meta name=\"twitter:card\" content=\"summary_large_image\" \/>\r\n<meta name=\"twitter:label1\" content=\"\u00c9crit par\" \/>\n\t<meta name=\"twitter:data1\" content=\"Service des communications et des relations publiques\" \/>\n\t<meta name=\"twitter:label2\" content=\"Estimation du temps de lecture\" \/>\n\t<meta name=\"twitter:data2\" content=\"1 minute\" \/>\r\n<script type=\"application\/ld+json\" class=\"yoast-schema-graph\">{\"@context\":\"https:\/\/schema.org\",\"@graph\":[{\"@type\":\"WebPage\",\"@id\":\"https:\/\/www.uqac.ca\/uqactualites\/2022\/04\/14\/premier-roman-pour-melanie-minier-etudiante-au-baccalaureat-en-etudes-litteraires-francaises\/\",\"url\":\"https:\/\/www.uqac.ca\/uqactualites\/2022\/04\/14\/premier-roman-pour-melanie-minier-etudiante-au-baccalaureat-en-etudes-litteraires-francaises\/\",\"name\":\"Premier roman pour M\u00e9lanie Minier, \u00e9tudiante au baccalaur\u00e9at en \u00e9tudes litt\u00e9raires fran\u00e7aises - UQACtualit\u00e9s\",\"isPartOf\":{\"@id\":\"https:\/\/www.uqac.ca\/uqactualites\/#website\"},\"primaryImageOfPage\":{\"@id\":\"https:\/\/www.uqac.ca\/uqactualites\/2022\/04\/14\/premier-roman-pour-melanie-minier-etudiante-au-baccalaureat-en-etudes-litteraires-francaises\/#primaryimage\"},\"image\":{\"@id\":\"https:\/\/www.uqac.ca\/uqactualites\/2022\/04\/14\/premier-roman-pour-melanie-minier-etudiante-au-baccalaureat-en-etudes-litteraires-francaises\/#primaryimage\"},\"thumbnailUrl\":\"https:\/\/www.uqac.ca\/uqactualites\/wp-content\/uploads\/2022\/04\/NUM_M_Minier_RomanCascouinaA22_Uqctualite1920X1080-25.jpg\",\"datePublished\":\"2022-04-14T13:12:29+00:00\",\"dateModified\":\"2022-04-14T13:12:29+00:00\",\"author\":{\"@id\":\"https:\/\/www.uqac.ca\/uqactualites\/#\/schema\/person\/366c45a0c4f0e677b41b4af5886e2018\"},\"breadcrumb\":{\"@id\":\"https:\/\/www.uqac.ca\/uqactualites\/2022\/04\/14\/premier-roman-pour-melanie-minier-etudiante-au-baccalaureat-en-etudes-litteraires-francaises\/#breadcrumb\"},\"inLanguage\":\"fr-CA\",\"potentialAction\":[{\"@type\":\"ReadAction\",\"target\":[\"https:\/\/www.uqac.ca\/uqactualites\/2022\/04\/14\/premier-roman-pour-melanie-minier-etudiante-au-baccalaureat-en-etudes-litteraires-francaises\/\"]}]},{\"@type\":\"ImageObject\",\"inLanguage\":\"fr-CA\",\"@id\":\"https:\/\/www.uqac.ca\/uqactualites\/2022\/04\/14\/premier-roman-pour-melanie-minier-etudiante-au-baccalaureat-en-etudes-litteraires-francaises\/#primaryimage\",\"url\":\"https:\/\/www.uqac.ca\/uqactualites\/wp-content\/uploads\/2022\/04\/NUM_M_Minier_RomanCascouinaA22_Uqctualite1920X1080-25.jpg\",\"contentUrl\":\"https:\/\/www.uqac.ca\/uqactualites\/wp-content\/uploads\/2022\/04\/NUM_M_Minier_RomanCascouinaA22_Uqctualite1920X1080-25.jpg\",\"width\":1920,\"height\":1080},{\"@type\":\"BreadcrumbList\",\"@id\":\"https:\/\/www.uqac.ca\/uqactualites\/2022\/04\/14\/premier-roman-pour-melanie-minier-etudiante-au-baccalaureat-en-etudes-litteraires-francaises\/#breadcrumb\",\"itemListElement\":[{\"@type\":\"ListItem\",\"position\":1,\"name\":\"Home\",\"item\":\"https:\/\/www.uqac.ca\/uqactualites\/\"},{\"@type\":\"ListItem\",\"position\":2,\"name\":\"Premier roman pour M\u00e9lanie Minier, \u00e9tudiante au baccalaur\u00e9at en \u00e9tudes litt\u00e9raires fran\u00e7aises\"}]},{\"@type\":\"WebSite\",\"@id\":\"https:\/\/www.uqac.ca\/uqactualites\/#website\",\"url\":\"https:\/\/www.uqac.ca\/uqactualites\/\",\"name\":\"UQACtualit\u00e9s\",\"description\":\"Le portail des nouvelles de l&#039;UQAC\",\"potentialAction\":[{\"@type\":\"SearchAction\",\"target\":{\"@type\":\"EntryPoint\",\"urlTemplate\":\"https:\/\/www.uqac.ca\/uqactualites\/?s={search_term_string}\"},\"query-input\":{\"@type\":\"PropertyValueSpecification\",\"valueRequired\":true,\"valueName\":\"search_term_string\"}}],\"inLanguage\":\"fr-CA\"},{\"@type\":\"Person\",\"@id\":\"https:\/\/www.uqac.ca\/uqactualites\/#\/schema\/person\/366c45a0c4f0e677b41b4af5886e2018\",\"name\":\"Service des communications et des relations publiques\",\"image\":{\"@type\":\"ImageObject\",\"inLanguage\":\"fr-CA\",\"@id\":\"https:\/\/www.uqac.ca\/uqactualites\/#\/schema\/person\/image\/\",\"url\":\"https:\/\/secure.gravatar.com\/avatar\/20fbbda8a292f59f2d3461a5b999c00b?s=96&d=mm&r=g\",\"contentUrl\":\"https:\/\/secure.gravatar.com\/avatar\/20fbbda8a292f59f2d3461a5b999c00b?s=96&d=mm&r=g\",\"caption\":\"Service des communications et des relations publiques\"},\"url\":\"https:\/\/www.uqac.ca\/uqactualites\/author\/bap\/\"}]}<\/script>\r\n<!-- \/ Yoast SEO plugin. -->","yoast_head_json":{"title":"Premier roman pour M\u00e9lanie Minier, \u00e9tudiante au baccalaur\u00e9at en \u00e9tudes litt\u00e9raires fran\u00e7aises - UQACtualit\u00e9s","robots":{"index":"index","follow":"follow","max-snippet":"max-snippet:-1","max-image-preview":"max-image-preview:large","max-video-preview":"max-video-preview:-1"},"canonical":"https:\/\/www.uqac.ca\/uqactualites\/2022\/04\/14\/premier-roman-pour-melanie-minier-etudiante-au-baccalaureat-en-etudes-litteraires-francaises\/","og_locale":"fr_CA","og_type":"article","og_title":"Premier roman pour M\u00e9lanie Minier, \u00e9tudiante au baccalaur\u00e9at en \u00e9tudes litt\u00e9raires fran\u00e7aises - UQACtualit\u00e9s","og_description":"L\u2019\u00e9tudiante au baccalaur\u00e9at \u00e9tudes litt\u00e9raires fran\u00e7aises, M\u00e9lanie Minier, lancera bient\u00f4t son premier roman intitul\u00e9 Cascouia aux \u00e9ditions Lem\u00e9ac. Port\u00e9 par les voix de personnages plus vrais que vrais, ce premier roman plein de vie est le r\u00e9cit d\u2019un sauvetage, une ode \u00e0 la solidarit\u00e9 et \u00e0 l\u2019esprit de communaut\u00e9. C\u2019est un hiver de grande, de [&hellip;]","og_url":"https:\/\/www.uqac.ca\/uqactualites\/2022\/04\/14\/premier-roman-pour-melanie-minier-etudiante-au-baccalaureat-en-etudes-litteraires-francaises\/","og_site_name":"UQACtualit\u00e9s","article_published_time":"2022-04-14T13:12:29+00:00","og_image":[{"width":1920,"height":1080,"url":"https:\/\/www.uqac.ca\/uqactualites\/wp-content\/uploads\/2022\/04\/NUM_M_Minier_RomanCascouinaA22_Uqctualite1920X1080-25.jpg","type":"image\/jpeg"}],"author":"Service des communications et des relations publiques","twitter_card":"summary_large_image","twitter_misc":{"\u00c9crit par":"Service des communications et des relations publiques","Estimation du temps de lecture":"1 minute"},"schema":{"@context":"https:\/\/schema.org","@graph":[{"@type":"WebPage","@id":"https:\/\/www.uqac.ca\/uqactualites\/2022\/04\/14\/premier-roman-pour-melanie-minier-etudiante-au-baccalaureat-en-etudes-litteraires-francaises\/","url":"https:\/\/www.uqac.ca\/uqactualites\/2022\/04\/14\/premier-roman-pour-melanie-minier-etudiante-au-baccalaureat-en-etudes-litteraires-francaises\/","name":"Premier roman pour M\u00e9lanie Minier, \u00e9tudiante au baccalaur\u00e9at en \u00e9tudes litt\u00e9raires fran\u00e7aises - UQACtualit\u00e9s","isPartOf":{"@id":"https:\/\/www.uqac.ca\/uqactualites\/#website"},"primaryImageOfPage":{"@id":"https:\/\/www.uqac.ca\/uqactualites\/2022\/04\/14\/premier-roman-pour-melanie-minier-etudiante-au-baccalaureat-en-etudes-litteraires-francaises\/#primaryimage"},"image":{"@id":"https:\/\/www.uqac.ca\/uqactualites\/2022\/04\/14\/premier-roman-pour-melanie-minier-etudiante-au-baccalaureat-en-etudes-litteraires-francaises\/#primaryimage"},"thumbnailUrl":"https:\/\/www.uqac.ca\/uqactualites\/wp-content\/uploads\/2022\/04\/NUM_M_Minier_RomanCascouinaA22_Uqctualite1920X1080-25.jpg","datePublished":"2022-04-14T13:12:29+00:00","dateModified":"2022-04-14T13:12:29+00:00","author":{"@id":"https:\/\/www.uqac.ca\/uqactualites\/#\/schema\/person\/366c45a0c4f0e677b41b4af5886e2018"},"breadcrumb":{"@id":"https:\/\/www.uqac.ca\/uqactualites\/2022\/04\/14\/premier-roman-pour-melanie-minier-etudiante-au-baccalaureat-en-etudes-litteraires-francaises\/#breadcrumb"},"inLanguage":"fr-CA","potentialAction":[{"@type":"ReadAction","target":["https:\/\/www.uqac.ca\/uqactualites\/2022\/04\/14\/premier-roman-pour-melanie-minier-etudiante-au-baccalaureat-en-etudes-litteraires-francaises\/"]}]},{"@type":"ImageObject","inLanguage":"fr-CA","@id":"https:\/\/www.uqac.ca\/uqactualites\/2022\/04\/14\/premier-roman-pour-melanie-minier-etudiante-au-baccalaureat-en-etudes-litteraires-francaises\/#primaryimage","url":"https:\/\/www.uqac.ca\/uqactualites\/wp-content\/uploads\/2022\/04\/NUM_M_Minier_RomanCascouinaA22_Uqctualite1920X1080-25.jpg","contentUrl":"https:\/\/www.uqac.ca\/uqactualites\/wp-content\/uploads\/2022\/04\/NUM_M_Minier_RomanCascouinaA22_Uqctualite1920X1080-25.jpg","width":1920,"height":1080},{"@type":"BreadcrumbList","@id":"https:\/\/www.uqac.ca\/uqactualites\/2022\/04\/14\/premier-roman-pour-melanie-minier-etudiante-au-baccalaureat-en-etudes-litteraires-francaises\/#breadcrumb","itemListElement":[{"@type":"ListItem","position":1,"name":"Home","item":"https:\/\/www.uqac.ca\/uqactualites\/"},{"@type":"ListItem","position":2,"name":"Premier roman pour M\u00e9lanie Minier, \u00e9tudiante au baccalaur\u00e9at en \u00e9tudes litt\u00e9raires fran\u00e7aises"}]},{"@type":"WebSite","@id":"https:\/\/www.uqac.ca\/uqactualites\/#website","url":"https:\/\/www.uqac.ca\/uqactualites\/","name":"UQACtualit\u00e9s","description":"Le portail des nouvelles de l&#039;UQAC","potentialAction":[{"@type":"SearchAction","target":{"@type":"EntryPoint","urlTemplate":"https:\/\/www.uqac.ca\/uqactualites\/?s={search_term_string}"},"query-input":{"@type":"PropertyValueSpecification","valueRequired":true,"valueName":"search_term_string"}}],"inLanguage":"fr-CA"},{"@type":"Person","@id":"https:\/\/www.uqac.ca\/uqactualites\/#\/schema\/person\/366c45a0c4f0e677b41b4af5886e2018","name":"Service des communications et des relations publiques","image":{"@type":"ImageObject","inLanguage":"fr-CA","@id":"https:\/\/www.uqac.ca\/uqactualites\/#\/schema\/person\/image\/","url":"https:\/\/secure.gravatar.com\/avatar\/20fbbda8a292f59f2d3461a5b999c00b?s=96&d=mm&r=g","contentUrl":"https:\/\/secure.gravatar.com\/avatar\/20fbbda8a292f59f2d3461a5b999c00b?s=96&d=mm&r=g","caption":"Service des communications et des relations publiques"},"url":"https:\/\/www.uqac.ca\/uqactualites\/author\/bap\/"}]}},"_links":{"self":[{"href":"https:\/\/www.uqac.ca\/uqactualites\/wp-json\/wp\/v2\/posts\/41410"}],"collection":[{"href":"https:\/\/www.uqac.ca\/uqactualites\/wp-json\/wp\/v2\/posts"}],"about":[{"href":"https:\/\/www.uqac.ca\/uqactualites\/wp-json\/wp\/v2\/types\/post"}],"author":[{"embeddable":true,"href":"https:\/\/www.uqac.ca\/uqactualites\/wp-json\/wp\/v2\/users\/5"}],"replies":[{"embeddable":true,"href":"https:\/\/www.uqac.ca\/uqactualites\/wp-json\/wp\/v2\/comments?post=41410"}],"version-history":[{"count":0,"href":"https:\/\/www.uqac.ca\/uqactualites\/wp-json\/wp\/v2\/posts\/41410\/revisions"}],"wp:featuredmedia":[{"embeddable":true,"href":"https:\/\/www.uqac.ca\/uqactualites\/wp-json\/wp\/v2\/media\/41425"}],"wp:attachment":[{"href":"https:\/\/www.uqac.ca\/uqactualites\/wp-json\/wp\/v2\/media?parent=41410"}],"wp:term":[{"taxonomy":"category","embeddable":true,"href":"https:\/\/www.uqac.ca\/uqactualites\/wp-json\/wp\/v2\/categories?post=41410"},{"taxonomy":"post_tag","embeddable":true,"href":"https:\/\/www.uqac.ca\/uqactualites\/wp-json\/wp\/v2\/tags?post=41410"}],"curies":[{"name":"wp","href":"https:\/\/api.w.org\/{rel}","templated":true}]}}