{"id":41510,"date":"2022-04-29T18:40:36","date_gmt":"2022-04-29T22:40:36","guid":{"rendered":"https:\/\/www.uqac.ca\/?p=41510"},"modified":"2023-10-23T14:32:58","modified_gmt":"2023-10-23T18:32:58","slug":"dhc-2022","status":"publish","type":"post","link":"https:\/\/www.uqac.ca\/uqactualites\/2022\/04\/29\/dhc-2022\/","title":{"rendered":"L\u2019UQAC remet un doctorat honorifique \u00e0 Fabienne Larouche et \u00e0 Philippe Couillard"},"content":{"rendered":"<p>La fin du trimestre d\u2019hiver 2022 est marqu\u00e9e par les honneurs et la r\u00e9ussite \u00e0 l\u2019UQAC, alors que l\u2019institution d\u00e9cernait ce soir la plus haute distinction attribu\u00e9e par l\u2019Universit\u00e9 \u00e0 Fabienne Larouche et Philippe Couillard, deux personnalit\u00e9s dont le parcours et la contribution \u00e0 la soci\u00e9t\u00e9 s\u2019av\u00e8rent remarquables.<\/p>\n<p>\u00c0 l\u2019occasion d\u2019une c\u00e9r\u00e9monie officielle tenue ce vendredi 29 avril, l\u2019UQAC a remis un doctorat <i>honoris causa <\/i>\u00e0 la femme d\u2019affaires, auteure et productrice Fabienne Larouche, dont les r\u00e9alisations t\u00e9l\u00e9visuelles tissent un portrait juste et actuel de la soci\u00e9t\u00e9 qu\u00e9b\u00e9coise, ainsi qu\u2019\u00e0 l\u2019homme politique et \u00e9rudit Philippe Couillard, dont le parcours singulier est compos\u00e9 d\u2019exp\u00e9riences dans des domaines aussi vari\u00e9s que le sont la m\u00e9decine, l\u2019entrepreneuriat, l\u2019enseignement universitaire et la politique.<\/p>\n<p>Par la remise de cette distinction honorifique, l\u2019Universit\u00e9 du Qu\u00e9bec \u00e0 Chicoutimi salue l\u2019engagement social exemplaire de ces deux personnalit\u00e9s ainsi que le caract\u00e8re exceptionnel de leur carri\u00e8re respective.<\/p>\n<p>Rappelons que les\u00a0festivit\u00e9s de fin d\u2019ann\u00e9e se poursuivront le samedi 30 avril \u00e0 l\u2019occasion de deux c\u00e9r\u00e9monies de Collation des grades, au cours desquelles 1 267 finissantes et finissants de l\u2019UQAC recevront leur attestation de fin d\u2019\u00e9tudes des mains du recteur, des vice-rectrices et vice-recteurs.<\/p>\n","protected":false},"excerpt":{"rendered":"<p>La fin du trimestre d\u2019hiver 2022 est marqu\u00e9e par les honneurs et la r\u00e9ussite \u00e0 l\u2019UQAC, alors que l\u2019institution d\u00e9cernait ce soir la plus haute distinction attribu\u00e9e par l\u2019Universit\u00e9 \u00e0 Fabienne Larouche et Philippe Couillard, deux personnalit\u00e9s dont le parcours et la contribution \u00e0 la soci\u00e9t\u00e9 s\u2019av\u00e8rent remarquables. \u00c0 l\u2019occasion d\u2019une c\u00e9r\u00e9monie officielle tenue ce [&hellip;]<\/p>\n","protected":false},"author":5,"featured_media":41513,"comment_status":"closed","ping_status":"closed","sticky":false,"template":"","format":"standard","meta":{"footnotes":""},"categories":[61,9],"tags":[73],"yoast_head":"<!-- This site is optimized with the Yoast SEO plugin v24.2 - https:\/\/yoast.com\/wordpress\/plugins\/seo\/ -->\r\n<title>L\u2019UQAC remet un doctorat honorifique \u00e0 Fabienne Larouche et \u00e0 Philippe Couillard - UQACtualit\u00e9s<\/title>\r\n<meta name=\"robots\" content=\"index, follow, max-snippet:-1, max-image-preview:large, max-video-preview:-1\" \/>\r\n<link rel=\"canonical\" href=\"https:\/\/www.uqac.ca\/uqactualites\/2022\/04\/29\/dhc-2022\/\" \/>\r\n<meta property=\"og:locale\" content=\"fr_CA\" \/>\r\n<meta property=\"og:type\" content=\"article\" \/>\r\n<meta property=\"og:title\" content=\"L\u2019UQAC remet un doctorat honorifique \u00e0 Fabienne Larouche et \u00e0 Philippe Couillard - UQACtualit\u00e9s\" \/>\r\n<meta property=\"og:description\" content=\"La fin du trimestre d\u2019hiver 2022 est marqu\u00e9e par les honneurs et la r\u00e9ussite \u00e0 l\u2019UQAC, alors que l\u2019institution d\u00e9cernait ce soir la plus haute distinction attribu\u00e9e par l\u2019Universit\u00e9 \u00e0 Fabienne Larouche et Philippe Couillard, deux personnalit\u00e9s dont le parcours et la contribution \u00e0 la soci\u00e9t\u00e9 s\u2019av\u00e8rent remarquables. \u00c0 l\u2019occasion d\u2019une c\u00e9r\u00e9monie officielle tenue ce [&hellip;]\" \/>\r\n<meta property=\"og:url\" content=\"https:\/\/www.uqac.ca\/uqactualites\/2022\/04\/29\/dhc-2022\/\" \/>\r\n<meta property=\"og:site_name\" content=\"UQACtualit\u00e9s\" \/>\r\n<meta property=\"article:published_time\" content=\"2022-04-29T22:40:36+00:00\" \/>\r\n<meta property=\"article:modified_time\" content=\"2023-10-23T18:32:58+00:00\" \/>\r\n<meta property=\"og:image\" content=\"https:\/\/www.uqac.ca\/uqactualites\/wp-content\/uploads\/2022\/04\/D8EAC3FD-F278-496C-BB52-8A513C1101F1.jpeg\" \/>\r\n\t<meta property=\"og:image:width\" content=\"1671\" \/>\r\n\t<meta property=\"og:image:height\" content=\"1071\" \/>\r\n\t<meta property=\"og:image:type\" content=\"image\/jpeg\" \/>\r\n<meta name=\"author\" content=\"Service des communications et des relations publiques\" \/>\r\n<meta name=\"twitter:card\" content=\"summary_large_image\" \/>\r\n<meta name=\"twitter:label1\" content=\"\u00c9crit par\" \/>\n\t<meta name=\"twitter:data1\" content=\"Service des communications et des relations publiques\" \/>\n\t<meta name=\"twitter:label2\" content=\"Estimation du temps de lecture\" \/>\n\t<meta name=\"twitter:data2\" content=\"1 minute\" \/>\r\n<script type=\"application\/ld+json\" class=\"yoast-schema-graph\">{\"@context\":\"https:\/\/schema.org\",\"@graph\":[{\"@type\":\"WebPage\",\"@id\":\"https:\/\/www.uqac.ca\/uqactualites\/2022\/04\/29\/dhc-2022\/\",\"url\":\"https:\/\/www.uqac.ca\/uqactualites\/2022\/04\/29\/dhc-2022\/\",\"name\":\"L\u2019UQAC remet un doctorat honorifique \u00e0 Fabienne Larouche et \u00e0 Philippe Couillard - UQACtualit\u00e9s\",\"isPartOf\":{\"@id\":\"https:\/\/www.uqac.ca\/uqactualites\/#website\"},\"primaryImageOfPage\":{\"@id\":\"https:\/\/www.uqac.ca\/uqactualites\/2022\/04\/29\/dhc-2022\/#primaryimage\"},\"image\":{\"@id\":\"https:\/\/www.uqac.ca\/uqactualites\/2022\/04\/29\/dhc-2022\/#primaryimage\"},\"thumbnailUrl\":\"https:\/\/www.uqac.ca\/uqactualites\/wp-content\/uploads\/2022\/04\/D8EAC3FD-F278-496C-BB52-8A513C1101F1.jpeg\",\"datePublished\":\"2022-04-29T22:40:36+00:00\",\"dateModified\":\"2023-10-23T18:32:58+00:00\",\"author\":{\"@id\":\"https:\/\/www.uqac.ca\/uqactualites\/#\/schema\/person\/366c45a0c4f0e677b41b4af5886e2018\"},\"breadcrumb\":{\"@id\":\"https:\/\/www.uqac.ca\/uqactualites\/2022\/04\/29\/dhc-2022\/#breadcrumb\"},\"inLanguage\":\"fr-CA\",\"potentialAction\":[{\"@type\":\"ReadAction\",\"target\":[\"https:\/\/www.uqac.ca\/uqactualites\/2022\/04\/29\/dhc-2022\/\"]}]},{\"@type\":\"ImageObject\",\"inLanguage\":\"fr-CA\",\"@id\":\"https:\/\/www.uqac.ca\/uqactualites\/2022\/04\/29\/dhc-2022\/#primaryimage\",\"url\":\"https:\/\/www.uqac.ca\/uqactualites\/wp-content\/uploads\/2022\/04\/D8EAC3FD-F278-496C-BB52-8A513C1101F1.jpeg\",\"contentUrl\":\"https:\/\/www.uqac.ca\/uqactualites\/wp-content\/uploads\/2022\/04\/D8EAC3FD-F278-496C-BB52-8A513C1101F1.jpeg\",\"width\":1671,\"height\":1071},{\"@type\":\"BreadcrumbList\",\"@id\":\"https:\/\/www.uqac.ca\/uqactualites\/2022\/04\/29\/dhc-2022\/#breadcrumb\",\"itemListElement\":[{\"@type\":\"ListItem\",\"position\":1,\"name\":\"Home\",\"item\":\"https:\/\/www.uqac.ca\/uqactualites\/\"},{\"@type\":\"ListItem\",\"position\":2,\"name\":\"L\u2019UQAC remet un doctorat honorifique \u00e0 Fabienne Larouche et \u00e0 Philippe Couillard\"}]},{\"@type\":\"WebSite\",\"@id\":\"https:\/\/www.uqac.ca\/uqactualites\/#website\",\"url\":\"https:\/\/www.uqac.ca\/uqactualites\/\",\"name\":\"UQACtualit\u00e9s\",\"description\":\"Le portail des nouvelles de l&#039;UQAC\",\"potentialAction\":[{\"@type\":\"SearchAction\",\"target\":{\"@type\":\"EntryPoint\",\"urlTemplate\":\"https:\/\/www.uqac.ca\/uqactualites\/?s={search_term_string}\"},\"query-input\":{\"@type\":\"PropertyValueSpecification\",\"valueRequired\":true,\"valueName\":\"search_term_string\"}}],\"inLanguage\":\"fr-CA\"},{\"@type\":\"Person\",\"@id\":\"https:\/\/www.uqac.ca\/uqactualites\/#\/schema\/person\/366c45a0c4f0e677b41b4af5886e2018\",\"name\":\"Service des communications et des relations publiques\",\"image\":{\"@type\":\"ImageObject\",\"inLanguage\":\"fr-CA\",\"@id\":\"https:\/\/www.uqac.ca\/uqactualites\/#\/schema\/person\/image\/\",\"url\":\"https:\/\/secure.gravatar.com\/avatar\/20fbbda8a292f59f2d3461a5b999c00b?s=96&d=mm&r=g\",\"contentUrl\":\"https:\/\/secure.gravatar.com\/avatar\/20fbbda8a292f59f2d3461a5b999c00b?s=96&d=mm&r=g\",\"caption\":\"Service des communications et des relations publiques\"},\"url\":\"https:\/\/www.uqac.ca\/uqactualites\/author\/bap\/\"}]}<\/script>\r\n<!-- \/ Yoast SEO plugin. -->","yoast_head_json":{"title":"L\u2019UQAC remet un doctorat honorifique \u00e0 Fabienne Larouche et \u00e0 Philippe Couillard - UQACtualit\u00e9s","robots":{"index":"index","follow":"follow","max-snippet":"max-snippet:-1","max-image-preview":"max-image-preview:large","max-video-preview":"max-video-preview:-1"},"canonical":"https:\/\/www.uqac.ca\/uqactualites\/2022\/04\/29\/dhc-2022\/","og_locale":"fr_CA","og_type":"article","og_title":"L\u2019UQAC remet un doctorat honorifique \u00e0 Fabienne Larouche et \u00e0 Philippe Couillard - UQACtualit\u00e9s","og_description":"La fin du trimestre d\u2019hiver 2022 est marqu\u00e9e par les honneurs et la r\u00e9ussite \u00e0 l\u2019UQAC, alors que l\u2019institution d\u00e9cernait ce soir la plus haute distinction attribu\u00e9e par l\u2019Universit\u00e9 \u00e0 Fabienne Larouche et Philippe Couillard, deux personnalit\u00e9s dont le parcours et la contribution \u00e0 la soci\u00e9t\u00e9 s\u2019av\u00e8rent remarquables. \u00c0 l\u2019occasion d\u2019une c\u00e9r\u00e9monie officielle tenue ce [&hellip;]","og_url":"https:\/\/www.uqac.ca\/uqactualites\/2022\/04\/29\/dhc-2022\/","og_site_name":"UQACtualit\u00e9s","article_published_time":"2022-04-29T22:40:36+00:00","article_modified_time":"2023-10-23T18:32:58+00:00","og_image":[{"width":1671,"height":1071,"url":"https:\/\/www.uqac.ca\/uqactualites\/wp-content\/uploads\/2022\/04\/D8EAC3FD-F278-496C-BB52-8A513C1101F1.jpeg","type":"image\/jpeg"}],"author":"Service des communications et des relations publiques","twitter_card":"summary_large_image","twitter_misc":{"\u00c9crit par":"Service des communications et des relations publiques","Estimation du temps de lecture":"1 minute"},"schema":{"@context":"https:\/\/schema.org","@graph":[{"@type":"WebPage","@id":"https:\/\/www.uqac.ca\/uqactualites\/2022\/04\/29\/dhc-2022\/","url":"https:\/\/www.uqac.ca\/uqactualites\/2022\/04\/29\/dhc-2022\/","name":"L\u2019UQAC remet un doctorat honorifique \u00e0 Fabienne Larouche et \u00e0 Philippe Couillard - UQACtualit\u00e9s","isPartOf":{"@id":"https:\/\/www.uqac.ca\/uqactualites\/#website"},"primaryImageOfPage":{"@id":"https:\/\/www.uqac.ca\/uqactualites\/2022\/04\/29\/dhc-2022\/#primaryimage"},"image":{"@id":"https:\/\/www.uqac.ca\/uqactualites\/2022\/04\/29\/dhc-2022\/#primaryimage"},"thumbnailUrl":"https:\/\/www.uqac.ca\/uqactualites\/wp-content\/uploads\/2022\/04\/D8EAC3FD-F278-496C-BB52-8A513C1101F1.jpeg","datePublished":"2022-04-29T22:40:36+00:00","dateModified":"2023-10-23T18:32:58+00:00","author":{"@id":"https:\/\/www.uqac.ca\/uqactualites\/#\/schema\/person\/366c45a0c4f0e677b41b4af5886e2018"},"breadcrumb":{"@id":"https:\/\/www.uqac.ca\/uqactualites\/2022\/04\/29\/dhc-2022\/#breadcrumb"},"inLanguage":"fr-CA","potentialAction":[{"@type":"ReadAction","target":["https:\/\/www.uqac.ca\/uqactualites\/2022\/04\/29\/dhc-2022\/"]}]},{"@type":"ImageObject","inLanguage":"fr-CA","@id":"https:\/\/www.uqac.ca\/uqactualites\/2022\/04\/29\/dhc-2022\/#primaryimage","url":"https:\/\/www.uqac.ca\/uqactualites\/wp-content\/uploads\/2022\/04\/D8EAC3FD-F278-496C-BB52-8A513C1101F1.jpeg","contentUrl":"https:\/\/www.uqac.ca\/uqactualites\/wp-content\/uploads\/2022\/04\/D8EAC3FD-F278-496C-BB52-8A513C1101F1.jpeg","width":1671,"height":1071},{"@type":"BreadcrumbList","@id":"https:\/\/www.uqac.ca\/uqactualites\/2022\/04\/29\/dhc-2022\/#breadcrumb","itemListElement":[{"@type":"ListItem","position":1,"name":"Home","item":"https:\/\/www.uqac.ca\/uqactualites\/"},{"@type":"ListItem","position":2,"name":"L\u2019UQAC remet un doctorat honorifique \u00e0 Fabienne Larouche et \u00e0 Philippe Couillard"}]},{"@type":"WebSite","@id":"https:\/\/www.uqac.ca\/uqactualites\/#website","url":"https:\/\/www.uqac.ca\/uqactualites\/","name":"UQACtualit\u00e9s","description":"Le portail des nouvelles de l&#039;UQAC","potentialAction":[{"@type":"SearchAction","target":{"@type":"EntryPoint","urlTemplate":"https:\/\/www.uqac.ca\/uqactualites\/?s={search_term_string}"},"query-input":{"@type":"PropertyValueSpecification","valueRequired":true,"valueName":"search_term_string"}}],"inLanguage":"fr-CA"},{"@type":"Person","@id":"https:\/\/www.uqac.ca\/uqactualites\/#\/schema\/person\/366c45a0c4f0e677b41b4af5886e2018","name":"Service des communications et des relations publiques","image":{"@type":"ImageObject","inLanguage":"fr-CA","@id":"https:\/\/www.uqac.ca\/uqactualites\/#\/schema\/person\/image\/","url":"https:\/\/secure.gravatar.com\/avatar\/20fbbda8a292f59f2d3461a5b999c00b?s=96&d=mm&r=g","contentUrl":"https:\/\/secure.gravatar.com\/avatar\/20fbbda8a292f59f2d3461a5b999c00b?s=96&d=mm&r=g","caption":"Service des communications et des relations publiques"},"url":"https:\/\/www.uqac.ca\/uqactualites\/author\/bap\/"}]}},"_links":{"self":[{"href":"https:\/\/www.uqac.ca\/uqactualites\/wp-json\/wp\/v2\/posts\/41510"}],"collection":[{"href":"https:\/\/www.uqac.ca\/uqactualites\/wp-json\/wp\/v2\/posts"}],"about":[{"href":"https:\/\/www.uqac.ca\/uqactualites\/wp-json\/wp\/v2\/types\/post"}],"author":[{"embeddable":true,"href":"https:\/\/www.uqac.ca\/uqactualites\/wp-json\/wp\/v2\/users\/5"}],"replies":[{"embeddable":true,"href":"https:\/\/www.uqac.ca\/uqactualites\/wp-json\/wp\/v2\/comments?post=41510"}],"version-history":[{"count":1,"href":"https:\/\/www.uqac.ca\/uqactualites\/wp-json\/wp\/v2\/posts\/41510\/revisions"}],"predecessor-version":[{"id":44984,"href":"https:\/\/www.uqac.ca\/uqactualites\/wp-json\/wp\/v2\/posts\/41510\/revisions\/44984"}],"wp:featuredmedia":[{"embeddable":true,"href":"https:\/\/www.uqac.ca\/uqactualites\/wp-json\/wp\/v2\/media\/41513"}],"wp:attachment":[{"href":"https:\/\/www.uqac.ca\/uqactualites\/wp-json\/wp\/v2\/media?parent=41510"}],"wp:term":[{"taxonomy":"category","embeddable":true,"href":"https:\/\/www.uqac.ca\/uqactualites\/wp-json\/wp\/v2\/categories?post=41510"},{"taxonomy":"post_tag","embeddable":true,"href":"https:\/\/www.uqac.ca\/uqactualites\/wp-json\/wp\/v2\/tags?post=41510"}],"curies":[{"name":"wp","href":"https:\/\/api.w.org\/{rel}","templated":true}]}}