{"id":41631,"date":"2022-05-17T14:49:33","date_gmt":"2022-05-17T18:49:33","guid":{"rendered":"https:\/\/www.uqac.ca\/?p=41631"},"modified":"2022-05-17T14:49:33","modified_gmt":"2022-05-17T18:49:33","slug":"lexpertise-de-la-professeure-sylvie-morais-au-profit-du-programme-de-formation-de-lecole-quebecoise","status":"publish","type":"post","link":"https:\/\/www.uqac.ca\/uqactualites\/2022\/05\/17\/lexpertise-de-la-professeure-sylvie-morais-au-profit-du-programme-de-formation-de-lecole-quebecoise\/","title":{"rendered":"L&rsquo;expertise de la professeure Sylvie Morais au profit du programme de formation de l&rsquo;\u00e9cole qu\u00e9b\u00e9coise"},"content":{"rendered":"<p>Le 8 avril dernier, le <a href=\"https:\/\/recherche.uqac.ca\/laboratoire-collectif-de-recherche-en-enseignement-des-arts-crea\/\">Laboratoire collectif de recherche en enseignement des arts de l&rsquo;UQAC (CR\u00c9A)<\/a> \u2013 dirig\u00e9 par la professeure Sylvie Morais\u00a0\u2013 tenait son quatri\u00e8me symposium annuel\u00a0<em>Enseigner les arts aujourd\u2019hui<\/em>. Propos\u00e9 cette ann\u00e9e sous la th\u00e9matique de\u00a0l\u2019appr\u00e9ciation culturelle,<strong>\u00a0<\/strong>l&rsquo;\u00e9v\u00e9nement qui rassemblait des\u00a0enseignantes et enseignants des arts de la r\u00e9gion pour une journ\u00e9e d&rsquo;\u00e9changes et de formations a encore une fois pu compter\u00a0sur la collaboration du minist\u00e8re de l&rsquo;\u00c9ducation (MEQ) et sur la pr\u00e9sence de sa repr\u00e9sentante\u00a0du domaine des arts et culture-\u00e9ducation, Genevi\u00e8ve C\u00f4t\u00e9.<\/p>\n<p>Au terme de cette quatri\u00e8me \u00e9dition, madame C\u00f4t\u00e9 a fait appel \u00e0 l&rsquo;expertise de <a href=\"http:\/\/www.uqac.ca\/portfolio\/sylviemorais\/\">Sylvie Morais<\/a> pour la r\u00e9vision du Programme de formation de l\u2019\u00e9cole qu\u00e9b\u00e9coise (PFEQ), domaine des arts. Il s&rsquo;agit d&rsquo;une belle reconnaissance pour la professeure en th\u00e9orie de la formation artistique, dont l&rsquo;expertise en tant que didacticienne des arts et chercheuse en enseignement des arts permettra \u00e0 l&rsquo;UQAC de rayonner sur la sc\u00e8ne qu\u00e9b\u00e9coise.<\/p>\n<p>&nbsp;<\/p>\n<p><span style=\"color: #808080;\">Sur la photo, de gauche \u00e0 droite :\u00a0Richard Garneau (MEQ), Julie Thomas (MEQ), Genevi\u00e8ve C\u00f4t\u00e9, domaine des arts et culture-\u00e9ducation (MEQ), C\u00e9cilia Coulombe, conseill\u00e8re p\u00e9dagogique (CSSRDS), Sylvie Morais, professeure en th\u00e9orie de la formation artistique et directrice CREA (UQAC)<\/span><\/p>\n","protected":false},"excerpt":{"rendered":"<p>Le 8 avril dernier, le Laboratoire collectif de recherche en enseignement des arts de l&rsquo;UQAC (CR\u00c9A) \u2013 dirig\u00e9 par la professeure Sylvie Morais\u00a0\u2013 tenait son quatri\u00e8me symposium annuel\u00a0Enseigner les arts aujourd\u2019hui. Propos\u00e9 cette ann\u00e9e sous la th\u00e9matique de\u00a0l\u2019appr\u00e9ciation culturelle,\u00a0l&rsquo;\u00e9v\u00e9nement qui rassemblait des\u00a0enseignantes et enseignants des arts de la r\u00e9gion pour une journ\u00e9e d&rsquo;\u00e9changes et de [&hellip;]<\/p>\n","protected":false},"author":5,"featured_media":41639,"comment_status":"closed","ping_status":"closed","sticky":false,"template":"","format":"standard","meta":{"footnotes":""},"categories":[2,4],"tags":[39,16],"yoast_head":"<!-- This site is optimized with the Yoast SEO plugin v24.2 - https:\/\/yoast.com\/wordpress\/plugins\/seo\/ -->\r\n<title>L&#039;expertise de la professeure Sylvie Morais au profit du programme de formation de l&#039;\u00e9cole qu\u00e9b\u00e9coise - UQACtualit\u00e9s<\/title>\r\n<meta name=\"robots\" content=\"index, follow, max-snippet:-1, max-image-preview:large, max-video-preview:-1\" \/>\r\n<link rel=\"canonical\" href=\"https:\/\/www.uqac.ca\/uqactualites\/2022\/05\/17\/lexpertise-de-la-professeure-sylvie-morais-au-profit-du-programme-de-formation-de-lecole-quebecoise\/\" \/>\r\n<meta property=\"og:locale\" content=\"fr_CA\" \/>\r\n<meta property=\"og:type\" content=\"article\" \/>\r\n<meta property=\"og:title\" content=\"L&#039;expertise de la professeure Sylvie Morais au profit du programme de formation de l&#039;\u00e9cole qu\u00e9b\u00e9coise - UQACtualit\u00e9s\" \/>\r\n<meta property=\"og:description\" content=\"Le 8 avril dernier, le Laboratoire collectif de recherche en enseignement des arts de l&rsquo;UQAC (CR\u00c9A) \u2013 dirig\u00e9 par la professeure Sylvie Morais\u00a0\u2013 tenait son quatri\u00e8me symposium annuel\u00a0Enseigner les arts aujourd\u2019hui. Propos\u00e9 cette ann\u00e9e sous la th\u00e9matique de\u00a0l\u2019appr\u00e9ciation culturelle,\u00a0l&rsquo;\u00e9v\u00e9nement qui rassemblait des\u00a0enseignantes et enseignants des arts de la r\u00e9gion pour une journ\u00e9e d&rsquo;\u00e9changes et de [&hellip;]\" \/>\r\n<meta property=\"og:url\" content=\"https:\/\/www.uqac.ca\/uqactualites\/2022\/05\/17\/lexpertise-de-la-professeure-sylvie-morais-au-profit-du-programme-de-formation-de-lecole-quebecoise\/\" \/>\r\n<meta property=\"og:site_name\" content=\"UQACtualit\u00e9s\" \/>\r\n<meta property=\"article:published_time\" content=\"2022-05-17T18:49:33+00:00\" \/>\r\n<meta property=\"og:image\" content=\"https:\/\/www.uqac.ca\/uqactualites\/wp-content\/uploads\/2022\/05\/MEQ-scaled.jpeg\" \/>\r\n\t<meta property=\"og:image:width\" content=\"2560\" \/>\r\n\t<meta property=\"og:image:height\" content=\"1707\" \/>\r\n\t<meta property=\"og:image:type\" content=\"image\/jpeg\" \/>\r\n<meta name=\"author\" content=\"Service des communications et des relations publiques\" \/>\r\n<meta name=\"twitter:card\" content=\"summary_large_image\" \/>\r\n<meta name=\"twitter:label1\" content=\"\u00c9crit par\" \/>\n\t<meta name=\"twitter:data1\" content=\"Service des communications et des relations publiques\" \/>\n\t<meta name=\"twitter:label2\" content=\"Estimation du temps de lecture\" \/>\n\t<meta name=\"twitter:data2\" content=\"1 minute\" \/>\r\n<script type=\"application\/ld+json\" class=\"yoast-schema-graph\">{\"@context\":\"https:\/\/schema.org\",\"@graph\":[{\"@type\":\"WebPage\",\"@id\":\"https:\/\/www.uqac.ca\/uqactualites\/2022\/05\/17\/lexpertise-de-la-professeure-sylvie-morais-au-profit-du-programme-de-formation-de-lecole-quebecoise\/\",\"url\":\"https:\/\/www.uqac.ca\/uqactualites\/2022\/05\/17\/lexpertise-de-la-professeure-sylvie-morais-au-profit-du-programme-de-formation-de-lecole-quebecoise\/\",\"name\":\"L'expertise de la professeure Sylvie Morais au profit du programme de formation de l'\u00e9cole qu\u00e9b\u00e9coise - UQACtualit\u00e9s\",\"isPartOf\":{\"@id\":\"https:\/\/www.uqac.ca\/uqactualites\/#website\"},\"primaryImageOfPage\":{\"@id\":\"https:\/\/www.uqac.ca\/uqactualites\/2022\/05\/17\/lexpertise-de-la-professeure-sylvie-morais-au-profit-du-programme-de-formation-de-lecole-quebecoise\/#primaryimage\"},\"image\":{\"@id\":\"https:\/\/www.uqac.ca\/uqactualites\/2022\/05\/17\/lexpertise-de-la-professeure-sylvie-morais-au-profit-du-programme-de-formation-de-lecole-quebecoise\/#primaryimage\"},\"thumbnailUrl\":\"https:\/\/www.uqac.ca\/uqactualites\/wp-content\/uploads\/2022\/05\/MEQ-scaled.jpeg\",\"datePublished\":\"2022-05-17T18:49:33+00:00\",\"dateModified\":\"2022-05-17T18:49:33+00:00\",\"author\":{\"@id\":\"https:\/\/www.uqac.ca\/uqactualites\/#\/schema\/person\/366c45a0c4f0e677b41b4af5886e2018\"},\"breadcrumb\":{\"@id\":\"https:\/\/www.uqac.ca\/uqactualites\/2022\/05\/17\/lexpertise-de-la-professeure-sylvie-morais-au-profit-du-programme-de-formation-de-lecole-quebecoise\/#breadcrumb\"},\"inLanguage\":\"fr-CA\",\"potentialAction\":[{\"@type\":\"ReadAction\",\"target\":[\"https:\/\/www.uqac.ca\/uqactualites\/2022\/05\/17\/lexpertise-de-la-professeure-sylvie-morais-au-profit-du-programme-de-formation-de-lecole-quebecoise\/\"]}]},{\"@type\":\"ImageObject\",\"inLanguage\":\"fr-CA\",\"@id\":\"https:\/\/www.uqac.ca\/uqactualites\/2022\/05\/17\/lexpertise-de-la-professeure-sylvie-morais-au-profit-du-programme-de-formation-de-lecole-quebecoise\/#primaryimage\",\"url\":\"https:\/\/www.uqac.ca\/uqactualites\/wp-content\/uploads\/2022\/05\/MEQ-scaled.jpeg\",\"contentUrl\":\"https:\/\/www.uqac.ca\/uqactualites\/wp-content\/uploads\/2022\/05\/MEQ-scaled.jpeg\",\"width\":2560,\"height\":1707},{\"@type\":\"BreadcrumbList\",\"@id\":\"https:\/\/www.uqac.ca\/uqactualites\/2022\/05\/17\/lexpertise-de-la-professeure-sylvie-morais-au-profit-du-programme-de-formation-de-lecole-quebecoise\/#breadcrumb\",\"itemListElement\":[{\"@type\":\"ListItem\",\"position\":1,\"name\":\"Home\",\"item\":\"https:\/\/www.uqac.ca\/uqactualites\/\"},{\"@type\":\"ListItem\",\"position\":2,\"name\":\"L&rsquo;expertise de la professeure Sylvie Morais au profit du programme de formation de l&rsquo;\u00e9cole qu\u00e9b\u00e9coise\"}]},{\"@type\":\"WebSite\",\"@id\":\"https:\/\/www.uqac.ca\/uqactualites\/#website\",\"url\":\"https:\/\/www.uqac.ca\/uqactualites\/\",\"name\":\"UQACtualit\u00e9s\",\"description\":\"Le portail des nouvelles de l&#039;UQAC\",\"potentialAction\":[{\"@type\":\"SearchAction\",\"target\":{\"@type\":\"EntryPoint\",\"urlTemplate\":\"https:\/\/www.uqac.ca\/uqactualites\/?s={search_term_string}\"},\"query-input\":{\"@type\":\"PropertyValueSpecification\",\"valueRequired\":true,\"valueName\":\"search_term_string\"}}],\"inLanguage\":\"fr-CA\"},{\"@type\":\"Person\",\"@id\":\"https:\/\/www.uqac.ca\/uqactualites\/#\/schema\/person\/366c45a0c4f0e677b41b4af5886e2018\",\"name\":\"Service des communications et des relations publiques\",\"image\":{\"@type\":\"ImageObject\",\"inLanguage\":\"fr-CA\",\"@id\":\"https:\/\/www.uqac.ca\/uqactualites\/#\/schema\/person\/image\/\",\"url\":\"https:\/\/secure.gravatar.com\/avatar\/20fbbda8a292f59f2d3461a5b999c00b?s=96&d=mm&r=g\",\"contentUrl\":\"https:\/\/secure.gravatar.com\/avatar\/20fbbda8a292f59f2d3461a5b999c00b?s=96&d=mm&r=g\",\"caption\":\"Service des communications et des relations publiques\"},\"url\":\"https:\/\/www.uqac.ca\/uqactualites\/author\/bap\/\"}]}<\/script>\r\n<!-- \/ Yoast SEO plugin. -->","yoast_head_json":{"title":"L'expertise de la professeure Sylvie Morais au profit du programme de formation de l'\u00e9cole qu\u00e9b\u00e9coise - UQACtualit\u00e9s","robots":{"index":"index","follow":"follow","max-snippet":"max-snippet:-1","max-image-preview":"max-image-preview:large","max-video-preview":"max-video-preview:-1"},"canonical":"https:\/\/www.uqac.ca\/uqactualites\/2022\/05\/17\/lexpertise-de-la-professeure-sylvie-morais-au-profit-du-programme-de-formation-de-lecole-quebecoise\/","og_locale":"fr_CA","og_type":"article","og_title":"L'expertise de la professeure Sylvie Morais au profit du programme de formation de l'\u00e9cole qu\u00e9b\u00e9coise - UQACtualit\u00e9s","og_description":"Le 8 avril dernier, le Laboratoire collectif de recherche en enseignement des arts de l&rsquo;UQAC (CR\u00c9A) \u2013 dirig\u00e9 par la professeure Sylvie Morais\u00a0\u2013 tenait son quatri\u00e8me symposium annuel\u00a0Enseigner les arts aujourd\u2019hui. Propos\u00e9 cette ann\u00e9e sous la th\u00e9matique de\u00a0l\u2019appr\u00e9ciation culturelle,\u00a0l&rsquo;\u00e9v\u00e9nement qui rassemblait des\u00a0enseignantes et enseignants des arts de la r\u00e9gion pour une journ\u00e9e d&rsquo;\u00e9changes et de [&hellip;]","og_url":"https:\/\/www.uqac.ca\/uqactualites\/2022\/05\/17\/lexpertise-de-la-professeure-sylvie-morais-au-profit-du-programme-de-formation-de-lecole-quebecoise\/","og_site_name":"UQACtualit\u00e9s","article_published_time":"2022-05-17T18:49:33+00:00","og_image":[{"width":2560,"height":1707,"url":"https:\/\/www.uqac.ca\/uqactualites\/wp-content\/uploads\/2022\/05\/MEQ-scaled.jpeg","type":"image\/jpeg"}],"author":"Service des communications et des relations publiques","twitter_card":"summary_large_image","twitter_misc":{"\u00c9crit par":"Service des communications et des relations publiques","Estimation du temps de lecture":"1 minute"},"schema":{"@context":"https:\/\/schema.org","@graph":[{"@type":"WebPage","@id":"https:\/\/www.uqac.ca\/uqactualites\/2022\/05\/17\/lexpertise-de-la-professeure-sylvie-morais-au-profit-du-programme-de-formation-de-lecole-quebecoise\/","url":"https:\/\/www.uqac.ca\/uqactualites\/2022\/05\/17\/lexpertise-de-la-professeure-sylvie-morais-au-profit-du-programme-de-formation-de-lecole-quebecoise\/","name":"L'expertise de la professeure Sylvie Morais au profit du programme de formation de l'\u00e9cole qu\u00e9b\u00e9coise - UQACtualit\u00e9s","isPartOf":{"@id":"https:\/\/www.uqac.ca\/uqactualites\/#website"},"primaryImageOfPage":{"@id":"https:\/\/www.uqac.ca\/uqactualites\/2022\/05\/17\/lexpertise-de-la-professeure-sylvie-morais-au-profit-du-programme-de-formation-de-lecole-quebecoise\/#primaryimage"},"image":{"@id":"https:\/\/www.uqac.ca\/uqactualites\/2022\/05\/17\/lexpertise-de-la-professeure-sylvie-morais-au-profit-du-programme-de-formation-de-lecole-quebecoise\/#primaryimage"},"thumbnailUrl":"https:\/\/www.uqac.ca\/uqactualites\/wp-content\/uploads\/2022\/05\/MEQ-scaled.jpeg","datePublished":"2022-05-17T18:49:33+00:00","dateModified":"2022-05-17T18:49:33+00:00","author":{"@id":"https:\/\/www.uqac.ca\/uqactualites\/#\/schema\/person\/366c45a0c4f0e677b41b4af5886e2018"},"breadcrumb":{"@id":"https:\/\/www.uqac.ca\/uqactualites\/2022\/05\/17\/lexpertise-de-la-professeure-sylvie-morais-au-profit-du-programme-de-formation-de-lecole-quebecoise\/#breadcrumb"},"inLanguage":"fr-CA","potentialAction":[{"@type":"ReadAction","target":["https:\/\/www.uqac.ca\/uqactualites\/2022\/05\/17\/lexpertise-de-la-professeure-sylvie-morais-au-profit-du-programme-de-formation-de-lecole-quebecoise\/"]}]},{"@type":"ImageObject","inLanguage":"fr-CA","@id":"https:\/\/www.uqac.ca\/uqactualites\/2022\/05\/17\/lexpertise-de-la-professeure-sylvie-morais-au-profit-du-programme-de-formation-de-lecole-quebecoise\/#primaryimage","url":"https:\/\/www.uqac.ca\/uqactualites\/wp-content\/uploads\/2022\/05\/MEQ-scaled.jpeg","contentUrl":"https:\/\/www.uqac.ca\/uqactualites\/wp-content\/uploads\/2022\/05\/MEQ-scaled.jpeg","width":2560,"height":1707},{"@type":"BreadcrumbList","@id":"https:\/\/www.uqac.ca\/uqactualites\/2022\/05\/17\/lexpertise-de-la-professeure-sylvie-morais-au-profit-du-programme-de-formation-de-lecole-quebecoise\/#breadcrumb","itemListElement":[{"@type":"ListItem","position":1,"name":"Home","item":"https:\/\/www.uqac.ca\/uqactualites\/"},{"@type":"ListItem","position":2,"name":"L&rsquo;expertise de la professeure Sylvie Morais au profit du programme de formation de l&rsquo;\u00e9cole qu\u00e9b\u00e9coise"}]},{"@type":"WebSite","@id":"https:\/\/www.uqac.ca\/uqactualites\/#website","url":"https:\/\/www.uqac.ca\/uqactualites\/","name":"UQACtualit\u00e9s","description":"Le portail des nouvelles de l&#039;UQAC","potentialAction":[{"@type":"SearchAction","target":{"@type":"EntryPoint","urlTemplate":"https:\/\/www.uqac.ca\/uqactualites\/?s={search_term_string}"},"query-input":{"@type":"PropertyValueSpecification","valueRequired":true,"valueName":"search_term_string"}}],"inLanguage":"fr-CA"},{"@type":"Person","@id":"https:\/\/www.uqac.ca\/uqactualites\/#\/schema\/person\/366c45a0c4f0e677b41b4af5886e2018","name":"Service des communications et des relations publiques","image":{"@type":"ImageObject","inLanguage":"fr-CA","@id":"https:\/\/www.uqac.ca\/uqactualites\/#\/schema\/person\/image\/","url":"https:\/\/secure.gravatar.com\/avatar\/20fbbda8a292f59f2d3461a5b999c00b?s=96&d=mm&r=g","contentUrl":"https:\/\/secure.gravatar.com\/avatar\/20fbbda8a292f59f2d3461a5b999c00b?s=96&d=mm&r=g","caption":"Service des communications et des relations publiques"},"url":"https:\/\/www.uqac.ca\/uqactualites\/author\/bap\/"}]}},"_links":{"self":[{"href":"https:\/\/www.uqac.ca\/uqactualites\/wp-json\/wp\/v2\/posts\/41631"}],"collection":[{"href":"https:\/\/www.uqac.ca\/uqactualites\/wp-json\/wp\/v2\/posts"}],"about":[{"href":"https:\/\/www.uqac.ca\/uqactualites\/wp-json\/wp\/v2\/types\/post"}],"author":[{"embeddable":true,"href":"https:\/\/www.uqac.ca\/uqactualites\/wp-json\/wp\/v2\/users\/5"}],"replies":[{"embeddable":true,"href":"https:\/\/www.uqac.ca\/uqactualites\/wp-json\/wp\/v2\/comments?post=41631"}],"version-history":[{"count":0,"href":"https:\/\/www.uqac.ca\/uqactualites\/wp-json\/wp\/v2\/posts\/41631\/revisions"}],"wp:featuredmedia":[{"embeddable":true,"href":"https:\/\/www.uqac.ca\/uqactualites\/wp-json\/wp\/v2\/media\/41639"}],"wp:attachment":[{"href":"https:\/\/www.uqac.ca\/uqactualites\/wp-json\/wp\/v2\/media?parent=41631"}],"wp:term":[{"taxonomy":"category","embeddable":true,"href":"https:\/\/www.uqac.ca\/uqactualites\/wp-json\/wp\/v2\/categories?post=41631"},{"taxonomy":"post_tag","embeddable":true,"href":"https:\/\/www.uqac.ca\/uqactualites\/wp-json\/wp\/v2\/tags?post=41631"}],"curies":[{"name":"wp","href":"https:\/\/api.w.org\/{rel}","templated":true}]}}