{"id":41632,"date":"2022-05-17T08:51:24","date_gmt":"2022-05-17T12:51:24","guid":{"rendered":"https:\/\/www.uqac.ca\/?p=41632"},"modified":"2022-05-17T08:51:24","modified_gmt":"2022-05-17T12:51:24","slug":"la-professeure-eve-pouliot-honoree-lors-des-prix-de-la-ministre-en-enseignement-superieur","status":"publish","type":"post","link":"https:\/\/www.uqac.ca\/uqactualites\/2022\/05\/17\/la-professeure-eve-pouliot-honoree-lors-des-prix-de-la-ministre-en-enseignement-superieur\/","title":{"rendered":"La professeure \u00c8ve Pouliot honor\u00e9e lors des Prix de la ministre en enseignement sup\u00e9rieur"},"content":{"rendered":"<p>La professeure au D\u00e9partement des sciences humaines et sociales de l\u2019UQAC <a href=\"http:\/\/www.uqac.ca\/portfolio\/evepouliot\/\">\u00c8ve Pouliot<\/a> a remport\u00e9 le prix Guy Rocher en reconnaissance de l&rsquo;excellence de son enseignement lors de la remise des Prix de la ministre en enseignement sup\u00e9rieur qui s\u2019est tenue le 11 mai dernier.<\/p>\n<p>La nouvelle laur\u00e9ate a re\u00e7u son prix des mains de la ministre Danielle McCann lors d\u2019une c\u00e9r\u00e9monie rendant hommage aux 29 personnes qui ont \u00e9t\u00e9 honor\u00e9es pour l\u2019occasion.<\/p>\n<figure id=\"attachment_41634\" aria-describedby=\"caption-attachment-41634\" style=\"width: 300px\" class=\"wp-caption alignleft\"><img loading=\"lazy\" decoding=\"async\" class=\"wp-image-41634 size-medium\" src=\"https:\/\/www.uqac.ca\/wp-content\/uploads\/2022\/05\/Prix_ministre_2-300x200.jpg\" alt=\"\" width=\"300\" height=\"200\" srcset=\"https:\/\/www.uqac.ca\/uqactualites\/wp-content\/uploads\/2022\/05\/Prix_ministre_2-300x200.jpg 300w, https:\/\/www.uqac.ca\/uqactualites\/wp-content\/uploads\/2022\/05\/Prix_ministre_2-1024x682.jpg 1024w, https:\/\/www.uqac.ca\/uqactualites\/wp-content\/uploads\/2022\/05\/Prix_ministre_2-768x512.jpg 768w, https:\/\/www.uqac.ca\/uqactualites\/wp-content\/uploads\/2022\/05\/Prix_ministre_2-1536x1023.jpg 1536w, https:\/\/www.uqac.ca\/uqactualites\/wp-content\/uploads\/2022\/05\/Prix_ministre_2.jpg 2048w\" sizes=\"(max-width: 300px) 100vw, 300px\" \/><figcaption id=\"caption-attachment-41634\" class=\"wp-caption-text\">\u00a9Samuel Tessier<\/figcaption><\/figure>\n<p><strong>\u00c0 propos des Prix de la ministre en enseignement sup\u00e9rieur<br \/>\n<\/strong>Afin de souligner l&rsquo;excellence p\u00e9dagogique dans les \u00e9tablissements coll\u00e9giaux et universitaires du Qu\u00e9bec, la ministre de l&rsquo;Enseignement sup\u00e9rieur, Mme\u00a0Danielle McCann, a r\u00e9compens\u00e9 29\u00a0personnes dans le cadre des\u00a0Prix de la\u00a0ministre, \u00e0 l&rsquo;occasion d&rsquo;une c\u00e9r\u00e9monie visant \u00e0 leur rendre hommage. Les laur\u00e9ates et laur\u00e9ats se sont partag\u00e9 des bourses d&rsquo;une valeur totalisant 104\u00a0500\u00a0$.<\/p>\n<p>Une nouvelle cat\u00e9gorie a \u00e9t\u00e9 cr\u00e9\u00e9e cette ann\u00e9e pour permettre de reconna\u00eetre le travail d&rsquo;un enseignant du coll\u00e9gial et d&rsquo;un enseignant universitaire s&rsquo;\u00e9tant particuli\u00e8rement illustr\u00e9s pendant la crise sanitaire. \u00a0Les Prix de l&rsquo;engagement pour la pers\u00e9v\u00e9rance scolaire soulignent la capacit\u00e9 d&rsquo;adaptation et la disponibilit\u00e9 dont ont fait preuve ces enseignants ainsi que leur capacit\u00e9 \u00e0 mobiliser les \u00e9tudiantes et \u00e9tudiants, en plus de mettre en valeur les collaborations qu&rsquo;ils ont mises en \u0153uvre afin de favoriser la r\u00e9ussite scolaire.<\/p>\n<p>Remis depuis 1978, les\u00a0Prix de la\u00a0ministre soulignent l&rsquo;excellence en enseignement, la qualit\u00e9 des ressources \u00e9ducatives d\u00e9velopp\u00e9es par des gens passionn\u00e9s de p\u00e9dagogie dans toutes les disciplines, comme des manuels, des ressources didactiques et des outils num\u00e9riques d&rsquo;aide \u00e0 l&rsquo;apprentissage.<\/p>\n<p>&nbsp;<\/p>\n<p><strong>Source\u00a0:<br \/>\n<\/strong><a href=\"https:\/\/www.newswire.ca\/fr\/news-releases\/prix-de-la-ministre-en-enseignement-superieur-la-ministre-danielle-mccann-reconnait-l-excellence-pedagogique-en-enseignement-superieur-813780969.html\">https:\/\/www.newswire.ca\/fr\/news-releases\/prix-de-la-ministre-en-enseignement-superieur-la-ministre-danielle-mccann-reconnait-l-excellence-pedagogique-en-enseignement-superieur-813780969.html<\/a><\/p>\n<p><em>Cr\u00e9dit photo :\u00a0Samuel Tessier<\/em><\/p>\n<p>&nbsp;<\/p>\n<p>&nbsp;<\/p>\n","protected":false},"excerpt":{"rendered":"<p>La professeure au D\u00e9partement des sciences humaines et sociales de l\u2019UQAC \u00c8ve Pouliot a remport\u00e9 le prix Guy Rocher en reconnaissance de l&rsquo;excellence de son enseignement lors de la remise des Prix de la ministre en enseignement sup\u00e9rieur qui s\u2019est tenue le 11 mai dernier. La nouvelle laur\u00e9ate a re\u00e7u son prix des mains de [&hellip;]<\/p>\n","protected":false},"author":5,"featured_media":41633,"comment_status":"closed","ping_status":"closed","sticky":false,"template":"","format":"standard","meta":{"footnotes":""},"categories":[2,9,4],"tags":[22],"yoast_head":"<!-- This site is optimized with the Yoast SEO plugin v24.2 - https:\/\/yoast.com\/wordpress\/plugins\/seo\/ -->\r\n<title>La professeure \u00c8ve Pouliot honor\u00e9e lors des Prix de la ministre en enseignement sup\u00e9rieur - UQACtualit\u00e9s<\/title>\r\n<meta name=\"robots\" content=\"index, follow, max-snippet:-1, max-image-preview:large, max-video-preview:-1\" \/>\r\n<link rel=\"canonical\" href=\"https:\/\/www.uqac.ca\/uqactualites\/2022\/05\/17\/la-professeure-eve-pouliot-honoree-lors-des-prix-de-la-ministre-en-enseignement-superieur\/\" \/>\r\n<meta property=\"og:locale\" content=\"fr_CA\" \/>\r\n<meta property=\"og:type\" content=\"article\" \/>\r\n<meta property=\"og:title\" content=\"La professeure \u00c8ve Pouliot honor\u00e9e lors des Prix de la ministre en enseignement sup\u00e9rieur - UQACtualit\u00e9s\" \/>\r\n<meta property=\"og:description\" content=\"La professeure au D\u00e9partement des sciences humaines et sociales de l\u2019UQAC \u00c8ve Pouliot a remport\u00e9 le prix Guy Rocher en reconnaissance de l&rsquo;excellence de son enseignement lors de la remise des Prix de la ministre en enseignement sup\u00e9rieur qui s\u2019est tenue le 11 mai dernier. La nouvelle laur\u00e9ate a re\u00e7u son prix des mains de [&hellip;]\" \/>\r\n<meta property=\"og:url\" content=\"https:\/\/www.uqac.ca\/uqactualites\/2022\/05\/17\/la-professeure-eve-pouliot-honoree-lors-des-prix-de-la-ministre-en-enseignement-superieur\/\" \/>\r\n<meta property=\"og:site_name\" content=\"UQACtualit\u00e9s\" \/>\r\n<meta property=\"article:published_time\" content=\"2022-05-17T12:51:24+00:00\" \/>\r\n<meta property=\"og:image\" content=\"https:\/\/www.uqac.ca\/uqactualites\/wp-content\/uploads\/2022\/05\/Prix_ministre_1.jpg\" \/>\r\n\t<meta property=\"og:image:width\" content=\"2048\" \/>\r\n\t<meta property=\"og:image:height\" content=\"1364\" \/>\r\n\t<meta property=\"og:image:type\" content=\"image\/jpeg\" \/>\r\n<meta name=\"author\" content=\"Service des communications et des relations publiques\" \/>\r\n<meta name=\"twitter:card\" content=\"summary_large_image\" \/>\r\n<meta name=\"twitter:label1\" content=\"\u00c9crit par\" \/>\n\t<meta name=\"twitter:data1\" content=\"Service des communications et des relations publiques\" \/>\n\t<meta name=\"twitter:label2\" content=\"Estimation du temps de lecture\" \/>\n\t<meta name=\"twitter:data2\" content=\"2 minutes\" \/>\r\n<script type=\"application\/ld+json\" class=\"yoast-schema-graph\">{\"@context\":\"https:\/\/schema.org\",\"@graph\":[{\"@type\":\"WebPage\",\"@id\":\"https:\/\/www.uqac.ca\/uqactualites\/2022\/05\/17\/la-professeure-eve-pouliot-honoree-lors-des-prix-de-la-ministre-en-enseignement-superieur\/\",\"url\":\"https:\/\/www.uqac.ca\/uqactualites\/2022\/05\/17\/la-professeure-eve-pouliot-honoree-lors-des-prix-de-la-ministre-en-enseignement-superieur\/\",\"name\":\"La professeure \u00c8ve Pouliot honor\u00e9e lors des Prix de la ministre en enseignement sup\u00e9rieur - UQACtualit\u00e9s\",\"isPartOf\":{\"@id\":\"https:\/\/www.uqac.ca\/uqactualites\/#website\"},\"primaryImageOfPage\":{\"@id\":\"https:\/\/www.uqac.ca\/uqactualites\/2022\/05\/17\/la-professeure-eve-pouliot-honoree-lors-des-prix-de-la-ministre-en-enseignement-superieur\/#primaryimage\"},\"image\":{\"@id\":\"https:\/\/www.uqac.ca\/uqactualites\/2022\/05\/17\/la-professeure-eve-pouliot-honoree-lors-des-prix-de-la-ministre-en-enseignement-superieur\/#primaryimage\"},\"thumbnailUrl\":\"https:\/\/www.uqac.ca\/uqactualites\/wp-content\/uploads\/2022\/05\/Prix_ministre_1.jpg\",\"datePublished\":\"2022-05-17T12:51:24+00:00\",\"dateModified\":\"2022-05-17T12:51:24+00:00\",\"author\":{\"@id\":\"https:\/\/www.uqac.ca\/uqactualites\/#\/schema\/person\/366c45a0c4f0e677b41b4af5886e2018\"},\"breadcrumb\":{\"@id\":\"https:\/\/www.uqac.ca\/uqactualites\/2022\/05\/17\/la-professeure-eve-pouliot-honoree-lors-des-prix-de-la-ministre-en-enseignement-superieur\/#breadcrumb\"},\"inLanguage\":\"fr-CA\",\"potentialAction\":[{\"@type\":\"ReadAction\",\"target\":[\"https:\/\/www.uqac.ca\/uqactualites\/2022\/05\/17\/la-professeure-eve-pouliot-honoree-lors-des-prix-de-la-ministre-en-enseignement-superieur\/\"]}]},{\"@type\":\"ImageObject\",\"inLanguage\":\"fr-CA\",\"@id\":\"https:\/\/www.uqac.ca\/uqactualites\/2022\/05\/17\/la-professeure-eve-pouliot-honoree-lors-des-prix-de-la-ministre-en-enseignement-superieur\/#primaryimage\",\"url\":\"https:\/\/www.uqac.ca\/uqactualites\/wp-content\/uploads\/2022\/05\/Prix_ministre_1.jpg\",\"contentUrl\":\"https:\/\/www.uqac.ca\/uqactualites\/wp-content\/uploads\/2022\/05\/Prix_ministre_1.jpg\",\"width\":2048,\"height\":1364},{\"@type\":\"BreadcrumbList\",\"@id\":\"https:\/\/www.uqac.ca\/uqactualites\/2022\/05\/17\/la-professeure-eve-pouliot-honoree-lors-des-prix-de-la-ministre-en-enseignement-superieur\/#breadcrumb\",\"itemListElement\":[{\"@type\":\"ListItem\",\"position\":1,\"name\":\"Home\",\"item\":\"https:\/\/www.uqac.ca\/uqactualites\/\"},{\"@type\":\"ListItem\",\"position\":2,\"name\":\"La professeure \u00c8ve Pouliot honor\u00e9e lors des Prix de la ministre en enseignement sup\u00e9rieur\"}]},{\"@type\":\"WebSite\",\"@id\":\"https:\/\/www.uqac.ca\/uqactualites\/#website\",\"url\":\"https:\/\/www.uqac.ca\/uqactualites\/\",\"name\":\"UQACtualit\u00e9s\",\"description\":\"Le portail des nouvelles de l&#039;UQAC\",\"potentialAction\":[{\"@type\":\"SearchAction\",\"target\":{\"@type\":\"EntryPoint\",\"urlTemplate\":\"https:\/\/www.uqac.ca\/uqactualites\/?s={search_term_string}\"},\"query-input\":{\"@type\":\"PropertyValueSpecification\",\"valueRequired\":true,\"valueName\":\"search_term_string\"}}],\"inLanguage\":\"fr-CA\"},{\"@type\":\"Person\",\"@id\":\"https:\/\/www.uqac.ca\/uqactualites\/#\/schema\/person\/366c45a0c4f0e677b41b4af5886e2018\",\"name\":\"Service des communications et des relations publiques\",\"image\":{\"@type\":\"ImageObject\",\"inLanguage\":\"fr-CA\",\"@id\":\"https:\/\/www.uqac.ca\/uqactualites\/#\/schema\/person\/image\/\",\"url\":\"https:\/\/secure.gravatar.com\/avatar\/20fbbda8a292f59f2d3461a5b999c00b?s=96&d=mm&r=g\",\"contentUrl\":\"https:\/\/secure.gravatar.com\/avatar\/20fbbda8a292f59f2d3461a5b999c00b?s=96&d=mm&r=g\",\"caption\":\"Service des communications et des relations publiques\"},\"url\":\"https:\/\/www.uqac.ca\/uqactualites\/author\/bap\/\"}]}<\/script>\r\n<!-- \/ Yoast SEO plugin. -->","yoast_head_json":{"title":"La professeure \u00c8ve Pouliot honor\u00e9e lors des Prix de la ministre en enseignement sup\u00e9rieur - UQACtualit\u00e9s","robots":{"index":"index","follow":"follow","max-snippet":"max-snippet:-1","max-image-preview":"max-image-preview:large","max-video-preview":"max-video-preview:-1"},"canonical":"https:\/\/www.uqac.ca\/uqactualites\/2022\/05\/17\/la-professeure-eve-pouliot-honoree-lors-des-prix-de-la-ministre-en-enseignement-superieur\/","og_locale":"fr_CA","og_type":"article","og_title":"La professeure \u00c8ve Pouliot honor\u00e9e lors des Prix de la ministre en enseignement sup\u00e9rieur - UQACtualit\u00e9s","og_description":"La professeure au D\u00e9partement des sciences humaines et sociales de l\u2019UQAC \u00c8ve Pouliot a remport\u00e9 le prix Guy Rocher en reconnaissance de l&rsquo;excellence de son enseignement lors de la remise des Prix de la ministre en enseignement sup\u00e9rieur qui s\u2019est tenue le 11 mai dernier. La nouvelle laur\u00e9ate a re\u00e7u son prix des mains de [&hellip;]","og_url":"https:\/\/www.uqac.ca\/uqactualites\/2022\/05\/17\/la-professeure-eve-pouliot-honoree-lors-des-prix-de-la-ministre-en-enseignement-superieur\/","og_site_name":"UQACtualit\u00e9s","article_published_time":"2022-05-17T12:51:24+00:00","og_image":[{"width":2048,"height":1364,"url":"https:\/\/www.uqac.ca\/uqactualites\/wp-content\/uploads\/2022\/05\/Prix_ministre_1.jpg","type":"image\/jpeg"}],"author":"Service des communications et des relations publiques","twitter_card":"summary_large_image","twitter_misc":{"\u00c9crit par":"Service des communications et des relations publiques","Estimation du temps de lecture":"2 minutes"},"schema":{"@context":"https:\/\/schema.org","@graph":[{"@type":"WebPage","@id":"https:\/\/www.uqac.ca\/uqactualites\/2022\/05\/17\/la-professeure-eve-pouliot-honoree-lors-des-prix-de-la-ministre-en-enseignement-superieur\/","url":"https:\/\/www.uqac.ca\/uqactualites\/2022\/05\/17\/la-professeure-eve-pouliot-honoree-lors-des-prix-de-la-ministre-en-enseignement-superieur\/","name":"La professeure \u00c8ve Pouliot honor\u00e9e lors des Prix de la ministre en enseignement sup\u00e9rieur - UQACtualit\u00e9s","isPartOf":{"@id":"https:\/\/www.uqac.ca\/uqactualites\/#website"},"primaryImageOfPage":{"@id":"https:\/\/www.uqac.ca\/uqactualites\/2022\/05\/17\/la-professeure-eve-pouliot-honoree-lors-des-prix-de-la-ministre-en-enseignement-superieur\/#primaryimage"},"image":{"@id":"https:\/\/www.uqac.ca\/uqactualites\/2022\/05\/17\/la-professeure-eve-pouliot-honoree-lors-des-prix-de-la-ministre-en-enseignement-superieur\/#primaryimage"},"thumbnailUrl":"https:\/\/www.uqac.ca\/uqactualites\/wp-content\/uploads\/2022\/05\/Prix_ministre_1.jpg","datePublished":"2022-05-17T12:51:24+00:00","dateModified":"2022-05-17T12:51:24+00:00","author":{"@id":"https:\/\/www.uqac.ca\/uqactualites\/#\/schema\/person\/366c45a0c4f0e677b41b4af5886e2018"},"breadcrumb":{"@id":"https:\/\/www.uqac.ca\/uqactualites\/2022\/05\/17\/la-professeure-eve-pouliot-honoree-lors-des-prix-de-la-ministre-en-enseignement-superieur\/#breadcrumb"},"inLanguage":"fr-CA","potentialAction":[{"@type":"ReadAction","target":["https:\/\/www.uqac.ca\/uqactualites\/2022\/05\/17\/la-professeure-eve-pouliot-honoree-lors-des-prix-de-la-ministre-en-enseignement-superieur\/"]}]},{"@type":"ImageObject","inLanguage":"fr-CA","@id":"https:\/\/www.uqac.ca\/uqactualites\/2022\/05\/17\/la-professeure-eve-pouliot-honoree-lors-des-prix-de-la-ministre-en-enseignement-superieur\/#primaryimage","url":"https:\/\/www.uqac.ca\/uqactualites\/wp-content\/uploads\/2022\/05\/Prix_ministre_1.jpg","contentUrl":"https:\/\/www.uqac.ca\/uqactualites\/wp-content\/uploads\/2022\/05\/Prix_ministre_1.jpg","width":2048,"height":1364},{"@type":"BreadcrumbList","@id":"https:\/\/www.uqac.ca\/uqactualites\/2022\/05\/17\/la-professeure-eve-pouliot-honoree-lors-des-prix-de-la-ministre-en-enseignement-superieur\/#breadcrumb","itemListElement":[{"@type":"ListItem","position":1,"name":"Home","item":"https:\/\/www.uqac.ca\/uqactualites\/"},{"@type":"ListItem","position":2,"name":"La professeure \u00c8ve Pouliot honor\u00e9e lors des Prix de la ministre en enseignement sup\u00e9rieur"}]},{"@type":"WebSite","@id":"https:\/\/www.uqac.ca\/uqactualites\/#website","url":"https:\/\/www.uqac.ca\/uqactualites\/","name":"UQACtualit\u00e9s","description":"Le portail des nouvelles de l&#039;UQAC","potentialAction":[{"@type":"SearchAction","target":{"@type":"EntryPoint","urlTemplate":"https:\/\/www.uqac.ca\/uqactualites\/?s={search_term_string}"},"query-input":{"@type":"PropertyValueSpecification","valueRequired":true,"valueName":"search_term_string"}}],"inLanguage":"fr-CA"},{"@type":"Person","@id":"https:\/\/www.uqac.ca\/uqactualites\/#\/schema\/person\/366c45a0c4f0e677b41b4af5886e2018","name":"Service des communications et des relations publiques","image":{"@type":"ImageObject","inLanguage":"fr-CA","@id":"https:\/\/www.uqac.ca\/uqactualites\/#\/schema\/person\/image\/","url":"https:\/\/secure.gravatar.com\/avatar\/20fbbda8a292f59f2d3461a5b999c00b?s=96&d=mm&r=g","contentUrl":"https:\/\/secure.gravatar.com\/avatar\/20fbbda8a292f59f2d3461a5b999c00b?s=96&d=mm&r=g","caption":"Service des communications et des relations publiques"},"url":"https:\/\/www.uqac.ca\/uqactualites\/author\/bap\/"}]}},"_links":{"self":[{"href":"https:\/\/www.uqac.ca\/uqactualites\/wp-json\/wp\/v2\/posts\/41632"}],"collection":[{"href":"https:\/\/www.uqac.ca\/uqactualites\/wp-json\/wp\/v2\/posts"}],"about":[{"href":"https:\/\/www.uqac.ca\/uqactualites\/wp-json\/wp\/v2\/types\/post"}],"author":[{"embeddable":true,"href":"https:\/\/www.uqac.ca\/uqactualites\/wp-json\/wp\/v2\/users\/5"}],"replies":[{"embeddable":true,"href":"https:\/\/www.uqac.ca\/uqactualites\/wp-json\/wp\/v2\/comments?post=41632"}],"version-history":[{"count":0,"href":"https:\/\/www.uqac.ca\/uqactualites\/wp-json\/wp\/v2\/posts\/41632\/revisions"}],"wp:featuredmedia":[{"embeddable":true,"href":"https:\/\/www.uqac.ca\/uqactualites\/wp-json\/wp\/v2\/media\/41633"}],"wp:attachment":[{"href":"https:\/\/www.uqac.ca\/uqactualites\/wp-json\/wp\/v2\/media?parent=41632"}],"wp:term":[{"taxonomy":"category","embeddable":true,"href":"https:\/\/www.uqac.ca\/uqactualites\/wp-json\/wp\/v2\/categories?post=41632"},{"taxonomy":"post_tag","embeddable":true,"href":"https:\/\/www.uqac.ca\/uqactualites\/wp-json\/wp\/v2\/tags?post=41632"}],"curies":[{"name":"wp","href":"https:\/\/api.w.org\/{rel}","templated":true}]}}