{"id":41683,"date":"2022-05-26T11:49:04","date_gmt":"2022-05-26T15:49:04","guid":{"rendered":"https:\/\/www.uqac.ca\/?p=41683"},"modified":"2024-09-30T16:30:50","modified_gmt":"2024-09-30T20:30:50","slug":"nouveau-certificat-a-distance-en-accompagnement-a-lenseignement-secondaire","status":"publish","type":"post","link":"https:\/\/www.uqac.ca\/uqactualites\/2022\/05\/26\/nouveau-certificat-a-distance-en-accompagnement-a-lenseignement-secondaire\/","title":{"rendered":"Nouveau certificat \u00e0 distance en accompagnement \u00e0 l&rsquo;enseignement secondaire"},"content":{"rendered":"<h5>Offre conjointe de cinq universit\u00e9s du r\u00e9seau de l&rsquo;Universit\u00e9 du Qu\u00e9bec<\/h5>\n<p>Dans un contexte o\u00f9 les centres de services scolaires de la province font de plus en plus appel \u00e0 de la suppl\u00e9ance \u00e0 court et moyen terme en raison de la p\u00e9nurie de personnel enseignant, l\u2019Universit\u00e9 du Qu\u00e9bec en Abitibi-T\u00e9miscamingue (UQAT), l&rsquo;Universit\u00e9 T\u00c9LUQ, l&rsquo;Universit\u00e9 du Qu\u00e9bec \u00e0 Trois-Rivi\u00e8res\u00a0(UQTR), l&rsquo;Universit\u00e9 du Qu\u00e9bec \u00e0 Chicoutimi\u00a0(UQAC) ainsi que l&rsquo;Universit\u00e9 du Qu\u00e9bec en Outaouais\u00a0(UQO) lancent un nouveau <a href=\"https:\/\/suppleanceausecondaire.ca\/\">certificat<\/a> adapt\u00e9 aux personnes suppl\u00e9antes dans le milieu de l\u2019enseignement secondaire. Combinant les expertises des cinq universit\u00e9s, ce certificat sera offert 100\u00a0% \u00e0 distance \u00e0 compter du trimestre d\u2019automne 2022.<\/p>\n<p>Nouvelle offre de formation unique au Qu\u00e9bec, le certificat en accompagnement \u00e0 l\u2019enseignement secondaire vise \u00e0 rendre les suppl\u00e9ants et suppl\u00e9antes aptes \u00e0 intervenir aupr\u00e8s d\u2019\u00e9l\u00e8ves de ce niveau d\u2019\u00e9tudes. Plus sp\u00e9cifiquement, il permet de mieux comprendre les enjeux du renouveau p\u00e9dagogique en \u00e9ducation et d\u2019approfondir les connaissances p\u00e9dagogiques et didactiques requises pour relever les d\u00e9fis inh\u00e9rents au r\u00f4le du personnel suppl\u00e9ant au secondaire. Le certificat s\u2019adresse particuli\u00e8rement aux personnes non l\u00e9galement qualifi\u00e9es qui font d\u00e9j\u00e0 de la suppl\u00e9ance au secondaire et qui veulent am\u00e9liorer leurs strat\u00e9gies d\u2019enseignement.<\/p>\n<p><strong>\u00c9tudiez \u00e0 distance, selon votre horaire<br \/>\n<\/strong>Offert 100\u00a0% en ligne afin de permettre la plus grande flexibilit\u00e9 possible, le certificat en accompagnement \u00e0 l\u2019enseignement secondaire sera offert d\u00e8s l\u2019automne prochain et est ouvert \u00e0 l\u2019admission dans les cinq universit\u00e9s impliqu\u00e9es dans le projet. Soulignons que le programme ne m\u00e8ne pas \u00e0 l\u2019obtention du brevet d\u2019enseignement. Toutefois, les d\u00e9tenteurs et d\u00e9tentrices du certificat qui souhaiteraient poursuivre leurs apprentissages dans un programme de baccalaur\u00e9at peuvent se voir reconna\u00eetre certains cours, selon les \u00e9quivalences accept\u00e9es. Ainsi, les personnes int\u00e9ress\u00e9es \u00e0 s\u2019outiller afin d\u2019\u00eatre plus \u00e0 l\u2019aise et confiantes dans leur r\u00f4le de suppl\u00e9ant ou suppl\u00e9ante au secondaire peuvent consulter les crit\u00e8res d\u2019admission sur la page Web du certificat.<\/p>\n<p><strong>Webinaires les 8 et 9 juin prochains<br \/>\n<\/strong>Des webinaires informatifs se d\u00e9rouleront le 8 juin \u00e0 19 h et le 9 juin \u00e0 12 h afin de transmettre toute l\u2019information pertinente sur ce nouveau certificat, ses objectifs, le plan de formation, etc., et de r\u00e9pondre aux questions.\u00a0 Pour plus de d\u00e9tails sur le programme\u00a0et pour s\u2019inscrire au webinaire\u00a0: <a href=\"https:\/\/suppleanceausecondaire.ca\/\">suppleanceausecondaire.ca<\/a>.<\/p>\n<p><strong>Citations<\/strong><\/p>\n<p><strong>\u00a0<\/strong>\u00ab\u00a0Il est tr\u00e8s stimulant de voir nos institutions d\u2019enseignement sup\u00e9rieur unir leurs forces pour r\u00e9pondre aux besoins de notre soci\u00e9t\u00e9 par des formations adapt\u00e9es, pertinentes et accessibles. Je suis certaine que ce nouveau certificat saura r\u00e9pondre \u00e0 une demande chez nos \u00e9tudiants et \u00e9tudiantes et qu\u2019il leur permettra d\u2019\u00eatre mieux outill\u00e9s sur le march\u00e9 du travail.\u00a0\u00bb<br \/>\n<em>Danielle McCann, ministre de l\u2019Enseignement sup\u00e9rieur<\/em><\/p>\n<p>\u00ab La p\u00e9nurie de main-d\u2019\u0153uvre touche de nombreux milieux, dont nos \u00e9coles. Nous n\u2019\u00e9pargnons aucune solution pour y rem\u00e9dier. En outillant mieux les suppl\u00e9ants, cette nouvelle formation aura assur\u00e9ment des r\u00e9percussions positives dans nos \u00e9coles secondaires, et ce sont les \u00e9l\u00e8ves qui en b\u00e9n\u00e9ficieront. \u00bb<br \/>\n<em>Jean-Fran\u00e7ois Roberge, ministre de l\u2019\u00c9ducation<\/em><\/p>\n<p>\u00ab\u00a0La cr\u00e9ation de ce nouveau programme d\u00e9montre qu\u2019en unissant les forces de chacun, nous visons \u00e0 optimiser nos ressources et faisons preuve d\u2019une grande agilit\u00e9 afin de r\u00e9pondre aux besoins exprim\u00e9s par nos milieux, et ce, tout en offrant une formation toujours plus actuelle et distinctive. Cette premi\u00e8re collaboration avec nos partenaires du r\u00e9seau de l\u2019UQ pour une formation 100\u00a0% \u00e0 distance ouvre la voie pour l\u2019UQAC vers une programmation de plus en plus vari\u00e9e de modes d\u2019enseignement et d\u2019apprentissage permettant ainsi la poursuite de sa mission d\u2019accessibilit\u00e9 aux \u00e9tudes sup\u00e9rieures.\u00a0\u00bb<br \/>\n<em>Ghislain Samson, recteur de l\u2019UQAC<\/em><\/p>\n<p>\u00ab D\u00e8s 2010, l&rsquo;UQAT a propos\u00e9 un moyen concret de r\u00e9agir \u00e0 la p\u00e9nurie de personnel enseignant avec la cr\u00e9ation du certificat en accompagnement \u00e0 l&rsquo;enseignement primaire, une formation unique au Qu\u00e9bec. Forte de l\u2019exp\u00e9rience d\u00e9coulant de ce projet audacieux destin\u00e9 au personnel non l\u00e9galement qualifi\u00e9 et gr\u00e2ce \u00e0 plus de 30 ann\u00e9es d\u2019expertise en formation \u00e0 distance, l\u2019UQAT est fi\u00e8re de poursuivre dans la m\u00eame voie et de s\u2019associer avec l\u2019Universit\u00e9 T\u00c9LUQ, l\u2019UQTR, l\u2019UQAC et l\u2019UQO dans le cadre de ce nouveau projet. \u00bb<br \/>\n<em>Vincent Rousson, recteur de l\u2019UQAT<\/em><\/p>\n<p>\u00ab\u00a0L\u2019Universit\u00e9 T\u00c9LUQ est fi\u00e8re d\u2019offrir ce programme en association avec quatre autres constituantes du r\u00e9seau de l\u2019Universit\u00e9 du Qu\u00e9bec. Voil\u00e0 une nouvelle occasion de mettre \u00e0 profit son expertise en p\u00e9dagogie et en formation \u00e0 distance, et de contribuer autrement \u00e0 l\u2019un des besoins criants de personnel enseignant au Qu\u00e9bec.\u00a0\u00bb<br \/>\n<em>Lucie Laflamme, directrice g\u00e9n\u00e9rale de l\u2019Universit\u00e9 T\u00c9LUQ<\/em><\/p>\n<p>\u00ab C\u2019est sans h\u00e9sitation que l\u2019UQTR a d\u00e9cid\u00e9 de faire partie de cette initiative innovante dans le r\u00e9seau de l\u2019Universit\u00e9 du Qu\u00e9bec.\u00a0D\u00e8s le d\u00e9but de cette aventure interconstituantes, l\u2019UQTR a voulu saisir cette occasion de collaborer au d\u00e9veloppement et \u00e0 l\u2019offre d\u2019une formation \u00e0 distance qui viendrait soutenir les centres de services scolaires dans leur besoin de former leur personnel suppl\u00e9ant non l\u00e9galement qualifi\u00e9. L\u2019UQTR est tr\u00e8s fi\u00e8re de pouvoir aider \u00e0 la fois ses partenaires r\u00e9gionaux qui jonglent constamment avec la p\u00e9nurie d\u2019enseignantes et d\u2019enseignants, mais aussi ses partenaires du r\u00e9seau de l\u2019UQ qui sont aux prises avec les m\u00eames enjeux. Nul doute que la mise en commun des diff\u00e9rentes expertises et des savoir-faire de nos professeurs et professeures et personnes charg\u00e9es de cours saura \u00eatre un gage de succ\u00e8s. \u00bb<br \/>\n<em>Adel Omar Dahmane, doyen des \u00e9tudes de l\u2019UQTR<\/em><\/p>\n<p>\u00ab\u00a0C\u2019est avec beaucoup d\u2019enthousiasme que l\u2019UQO accueille l\u2019arriv\u00e9e de ce nouveau programme offert uniquement \u00e0 distance avec quatre autres partenaires du r\u00e9seau de l\u2019UQ. Le certificat en accompagnement \u00e0 l\u2019enseignement au secondaire permettra d\u2019outiller les membres du personnel suppl\u00e9ant non l\u00e9galement qualifi\u00e9 dans l\u2019exercice de leurs fonctions et par la m\u00eame occasion contribuer \u00e0 r\u00e9pondre partiellement au besoin criant de main-d\u2019\u0153uvre dans la r\u00e9gion de l\u2019Outaouais et un peu partout \u00e0 travers la province.\u00a0\u00bb<br \/>\n<em>Julie Bergeron, responsable du programme et professeure au D\u00e9partement des sciences de l\u2019\u00e9ducation de l\u2019UQO<\/em><\/p>\n<p>&nbsp;<\/p>\n<p>&nbsp;<\/p>\n","protected":false},"excerpt":{"rendered":"<p>Offre conjointe de cinq universit\u00e9s du r\u00e9seau de l&rsquo;Universit\u00e9 du Qu\u00e9bec Dans un contexte o\u00f9 les centres de services scolaires de la province font de plus en plus appel \u00e0 de la suppl\u00e9ance \u00e0 court et moyen terme en raison de la p\u00e9nurie de personnel enseignant, l\u2019Universit\u00e9 du Qu\u00e9bec en Abitibi-T\u00e9miscamingue (UQAT), l&rsquo;Universit\u00e9 T\u00c9LUQ, l&rsquo;Universit\u00e9 [&hellip;]<\/p>\n","protected":false},"author":5,"featured_media":41684,"comment_status":"closed","ping_status":"closed","sticky":false,"template":"","format":"standard","meta":{"footnotes":""},"categories":[2,2772,2854],"tags":[5],"yoast_head":"<!-- This site is optimized with the Yoast SEO plugin v24.2 - https:\/\/yoast.com\/wordpress\/plugins\/seo\/ -->\r\n<title>Nouveau certificat \u00e0 distance en accompagnement \u00e0 l&#039;enseignement secondaire - UQACtualit\u00e9s<\/title>\r\n<meta name=\"robots\" content=\"index, follow, max-snippet:-1, max-image-preview:large, max-video-preview:-1\" \/>\r\n<link rel=\"canonical\" href=\"https:\/\/www.uqac.ca\/uqactualites\/2022\/05\/26\/nouveau-certificat-a-distance-en-accompagnement-a-lenseignement-secondaire\/\" \/>\r\n<meta property=\"og:locale\" content=\"fr_CA\" \/>\r\n<meta property=\"og:type\" content=\"article\" \/>\r\n<meta property=\"og:title\" content=\"Nouveau certificat \u00e0 distance en accompagnement \u00e0 l&#039;enseignement secondaire - UQACtualit\u00e9s\" \/>\r\n<meta property=\"og:description\" content=\"Offre conjointe de cinq universit\u00e9s du r\u00e9seau de l&rsquo;Universit\u00e9 du Qu\u00e9bec Dans un contexte o\u00f9 les centres de services scolaires de la province font de plus en plus appel \u00e0 de la suppl\u00e9ance \u00e0 court et moyen terme en raison de la p\u00e9nurie de personnel enseignant, l\u2019Universit\u00e9 du Qu\u00e9bec en Abitibi-T\u00e9miscamingue (UQAT), l&rsquo;Universit\u00e9 T\u00c9LUQ, l&rsquo;Universit\u00e9 [&hellip;]\" \/>\r\n<meta property=\"og:url\" content=\"https:\/\/www.uqac.ca\/uqactualites\/2022\/05\/26\/nouveau-certificat-a-distance-en-accompagnement-a-lenseignement-secondaire\/\" \/>\r\n<meta property=\"og:site_name\" content=\"UQACtualit\u00e9s\" \/>\r\n<meta property=\"article:published_time\" content=\"2022-05-26T15:49:04+00:00\" \/>\r\n<meta property=\"article:modified_time\" content=\"2024-09-30T20:30:50+00:00\" \/>\r\n<meta property=\"og:image\" content=\"https:\/\/www.uqac.ca\/uqactualites\/wp-content\/uploads\/2022\/05\/NUM_CertAccEnsSecondaireH22_EntBenchmk1355X758.jpg\" \/>\r\n\t<meta property=\"og:image:width\" content=\"1355\" \/>\r\n\t<meta property=\"og:image:height\" content=\"758\" \/>\r\n\t<meta property=\"og:image:type\" content=\"image\/jpeg\" \/>\r\n<meta name=\"author\" content=\"Service des communications et des relations publiques\" \/>\r\n<meta name=\"twitter:card\" content=\"summary_large_image\" \/>\r\n<meta name=\"twitter:label1\" content=\"\u00c9crit par\" \/>\n\t<meta name=\"twitter:data1\" content=\"Service des communications et des relations publiques\" \/>\n\t<meta name=\"twitter:label2\" content=\"Estimation du temps de lecture\" \/>\n\t<meta name=\"twitter:data2\" content=\"6 minutes\" \/>\r\n<script type=\"application\/ld+json\" class=\"yoast-schema-graph\">{\"@context\":\"https:\/\/schema.org\",\"@graph\":[{\"@type\":\"WebPage\",\"@id\":\"https:\/\/www.uqac.ca\/uqactualites\/2022\/05\/26\/nouveau-certificat-a-distance-en-accompagnement-a-lenseignement-secondaire\/\",\"url\":\"https:\/\/www.uqac.ca\/uqactualites\/2022\/05\/26\/nouveau-certificat-a-distance-en-accompagnement-a-lenseignement-secondaire\/\",\"name\":\"Nouveau certificat \u00e0 distance en accompagnement \u00e0 l'enseignement secondaire - UQACtualit\u00e9s\",\"isPartOf\":{\"@id\":\"https:\/\/www.uqac.ca\/uqactualites\/#website\"},\"primaryImageOfPage\":{\"@id\":\"https:\/\/www.uqac.ca\/uqactualites\/2022\/05\/26\/nouveau-certificat-a-distance-en-accompagnement-a-lenseignement-secondaire\/#primaryimage\"},\"image\":{\"@id\":\"https:\/\/www.uqac.ca\/uqactualites\/2022\/05\/26\/nouveau-certificat-a-distance-en-accompagnement-a-lenseignement-secondaire\/#primaryimage\"},\"thumbnailUrl\":\"https:\/\/www.uqac.ca\/uqactualites\/wp-content\/uploads\/2022\/05\/NUM_CertAccEnsSecondaireH22_EntBenchmk1355X758.jpg\",\"datePublished\":\"2022-05-26T15:49:04+00:00\",\"dateModified\":\"2024-09-30T20:30:50+00:00\",\"author\":{\"@id\":\"https:\/\/www.uqac.ca\/uqactualites\/#\/schema\/person\/366c45a0c4f0e677b41b4af5886e2018\"},\"breadcrumb\":{\"@id\":\"https:\/\/www.uqac.ca\/uqactualites\/2022\/05\/26\/nouveau-certificat-a-distance-en-accompagnement-a-lenseignement-secondaire\/#breadcrumb\"},\"inLanguage\":\"fr-CA\",\"potentialAction\":[{\"@type\":\"ReadAction\",\"target\":[\"https:\/\/www.uqac.ca\/uqactualites\/2022\/05\/26\/nouveau-certificat-a-distance-en-accompagnement-a-lenseignement-secondaire\/\"]}]},{\"@type\":\"ImageObject\",\"inLanguage\":\"fr-CA\",\"@id\":\"https:\/\/www.uqac.ca\/uqactualites\/2022\/05\/26\/nouveau-certificat-a-distance-en-accompagnement-a-lenseignement-secondaire\/#primaryimage\",\"url\":\"https:\/\/www.uqac.ca\/uqactualites\/wp-content\/uploads\/2022\/05\/NUM_CertAccEnsSecondaireH22_EntBenchmk1355X758.jpg\",\"contentUrl\":\"https:\/\/www.uqac.ca\/uqactualites\/wp-content\/uploads\/2022\/05\/NUM_CertAccEnsSecondaireH22_EntBenchmk1355X758.jpg\",\"width\":1355,\"height\":758},{\"@type\":\"BreadcrumbList\",\"@id\":\"https:\/\/www.uqac.ca\/uqactualites\/2022\/05\/26\/nouveau-certificat-a-distance-en-accompagnement-a-lenseignement-secondaire\/#breadcrumb\",\"itemListElement\":[{\"@type\":\"ListItem\",\"position\":1,\"name\":\"Home\",\"item\":\"https:\/\/www.uqac.ca\/uqactualites\/\"},{\"@type\":\"ListItem\",\"position\":2,\"name\":\"Nouveau certificat \u00e0 distance en accompagnement \u00e0 l&rsquo;enseignement secondaire\"}]},{\"@type\":\"WebSite\",\"@id\":\"https:\/\/www.uqac.ca\/uqactualites\/#website\",\"url\":\"https:\/\/www.uqac.ca\/uqactualites\/\",\"name\":\"UQACtualit\u00e9s\",\"description\":\"Le portail des nouvelles de l&#039;UQAC\",\"potentialAction\":[{\"@type\":\"SearchAction\",\"target\":{\"@type\":\"EntryPoint\",\"urlTemplate\":\"https:\/\/www.uqac.ca\/uqactualites\/?s={search_term_string}\"},\"query-input\":{\"@type\":\"PropertyValueSpecification\",\"valueRequired\":true,\"valueName\":\"search_term_string\"}}],\"inLanguage\":\"fr-CA\"},{\"@type\":\"Person\",\"@id\":\"https:\/\/www.uqac.ca\/uqactualites\/#\/schema\/person\/366c45a0c4f0e677b41b4af5886e2018\",\"name\":\"Service des communications et des relations publiques\",\"image\":{\"@type\":\"ImageObject\",\"inLanguage\":\"fr-CA\",\"@id\":\"https:\/\/www.uqac.ca\/uqactualites\/#\/schema\/person\/image\/\",\"url\":\"https:\/\/secure.gravatar.com\/avatar\/20fbbda8a292f59f2d3461a5b999c00b?s=96&d=mm&r=g\",\"contentUrl\":\"https:\/\/secure.gravatar.com\/avatar\/20fbbda8a292f59f2d3461a5b999c00b?s=96&d=mm&r=g\",\"caption\":\"Service des communications et des relations publiques\"},\"url\":\"https:\/\/www.uqac.ca\/uqactualites\/author\/bap\/\"}]}<\/script>\r\n<!-- \/ Yoast SEO plugin. -->","yoast_head_json":{"title":"Nouveau certificat \u00e0 distance en accompagnement \u00e0 l'enseignement secondaire - UQACtualit\u00e9s","robots":{"index":"index","follow":"follow","max-snippet":"max-snippet:-1","max-image-preview":"max-image-preview:large","max-video-preview":"max-video-preview:-1"},"canonical":"https:\/\/www.uqac.ca\/uqactualites\/2022\/05\/26\/nouveau-certificat-a-distance-en-accompagnement-a-lenseignement-secondaire\/","og_locale":"fr_CA","og_type":"article","og_title":"Nouveau certificat \u00e0 distance en accompagnement \u00e0 l'enseignement secondaire - UQACtualit\u00e9s","og_description":"Offre conjointe de cinq universit\u00e9s du r\u00e9seau de l&rsquo;Universit\u00e9 du Qu\u00e9bec Dans un contexte o\u00f9 les centres de services scolaires de la province font de plus en plus appel \u00e0 de la suppl\u00e9ance \u00e0 court et moyen terme en raison de la p\u00e9nurie de personnel enseignant, l\u2019Universit\u00e9 du Qu\u00e9bec en Abitibi-T\u00e9miscamingue (UQAT), l&rsquo;Universit\u00e9 T\u00c9LUQ, l&rsquo;Universit\u00e9 [&hellip;]","og_url":"https:\/\/www.uqac.ca\/uqactualites\/2022\/05\/26\/nouveau-certificat-a-distance-en-accompagnement-a-lenseignement-secondaire\/","og_site_name":"UQACtualit\u00e9s","article_published_time":"2022-05-26T15:49:04+00:00","article_modified_time":"2024-09-30T20:30:50+00:00","og_image":[{"width":1355,"height":758,"url":"https:\/\/www.uqac.ca\/uqactualites\/wp-content\/uploads\/2022\/05\/NUM_CertAccEnsSecondaireH22_EntBenchmk1355X758.jpg","type":"image\/jpeg"}],"author":"Service des communications et des relations publiques","twitter_card":"summary_large_image","twitter_misc":{"\u00c9crit par":"Service des communications et des relations publiques","Estimation du temps de lecture":"6 minutes"},"schema":{"@context":"https:\/\/schema.org","@graph":[{"@type":"WebPage","@id":"https:\/\/www.uqac.ca\/uqactualites\/2022\/05\/26\/nouveau-certificat-a-distance-en-accompagnement-a-lenseignement-secondaire\/","url":"https:\/\/www.uqac.ca\/uqactualites\/2022\/05\/26\/nouveau-certificat-a-distance-en-accompagnement-a-lenseignement-secondaire\/","name":"Nouveau certificat \u00e0 distance en accompagnement \u00e0 l'enseignement secondaire - UQACtualit\u00e9s","isPartOf":{"@id":"https:\/\/www.uqac.ca\/uqactualites\/#website"},"primaryImageOfPage":{"@id":"https:\/\/www.uqac.ca\/uqactualites\/2022\/05\/26\/nouveau-certificat-a-distance-en-accompagnement-a-lenseignement-secondaire\/#primaryimage"},"image":{"@id":"https:\/\/www.uqac.ca\/uqactualites\/2022\/05\/26\/nouveau-certificat-a-distance-en-accompagnement-a-lenseignement-secondaire\/#primaryimage"},"thumbnailUrl":"https:\/\/www.uqac.ca\/uqactualites\/wp-content\/uploads\/2022\/05\/NUM_CertAccEnsSecondaireH22_EntBenchmk1355X758.jpg","datePublished":"2022-05-26T15:49:04+00:00","dateModified":"2024-09-30T20:30:50+00:00","author":{"@id":"https:\/\/www.uqac.ca\/uqactualites\/#\/schema\/person\/366c45a0c4f0e677b41b4af5886e2018"},"breadcrumb":{"@id":"https:\/\/www.uqac.ca\/uqactualites\/2022\/05\/26\/nouveau-certificat-a-distance-en-accompagnement-a-lenseignement-secondaire\/#breadcrumb"},"inLanguage":"fr-CA","potentialAction":[{"@type":"ReadAction","target":["https:\/\/www.uqac.ca\/uqactualites\/2022\/05\/26\/nouveau-certificat-a-distance-en-accompagnement-a-lenseignement-secondaire\/"]}]},{"@type":"ImageObject","inLanguage":"fr-CA","@id":"https:\/\/www.uqac.ca\/uqactualites\/2022\/05\/26\/nouveau-certificat-a-distance-en-accompagnement-a-lenseignement-secondaire\/#primaryimage","url":"https:\/\/www.uqac.ca\/uqactualites\/wp-content\/uploads\/2022\/05\/NUM_CertAccEnsSecondaireH22_EntBenchmk1355X758.jpg","contentUrl":"https:\/\/www.uqac.ca\/uqactualites\/wp-content\/uploads\/2022\/05\/NUM_CertAccEnsSecondaireH22_EntBenchmk1355X758.jpg","width":1355,"height":758},{"@type":"BreadcrumbList","@id":"https:\/\/www.uqac.ca\/uqactualites\/2022\/05\/26\/nouveau-certificat-a-distance-en-accompagnement-a-lenseignement-secondaire\/#breadcrumb","itemListElement":[{"@type":"ListItem","position":1,"name":"Home","item":"https:\/\/www.uqac.ca\/uqactualites\/"},{"@type":"ListItem","position":2,"name":"Nouveau certificat \u00e0 distance en accompagnement \u00e0 l&rsquo;enseignement secondaire"}]},{"@type":"WebSite","@id":"https:\/\/www.uqac.ca\/uqactualites\/#website","url":"https:\/\/www.uqac.ca\/uqactualites\/","name":"UQACtualit\u00e9s","description":"Le portail des nouvelles de l&#039;UQAC","potentialAction":[{"@type":"SearchAction","target":{"@type":"EntryPoint","urlTemplate":"https:\/\/www.uqac.ca\/uqactualites\/?s={search_term_string}"},"query-input":{"@type":"PropertyValueSpecification","valueRequired":true,"valueName":"search_term_string"}}],"inLanguage":"fr-CA"},{"@type":"Person","@id":"https:\/\/www.uqac.ca\/uqactualites\/#\/schema\/person\/366c45a0c4f0e677b41b4af5886e2018","name":"Service des communications et des relations publiques","image":{"@type":"ImageObject","inLanguage":"fr-CA","@id":"https:\/\/www.uqac.ca\/uqactualites\/#\/schema\/person\/image\/","url":"https:\/\/secure.gravatar.com\/avatar\/20fbbda8a292f59f2d3461a5b999c00b?s=96&d=mm&r=g","contentUrl":"https:\/\/secure.gravatar.com\/avatar\/20fbbda8a292f59f2d3461a5b999c00b?s=96&d=mm&r=g","caption":"Service des communications et des relations publiques"},"url":"https:\/\/www.uqac.ca\/uqactualites\/author\/bap\/"}]}},"_links":{"self":[{"href":"https:\/\/www.uqac.ca\/uqactualites\/wp-json\/wp\/v2\/posts\/41683"}],"collection":[{"href":"https:\/\/www.uqac.ca\/uqactualites\/wp-json\/wp\/v2\/posts"}],"about":[{"href":"https:\/\/www.uqac.ca\/uqactualites\/wp-json\/wp\/v2\/types\/post"}],"author":[{"embeddable":true,"href":"https:\/\/www.uqac.ca\/uqactualites\/wp-json\/wp\/v2\/users\/5"}],"replies":[{"embeddable":true,"href":"https:\/\/www.uqac.ca\/uqactualites\/wp-json\/wp\/v2\/comments?post=41683"}],"version-history":[{"count":1,"href":"https:\/\/www.uqac.ca\/uqactualites\/wp-json\/wp\/v2\/posts\/41683\/revisions"}],"predecessor-version":[{"id":48781,"href":"https:\/\/www.uqac.ca\/uqactualites\/wp-json\/wp\/v2\/posts\/41683\/revisions\/48781"}],"wp:featuredmedia":[{"embeddable":true,"href":"https:\/\/www.uqac.ca\/uqactualites\/wp-json\/wp\/v2\/media\/41684"}],"wp:attachment":[{"href":"https:\/\/www.uqac.ca\/uqactualites\/wp-json\/wp\/v2\/media?parent=41683"}],"wp:term":[{"taxonomy":"category","embeddable":true,"href":"https:\/\/www.uqac.ca\/uqactualites\/wp-json\/wp\/v2\/categories?post=41683"},{"taxonomy":"post_tag","embeddable":true,"href":"https:\/\/www.uqac.ca\/uqactualites\/wp-json\/wp\/v2\/tags?post=41683"}],"curies":[{"name":"wp","href":"https:\/\/api.w.org\/{rel}","templated":true}]}}