{"id":41697,"date":"2022-05-27T14:29:55","date_gmt":"2022-05-27T18:29:55","guid":{"rendered":"https:\/\/www.uqac.ca\/?p=41697"},"modified":"2022-05-27T14:29:55","modified_gmt":"2022-05-27T18:29:55","slug":"six-stagiaires-en-enseignement-recompenses","status":"publish","type":"post","link":"https:\/\/www.uqac.ca\/uqactualites\/2022\/05\/27\/six-stagiaires-en-enseignement-recompenses\/","title":{"rendered":"Six stagiaires en enseignement r\u00e9compens\u00e9s"},"content":{"rendered":"<p>La 14<sup>e<\/sup> \u00e9dition de la remise des prix aux stagiaires en enseignement a permis de mettre en lumi\u00e8re cinq \u00e9tudiantes et un \u00e9tudiant qui se sont illustr\u00e9s par leur implication, leur bienveillance et leur parcours inspirant. \u00a0Pour le trimestre d\u2019hiver 2022, six stagiaires ont \u00e9t\u00e9 s\u00e9lectionn\u00e9s parmi les 25 candidatures qui nous ont \u00e9t\u00e9 soumises par l\u2019entremise des superviseurs de stage en collaboration avec les enseignants associ\u00e9s des stagiaires\u00a0:<\/p>\n<ul>\n<li>Sandy Gill-Asselin, \u00e9tudiante de 4e ann\u00e9e en \u00e9ducation pr\u00e9scolaire et enseignement primaire, qui a effectu\u00e9 son stage \u00e0 l\u2019\u00e9cole La Carri\u00e8re avec Mme M\u00e9lissa Larouche et qui a \u00e9t\u00e9 supervis\u00e9e par Mme\u00a0Francine Larouche.<\/li>\n<li>Joanie St-Gelais, \u00e9tudiante de 4e ann\u00e9e en \u00e9ducation pr\u00e9scolaire et enseignement primaire, qui a effectu\u00e9 son stage \u00e0 l\u2019\u00e9cole Notre-Dame-du-Sourire avec Mme Lisa Claveau et qui a \u00e9t\u00e9 supervis\u00e9e par Mme\u00a0Marie-Christine Lapointe.<\/li>\n<li>Rosemarie Gagnon, \u00e9tudiante de 4e ann\u00e9e en \u00e9ducation pr\u00e9scolaire et enseignement primaire, qui a effectu\u00e9 son stage \u00e0 l\u2019\u00e9cole Sainte-Th\u00e9r\u00e8se avec Mme Cathy Lalancette et qui a \u00e9t\u00e9 supervis\u00e9e par Mme\u00a0Aline N\u00e9ron.<\/li>\n<li>Laurie Lavoie Boudreault, \u00e9tudiante de 3e ann\u00e9e en enseignement au secondaire \u00ab\u2009profil fran\u00e7ais \u00bb, qui a effectu\u00e9 son stage \u00e0 la Polyvalente des Quatre-Vents avec Mme\u00a0Emmanuelle D\u00e9ry et qui a \u00e9t\u00e9 supervis\u00e9e par Mme\u00a0Th\u00e9r\u00e8se Munger.<\/li>\n<li>Thi\u00e9rry Imbeault, \u00e9tudiant de 4e ann\u00e9e en enseignement en adaptation scolaire et sociale, qui a effectu\u00e9 son stage au centre de services scolaire des Rives-du-Saguenay avec Mme Carmen Simard et qui a \u00e9t\u00e9 supervis\u00e9 par Mme \u00c9lisabeth Boily.<\/li>\n<li>Rosalie Desjardins, \u00e9tudiante de 2e ann\u00e9e en enseignement en adaptation scolaire et sociale, qui a effectu\u00e9 son stage \u00e0 l\u2019\u00e9cole secondaire des Grandes-Mar\u00e9es avec Mme Christine Lepage et qui a \u00e9t\u00e9 supervis\u00e9e par Mme Maryse Feliziani.<\/li>\n<\/ul>\n<p>Depuis les 7 derni\u00e8res ann\u00e9es, le D\u00e9partement des sciences de l\u2019\u00e9ducation remet chaque trimestre cinq bourses d\u2019une valeur de 350\u00a0$ chacune \u00e0 des stagiaires s\u2019\u00e9tant d\u00e9marqu\u00e9s de fa\u00e7on exceptionnelle lors d\u2019un de leur stage en enseignement. Le Syndicat des charg\u00e9es et des charg\u00e9s de cours de l\u2019UQAC offre aussi une bourse du m\u00eame montant. \u00c0 ce jour, 84 bourses ont \u00e9t\u00e9 remises, pour un total de 29\u00a0400 $.<\/p>\n<p>F\u00e9licitations aux r\u00e9cipiendaires et merci aux partenaires scolaires et universitaires qui nous permettent de reconna\u00eetre l\u2019excellence parmi la communaut\u00e9 \u00e9tudiante en enseignement.<\/p>\n<p><strong>PHOTO\u00a0:<\/strong><br \/>\nSandy Gill-Asselin, Joanie St-Gelais, Rosemarie Gagnon, Laurie Lavoie Boudreault, Thi\u00e9rry Imbeault, Rosalie Desjardins<\/p>\n<p>&nbsp;<\/p>\n<p>&nbsp;<\/p>\n<p>&nbsp;<\/p>\n","protected":false},"excerpt":{"rendered":"<p>La 14e \u00e9dition de la remise des prix aux stagiaires en enseignement a permis de mettre en lumi\u00e8re cinq \u00e9tudiantes et un \u00e9tudiant qui se sont illustr\u00e9s par leur implication, leur bienveillance et leur parcours inspirant. \u00a0Pour le trimestre d\u2019hiver 2022, six stagiaires ont \u00e9t\u00e9 s\u00e9lectionn\u00e9s parmi les 25 candidatures qui nous ont \u00e9t\u00e9 soumises [&hellip;]<\/p>\n","protected":false},"author":5,"featured_media":41703,"comment_status":"closed","ping_status":"closed","sticky":false,"template":"","format":"standard","meta":{"footnotes":""},"categories":[2,9,4],"tags":[5],"yoast_head":"<!-- This site is optimized with the Yoast SEO plugin v24.2 - https:\/\/yoast.com\/wordpress\/plugins\/seo\/ -->\r\n<title>Six stagiaires en enseignement r\u00e9compens\u00e9s - UQACtualit\u00e9s<\/title>\r\n<meta name=\"robots\" content=\"index, follow, max-snippet:-1, max-image-preview:large, max-video-preview:-1\" \/>\r\n<link rel=\"canonical\" href=\"https:\/\/www.uqac.ca\/uqactualites\/2022\/05\/27\/six-stagiaires-en-enseignement-recompenses\/\" \/>\r\n<meta property=\"og:locale\" content=\"fr_CA\" \/>\r\n<meta property=\"og:type\" content=\"article\" \/>\r\n<meta property=\"og:title\" content=\"Six stagiaires en enseignement r\u00e9compens\u00e9s - UQACtualit\u00e9s\" \/>\r\n<meta property=\"og:description\" content=\"La 14e \u00e9dition de la remise des prix aux stagiaires en enseignement a permis de mettre en lumi\u00e8re cinq \u00e9tudiantes et un \u00e9tudiant qui se sont illustr\u00e9s par leur implication, leur bienveillance et leur parcours inspirant. \u00a0Pour le trimestre d\u2019hiver 2022, six stagiaires ont \u00e9t\u00e9 s\u00e9lectionn\u00e9s parmi les 25 candidatures qui nous ont \u00e9t\u00e9 soumises [&hellip;]\" \/>\r\n<meta property=\"og:url\" content=\"https:\/\/www.uqac.ca\/uqactualites\/2022\/05\/27\/six-stagiaires-en-enseignement-recompenses\/\" \/>\r\n<meta property=\"og:site_name\" content=\"UQACtualit\u00e9s\" \/>\r\n<meta property=\"article:published_time\" content=\"2022-05-27T18:29:55+00:00\" \/>\r\n<meta property=\"og:image\" content=\"https:\/\/www.uqac.ca\/uqactualites\/wp-content\/uploads\/2022\/05\/@tu_enseignement_stagiaire_27052022.jpg\" \/>\r\n\t<meta property=\"og:image:width\" content=\"1374\" \/>\r\n\t<meta property=\"og:image:height\" content=\"843\" \/>\r\n\t<meta property=\"og:image:type\" content=\"image\/jpeg\" \/>\r\n<meta name=\"author\" content=\"Service des communications et des relations publiques\" \/>\r\n<meta name=\"twitter:card\" content=\"summary_large_image\" \/>\r\n<meta name=\"twitter:label1\" content=\"\u00c9crit par\" \/>\n\t<meta name=\"twitter:data1\" content=\"Service des communications et des relations publiques\" \/>\n\t<meta name=\"twitter:label2\" content=\"Estimation du temps de lecture\" \/>\n\t<meta name=\"twitter:data2\" content=\"2 minutes\" \/>\r\n<script type=\"application\/ld+json\" class=\"yoast-schema-graph\">{\"@context\":\"https:\/\/schema.org\",\"@graph\":[{\"@type\":\"WebPage\",\"@id\":\"https:\/\/www.uqac.ca\/uqactualites\/2022\/05\/27\/six-stagiaires-en-enseignement-recompenses\/\",\"url\":\"https:\/\/www.uqac.ca\/uqactualites\/2022\/05\/27\/six-stagiaires-en-enseignement-recompenses\/\",\"name\":\"Six stagiaires en enseignement r\u00e9compens\u00e9s - UQACtualit\u00e9s\",\"isPartOf\":{\"@id\":\"https:\/\/www.uqac.ca\/uqactualites\/#website\"},\"primaryImageOfPage\":{\"@id\":\"https:\/\/www.uqac.ca\/uqactualites\/2022\/05\/27\/six-stagiaires-en-enseignement-recompenses\/#primaryimage\"},\"image\":{\"@id\":\"https:\/\/www.uqac.ca\/uqactualites\/2022\/05\/27\/six-stagiaires-en-enseignement-recompenses\/#primaryimage\"},\"thumbnailUrl\":\"https:\/\/www.uqac.ca\/uqactualites\/wp-content\/uploads\/2022\/05\/@tu_enseignement_stagiaire_27052022.jpg\",\"datePublished\":\"2022-05-27T18:29:55+00:00\",\"dateModified\":\"2022-05-27T18:29:55+00:00\",\"author\":{\"@id\":\"https:\/\/www.uqac.ca\/uqactualites\/#\/schema\/person\/366c45a0c4f0e677b41b4af5886e2018\"},\"breadcrumb\":{\"@id\":\"https:\/\/www.uqac.ca\/uqactualites\/2022\/05\/27\/six-stagiaires-en-enseignement-recompenses\/#breadcrumb\"},\"inLanguage\":\"fr-CA\",\"potentialAction\":[{\"@type\":\"ReadAction\",\"target\":[\"https:\/\/www.uqac.ca\/uqactualites\/2022\/05\/27\/six-stagiaires-en-enseignement-recompenses\/\"]}]},{\"@type\":\"ImageObject\",\"inLanguage\":\"fr-CA\",\"@id\":\"https:\/\/www.uqac.ca\/uqactualites\/2022\/05\/27\/six-stagiaires-en-enseignement-recompenses\/#primaryimage\",\"url\":\"https:\/\/www.uqac.ca\/uqactualites\/wp-content\/uploads\/2022\/05\/@tu_enseignement_stagiaire_27052022.jpg\",\"contentUrl\":\"https:\/\/www.uqac.ca\/uqactualites\/wp-content\/uploads\/2022\/05\/@tu_enseignement_stagiaire_27052022.jpg\",\"width\":1374,\"height\":843},{\"@type\":\"BreadcrumbList\",\"@id\":\"https:\/\/www.uqac.ca\/uqactualites\/2022\/05\/27\/six-stagiaires-en-enseignement-recompenses\/#breadcrumb\",\"itemListElement\":[{\"@type\":\"ListItem\",\"position\":1,\"name\":\"Home\",\"item\":\"https:\/\/www.uqac.ca\/uqactualites\/\"},{\"@type\":\"ListItem\",\"position\":2,\"name\":\"Six stagiaires en enseignement r\u00e9compens\u00e9s\"}]},{\"@type\":\"WebSite\",\"@id\":\"https:\/\/www.uqac.ca\/uqactualites\/#website\",\"url\":\"https:\/\/www.uqac.ca\/uqactualites\/\",\"name\":\"UQACtualit\u00e9s\",\"description\":\"Le portail des nouvelles de l&#039;UQAC\",\"potentialAction\":[{\"@type\":\"SearchAction\",\"target\":{\"@type\":\"EntryPoint\",\"urlTemplate\":\"https:\/\/www.uqac.ca\/uqactualites\/?s={search_term_string}\"},\"query-input\":{\"@type\":\"PropertyValueSpecification\",\"valueRequired\":true,\"valueName\":\"search_term_string\"}}],\"inLanguage\":\"fr-CA\"},{\"@type\":\"Person\",\"@id\":\"https:\/\/www.uqac.ca\/uqactualites\/#\/schema\/person\/366c45a0c4f0e677b41b4af5886e2018\",\"name\":\"Service des communications et des relations publiques\",\"image\":{\"@type\":\"ImageObject\",\"inLanguage\":\"fr-CA\",\"@id\":\"https:\/\/www.uqac.ca\/uqactualites\/#\/schema\/person\/image\/\",\"url\":\"https:\/\/secure.gravatar.com\/avatar\/20fbbda8a292f59f2d3461a5b999c00b?s=96&d=mm&r=g\",\"contentUrl\":\"https:\/\/secure.gravatar.com\/avatar\/20fbbda8a292f59f2d3461a5b999c00b?s=96&d=mm&r=g\",\"caption\":\"Service des communications et des relations publiques\"},\"url\":\"https:\/\/www.uqac.ca\/uqactualites\/author\/bap\/\"}]}<\/script>\r\n<!-- \/ Yoast SEO plugin. -->","yoast_head_json":{"title":"Six stagiaires en enseignement r\u00e9compens\u00e9s - UQACtualit\u00e9s","robots":{"index":"index","follow":"follow","max-snippet":"max-snippet:-1","max-image-preview":"max-image-preview:large","max-video-preview":"max-video-preview:-1"},"canonical":"https:\/\/www.uqac.ca\/uqactualites\/2022\/05\/27\/six-stagiaires-en-enseignement-recompenses\/","og_locale":"fr_CA","og_type":"article","og_title":"Six stagiaires en enseignement r\u00e9compens\u00e9s - UQACtualit\u00e9s","og_description":"La 14e \u00e9dition de la remise des prix aux stagiaires en enseignement a permis de mettre en lumi\u00e8re cinq \u00e9tudiantes et un \u00e9tudiant qui se sont illustr\u00e9s par leur implication, leur bienveillance et leur parcours inspirant. \u00a0Pour le trimestre d\u2019hiver 2022, six stagiaires ont \u00e9t\u00e9 s\u00e9lectionn\u00e9s parmi les 25 candidatures qui nous ont \u00e9t\u00e9 soumises [&hellip;]","og_url":"https:\/\/www.uqac.ca\/uqactualites\/2022\/05\/27\/six-stagiaires-en-enseignement-recompenses\/","og_site_name":"UQACtualit\u00e9s","article_published_time":"2022-05-27T18:29:55+00:00","og_image":[{"width":1374,"height":843,"url":"https:\/\/www.uqac.ca\/uqactualites\/wp-content\/uploads\/2022\/05\/@tu_enseignement_stagiaire_27052022.jpg","type":"image\/jpeg"}],"author":"Service des communications et des relations publiques","twitter_card":"summary_large_image","twitter_misc":{"\u00c9crit par":"Service des communications et des relations publiques","Estimation du temps de lecture":"2 minutes"},"schema":{"@context":"https:\/\/schema.org","@graph":[{"@type":"WebPage","@id":"https:\/\/www.uqac.ca\/uqactualites\/2022\/05\/27\/six-stagiaires-en-enseignement-recompenses\/","url":"https:\/\/www.uqac.ca\/uqactualites\/2022\/05\/27\/six-stagiaires-en-enseignement-recompenses\/","name":"Six stagiaires en enseignement r\u00e9compens\u00e9s - UQACtualit\u00e9s","isPartOf":{"@id":"https:\/\/www.uqac.ca\/uqactualites\/#website"},"primaryImageOfPage":{"@id":"https:\/\/www.uqac.ca\/uqactualites\/2022\/05\/27\/six-stagiaires-en-enseignement-recompenses\/#primaryimage"},"image":{"@id":"https:\/\/www.uqac.ca\/uqactualites\/2022\/05\/27\/six-stagiaires-en-enseignement-recompenses\/#primaryimage"},"thumbnailUrl":"https:\/\/www.uqac.ca\/uqactualites\/wp-content\/uploads\/2022\/05\/@tu_enseignement_stagiaire_27052022.jpg","datePublished":"2022-05-27T18:29:55+00:00","dateModified":"2022-05-27T18:29:55+00:00","author":{"@id":"https:\/\/www.uqac.ca\/uqactualites\/#\/schema\/person\/366c45a0c4f0e677b41b4af5886e2018"},"breadcrumb":{"@id":"https:\/\/www.uqac.ca\/uqactualites\/2022\/05\/27\/six-stagiaires-en-enseignement-recompenses\/#breadcrumb"},"inLanguage":"fr-CA","potentialAction":[{"@type":"ReadAction","target":["https:\/\/www.uqac.ca\/uqactualites\/2022\/05\/27\/six-stagiaires-en-enseignement-recompenses\/"]}]},{"@type":"ImageObject","inLanguage":"fr-CA","@id":"https:\/\/www.uqac.ca\/uqactualites\/2022\/05\/27\/six-stagiaires-en-enseignement-recompenses\/#primaryimage","url":"https:\/\/www.uqac.ca\/uqactualites\/wp-content\/uploads\/2022\/05\/@tu_enseignement_stagiaire_27052022.jpg","contentUrl":"https:\/\/www.uqac.ca\/uqactualites\/wp-content\/uploads\/2022\/05\/@tu_enseignement_stagiaire_27052022.jpg","width":1374,"height":843},{"@type":"BreadcrumbList","@id":"https:\/\/www.uqac.ca\/uqactualites\/2022\/05\/27\/six-stagiaires-en-enseignement-recompenses\/#breadcrumb","itemListElement":[{"@type":"ListItem","position":1,"name":"Home","item":"https:\/\/www.uqac.ca\/uqactualites\/"},{"@type":"ListItem","position":2,"name":"Six stagiaires en enseignement r\u00e9compens\u00e9s"}]},{"@type":"WebSite","@id":"https:\/\/www.uqac.ca\/uqactualites\/#website","url":"https:\/\/www.uqac.ca\/uqactualites\/","name":"UQACtualit\u00e9s","description":"Le portail des nouvelles de l&#039;UQAC","potentialAction":[{"@type":"SearchAction","target":{"@type":"EntryPoint","urlTemplate":"https:\/\/www.uqac.ca\/uqactualites\/?s={search_term_string}"},"query-input":{"@type":"PropertyValueSpecification","valueRequired":true,"valueName":"search_term_string"}}],"inLanguage":"fr-CA"},{"@type":"Person","@id":"https:\/\/www.uqac.ca\/uqactualites\/#\/schema\/person\/366c45a0c4f0e677b41b4af5886e2018","name":"Service des communications et des relations publiques","image":{"@type":"ImageObject","inLanguage":"fr-CA","@id":"https:\/\/www.uqac.ca\/uqactualites\/#\/schema\/person\/image\/","url":"https:\/\/secure.gravatar.com\/avatar\/20fbbda8a292f59f2d3461a5b999c00b?s=96&d=mm&r=g","contentUrl":"https:\/\/secure.gravatar.com\/avatar\/20fbbda8a292f59f2d3461a5b999c00b?s=96&d=mm&r=g","caption":"Service des communications et des relations publiques"},"url":"https:\/\/www.uqac.ca\/uqactualites\/author\/bap\/"}]}},"_links":{"self":[{"href":"https:\/\/www.uqac.ca\/uqactualites\/wp-json\/wp\/v2\/posts\/41697"}],"collection":[{"href":"https:\/\/www.uqac.ca\/uqactualites\/wp-json\/wp\/v2\/posts"}],"about":[{"href":"https:\/\/www.uqac.ca\/uqactualites\/wp-json\/wp\/v2\/types\/post"}],"author":[{"embeddable":true,"href":"https:\/\/www.uqac.ca\/uqactualites\/wp-json\/wp\/v2\/users\/5"}],"replies":[{"embeddable":true,"href":"https:\/\/www.uqac.ca\/uqactualites\/wp-json\/wp\/v2\/comments?post=41697"}],"version-history":[{"count":0,"href":"https:\/\/www.uqac.ca\/uqactualites\/wp-json\/wp\/v2\/posts\/41697\/revisions"}],"wp:featuredmedia":[{"embeddable":true,"href":"https:\/\/www.uqac.ca\/uqactualites\/wp-json\/wp\/v2\/media\/41703"}],"wp:attachment":[{"href":"https:\/\/www.uqac.ca\/uqactualites\/wp-json\/wp\/v2\/media?parent=41697"}],"wp:term":[{"taxonomy":"category","embeddable":true,"href":"https:\/\/www.uqac.ca\/uqactualites\/wp-json\/wp\/v2\/categories?post=41697"},{"taxonomy":"post_tag","embeddable":true,"href":"https:\/\/www.uqac.ca\/uqactualites\/wp-json\/wp\/v2\/tags?post=41697"}],"curies":[{"name":"wp","href":"https:\/\/api.w.org\/{rel}","templated":true}]}}