{"id":41782,"date":"2022-06-09T13:13:09","date_gmt":"2022-06-09T17:13:09","guid":{"rendered":"https:\/\/www.uqac.ca\/?p=41782"},"modified":"2023-10-23T14:32:37","modified_gmt":"2023-10-23T18:32:37","slug":"le-carrefour-presente-son-tout-premier-colloque-de-pedagogie-universitaire","status":"publish","type":"post","link":"https:\/\/www.uqac.ca\/uqactualites\/2022\/06\/09\/le-carrefour-presente-son-tout-premier-colloque-de-pedagogie-universitaire\/","title":{"rendered":"Le Carrefour pr\u00e9sente son tout premier Colloque de p\u00e9dagogie universitaire"},"content":{"rendered":"<p>Le jeudi 9 juin avait lieu l&rsquo;\u00e9dition 2022 du\u00a0Colloque de p\u00e9dagogie universitaire, propos\u00e9 cette ann\u00e9e sous le th\u00e8me <em>\u00c9valuer autrement \u2013 r\u00e9flexions et pratiques inspirantes<\/em>. Anciennement orchestr\u00e9 par le Centre de p\u00e9dagogie universitaire (CPU), le colloque \u00e9tait port\u00e9 cette ann\u00e9e par l\u2019\u00e9quipe du tout nouveau <a href=\"https:\/\/www.uqac.ca\/carrefour\/\">Carrefour de l\u2019enseignement et de l\u2019apprentissage<\/a>, dont la direction acad\u00e9mique est assur\u00e9e par le professeur Patrick Giroux et la direction administrative par Nathalie\u00a0Villeneuve, du Service de la biblioth\u00e8que et des archives.<\/p>\n<p>Ce rendez-vous annuel vise \u00e0 rassembler notre communaut\u00e9 p\u00e9dagogique autour des enjeux qu\u2019elle vit au quotidien. Cette ann\u00e9e, le colloque proposait plus particuli\u00e8rement \u00e0 la centaine de participantes et de participants un tour d\u2019horizon des pratiques inspirantes employ\u00e9es par la communaut\u00e9 enseignante de l\u2019UQAC dans ses activit\u00e9s d\u2019\u00e9valuation des apprentissages. Plusieurs sujets ont \u00e9t\u00e9 visit\u00e9s, notamment la correction, la r\u00e9troaction, le plagiat et la collaboration. Tout au long de la matin\u00e9e, les participants ont eu la chance d\u2019assister aux pr\u00e9sentations de membres de notre corps enseignant et de professionnels en p\u00e9dagogie universitaire. De l\u2019importance de varier son contexte d\u2019\u00e9valuation \u00e0 la d\u00e9couverte d\u2019outils et au partage de la responsabilit\u00e9 \u00e9valuative, ces expos\u00e9s n&rsquo;ont pas manqu\u00e9 de nourrir r\u00e9flexions et \u00e9changes. D\u2019ailleurs, une discussion autour des pratiques pr\u00e9sent\u00e9es durant le colloque a \u00e9t\u00e9 propos\u00e9e en fin d\u2019avant-midi par la professeure Nicole Monney \u00e0 titre de <em>grand t\u00e9moin<\/em>. Notons que les participants ont \u00e9galement eu le privil\u00e8ge de compter sur la pr\u00e9sence de Martine\u00a0Peters, professeure \u00e0 l\u2019UQO et directrice du <a href=\"https:\/\/www.uqac.ca\/blog\/2021\/06\/17\/luqac-partie-prenante-du-partenariat-sur-la-prevention-du-plagiat\/\">Partenariat universitaire sur la pr\u00e9vention du plagiat (PPUP)<\/a>, alors qu&rsquo;elle abordait la th\u00e9matique de l\u2019int\u00e9grit\u00e9 acad\u00e9mique en conf\u00e9rence d&rsquo;ouverture.<\/p>\n<p>Un \u00e9v\u00e9nement tel que celui-ci t\u00e9moigne de l&rsquo;engagement de la communaut\u00e9 enseignante envers ses \u00e9tudiantes et \u00e9tudiants et ses pairs. Cette initiative contribue d\u2019une part \u00e0 renforcer les liens entre les actrices et acteurs de l\u2019enseignement universitaire, et d\u2019autre part \u00e0 favoriser le d\u00e9veloppement des meilleures pratiques p\u00e9dagogiques adapt\u00e9es \u00e0 la diversit\u00e9 \u00e9tudiante. En tant qu\u2019\u00e9tablissement d\u2019enseignement sup\u00e9rieur, l&rsquo;UQAC se fait un point d&rsquo;honneur de valoriser l\u2019enseignement et la p\u00e9dagogie, mais \u00e9galement de mettre en place les conditions favorables au maintien des bonnes pratiques ainsi qu\u2019au d\u00e9veloppement de strat\u00e9gies efficaces, rigoureuses et innovantes.<\/p>\n<p>Les capsules pr\u00e9sent\u00e9es lors du colloque ont \u00e9t\u00e9 enregistr\u00e9es et seront d\u00e9pos\u00e9es sur le <a href=\"https:\/\/www.uqac.ca\/carrefour\/colloque-2022\/\">site Web de l&rsquo;\u00e9v\u00e9nement<\/a>.<br \/>\nSurveillez la mise en ligne au cours des prochains jours!<\/p>\n<p>&nbsp;<\/p>\n","protected":false},"excerpt":{"rendered":"<p>Le jeudi 9 juin avait lieu l&rsquo;\u00e9dition 2022 du\u00a0Colloque de p\u00e9dagogie universitaire, propos\u00e9 cette ann\u00e9e sous le th\u00e8me \u00c9valuer autrement \u2013 r\u00e9flexions et pratiques inspirantes. Anciennement orchestr\u00e9 par le Centre de p\u00e9dagogie universitaire (CPU), le colloque \u00e9tait port\u00e9 cette ann\u00e9e par l\u2019\u00e9quipe du tout nouveau Carrefour de l\u2019enseignement et de l\u2019apprentissage, dont la direction acad\u00e9mique [&hellip;]<\/p>\n","protected":false},"author":5,"featured_media":41784,"comment_status":"closed","ping_status":"closed","sticky":false,"template":"","format":"standard","meta":{"footnotes":""},"categories":[61,4],"tags":[101,39,20,21,5,8,3,22,102,76,16],"yoast_head":"<!-- This site is optimized with the Yoast SEO plugin v24.2 - https:\/\/yoast.com\/wordpress\/plugins\/seo\/ -->\r\n<title>Le Carrefour pr\u00e9sente son tout premier Colloque de p\u00e9dagogie universitaire - UQACtualit\u00e9s<\/title>\r\n<meta name=\"robots\" content=\"index, follow, max-snippet:-1, max-image-preview:large, max-video-preview:-1\" \/>\r\n<link rel=\"canonical\" href=\"https:\/\/www.uqac.ca\/uqactualites\/2022\/06\/09\/le-carrefour-presente-son-tout-premier-colloque-de-pedagogie-universitaire\/\" \/>\r\n<meta property=\"og:locale\" content=\"fr_CA\" \/>\r\n<meta property=\"og:type\" content=\"article\" \/>\r\n<meta property=\"og:title\" content=\"Le Carrefour pr\u00e9sente son tout premier Colloque de p\u00e9dagogie universitaire - UQACtualit\u00e9s\" \/>\r\n<meta property=\"og:description\" content=\"Le jeudi 9 juin avait lieu l&rsquo;\u00e9dition 2022 du\u00a0Colloque de p\u00e9dagogie universitaire, propos\u00e9 cette ann\u00e9e sous le th\u00e8me \u00c9valuer autrement \u2013 r\u00e9flexions et pratiques inspirantes. Anciennement orchestr\u00e9 par le Centre de p\u00e9dagogie universitaire (CPU), le colloque \u00e9tait port\u00e9 cette ann\u00e9e par l\u2019\u00e9quipe du tout nouveau Carrefour de l\u2019enseignement et de l\u2019apprentissage, dont la direction acad\u00e9mique [&hellip;]\" \/>\r\n<meta property=\"og:url\" content=\"https:\/\/www.uqac.ca\/uqactualites\/2022\/06\/09\/le-carrefour-presente-son-tout-premier-colloque-de-pedagogie-universitaire\/\" \/>\r\n<meta property=\"og:site_name\" content=\"UQACtualit\u00e9s\" \/>\r\n<meta property=\"article:published_time\" content=\"2022-06-09T17:13:09+00:00\" \/>\r\n<meta property=\"article:modified_time\" content=\"2023-10-23T18:32:37+00:00\" \/>\r\n<meta property=\"og:image\" content=\"https:\/\/www.uqac.ca\/uqactualites\/wp-content\/uploads\/2022\/06\/NUM_CPU_FbkEven1220x628.jpg\" \/>\r\n\t<meta property=\"og:image:width\" content=\"1220\" \/>\r\n\t<meta property=\"og:image:height\" content=\"628\" \/>\r\n\t<meta property=\"og:image:type\" content=\"image\/jpeg\" \/>\r\n<meta name=\"author\" content=\"Service des communications et des relations publiques\" \/>\r\n<meta name=\"twitter:card\" content=\"summary_large_image\" \/>\r\n<meta name=\"twitter:label1\" content=\"\u00c9crit par\" \/>\n\t<meta name=\"twitter:data1\" content=\"Service des communications et des relations publiques\" \/>\n\t<meta name=\"twitter:label2\" content=\"Estimation du temps de lecture\" \/>\n\t<meta name=\"twitter:data2\" content=\"2 minutes\" \/>\r\n<script type=\"application\/ld+json\" class=\"yoast-schema-graph\">{\"@context\":\"https:\/\/schema.org\",\"@graph\":[{\"@type\":\"WebPage\",\"@id\":\"https:\/\/www.uqac.ca\/uqactualites\/2022\/06\/09\/le-carrefour-presente-son-tout-premier-colloque-de-pedagogie-universitaire\/\",\"url\":\"https:\/\/www.uqac.ca\/uqactualites\/2022\/06\/09\/le-carrefour-presente-son-tout-premier-colloque-de-pedagogie-universitaire\/\",\"name\":\"Le Carrefour pr\u00e9sente son tout premier Colloque de p\u00e9dagogie universitaire - UQACtualit\u00e9s\",\"isPartOf\":{\"@id\":\"https:\/\/www.uqac.ca\/uqactualites\/#website\"},\"primaryImageOfPage\":{\"@id\":\"https:\/\/www.uqac.ca\/uqactualites\/2022\/06\/09\/le-carrefour-presente-son-tout-premier-colloque-de-pedagogie-universitaire\/#primaryimage\"},\"image\":{\"@id\":\"https:\/\/www.uqac.ca\/uqactualites\/2022\/06\/09\/le-carrefour-presente-son-tout-premier-colloque-de-pedagogie-universitaire\/#primaryimage\"},\"thumbnailUrl\":\"https:\/\/www.uqac.ca\/uqactualites\/wp-content\/uploads\/2022\/06\/NUM_CPU_FbkEven1220x628.jpg\",\"datePublished\":\"2022-06-09T17:13:09+00:00\",\"dateModified\":\"2023-10-23T18:32:37+00:00\",\"author\":{\"@id\":\"https:\/\/www.uqac.ca\/uqactualites\/#\/schema\/person\/366c45a0c4f0e677b41b4af5886e2018\"},\"breadcrumb\":{\"@id\":\"https:\/\/www.uqac.ca\/uqactualites\/2022\/06\/09\/le-carrefour-presente-son-tout-premier-colloque-de-pedagogie-universitaire\/#breadcrumb\"},\"inLanguage\":\"fr-CA\",\"potentialAction\":[{\"@type\":\"ReadAction\",\"target\":[\"https:\/\/www.uqac.ca\/uqactualites\/2022\/06\/09\/le-carrefour-presente-son-tout-premier-colloque-de-pedagogie-universitaire\/\"]}]},{\"@type\":\"ImageObject\",\"inLanguage\":\"fr-CA\",\"@id\":\"https:\/\/www.uqac.ca\/uqactualites\/2022\/06\/09\/le-carrefour-presente-son-tout-premier-colloque-de-pedagogie-universitaire\/#primaryimage\",\"url\":\"https:\/\/www.uqac.ca\/uqactualites\/wp-content\/uploads\/2022\/06\/NUM_CPU_FbkEven1220x628.jpg\",\"contentUrl\":\"https:\/\/www.uqac.ca\/uqactualites\/wp-content\/uploads\/2022\/06\/NUM_CPU_FbkEven1220x628.jpg\",\"width\":1220,\"height\":628},{\"@type\":\"BreadcrumbList\",\"@id\":\"https:\/\/www.uqac.ca\/uqactualites\/2022\/06\/09\/le-carrefour-presente-son-tout-premier-colloque-de-pedagogie-universitaire\/#breadcrumb\",\"itemListElement\":[{\"@type\":\"ListItem\",\"position\":1,\"name\":\"Home\",\"item\":\"https:\/\/www.uqac.ca\/uqactualites\/\"},{\"@type\":\"ListItem\",\"position\":2,\"name\":\"Le Carrefour pr\u00e9sente son tout premier Colloque de p\u00e9dagogie universitaire\"}]},{\"@type\":\"WebSite\",\"@id\":\"https:\/\/www.uqac.ca\/uqactualites\/#website\",\"url\":\"https:\/\/www.uqac.ca\/uqactualites\/\",\"name\":\"UQACtualit\u00e9s\",\"description\":\"Le portail des nouvelles de l&#039;UQAC\",\"potentialAction\":[{\"@type\":\"SearchAction\",\"target\":{\"@type\":\"EntryPoint\",\"urlTemplate\":\"https:\/\/www.uqac.ca\/uqactualites\/?s={search_term_string}\"},\"query-input\":{\"@type\":\"PropertyValueSpecification\",\"valueRequired\":true,\"valueName\":\"search_term_string\"}}],\"inLanguage\":\"fr-CA\"},{\"@type\":\"Person\",\"@id\":\"https:\/\/www.uqac.ca\/uqactualites\/#\/schema\/person\/366c45a0c4f0e677b41b4af5886e2018\",\"name\":\"Service des communications et des relations publiques\",\"image\":{\"@type\":\"ImageObject\",\"inLanguage\":\"fr-CA\",\"@id\":\"https:\/\/www.uqac.ca\/uqactualites\/#\/schema\/person\/image\/\",\"url\":\"https:\/\/secure.gravatar.com\/avatar\/20fbbda8a292f59f2d3461a5b999c00b?s=96&d=mm&r=g\",\"contentUrl\":\"https:\/\/secure.gravatar.com\/avatar\/20fbbda8a292f59f2d3461a5b999c00b?s=96&d=mm&r=g\",\"caption\":\"Service des communications et des relations publiques\"},\"url\":\"https:\/\/www.uqac.ca\/uqactualites\/author\/bap\/\"}]}<\/script>\r\n<!-- \/ Yoast SEO plugin. -->","yoast_head_json":{"title":"Le Carrefour pr\u00e9sente son tout premier Colloque de p\u00e9dagogie universitaire - UQACtualit\u00e9s","robots":{"index":"index","follow":"follow","max-snippet":"max-snippet:-1","max-image-preview":"max-image-preview:large","max-video-preview":"max-video-preview:-1"},"canonical":"https:\/\/www.uqac.ca\/uqactualites\/2022\/06\/09\/le-carrefour-presente-son-tout-premier-colloque-de-pedagogie-universitaire\/","og_locale":"fr_CA","og_type":"article","og_title":"Le Carrefour pr\u00e9sente son tout premier Colloque de p\u00e9dagogie universitaire - UQACtualit\u00e9s","og_description":"Le jeudi 9 juin avait lieu l&rsquo;\u00e9dition 2022 du\u00a0Colloque de p\u00e9dagogie universitaire, propos\u00e9 cette ann\u00e9e sous le th\u00e8me \u00c9valuer autrement \u2013 r\u00e9flexions et pratiques inspirantes. Anciennement orchestr\u00e9 par le Centre de p\u00e9dagogie universitaire (CPU), le colloque \u00e9tait port\u00e9 cette ann\u00e9e par l\u2019\u00e9quipe du tout nouveau Carrefour de l\u2019enseignement et de l\u2019apprentissage, dont la direction acad\u00e9mique [&hellip;]","og_url":"https:\/\/www.uqac.ca\/uqactualites\/2022\/06\/09\/le-carrefour-presente-son-tout-premier-colloque-de-pedagogie-universitaire\/","og_site_name":"UQACtualit\u00e9s","article_published_time":"2022-06-09T17:13:09+00:00","article_modified_time":"2023-10-23T18:32:37+00:00","og_image":[{"width":1220,"height":628,"url":"https:\/\/www.uqac.ca\/uqactualites\/wp-content\/uploads\/2022\/06\/NUM_CPU_FbkEven1220x628.jpg","type":"image\/jpeg"}],"author":"Service des communications et des relations publiques","twitter_card":"summary_large_image","twitter_misc":{"\u00c9crit par":"Service des communications et des relations publiques","Estimation du temps de lecture":"2 minutes"},"schema":{"@context":"https:\/\/schema.org","@graph":[{"@type":"WebPage","@id":"https:\/\/www.uqac.ca\/uqactualites\/2022\/06\/09\/le-carrefour-presente-son-tout-premier-colloque-de-pedagogie-universitaire\/","url":"https:\/\/www.uqac.ca\/uqactualites\/2022\/06\/09\/le-carrefour-presente-son-tout-premier-colloque-de-pedagogie-universitaire\/","name":"Le Carrefour pr\u00e9sente son tout premier Colloque de p\u00e9dagogie universitaire - UQACtualit\u00e9s","isPartOf":{"@id":"https:\/\/www.uqac.ca\/uqactualites\/#website"},"primaryImageOfPage":{"@id":"https:\/\/www.uqac.ca\/uqactualites\/2022\/06\/09\/le-carrefour-presente-son-tout-premier-colloque-de-pedagogie-universitaire\/#primaryimage"},"image":{"@id":"https:\/\/www.uqac.ca\/uqactualites\/2022\/06\/09\/le-carrefour-presente-son-tout-premier-colloque-de-pedagogie-universitaire\/#primaryimage"},"thumbnailUrl":"https:\/\/www.uqac.ca\/uqactualites\/wp-content\/uploads\/2022\/06\/NUM_CPU_FbkEven1220x628.jpg","datePublished":"2022-06-09T17:13:09+00:00","dateModified":"2023-10-23T18:32:37+00:00","author":{"@id":"https:\/\/www.uqac.ca\/uqactualites\/#\/schema\/person\/366c45a0c4f0e677b41b4af5886e2018"},"breadcrumb":{"@id":"https:\/\/www.uqac.ca\/uqactualites\/2022\/06\/09\/le-carrefour-presente-son-tout-premier-colloque-de-pedagogie-universitaire\/#breadcrumb"},"inLanguage":"fr-CA","potentialAction":[{"@type":"ReadAction","target":["https:\/\/www.uqac.ca\/uqactualites\/2022\/06\/09\/le-carrefour-presente-son-tout-premier-colloque-de-pedagogie-universitaire\/"]}]},{"@type":"ImageObject","inLanguage":"fr-CA","@id":"https:\/\/www.uqac.ca\/uqactualites\/2022\/06\/09\/le-carrefour-presente-son-tout-premier-colloque-de-pedagogie-universitaire\/#primaryimage","url":"https:\/\/www.uqac.ca\/uqactualites\/wp-content\/uploads\/2022\/06\/NUM_CPU_FbkEven1220x628.jpg","contentUrl":"https:\/\/www.uqac.ca\/uqactualites\/wp-content\/uploads\/2022\/06\/NUM_CPU_FbkEven1220x628.jpg","width":1220,"height":628},{"@type":"BreadcrumbList","@id":"https:\/\/www.uqac.ca\/uqactualites\/2022\/06\/09\/le-carrefour-presente-son-tout-premier-colloque-de-pedagogie-universitaire\/#breadcrumb","itemListElement":[{"@type":"ListItem","position":1,"name":"Home","item":"https:\/\/www.uqac.ca\/uqactualites\/"},{"@type":"ListItem","position":2,"name":"Le Carrefour pr\u00e9sente son tout premier Colloque de p\u00e9dagogie universitaire"}]},{"@type":"WebSite","@id":"https:\/\/www.uqac.ca\/uqactualites\/#website","url":"https:\/\/www.uqac.ca\/uqactualites\/","name":"UQACtualit\u00e9s","description":"Le portail des nouvelles de l&#039;UQAC","potentialAction":[{"@type":"SearchAction","target":{"@type":"EntryPoint","urlTemplate":"https:\/\/www.uqac.ca\/uqactualites\/?s={search_term_string}"},"query-input":{"@type":"PropertyValueSpecification","valueRequired":true,"valueName":"search_term_string"}}],"inLanguage":"fr-CA"},{"@type":"Person","@id":"https:\/\/www.uqac.ca\/uqactualites\/#\/schema\/person\/366c45a0c4f0e677b41b4af5886e2018","name":"Service des communications et des relations publiques","image":{"@type":"ImageObject","inLanguage":"fr-CA","@id":"https:\/\/www.uqac.ca\/uqactualites\/#\/schema\/person\/image\/","url":"https:\/\/secure.gravatar.com\/avatar\/20fbbda8a292f59f2d3461a5b999c00b?s=96&d=mm&r=g","contentUrl":"https:\/\/secure.gravatar.com\/avatar\/20fbbda8a292f59f2d3461a5b999c00b?s=96&d=mm&r=g","caption":"Service des communications et des relations publiques"},"url":"https:\/\/www.uqac.ca\/uqactualites\/author\/bap\/"}]}},"_links":{"self":[{"href":"https:\/\/www.uqac.ca\/uqactualites\/wp-json\/wp\/v2\/posts\/41782"}],"collection":[{"href":"https:\/\/www.uqac.ca\/uqactualites\/wp-json\/wp\/v2\/posts"}],"about":[{"href":"https:\/\/www.uqac.ca\/uqactualites\/wp-json\/wp\/v2\/types\/post"}],"author":[{"embeddable":true,"href":"https:\/\/www.uqac.ca\/uqactualites\/wp-json\/wp\/v2\/users\/5"}],"replies":[{"embeddable":true,"href":"https:\/\/www.uqac.ca\/uqactualites\/wp-json\/wp\/v2\/comments?post=41782"}],"version-history":[{"count":1,"href":"https:\/\/www.uqac.ca\/uqactualites\/wp-json\/wp\/v2\/posts\/41782\/revisions"}],"predecessor-version":[{"id":44982,"href":"https:\/\/www.uqac.ca\/uqactualites\/wp-json\/wp\/v2\/posts\/41782\/revisions\/44982"}],"wp:featuredmedia":[{"embeddable":true,"href":"https:\/\/www.uqac.ca\/uqactualites\/wp-json\/wp\/v2\/media\/41784"}],"wp:attachment":[{"href":"https:\/\/www.uqac.ca\/uqactualites\/wp-json\/wp\/v2\/media?parent=41782"}],"wp:term":[{"taxonomy":"category","embeddable":true,"href":"https:\/\/www.uqac.ca\/uqactualites\/wp-json\/wp\/v2\/categories?post=41782"},{"taxonomy":"post_tag","embeddable":true,"href":"https:\/\/www.uqac.ca\/uqactualites\/wp-json\/wp\/v2\/tags?post=41782"}],"curies":[{"name":"wp","href":"https:\/\/api.w.org\/{rel}","templated":true}]}}