{"id":41823,"date":"2022-06-22T14:47:44","date_gmt":"2022-06-22T18:47:44","guid":{"rendered":"https:\/\/www.uqac.ca\/?p=41823"},"modified":"2022-06-22T14:47:44","modified_gmt":"2022-06-22T18:47:44","slug":"pres-de-4-m-pour-ameliorer-loffre-dinfrastructures-sportives-et-recreatives","status":"publish","type":"post","link":"https:\/\/www.uqac.ca\/uqactualites\/2022\/06\/22\/pres-de-4-m-pour-ameliorer-loffre-dinfrastructures-sportives-et-recreatives\/","title":{"rendered":"Pr\u00e8s de 4 M$ pour am\u00e9liorer l\u2019offre d\u2019infrastructures sportives et r\u00e9cr\u00e9atives"},"content":{"rendered":"<p>La d\u00e9put\u00e9e de Chicoutimi, ministre des Affaires municipales et de l\u2019Habitation et ministre responsable de la r\u00e9gion du Saguenay \u2013 Lac-Saint-Jean, Andr\u00e9e Laforest, \u00e9tait de passage \u00e0 l\u2019UQAC pour d\u00e9voiler une aide financi\u00e8re totalisant 3\u00a0836\u00a0708,14 $ destin\u00e9e \u00e0 l\u2019am\u00e9lioration des infrastructures sportives et r\u00e9cr\u00e9atives du campus.<\/p>\n<p>Le projet qui s\u2019inscrit dans le nouveau Programme de soutien aux infrastructures sportives et r\u00e9cr\u00e9atives scolaires et d\u2019enseignement sup\u00e9rieur (PSISRSES) permettra notamment la r\u00e9fection du terrain synth\u00e9tique de football\/soccer, l\u2019ajout d\u2019une piste d\u2019athl\u00e9tisme comportant six couloirs de 400 m\u00e8tres et deux couloirs additionnels pour le 100m ainsi que le remplacement du tableau indicateur.<\/p>\n<p><strong>\u00a0<\/strong>\u00ab\u00a0Ce projet correspond \u00e0 notre volont\u00e9 de cr\u00e9er un milieu de vie, sur le campus, qui permettra \u00e0 notre communaut\u00e9 et \u00e0 la population de toute la r\u00e9gion de fr\u00e9quenter des installations sportives de haut calibre tout en s\u2019appropriant notre universit\u00e9. Le sport est un puissant argument de recrutement pour les \u00e9tudiants et \u00e9tudiantes de partout au Qu\u00e9bec comme \u00e0 l\u2019international et nous souhaitons le mettre de l\u2019avant pour attirer de nouveaux universitaires qui feront le choix de demeurer chez nous. Finalement, je tiens \u00e0 souligner le souci d\u2019\u00e9conomie d\u2019\u00e9nergie et de choix de mat\u00e9riaux durables qui sous-tendent la conception de ce projet parce que le d\u00e9veloppement durable est aussi une valeur ch\u00e8re \u00e0 notre communaut\u00e9.\u00a0\u00bb\u00a0<em>Ghislain Samson, recteur de l\u2019Universit\u00e9 du Qu\u00e9bec \u00e0 Chicoutimi<\/em><\/p>\n<p>\u00ab\u00a0Il s\u2019agit d\u2019une magnifique nouvelle pour la population de ma circonscription de Chicoutimi, mais \u00e9galement pour toutes les citoyennes et tous les citoyens de Saguenay. Il ne fait aucun doute que ces nouvelles infrastructures augmenteront significativement la qualit\u00e9 de vie de toutes et de tous.\u00a0Bouger est synonyme de bien-\u00eatre et de plus en plus de personnes pourront avoir acc\u00e8s \u00e0 des lieux propices pour le faire gr\u00e2ce aux efforts de notre gouvernement pour augmenter l\u2019offre d\u2019infrastructures r\u00e9cr\u00e9atives et sportives partout au Qu\u00e9bec. \u00bb\u00a0<em>Andr\u00e9e Laforest, d\u00e9put\u00e9e de Chicoutimi, ministre des Affaires municipales et de l\u2019Habitation et ministre responsable de la r\u00e9gion du Saguenay \u2013 Lac-Saint-Jean<\/em><\/p>\n<p>\u00ab\u00a0Depuis mon arriv\u00e9e en poste, une de mes priorit\u00e9s est de favoriser l\u2019accessibilit\u00e9 aux activit\u00e9s sportives et r\u00e9cr\u00e9atives pour toute la population, et cela passe notamment par la pr\u00e9sence d\u2019infrastructures de qualit\u00e9, \u00e0 proximit\u00e9. On sait que les besoins dans les \u00e9coles secondaires et les \u00e9tablissements d\u2019enseignement sup\u00e9rieur sont grands. Ce programme a \u00e9t\u00e9 cr\u00e9\u00e9 pour r\u00e9pondre aux d\u00e9fis auxquels fait face le r\u00e9seau scolaire et contribuera \u00e0 pourvoir aux besoins d\u2019une client\u00e8le en forte croissance. Depuis mon arriv\u00e9e en poste, pr\u00e8s de 800\u00a0millions de dollars ont \u00e9t\u00e9 investis pour construire ou r\u00e9nover plus de 1\u00a0000\u00a0infrastructures de sport, de loisir ou de plein air. Ces 81\u00a0nouveaux projets permettront d\u2019\u00e9tendre encore plus l\u2019offre de service, au b\u00e9n\u00e9fice de la population.\u00a0\u00bb\u00a0<em>Isabelle Charest, ministre d\u00e9l\u00e9gu\u00e9e \u00e0 l\u2019\u00c9ducation et ministre responsable de la Condition f\u00e9minine<\/em><\/p>\n<p><em>\u00a0<\/em><\/p>\n<p><strong>PHOTO<\/strong><br \/>\nFr\u00e9d\u00e9ric Desgagn\u00e9, directeur du Service des immeubles et \u00e9quipements et Service des activit\u00e9s et am\u00e9nagements sportifs, la ministre Andr\u00e9e Laforest et le recteur Ghislain Samson.<\/p>\n<p>&nbsp;<\/p>\n","protected":false},"excerpt":{"rendered":"<p>La d\u00e9put\u00e9e de Chicoutimi, ministre des Affaires municipales et de l\u2019Habitation et ministre responsable de la r\u00e9gion du Saguenay \u2013 Lac-Saint-Jean, Andr\u00e9e Laforest, \u00e9tait de passage \u00e0 l\u2019UQAC pour d\u00e9voiler une aide financi\u00e8re totalisant 3\u00a0836\u00a0708,14 $ destin\u00e9e \u00e0 l\u2019am\u00e9lioration des infrastructures sportives et r\u00e9cr\u00e9atives du campus. Le projet qui s\u2019inscrit dans le nouveau Programme de [&hellip;]<\/p>\n","protected":false},"author":5,"featured_media":41824,"comment_status":"closed","ping_status":"closed","sticky":false,"template":"","format":"standard","meta":{"footnotes":""},"categories":[2],"tags":[],"yoast_head":"<!-- This site is optimized with the Yoast SEO plugin v24.2 - https:\/\/yoast.com\/wordpress\/plugins\/seo\/ -->\r\n<title>Pr\u00e8s de 4 M$ pour am\u00e9liorer l\u2019offre d\u2019infrastructures sportives et r\u00e9cr\u00e9atives - UQACtualit\u00e9s<\/title>\r\n<meta name=\"robots\" content=\"index, follow, max-snippet:-1, max-image-preview:large, max-video-preview:-1\" \/>\r\n<link rel=\"canonical\" href=\"https:\/\/www.uqac.ca\/uqactualites\/2022\/06\/22\/pres-de-4-m-pour-ameliorer-loffre-dinfrastructures-sportives-et-recreatives\/\" \/>\r\n<meta property=\"og:locale\" content=\"fr_CA\" \/>\r\n<meta property=\"og:type\" content=\"article\" \/>\r\n<meta property=\"og:title\" content=\"Pr\u00e8s de 4 M$ pour am\u00e9liorer l\u2019offre d\u2019infrastructures sportives et r\u00e9cr\u00e9atives - UQACtualit\u00e9s\" \/>\r\n<meta property=\"og:description\" content=\"La d\u00e9put\u00e9e de Chicoutimi, ministre des Affaires municipales et de l\u2019Habitation et ministre responsable de la r\u00e9gion du Saguenay \u2013 Lac-Saint-Jean, Andr\u00e9e Laforest, \u00e9tait de passage \u00e0 l\u2019UQAC pour d\u00e9voiler une aide financi\u00e8re totalisant 3\u00a0836\u00a0708,14 $ destin\u00e9e \u00e0 l\u2019am\u00e9lioration des infrastructures sportives et r\u00e9cr\u00e9atives du campus. Le projet qui s\u2019inscrit dans le nouveau Programme de [&hellip;]\" \/>\r\n<meta property=\"og:url\" content=\"https:\/\/www.uqac.ca\/uqactualites\/2022\/06\/22\/pres-de-4-m-pour-ameliorer-loffre-dinfrastructures-sportives-et-recreatives\/\" \/>\r\n<meta property=\"og:site_name\" content=\"UQACtualit\u00e9s\" \/>\r\n<meta property=\"article:published_time\" content=\"2022-06-22T18:47:44+00:00\" \/>\r\n<meta property=\"og:image\" content=\"https:\/\/www.uqac.ca\/uqactualites\/wp-content\/uploads\/2022\/06\/MicrosoftTeams-image-51.jpg\" \/>\r\n\t<meta property=\"og:image:width\" content=\"1812\" \/>\r\n\t<meta property=\"og:image:height\" content=\"1094\" \/>\r\n\t<meta property=\"og:image:type\" content=\"image\/jpeg\" \/>\r\n<meta name=\"author\" content=\"Service des communications et des relations publiques\" \/>\r\n<meta name=\"twitter:card\" content=\"summary_large_image\" \/>\r\n<meta name=\"twitter:label1\" content=\"\u00c9crit par\" \/>\n\t<meta name=\"twitter:data1\" content=\"Service des communications et des relations publiques\" \/>\n\t<meta name=\"twitter:label2\" content=\"Estimation du temps de lecture\" \/>\n\t<meta name=\"twitter:data2\" content=\"3 minutes\" \/>\r\n<script type=\"application\/ld+json\" class=\"yoast-schema-graph\">{\"@context\":\"https:\/\/schema.org\",\"@graph\":[{\"@type\":\"WebPage\",\"@id\":\"https:\/\/www.uqac.ca\/uqactualites\/2022\/06\/22\/pres-de-4-m-pour-ameliorer-loffre-dinfrastructures-sportives-et-recreatives\/\",\"url\":\"https:\/\/www.uqac.ca\/uqactualites\/2022\/06\/22\/pres-de-4-m-pour-ameliorer-loffre-dinfrastructures-sportives-et-recreatives\/\",\"name\":\"Pr\u00e8s de 4 M$ pour am\u00e9liorer l\u2019offre d\u2019infrastructures sportives et r\u00e9cr\u00e9atives - UQACtualit\u00e9s\",\"isPartOf\":{\"@id\":\"https:\/\/www.uqac.ca\/uqactualites\/#website\"},\"primaryImageOfPage\":{\"@id\":\"https:\/\/www.uqac.ca\/uqactualites\/2022\/06\/22\/pres-de-4-m-pour-ameliorer-loffre-dinfrastructures-sportives-et-recreatives\/#primaryimage\"},\"image\":{\"@id\":\"https:\/\/www.uqac.ca\/uqactualites\/2022\/06\/22\/pres-de-4-m-pour-ameliorer-loffre-dinfrastructures-sportives-et-recreatives\/#primaryimage\"},\"thumbnailUrl\":\"https:\/\/www.uqac.ca\/uqactualites\/wp-content\/uploads\/2022\/06\/MicrosoftTeams-image-51.jpg\",\"datePublished\":\"2022-06-22T18:47:44+00:00\",\"dateModified\":\"2022-06-22T18:47:44+00:00\",\"author\":{\"@id\":\"https:\/\/www.uqac.ca\/uqactualites\/#\/schema\/person\/366c45a0c4f0e677b41b4af5886e2018\"},\"breadcrumb\":{\"@id\":\"https:\/\/www.uqac.ca\/uqactualites\/2022\/06\/22\/pres-de-4-m-pour-ameliorer-loffre-dinfrastructures-sportives-et-recreatives\/#breadcrumb\"},\"inLanguage\":\"fr-CA\",\"potentialAction\":[{\"@type\":\"ReadAction\",\"target\":[\"https:\/\/www.uqac.ca\/uqactualites\/2022\/06\/22\/pres-de-4-m-pour-ameliorer-loffre-dinfrastructures-sportives-et-recreatives\/\"]}]},{\"@type\":\"ImageObject\",\"inLanguage\":\"fr-CA\",\"@id\":\"https:\/\/www.uqac.ca\/uqactualites\/2022\/06\/22\/pres-de-4-m-pour-ameliorer-loffre-dinfrastructures-sportives-et-recreatives\/#primaryimage\",\"url\":\"https:\/\/www.uqac.ca\/uqactualites\/wp-content\/uploads\/2022\/06\/MicrosoftTeams-image-51.jpg\",\"contentUrl\":\"https:\/\/www.uqac.ca\/uqactualites\/wp-content\/uploads\/2022\/06\/MicrosoftTeams-image-51.jpg\",\"width\":1812,\"height\":1094},{\"@type\":\"BreadcrumbList\",\"@id\":\"https:\/\/www.uqac.ca\/uqactualites\/2022\/06\/22\/pres-de-4-m-pour-ameliorer-loffre-dinfrastructures-sportives-et-recreatives\/#breadcrumb\",\"itemListElement\":[{\"@type\":\"ListItem\",\"position\":1,\"name\":\"Home\",\"item\":\"https:\/\/www.uqac.ca\/uqactualites\/\"},{\"@type\":\"ListItem\",\"position\":2,\"name\":\"Pr\u00e8s de 4 M$ pour am\u00e9liorer l\u2019offre d\u2019infrastructures sportives et r\u00e9cr\u00e9atives\"}]},{\"@type\":\"WebSite\",\"@id\":\"https:\/\/www.uqac.ca\/uqactualites\/#website\",\"url\":\"https:\/\/www.uqac.ca\/uqactualites\/\",\"name\":\"UQACtualit\u00e9s\",\"description\":\"Le portail des nouvelles de l&#039;UQAC\",\"potentialAction\":[{\"@type\":\"SearchAction\",\"target\":{\"@type\":\"EntryPoint\",\"urlTemplate\":\"https:\/\/www.uqac.ca\/uqactualites\/?s={search_term_string}\"},\"query-input\":{\"@type\":\"PropertyValueSpecification\",\"valueRequired\":true,\"valueName\":\"search_term_string\"}}],\"inLanguage\":\"fr-CA\"},{\"@type\":\"Person\",\"@id\":\"https:\/\/www.uqac.ca\/uqactualites\/#\/schema\/person\/366c45a0c4f0e677b41b4af5886e2018\",\"name\":\"Service des communications et des relations publiques\",\"image\":{\"@type\":\"ImageObject\",\"inLanguage\":\"fr-CA\",\"@id\":\"https:\/\/www.uqac.ca\/uqactualites\/#\/schema\/person\/image\/\",\"url\":\"https:\/\/secure.gravatar.com\/avatar\/20fbbda8a292f59f2d3461a5b999c00b?s=96&d=mm&r=g\",\"contentUrl\":\"https:\/\/secure.gravatar.com\/avatar\/20fbbda8a292f59f2d3461a5b999c00b?s=96&d=mm&r=g\",\"caption\":\"Service des communications et des relations publiques\"},\"url\":\"https:\/\/www.uqac.ca\/uqactualites\/author\/bap\/\"}]}<\/script>\r\n<!-- \/ Yoast SEO plugin. -->","yoast_head_json":{"title":"Pr\u00e8s de 4 M$ pour am\u00e9liorer l\u2019offre d\u2019infrastructures sportives et r\u00e9cr\u00e9atives - UQACtualit\u00e9s","robots":{"index":"index","follow":"follow","max-snippet":"max-snippet:-1","max-image-preview":"max-image-preview:large","max-video-preview":"max-video-preview:-1"},"canonical":"https:\/\/www.uqac.ca\/uqactualites\/2022\/06\/22\/pres-de-4-m-pour-ameliorer-loffre-dinfrastructures-sportives-et-recreatives\/","og_locale":"fr_CA","og_type":"article","og_title":"Pr\u00e8s de 4 M$ pour am\u00e9liorer l\u2019offre d\u2019infrastructures sportives et r\u00e9cr\u00e9atives - UQACtualit\u00e9s","og_description":"La d\u00e9put\u00e9e de Chicoutimi, ministre des Affaires municipales et de l\u2019Habitation et ministre responsable de la r\u00e9gion du Saguenay \u2013 Lac-Saint-Jean, Andr\u00e9e Laforest, \u00e9tait de passage \u00e0 l\u2019UQAC pour d\u00e9voiler une aide financi\u00e8re totalisant 3\u00a0836\u00a0708,14 $ destin\u00e9e \u00e0 l\u2019am\u00e9lioration des infrastructures sportives et r\u00e9cr\u00e9atives du campus. Le projet qui s\u2019inscrit dans le nouveau Programme de [&hellip;]","og_url":"https:\/\/www.uqac.ca\/uqactualites\/2022\/06\/22\/pres-de-4-m-pour-ameliorer-loffre-dinfrastructures-sportives-et-recreatives\/","og_site_name":"UQACtualit\u00e9s","article_published_time":"2022-06-22T18:47:44+00:00","og_image":[{"width":1812,"height":1094,"url":"https:\/\/www.uqac.ca\/uqactualites\/wp-content\/uploads\/2022\/06\/MicrosoftTeams-image-51.jpg","type":"image\/jpeg"}],"author":"Service des communications et des relations publiques","twitter_card":"summary_large_image","twitter_misc":{"\u00c9crit par":"Service des communications et des relations publiques","Estimation du temps de lecture":"3 minutes"},"schema":{"@context":"https:\/\/schema.org","@graph":[{"@type":"WebPage","@id":"https:\/\/www.uqac.ca\/uqactualites\/2022\/06\/22\/pres-de-4-m-pour-ameliorer-loffre-dinfrastructures-sportives-et-recreatives\/","url":"https:\/\/www.uqac.ca\/uqactualites\/2022\/06\/22\/pres-de-4-m-pour-ameliorer-loffre-dinfrastructures-sportives-et-recreatives\/","name":"Pr\u00e8s de 4 M$ pour am\u00e9liorer l\u2019offre d\u2019infrastructures sportives et r\u00e9cr\u00e9atives - UQACtualit\u00e9s","isPartOf":{"@id":"https:\/\/www.uqac.ca\/uqactualites\/#website"},"primaryImageOfPage":{"@id":"https:\/\/www.uqac.ca\/uqactualites\/2022\/06\/22\/pres-de-4-m-pour-ameliorer-loffre-dinfrastructures-sportives-et-recreatives\/#primaryimage"},"image":{"@id":"https:\/\/www.uqac.ca\/uqactualites\/2022\/06\/22\/pres-de-4-m-pour-ameliorer-loffre-dinfrastructures-sportives-et-recreatives\/#primaryimage"},"thumbnailUrl":"https:\/\/www.uqac.ca\/uqactualites\/wp-content\/uploads\/2022\/06\/MicrosoftTeams-image-51.jpg","datePublished":"2022-06-22T18:47:44+00:00","dateModified":"2022-06-22T18:47:44+00:00","author":{"@id":"https:\/\/www.uqac.ca\/uqactualites\/#\/schema\/person\/366c45a0c4f0e677b41b4af5886e2018"},"breadcrumb":{"@id":"https:\/\/www.uqac.ca\/uqactualites\/2022\/06\/22\/pres-de-4-m-pour-ameliorer-loffre-dinfrastructures-sportives-et-recreatives\/#breadcrumb"},"inLanguage":"fr-CA","potentialAction":[{"@type":"ReadAction","target":["https:\/\/www.uqac.ca\/uqactualites\/2022\/06\/22\/pres-de-4-m-pour-ameliorer-loffre-dinfrastructures-sportives-et-recreatives\/"]}]},{"@type":"ImageObject","inLanguage":"fr-CA","@id":"https:\/\/www.uqac.ca\/uqactualites\/2022\/06\/22\/pres-de-4-m-pour-ameliorer-loffre-dinfrastructures-sportives-et-recreatives\/#primaryimage","url":"https:\/\/www.uqac.ca\/uqactualites\/wp-content\/uploads\/2022\/06\/MicrosoftTeams-image-51.jpg","contentUrl":"https:\/\/www.uqac.ca\/uqactualites\/wp-content\/uploads\/2022\/06\/MicrosoftTeams-image-51.jpg","width":1812,"height":1094},{"@type":"BreadcrumbList","@id":"https:\/\/www.uqac.ca\/uqactualites\/2022\/06\/22\/pres-de-4-m-pour-ameliorer-loffre-dinfrastructures-sportives-et-recreatives\/#breadcrumb","itemListElement":[{"@type":"ListItem","position":1,"name":"Home","item":"https:\/\/www.uqac.ca\/uqactualites\/"},{"@type":"ListItem","position":2,"name":"Pr\u00e8s de 4 M$ pour am\u00e9liorer l\u2019offre d\u2019infrastructures sportives et r\u00e9cr\u00e9atives"}]},{"@type":"WebSite","@id":"https:\/\/www.uqac.ca\/uqactualites\/#website","url":"https:\/\/www.uqac.ca\/uqactualites\/","name":"UQACtualit\u00e9s","description":"Le portail des nouvelles de l&#039;UQAC","potentialAction":[{"@type":"SearchAction","target":{"@type":"EntryPoint","urlTemplate":"https:\/\/www.uqac.ca\/uqactualites\/?s={search_term_string}"},"query-input":{"@type":"PropertyValueSpecification","valueRequired":true,"valueName":"search_term_string"}}],"inLanguage":"fr-CA"},{"@type":"Person","@id":"https:\/\/www.uqac.ca\/uqactualites\/#\/schema\/person\/366c45a0c4f0e677b41b4af5886e2018","name":"Service des communications et des relations publiques","image":{"@type":"ImageObject","inLanguage":"fr-CA","@id":"https:\/\/www.uqac.ca\/uqactualites\/#\/schema\/person\/image\/","url":"https:\/\/secure.gravatar.com\/avatar\/20fbbda8a292f59f2d3461a5b999c00b?s=96&d=mm&r=g","contentUrl":"https:\/\/secure.gravatar.com\/avatar\/20fbbda8a292f59f2d3461a5b999c00b?s=96&d=mm&r=g","caption":"Service des communications et des relations publiques"},"url":"https:\/\/www.uqac.ca\/uqactualites\/author\/bap\/"}]}},"_links":{"self":[{"href":"https:\/\/www.uqac.ca\/uqactualites\/wp-json\/wp\/v2\/posts\/41823"}],"collection":[{"href":"https:\/\/www.uqac.ca\/uqactualites\/wp-json\/wp\/v2\/posts"}],"about":[{"href":"https:\/\/www.uqac.ca\/uqactualites\/wp-json\/wp\/v2\/types\/post"}],"author":[{"embeddable":true,"href":"https:\/\/www.uqac.ca\/uqactualites\/wp-json\/wp\/v2\/users\/5"}],"replies":[{"embeddable":true,"href":"https:\/\/www.uqac.ca\/uqactualites\/wp-json\/wp\/v2\/comments?post=41823"}],"version-history":[{"count":0,"href":"https:\/\/www.uqac.ca\/uqactualites\/wp-json\/wp\/v2\/posts\/41823\/revisions"}],"wp:featuredmedia":[{"embeddable":true,"href":"https:\/\/www.uqac.ca\/uqactualites\/wp-json\/wp\/v2\/media\/41824"}],"wp:attachment":[{"href":"https:\/\/www.uqac.ca\/uqactualites\/wp-json\/wp\/v2\/media?parent=41823"}],"wp:term":[{"taxonomy":"category","embeddable":true,"href":"https:\/\/www.uqac.ca\/uqactualites\/wp-json\/wp\/v2\/categories?post=41823"},{"taxonomy":"post_tag","embeddable":true,"href":"https:\/\/www.uqac.ca\/uqactualites\/wp-json\/wp\/v2\/tags?post=41823"}],"curies":[{"name":"wp","href":"https:\/\/api.w.org\/{rel}","templated":true}]}}