{"id":41881,"date":"2022-07-08T09:59:03","date_gmt":"2022-07-08T13:59:03","guid":{"rendered":"https:\/\/www.uqac.ca\/?p=41881"},"modified":"2024-04-06T11:26:43","modified_gmt":"2024-04-06T15:26:43","slug":"les-programmes-en-travail-social-renouvellent-leur-agrement-pour-6-ans","status":"publish","type":"post","link":"https:\/\/www.uqac.ca\/uqactualites\/2022\/07\/08\/les-programmes-en-travail-social-renouvellent-leur-agrement-pour-6-ans\/","title":{"rendered":"Les programmes en travail social renouvellent leur agr\u00e9ment pour 6 ans"},"content":{"rendered":"<p>Les programmes de <a href=\"https:\/\/www.uqac.ca\/programme\/7798-baccalaureat-en-travail-social\/\">baccalaur\u00e9at<\/a> et de <a href=\"https:\/\/www.uqac.ca\/programme\/3563-maitrise-en-travail-social\/\">ma\u00eetrise<\/a> en travail social ont re\u00e7u le renouvellement de leur agr\u00e9ment de l\u2019Association canadienne pour la formation en travail social (<a href=\"https:\/\/caswe-acfts.ca\/fr\/\">ACFTS<\/a>).<\/p>\n<p>Compos\u00e9e d\u2019\u00e9ducateurs en service social de toutes les r\u00e9gions du Canada, la Commission d\u2019agr\u00e9ment (COA), qui supervise le processus, a accord\u00e9 la dur\u00e9e maximale de renouvellement soit une p\u00e9riode de 6 ans du 1er\u00a0juillet 2021 au 30 juin 2027.<\/p>\n<p>Le renouvellement de cet agr\u00e9ment refl\u00e8te l\u2019excellence et la qualit\u00e9 de la formation offerte en travail social \u00e0 l\u2019UQAC en plus de t\u00e9moigner de l\u2019engagement de l\u2019\u00e9quipe de l\u2019Unit\u00e9 d\u2019enseignement et de l\u2019expertise du corps professoral.<\/p>\n<p>&nbsp;<\/p>\n<p><strong>\u00c0 propos de l\u2019agr\u00e9ment<br \/>\n<\/strong>L\u2019agr\u00e9ment est un processus d\u2019examen par les pairs entrepris par les commissaires nomm\u00e9s \u00e0 la Commission d\u2019agr\u00e9ment par le conseil d\u2019administration de l\u2019ACFTS. La Commission d\u2019agr\u00e9ment a le pouvoir d\u2019octroyer le statut de pr\u00e9agr\u00e9ment, d\u2019agr\u00e9er, d\u2019imposer un statut d\u2019agr\u00e9ment conditionnel, de refuser l\u2019agr\u00e9ment ou de retirer l\u2019agr\u00e9ment des programmes de baccalaur\u00e9at (BTS) et de ma\u00eetrise (MTS) en travail social en fonction des politiques p\u00e9dagogiques, des normes d\u2019agr\u00e9ment et des proc\u00e9dures approuv\u00e9es par le conseil d\u2019administration.<\/p>\n<p>&nbsp;<\/p>\n","protected":false},"excerpt":{"rendered":"<p>Les programmes de baccalaur\u00e9at et de ma\u00eetrise en travail social ont re\u00e7u le renouvellement de leur agr\u00e9ment de l\u2019Association canadienne pour la formation en travail social (ACFTS). Compos\u00e9e d\u2019\u00e9ducateurs en service social de toutes les r\u00e9gions du Canada, la Commission d\u2019agr\u00e9ment (COA), qui supervise le processus, a accord\u00e9 la dur\u00e9e maximale de renouvellement soit une [&hellip;]<\/p>\n","protected":false},"author":5,"featured_media":41882,"comment_status":"closed","ping_status":"closed","sticky":false,"template":"","format":"standard","meta":{"footnotes":""},"categories":[2,2854,4],"tags":[22],"yoast_head":"<!-- This site is optimized with the Yoast SEO plugin v24.2 - https:\/\/yoast.com\/wordpress\/plugins\/seo\/ -->\r\n<title>Les programmes en travail social renouvellent leur agr\u00e9ment pour 6 ans - UQACtualit\u00e9s<\/title>\r\n<meta name=\"robots\" content=\"index, follow, max-snippet:-1, max-image-preview:large, max-video-preview:-1\" \/>\r\n<link rel=\"canonical\" href=\"https:\/\/www.uqac.ca\/uqactualites\/2022\/07\/08\/les-programmes-en-travail-social-renouvellent-leur-agrement-pour-6-ans\/\" \/>\r\n<meta property=\"og:locale\" content=\"fr_CA\" \/>\r\n<meta property=\"og:type\" content=\"article\" \/>\r\n<meta property=\"og:title\" content=\"Les programmes en travail social renouvellent leur agr\u00e9ment pour 6 ans - UQACtualit\u00e9s\" \/>\r\n<meta property=\"og:description\" content=\"Les programmes de baccalaur\u00e9at et de ma\u00eetrise en travail social ont re\u00e7u le renouvellement de leur agr\u00e9ment de l\u2019Association canadienne pour la formation en travail social (ACFTS). Compos\u00e9e d\u2019\u00e9ducateurs en service social de toutes les r\u00e9gions du Canada, la Commission d\u2019agr\u00e9ment (COA), qui supervise le processus, a accord\u00e9 la dur\u00e9e maximale de renouvellement soit une [&hellip;]\" \/>\r\n<meta property=\"og:url\" content=\"https:\/\/www.uqac.ca\/uqactualites\/2022\/07\/08\/les-programmes-en-travail-social-renouvellent-leur-agrement-pour-6-ans\/\" \/>\r\n<meta property=\"og:site_name\" content=\"UQACtualit\u00e9s\" \/>\r\n<meta property=\"article:published_time\" content=\"2022-07-08T13:59:03+00:00\" \/>\r\n<meta property=\"article:modified_time\" content=\"2024-04-06T15:26:43+00:00\" \/>\r\n<meta property=\"og:image\" content=\"https:\/\/www.uqac.ca\/uqactualites\/wp-content\/uploads\/2022\/07\/7798-vignette.jpg\" \/>\r\n\t<meta property=\"og:image:width\" content=\"800\" \/>\r\n\t<meta property=\"og:image:height\" content=\"550\" \/>\r\n\t<meta property=\"og:image:type\" content=\"image\/jpeg\" \/>\r\n<meta name=\"author\" content=\"Service des communications et des relations publiques\" \/>\r\n<meta name=\"twitter:card\" content=\"summary_large_image\" \/>\r\n<meta name=\"twitter:label1\" content=\"\u00c9crit par\" \/>\n\t<meta name=\"twitter:data1\" content=\"Service des communications et des relations publiques\" \/>\n\t<meta name=\"twitter:label2\" content=\"Estimation du temps de lecture\" \/>\n\t<meta name=\"twitter:data2\" content=\"1 minute\" \/>\r\n<script type=\"application\/ld+json\" class=\"yoast-schema-graph\">{\"@context\":\"https:\/\/schema.org\",\"@graph\":[{\"@type\":\"WebPage\",\"@id\":\"https:\/\/www.uqac.ca\/uqactualites\/2022\/07\/08\/les-programmes-en-travail-social-renouvellent-leur-agrement-pour-6-ans\/\",\"url\":\"https:\/\/www.uqac.ca\/uqactualites\/2022\/07\/08\/les-programmes-en-travail-social-renouvellent-leur-agrement-pour-6-ans\/\",\"name\":\"Les programmes en travail social renouvellent leur agr\u00e9ment pour 6 ans - UQACtualit\u00e9s\",\"isPartOf\":{\"@id\":\"https:\/\/www.uqac.ca\/uqactualites\/#website\"},\"primaryImageOfPage\":{\"@id\":\"https:\/\/www.uqac.ca\/uqactualites\/2022\/07\/08\/les-programmes-en-travail-social-renouvellent-leur-agrement-pour-6-ans\/#primaryimage\"},\"image\":{\"@id\":\"https:\/\/www.uqac.ca\/uqactualites\/2022\/07\/08\/les-programmes-en-travail-social-renouvellent-leur-agrement-pour-6-ans\/#primaryimage\"},\"thumbnailUrl\":\"https:\/\/www.uqac.ca\/uqactualites\/wp-content\/uploads\/2022\/07\/7798-vignette.jpg\",\"datePublished\":\"2022-07-08T13:59:03+00:00\",\"dateModified\":\"2024-04-06T15:26:43+00:00\",\"author\":{\"@id\":\"https:\/\/www.uqac.ca\/uqactualites\/#\/schema\/person\/366c45a0c4f0e677b41b4af5886e2018\"},\"breadcrumb\":{\"@id\":\"https:\/\/www.uqac.ca\/uqactualites\/2022\/07\/08\/les-programmes-en-travail-social-renouvellent-leur-agrement-pour-6-ans\/#breadcrumb\"},\"inLanguage\":\"fr-CA\",\"potentialAction\":[{\"@type\":\"ReadAction\",\"target\":[\"https:\/\/www.uqac.ca\/uqactualites\/2022\/07\/08\/les-programmes-en-travail-social-renouvellent-leur-agrement-pour-6-ans\/\"]}]},{\"@type\":\"ImageObject\",\"inLanguage\":\"fr-CA\",\"@id\":\"https:\/\/www.uqac.ca\/uqactualites\/2022\/07\/08\/les-programmes-en-travail-social-renouvellent-leur-agrement-pour-6-ans\/#primaryimage\",\"url\":\"https:\/\/www.uqac.ca\/uqactualites\/wp-content\/uploads\/2022\/07\/7798-vignette.jpg\",\"contentUrl\":\"https:\/\/www.uqac.ca\/uqactualites\/wp-content\/uploads\/2022\/07\/7798-vignette.jpg\",\"width\":800,\"height\":550},{\"@type\":\"BreadcrumbList\",\"@id\":\"https:\/\/www.uqac.ca\/uqactualites\/2022\/07\/08\/les-programmes-en-travail-social-renouvellent-leur-agrement-pour-6-ans\/#breadcrumb\",\"itemListElement\":[{\"@type\":\"ListItem\",\"position\":1,\"name\":\"Home\",\"item\":\"https:\/\/www.uqac.ca\/uqactualites\/\"},{\"@type\":\"ListItem\",\"position\":2,\"name\":\"Les programmes en travail social renouvellent leur agr\u00e9ment pour 6 ans\"}]},{\"@type\":\"WebSite\",\"@id\":\"https:\/\/www.uqac.ca\/uqactualites\/#website\",\"url\":\"https:\/\/www.uqac.ca\/uqactualites\/\",\"name\":\"UQACtualit\u00e9s\",\"description\":\"Le portail des nouvelles de l&#039;UQAC\",\"potentialAction\":[{\"@type\":\"SearchAction\",\"target\":{\"@type\":\"EntryPoint\",\"urlTemplate\":\"https:\/\/www.uqac.ca\/uqactualites\/?s={search_term_string}\"},\"query-input\":{\"@type\":\"PropertyValueSpecification\",\"valueRequired\":true,\"valueName\":\"search_term_string\"}}],\"inLanguage\":\"fr-CA\"},{\"@type\":\"Person\",\"@id\":\"https:\/\/www.uqac.ca\/uqactualites\/#\/schema\/person\/366c45a0c4f0e677b41b4af5886e2018\",\"name\":\"Service des communications et des relations publiques\",\"image\":{\"@type\":\"ImageObject\",\"inLanguage\":\"fr-CA\",\"@id\":\"https:\/\/www.uqac.ca\/uqactualites\/#\/schema\/person\/image\/\",\"url\":\"https:\/\/secure.gravatar.com\/avatar\/20fbbda8a292f59f2d3461a5b999c00b?s=96&d=mm&r=g\",\"contentUrl\":\"https:\/\/secure.gravatar.com\/avatar\/20fbbda8a292f59f2d3461a5b999c00b?s=96&d=mm&r=g\",\"caption\":\"Service des communications et des relations publiques\"},\"url\":\"https:\/\/www.uqac.ca\/uqactualites\/author\/bap\/\"}]}<\/script>\r\n<!-- \/ Yoast SEO plugin. -->","yoast_head_json":{"title":"Les programmes en travail social renouvellent leur agr\u00e9ment pour 6 ans - UQACtualit\u00e9s","robots":{"index":"index","follow":"follow","max-snippet":"max-snippet:-1","max-image-preview":"max-image-preview:large","max-video-preview":"max-video-preview:-1"},"canonical":"https:\/\/www.uqac.ca\/uqactualites\/2022\/07\/08\/les-programmes-en-travail-social-renouvellent-leur-agrement-pour-6-ans\/","og_locale":"fr_CA","og_type":"article","og_title":"Les programmes en travail social renouvellent leur agr\u00e9ment pour 6 ans - UQACtualit\u00e9s","og_description":"Les programmes de baccalaur\u00e9at et de ma\u00eetrise en travail social ont re\u00e7u le renouvellement de leur agr\u00e9ment de l\u2019Association canadienne pour la formation en travail social (ACFTS). Compos\u00e9e d\u2019\u00e9ducateurs en service social de toutes les r\u00e9gions du Canada, la Commission d\u2019agr\u00e9ment (COA), qui supervise le processus, a accord\u00e9 la dur\u00e9e maximale de renouvellement soit une [&hellip;]","og_url":"https:\/\/www.uqac.ca\/uqactualites\/2022\/07\/08\/les-programmes-en-travail-social-renouvellent-leur-agrement-pour-6-ans\/","og_site_name":"UQACtualit\u00e9s","article_published_time":"2022-07-08T13:59:03+00:00","article_modified_time":"2024-04-06T15:26:43+00:00","og_image":[{"width":800,"height":550,"url":"https:\/\/www.uqac.ca\/uqactualites\/wp-content\/uploads\/2022\/07\/7798-vignette.jpg","type":"image\/jpeg"}],"author":"Service des communications et des relations publiques","twitter_card":"summary_large_image","twitter_misc":{"\u00c9crit par":"Service des communications et des relations publiques","Estimation du temps de lecture":"1 minute"},"schema":{"@context":"https:\/\/schema.org","@graph":[{"@type":"WebPage","@id":"https:\/\/www.uqac.ca\/uqactualites\/2022\/07\/08\/les-programmes-en-travail-social-renouvellent-leur-agrement-pour-6-ans\/","url":"https:\/\/www.uqac.ca\/uqactualites\/2022\/07\/08\/les-programmes-en-travail-social-renouvellent-leur-agrement-pour-6-ans\/","name":"Les programmes en travail social renouvellent leur agr\u00e9ment pour 6 ans - UQACtualit\u00e9s","isPartOf":{"@id":"https:\/\/www.uqac.ca\/uqactualites\/#website"},"primaryImageOfPage":{"@id":"https:\/\/www.uqac.ca\/uqactualites\/2022\/07\/08\/les-programmes-en-travail-social-renouvellent-leur-agrement-pour-6-ans\/#primaryimage"},"image":{"@id":"https:\/\/www.uqac.ca\/uqactualites\/2022\/07\/08\/les-programmes-en-travail-social-renouvellent-leur-agrement-pour-6-ans\/#primaryimage"},"thumbnailUrl":"https:\/\/www.uqac.ca\/uqactualites\/wp-content\/uploads\/2022\/07\/7798-vignette.jpg","datePublished":"2022-07-08T13:59:03+00:00","dateModified":"2024-04-06T15:26:43+00:00","author":{"@id":"https:\/\/www.uqac.ca\/uqactualites\/#\/schema\/person\/366c45a0c4f0e677b41b4af5886e2018"},"breadcrumb":{"@id":"https:\/\/www.uqac.ca\/uqactualites\/2022\/07\/08\/les-programmes-en-travail-social-renouvellent-leur-agrement-pour-6-ans\/#breadcrumb"},"inLanguage":"fr-CA","potentialAction":[{"@type":"ReadAction","target":["https:\/\/www.uqac.ca\/uqactualites\/2022\/07\/08\/les-programmes-en-travail-social-renouvellent-leur-agrement-pour-6-ans\/"]}]},{"@type":"ImageObject","inLanguage":"fr-CA","@id":"https:\/\/www.uqac.ca\/uqactualites\/2022\/07\/08\/les-programmes-en-travail-social-renouvellent-leur-agrement-pour-6-ans\/#primaryimage","url":"https:\/\/www.uqac.ca\/uqactualites\/wp-content\/uploads\/2022\/07\/7798-vignette.jpg","contentUrl":"https:\/\/www.uqac.ca\/uqactualites\/wp-content\/uploads\/2022\/07\/7798-vignette.jpg","width":800,"height":550},{"@type":"BreadcrumbList","@id":"https:\/\/www.uqac.ca\/uqactualites\/2022\/07\/08\/les-programmes-en-travail-social-renouvellent-leur-agrement-pour-6-ans\/#breadcrumb","itemListElement":[{"@type":"ListItem","position":1,"name":"Home","item":"https:\/\/www.uqac.ca\/uqactualites\/"},{"@type":"ListItem","position":2,"name":"Les programmes en travail social renouvellent leur agr\u00e9ment pour 6 ans"}]},{"@type":"WebSite","@id":"https:\/\/www.uqac.ca\/uqactualites\/#website","url":"https:\/\/www.uqac.ca\/uqactualites\/","name":"UQACtualit\u00e9s","description":"Le portail des nouvelles de l&#039;UQAC","potentialAction":[{"@type":"SearchAction","target":{"@type":"EntryPoint","urlTemplate":"https:\/\/www.uqac.ca\/uqactualites\/?s={search_term_string}"},"query-input":{"@type":"PropertyValueSpecification","valueRequired":true,"valueName":"search_term_string"}}],"inLanguage":"fr-CA"},{"@type":"Person","@id":"https:\/\/www.uqac.ca\/uqactualites\/#\/schema\/person\/366c45a0c4f0e677b41b4af5886e2018","name":"Service des communications et des relations publiques","image":{"@type":"ImageObject","inLanguage":"fr-CA","@id":"https:\/\/www.uqac.ca\/uqactualites\/#\/schema\/person\/image\/","url":"https:\/\/secure.gravatar.com\/avatar\/20fbbda8a292f59f2d3461a5b999c00b?s=96&d=mm&r=g","contentUrl":"https:\/\/secure.gravatar.com\/avatar\/20fbbda8a292f59f2d3461a5b999c00b?s=96&d=mm&r=g","caption":"Service des communications et des relations publiques"},"url":"https:\/\/www.uqac.ca\/uqactualites\/author\/bap\/"}]}},"_links":{"self":[{"href":"https:\/\/www.uqac.ca\/uqactualites\/wp-json\/wp\/v2\/posts\/41881"}],"collection":[{"href":"https:\/\/www.uqac.ca\/uqactualites\/wp-json\/wp\/v2\/posts"}],"about":[{"href":"https:\/\/www.uqac.ca\/uqactualites\/wp-json\/wp\/v2\/types\/post"}],"author":[{"embeddable":true,"href":"https:\/\/www.uqac.ca\/uqactualites\/wp-json\/wp\/v2\/users\/5"}],"replies":[{"embeddable":true,"href":"https:\/\/www.uqac.ca\/uqactualites\/wp-json\/wp\/v2\/comments?post=41881"}],"version-history":[{"count":1,"href":"https:\/\/www.uqac.ca\/uqactualites\/wp-json\/wp\/v2\/posts\/41881\/revisions"}],"predecessor-version":[{"id":46695,"href":"https:\/\/www.uqac.ca\/uqactualites\/wp-json\/wp\/v2\/posts\/41881\/revisions\/46695"}],"wp:featuredmedia":[{"embeddable":true,"href":"https:\/\/www.uqac.ca\/uqactualites\/wp-json\/wp\/v2\/media\/41882"}],"wp:attachment":[{"href":"https:\/\/www.uqac.ca\/uqactualites\/wp-json\/wp\/v2\/media?parent=41881"}],"wp:term":[{"taxonomy":"category","embeddable":true,"href":"https:\/\/www.uqac.ca\/uqactualites\/wp-json\/wp\/v2\/categories?post=41881"},{"taxonomy":"post_tag","embeddable":true,"href":"https:\/\/www.uqac.ca\/uqactualites\/wp-json\/wp\/v2\/tags?post=41881"}],"curies":[{"name":"wp","href":"https:\/\/api.w.org\/{rel}","templated":true}]}}