{"id":41894,"date":"2022-07-19T08:00:01","date_gmt":"2022-07-19T12:00:01","guid":{"rendered":"https:\/\/www.uqac.ca\/?p=41894"},"modified":"2022-07-19T08:00:01","modified_gmt":"2022-07-19T12:00:01","slug":"portrait-de-prof-marianne-tardif-rejoint-les-rangs-de-luqac-a-titre-de-professeure","status":"publish","type":"post","link":"https:\/\/www.uqac.ca\/uqactualites\/2022\/07\/19\/portrait-de-prof-marianne-tardif-rejoint-les-rangs-de-luqac-a-titre-de-professeure\/","title":{"rendered":"[Portrait de prof] Sp\u00e9cialiste de la comptabilit\u00e9 financi\u00e8re, Marianne Tardif joint l&rsquo;\u00e9quipe du D\u00e9partement des sciences \u00e9conomiques et administratives"},"content":{"rendered":"<p>Nouvelle professeure au D\u00e9partement des sciences \u00e9conomiques et administratives, Marianne Tardif est dipl\u00f4m\u00e9e en comptabilit\u00e9 de l\u2019UQAC et membre de l\u2019ordre des comptables professionnels agr\u00e9\u00e9s du Qu\u00e9bec. Charg\u00e9e de cours depuis 2017, elle a pu enseigner les concepts fondamentaux de la comptabilit\u00e9 ainsi que la comptabilit\u00e9 appliqu\u00e9e \u00e0 la gestion aux \u00e9tudiantes et \u00e9tudiants des programmes d\u2019administration et de comptabilit\u00e9.<\/p>\n<p>Marianne Tardif poss\u00e8de une vaste exp\u00e9rience dans le domaine de la comptabilit\u00e9 et de la gestion financi\u00e8re.\u00a0 Au cours de sa carri\u00e8re, elle a \u00e9t\u00e9 \u00e0 l&#8217;emploi du CIUSSS du Saguenay-Lac-Saint-Jean en plus d&rsquo;agir comme auditrice en certification chez Mallette, soci\u00e9t\u00e9 de comptables professionnels agr\u00e9\u00e9s.\u00a0 Ses diff\u00e9rentes implications lui ont permis de contribuer au rayonnement de la profession et au d\u00e9veloppement de la rel\u00e8ve. Mentionnons qu&rsquo;elle a notamment si\u00e9g\u00e9 comme administratrice puis comme pr\u00e9sidente du regroupement r\u00e9gional des comptables professionnels agr\u00e9\u00e9s du Saguenay-Lac-Saint-Jean pendant plus de 5 ans.<\/p>\n<p>Elle enseigne \u00e0 l&rsquo;UQAC dans les programmes de <a href=\"https:\/\/www.uqac.ca\/programme\/7766-baccalaureat-en-sciences-comptables\/\">baccalaur\u00e9at en sciences comptables<\/a>, de <a href=\"https:\/\/www.uqac.ca\/programme\/7764-baccalaureat-en-administration\/\">baccalaur\u00e9at en administration<\/a>\u00a0et de <a href=\"https:\/\/www.uqac.ca\/programme\/1809-dess-en-sciences-comptables\/\">dipl\u00f4me d&rsquo;\u00e9tudes sup\u00e9rieures sp\u00e9cialis\u00e9es en sciences comptables<\/a>.<\/p>\n<h4>Portrait de prof en bref<\/h4>\n<p><strong>\u00a0<\/strong><strong>Champs d\u2019int\u00e9r\u00eat et expertises de recherche<\/strong><\/p>\n<ul>\n<li>Comptabilit\u00e9 financi\u00e8re (fondements conceptuels et sujets sp\u00e9cialis\u00e9s)<\/li>\n<\/ul>\n<p><strong>Cours enseign\u00e9s \u00e0 l\u2019UQAC<\/strong><\/p>\n<ul>\n<li><a href=\"https:\/\/cours.uqac.ca\/2ctb104\">Comptabilit\u00e9\u00a0: concepts fondamentaux<\/a><\/li>\n<li><a href=\"https:\/\/cours.uqac.ca\/2MSC831\">Comptabilit\u00e9 g\u00e9n\u00e9rale et information financi\u00e8re<\/a><\/li>\n<li><a href=\"https:\/\/cours.uqac.ca\/2CTB618\">Comptabilit\u00e9 fondements conceptuels<\/a><\/li>\n<\/ul>\n<p><b>Profil LinkedIn<br \/>\n<\/b><a href=\"https:\/\/www.linkedin.com\/in\/marianne-tardif-884848a3\/\">www.linkedin.com\/in\/marianne-tardif-884848a3<\/a><\/p>\n<p>&nbsp;<\/p>\n","protected":false},"excerpt":{"rendered":"<p>Nouvelle professeure au D\u00e9partement des sciences \u00e9conomiques et administratives, Marianne Tardif est dipl\u00f4m\u00e9e en comptabilit\u00e9 de l\u2019UQAC et membre de l\u2019ordre des comptables professionnels agr\u00e9\u00e9s du Qu\u00e9bec. Charg\u00e9e de cours depuis 2017, elle a pu enseigner les concepts fondamentaux de la comptabilit\u00e9 ainsi que la comptabilit\u00e9 appliqu\u00e9e \u00e0 la gestion aux \u00e9tudiantes et \u00e9tudiants des [&hellip;]<\/p>\n","protected":false},"author":5,"featured_media":41899,"comment_status":"closed","ping_status":"closed","sticky":false,"template":"","format":"standard","meta":{"footnotes":""},"categories":[2,4],"tags":[8],"yoast_head":"<!-- This site is optimized with the Yoast SEO plugin v24.2 - https:\/\/yoast.com\/wordpress\/plugins\/seo\/ -->\r\n<title>[Portrait de prof] Sp\u00e9cialiste de la comptabilit\u00e9 financi\u00e8re, Marianne Tardif joint l&#039;\u00e9quipe du D\u00e9partement des sciences \u00e9conomiques et administratives - UQACtualit\u00e9s<\/title>\r\n<meta name=\"robots\" content=\"index, follow, max-snippet:-1, max-image-preview:large, max-video-preview:-1\" \/>\r\n<link rel=\"canonical\" href=\"https:\/\/www.uqac.ca\/uqactualites\/2022\/07\/19\/portrait-de-prof-marianne-tardif-rejoint-les-rangs-de-luqac-a-titre-de-professeure\/\" \/>\r\n<meta property=\"og:locale\" content=\"fr_CA\" \/>\r\n<meta property=\"og:type\" content=\"article\" \/>\r\n<meta property=\"og:title\" content=\"[Portrait de prof] Sp\u00e9cialiste de la comptabilit\u00e9 financi\u00e8re, Marianne Tardif joint l&#039;\u00e9quipe du D\u00e9partement des sciences \u00e9conomiques et administratives - UQACtualit\u00e9s\" \/>\r\n<meta property=\"og:description\" content=\"Nouvelle professeure au D\u00e9partement des sciences \u00e9conomiques et administratives, Marianne Tardif est dipl\u00f4m\u00e9e en comptabilit\u00e9 de l\u2019UQAC et membre de l\u2019ordre des comptables professionnels agr\u00e9\u00e9s du Qu\u00e9bec. Charg\u00e9e de cours depuis 2017, elle a pu enseigner les concepts fondamentaux de la comptabilit\u00e9 ainsi que la comptabilit\u00e9 appliqu\u00e9e \u00e0 la gestion aux \u00e9tudiantes et \u00e9tudiants des [&hellip;]\" \/>\r\n<meta property=\"og:url\" content=\"https:\/\/www.uqac.ca\/uqactualites\/2022\/07\/19\/portrait-de-prof-marianne-tardif-rejoint-les-rangs-de-luqac-a-titre-de-professeure\/\" \/>\r\n<meta property=\"og:site_name\" content=\"UQACtualit\u00e9s\" \/>\r\n<meta property=\"article:published_time\" content=\"2022-07-19T12:00:01+00:00\" \/>\r\n<meta property=\"og:image\" content=\"https:\/\/www.uqac.ca\/uqactualites\/wp-content\/uploads\/2022\/07\/marianne-tardif.jpg\" \/>\r\n\t<meta property=\"og:image:width\" content=\"880\" \/>\r\n\t<meta property=\"og:image:height\" content=\"535\" \/>\r\n\t<meta property=\"og:image:type\" content=\"image\/jpeg\" \/>\r\n<meta name=\"author\" content=\"Service des communications et des relations publiques\" \/>\r\n<meta name=\"twitter:card\" content=\"summary_large_image\" \/>\r\n<meta name=\"twitter:label1\" content=\"\u00c9crit par\" \/>\n\t<meta name=\"twitter:data1\" content=\"Service des communications et des relations publiques\" \/>\n\t<meta name=\"twitter:label2\" content=\"Estimation du temps de lecture\" \/>\n\t<meta name=\"twitter:data2\" content=\"1 minute\" \/>\r\n<script type=\"application\/ld+json\" class=\"yoast-schema-graph\">{\"@context\":\"https:\/\/schema.org\",\"@graph\":[{\"@type\":\"WebPage\",\"@id\":\"https:\/\/www.uqac.ca\/uqactualites\/2022\/07\/19\/portrait-de-prof-marianne-tardif-rejoint-les-rangs-de-luqac-a-titre-de-professeure\/\",\"url\":\"https:\/\/www.uqac.ca\/uqactualites\/2022\/07\/19\/portrait-de-prof-marianne-tardif-rejoint-les-rangs-de-luqac-a-titre-de-professeure\/\",\"name\":\"[Portrait de prof] Sp\u00e9cialiste de la comptabilit\u00e9 financi\u00e8re, Marianne Tardif joint l'\u00e9quipe du D\u00e9partement des sciences \u00e9conomiques et administratives - UQACtualit\u00e9s\",\"isPartOf\":{\"@id\":\"https:\/\/www.uqac.ca\/uqactualites\/#website\"},\"primaryImageOfPage\":{\"@id\":\"https:\/\/www.uqac.ca\/uqactualites\/2022\/07\/19\/portrait-de-prof-marianne-tardif-rejoint-les-rangs-de-luqac-a-titre-de-professeure\/#primaryimage\"},\"image\":{\"@id\":\"https:\/\/www.uqac.ca\/uqactualites\/2022\/07\/19\/portrait-de-prof-marianne-tardif-rejoint-les-rangs-de-luqac-a-titre-de-professeure\/#primaryimage\"},\"thumbnailUrl\":\"https:\/\/www.uqac.ca\/uqactualites\/wp-content\/uploads\/2022\/07\/marianne-tardif.jpg\",\"datePublished\":\"2022-07-19T12:00:01+00:00\",\"dateModified\":\"2022-07-19T12:00:01+00:00\",\"author\":{\"@id\":\"https:\/\/www.uqac.ca\/uqactualites\/#\/schema\/person\/366c45a0c4f0e677b41b4af5886e2018\"},\"breadcrumb\":{\"@id\":\"https:\/\/www.uqac.ca\/uqactualites\/2022\/07\/19\/portrait-de-prof-marianne-tardif-rejoint-les-rangs-de-luqac-a-titre-de-professeure\/#breadcrumb\"},\"inLanguage\":\"fr-CA\",\"potentialAction\":[{\"@type\":\"ReadAction\",\"target\":[\"https:\/\/www.uqac.ca\/uqactualites\/2022\/07\/19\/portrait-de-prof-marianne-tardif-rejoint-les-rangs-de-luqac-a-titre-de-professeure\/\"]}]},{\"@type\":\"ImageObject\",\"inLanguage\":\"fr-CA\",\"@id\":\"https:\/\/www.uqac.ca\/uqactualites\/2022\/07\/19\/portrait-de-prof-marianne-tardif-rejoint-les-rangs-de-luqac-a-titre-de-professeure\/#primaryimage\",\"url\":\"https:\/\/www.uqac.ca\/uqactualites\/wp-content\/uploads\/2022\/07\/marianne-tardif.jpg\",\"contentUrl\":\"https:\/\/www.uqac.ca\/uqactualites\/wp-content\/uploads\/2022\/07\/marianne-tardif.jpg\",\"width\":880,\"height\":535},{\"@type\":\"BreadcrumbList\",\"@id\":\"https:\/\/www.uqac.ca\/uqactualites\/2022\/07\/19\/portrait-de-prof-marianne-tardif-rejoint-les-rangs-de-luqac-a-titre-de-professeure\/#breadcrumb\",\"itemListElement\":[{\"@type\":\"ListItem\",\"position\":1,\"name\":\"Home\",\"item\":\"https:\/\/www.uqac.ca\/uqactualites\/\"},{\"@type\":\"ListItem\",\"position\":2,\"name\":\"[Portrait de prof] Sp\u00e9cialiste de la comptabilit\u00e9 financi\u00e8re, Marianne Tardif joint l&rsquo;\u00e9quipe du D\u00e9partement des sciences \u00e9conomiques et administratives\"}]},{\"@type\":\"WebSite\",\"@id\":\"https:\/\/www.uqac.ca\/uqactualites\/#website\",\"url\":\"https:\/\/www.uqac.ca\/uqactualites\/\",\"name\":\"UQACtualit\u00e9s\",\"description\":\"Le portail des nouvelles de l&#039;UQAC\",\"potentialAction\":[{\"@type\":\"SearchAction\",\"target\":{\"@type\":\"EntryPoint\",\"urlTemplate\":\"https:\/\/www.uqac.ca\/uqactualites\/?s={search_term_string}\"},\"query-input\":{\"@type\":\"PropertyValueSpecification\",\"valueRequired\":true,\"valueName\":\"search_term_string\"}}],\"inLanguage\":\"fr-CA\"},{\"@type\":\"Person\",\"@id\":\"https:\/\/www.uqac.ca\/uqactualites\/#\/schema\/person\/366c45a0c4f0e677b41b4af5886e2018\",\"name\":\"Service des communications et des relations publiques\",\"image\":{\"@type\":\"ImageObject\",\"inLanguage\":\"fr-CA\",\"@id\":\"https:\/\/www.uqac.ca\/uqactualites\/#\/schema\/person\/image\/\",\"url\":\"https:\/\/secure.gravatar.com\/avatar\/20fbbda8a292f59f2d3461a5b999c00b?s=96&d=mm&r=g\",\"contentUrl\":\"https:\/\/secure.gravatar.com\/avatar\/20fbbda8a292f59f2d3461a5b999c00b?s=96&d=mm&r=g\",\"caption\":\"Service des communications et des relations publiques\"},\"url\":\"https:\/\/www.uqac.ca\/uqactualites\/author\/bap\/\"}]}<\/script>\r\n<!-- \/ Yoast SEO plugin. -->","yoast_head_json":{"title":"[Portrait de prof] Sp\u00e9cialiste de la comptabilit\u00e9 financi\u00e8re, Marianne Tardif joint l'\u00e9quipe du D\u00e9partement des sciences \u00e9conomiques et administratives - UQACtualit\u00e9s","robots":{"index":"index","follow":"follow","max-snippet":"max-snippet:-1","max-image-preview":"max-image-preview:large","max-video-preview":"max-video-preview:-1"},"canonical":"https:\/\/www.uqac.ca\/uqactualites\/2022\/07\/19\/portrait-de-prof-marianne-tardif-rejoint-les-rangs-de-luqac-a-titre-de-professeure\/","og_locale":"fr_CA","og_type":"article","og_title":"[Portrait de prof] Sp\u00e9cialiste de la comptabilit\u00e9 financi\u00e8re, Marianne Tardif joint l'\u00e9quipe du D\u00e9partement des sciences \u00e9conomiques et administratives - UQACtualit\u00e9s","og_description":"Nouvelle professeure au D\u00e9partement des sciences \u00e9conomiques et administratives, Marianne Tardif est dipl\u00f4m\u00e9e en comptabilit\u00e9 de l\u2019UQAC et membre de l\u2019ordre des comptables professionnels agr\u00e9\u00e9s du Qu\u00e9bec. Charg\u00e9e de cours depuis 2017, elle a pu enseigner les concepts fondamentaux de la comptabilit\u00e9 ainsi que la comptabilit\u00e9 appliqu\u00e9e \u00e0 la gestion aux \u00e9tudiantes et \u00e9tudiants des [&hellip;]","og_url":"https:\/\/www.uqac.ca\/uqactualites\/2022\/07\/19\/portrait-de-prof-marianne-tardif-rejoint-les-rangs-de-luqac-a-titre-de-professeure\/","og_site_name":"UQACtualit\u00e9s","article_published_time":"2022-07-19T12:00:01+00:00","og_image":[{"width":880,"height":535,"url":"https:\/\/www.uqac.ca\/uqactualites\/wp-content\/uploads\/2022\/07\/marianne-tardif.jpg","type":"image\/jpeg"}],"author":"Service des communications et des relations publiques","twitter_card":"summary_large_image","twitter_misc":{"\u00c9crit par":"Service des communications et des relations publiques","Estimation du temps de lecture":"1 minute"},"schema":{"@context":"https:\/\/schema.org","@graph":[{"@type":"WebPage","@id":"https:\/\/www.uqac.ca\/uqactualites\/2022\/07\/19\/portrait-de-prof-marianne-tardif-rejoint-les-rangs-de-luqac-a-titre-de-professeure\/","url":"https:\/\/www.uqac.ca\/uqactualites\/2022\/07\/19\/portrait-de-prof-marianne-tardif-rejoint-les-rangs-de-luqac-a-titre-de-professeure\/","name":"[Portrait de prof] Sp\u00e9cialiste de la comptabilit\u00e9 financi\u00e8re, Marianne Tardif joint l'\u00e9quipe du D\u00e9partement des sciences \u00e9conomiques et administratives - UQACtualit\u00e9s","isPartOf":{"@id":"https:\/\/www.uqac.ca\/uqactualites\/#website"},"primaryImageOfPage":{"@id":"https:\/\/www.uqac.ca\/uqactualites\/2022\/07\/19\/portrait-de-prof-marianne-tardif-rejoint-les-rangs-de-luqac-a-titre-de-professeure\/#primaryimage"},"image":{"@id":"https:\/\/www.uqac.ca\/uqactualites\/2022\/07\/19\/portrait-de-prof-marianne-tardif-rejoint-les-rangs-de-luqac-a-titre-de-professeure\/#primaryimage"},"thumbnailUrl":"https:\/\/www.uqac.ca\/uqactualites\/wp-content\/uploads\/2022\/07\/marianne-tardif.jpg","datePublished":"2022-07-19T12:00:01+00:00","dateModified":"2022-07-19T12:00:01+00:00","author":{"@id":"https:\/\/www.uqac.ca\/uqactualites\/#\/schema\/person\/366c45a0c4f0e677b41b4af5886e2018"},"breadcrumb":{"@id":"https:\/\/www.uqac.ca\/uqactualites\/2022\/07\/19\/portrait-de-prof-marianne-tardif-rejoint-les-rangs-de-luqac-a-titre-de-professeure\/#breadcrumb"},"inLanguage":"fr-CA","potentialAction":[{"@type":"ReadAction","target":["https:\/\/www.uqac.ca\/uqactualites\/2022\/07\/19\/portrait-de-prof-marianne-tardif-rejoint-les-rangs-de-luqac-a-titre-de-professeure\/"]}]},{"@type":"ImageObject","inLanguage":"fr-CA","@id":"https:\/\/www.uqac.ca\/uqactualites\/2022\/07\/19\/portrait-de-prof-marianne-tardif-rejoint-les-rangs-de-luqac-a-titre-de-professeure\/#primaryimage","url":"https:\/\/www.uqac.ca\/uqactualites\/wp-content\/uploads\/2022\/07\/marianne-tardif.jpg","contentUrl":"https:\/\/www.uqac.ca\/uqactualites\/wp-content\/uploads\/2022\/07\/marianne-tardif.jpg","width":880,"height":535},{"@type":"BreadcrumbList","@id":"https:\/\/www.uqac.ca\/uqactualites\/2022\/07\/19\/portrait-de-prof-marianne-tardif-rejoint-les-rangs-de-luqac-a-titre-de-professeure\/#breadcrumb","itemListElement":[{"@type":"ListItem","position":1,"name":"Home","item":"https:\/\/www.uqac.ca\/uqactualites\/"},{"@type":"ListItem","position":2,"name":"[Portrait de prof] Sp\u00e9cialiste de la comptabilit\u00e9 financi\u00e8re, Marianne Tardif joint l&rsquo;\u00e9quipe du D\u00e9partement des sciences \u00e9conomiques et administratives"}]},{"@type":"WebSite","@id":"https:\/\/www.uqac.ca\/uqactualites\/#website","url":"https:\/\/www.uqac.ca\/uqactualites\/","name":"UQACtualit\u00e9s","description":"Le portail des nouvelles de l&#039;UQAC","potentialAction":[{"@type":"SearchAction","target":{"@type":"EntryPoint","urlTemplate":"https:\/\/www.uqac.ca\/uqactualites\/?s={search_term_string}"},"query-input":{"@type":"PropertyValueSpecification","valueRequired":true,"valueName":"search_term_string"}}],"inLanguage":"fr-CA"},{"@type":"Person","@id":"https:\/\/www.uqac.ca\/uqactualites\/#\/schema\/person\/366c45a0c4f0e677b41b4af5886e2018","name":"Service des communications et des relations publiques","image":{"@type":"ImageObject","inLanguage":"fr-CA","@id":"https:\/\/www.uqac.ca\/uqactualites\/#\/schema\/person\/image\/","url":"https:\/\/secure.gravatar.com\/avatar\/20fbbda8a292f59f2d3461a5b999c00b?s=96&d=mm&r=g","contentUrl":"https:\/\/secure.gravatar.com\/avatar\/20fbbda8a292f59f2d3461a5b999c00b?s=96&d=mm&r=g","caption":"Service des communications et des relations publiques"},"url":"https:\/\/www.uqac.ca\/uqactualites\/author\/bap\/"}]}},"_links":{"self":[{"href":"https:\/\/www.uqac.ca\/uqactualites\/wp-json\/wp\/v2\/posts\/41894"}],"collection":[{"href":"https:\/\/www.uqac.ca\/uqactualites\/wp-json\/wp\/v2\/posts"}],"about":[{"href":"https:\/\/www.uqac.ca\/uqactualites\/wp-json\/wp\/v2\/types\/post"}],"author":[{"embeddable":true,"href":"https:\/\/www.uqac.ca\/uqactualites\/wp-json\/wp\/v2\/users\/5"}],"replies":[{"embeddable":true,"href":"https:\/\/www.uqac.ca\/uqactualites\/wp-json\/wp\/v2\/comments?post=41894"}],"version-history":[{"count":0,"href":"https:\/\/www.uqac.ca\/uqactualites\/wp-json\/wp\/v2\/posts\/41894\/revisions"}],"wp:featuredmedia":[{"embeddable":true,"href":"https:\/\/www.uqac.ca\/uqactualites\/wp-json\/wp\/v2\/media\/41899"}],"wp:attachment":[{"href":"https:\/\/www.uqac.ca\/uqactualites\/wp-json\/wp\/v2\/media?parent=41894"}],"wp:term":[{"taxonomy":"category","embeddable":true,"href":"https:\/\/www.uqac.ca\/uqactualites\/wp-json\/wp\/v2\/categories?post=41894"},{"taxonomy":"post_tag","embeddable":true,"href":"https:\/\/www.uqac.ca\/uqactualites\/wp-json\/wp\/v2\/tags?post=41894"}],"curies":[{"name":"wp","href":"https:\/\/api.w.org\/{rel}","templated":true}]}}