{"id":41912,"date":"2022-07-21T08:31:18","date_gmt":"2022-07-21T12:31:18","guid":{"rendered":"https:\/\/www.uqac.ca\/?p=41912"},"modified":"2022-07-21T08:31:18","modified_gmt":"2022-07-21T12:31:18","slug":"portrait-de-prof-amadou-barry-poursuit-ses-activites-au-sein-de-lunite-mixte-de-recherche-inrs-uqac-en-sante-durable","status":"publish","type":"post","link":"https:\/\/www.uqac.ca\/uqactualites\/2022\/07\/21\/portrait-de-prof-amadou-barry-poursuit-ses-activites-au-sein-de-lunite-mixte-de-recherche-inrs-uqac-en-sante-durable\/","title":{"rendered":"[Portrait de prof] Amadou Barry poursuit ses activit\u00e9s au sein de l\u2019Unit\u00e9 mixte de recherche INRS-UQAC en sant\u00e9 durable"},"content":{"rendered":"<p>Nouveau professeur, Amadou Barry est statisticien avec une formation en math\u00e9matiques. Il est d\u00e9tenteur d\u2019un doctorat en statistique \u00e0 l\u2019Universit\u00e9 du Qu\u00e9bec \u00e0 Montr\u00e9al en plus d&rsquo;avoir effectu\u00e9 un stage postdoctoral en biostatistique \u00e0 McGill et \u00e0 l\u2019UQAC avec le groupe de recherche de la professeure Catherine Laprise.<\/p>\n<p>Amadou Barry est professeur \u00e0 l\u2019Institut national de la recherche scientifique (INRS) au Centre Armand-Frappier Sant\u00e9 Biotechnologie. Son laboratoire est situ\u00e9 \u00e0 l\u2019UQAC au sein de l\u2019Unit\u00e9 mixte de recherche INRS-UQAC en sant\u00e9 durable. Ses travaux sont ax\u00e9s sur l\u2019int\u00e9gration des expectiles et des quantiles \u00e0 la mod\u00e9lisation statistique et \u00e0 l\u2019apprentissage machine pour l\u2019analyse des donn\u00e9es g\u00e9nomiques et de neuroimagerie. Il enseigne \u00e0 l&rsquo;UQAC dans le programme de <a href=\"https:\/\/www.uqac.ca\/programme\/1914-maitrise-en-sciences-cliniques-et-biomedicales\/\">ma\u00eetrise en sciences cliniques et biom\u00e9dicales<\/a>.<\/p>\n<h4>Portrait de prof en bref<\/h4>\n<p><strong>Champs d\u2019int\u00e9r\u00eat et expertises de recherche<br \/>\n<\/strong>Biostatistiques appliqu\u00e9es \u00e0 la g\u00e9nomique et aux neurosciences<\/p>\n<ul>\n<li>Expectiles et Quantiles,<\/li>\n<li>Apprentissage machine,<\/li>\n<li>Outils de pr\u00e9diction<\/li>\n<\/ul>\n<p><strong>Cours enseign\u00e9 \u00e0 l\u2019UQAC<\/strong><\/p>\n<ul>\n<li><a href=\"https:\/\/cours.uqac.ca\/SMEG805\">Biostatistique<\/a><\/li>\n<\/ul>\n<p><strong>Profil LinkedIn<br \/>\n<\/strong><a href=\"https:\/\/www.linkedin.com\/in\/amadou-barry-b067988\/?originalSubdomain=ca\">www.linkedin.com\/in\/amadou-barry-b067988\/?originalSubdomain=ca<\/a><\/p>\n<p>&nbsp;<\/p>\n","protected":false},"excerpt":{"rendered":"<p>Nouveau professeur, Amadou Barry est statisticien avec une formation en math\u00e9matiques. Il est d\u00e9tenteur d\u2019un doctorat en statistique \u00e0 l\u2019Universit\u00e9 du Qu\u00e9bec \u00e0 Montr\u00e9al en plus d&rsquo;avoir effectu\u00e9 un stage postdoctoral en biostatistique \u00e0 McGill et \u00e0 l\u2019UQAC avec le groupe de recherche de la professeure Catherine Laprise. Amadou Barry est professeur \u00e0 l\u2019Institut national [&hellip;]<\/p>\n","protected":false},"author":5,"featured_media":41915,"comment_status":"closed","ping_status":"closed","sticky":false,"template":"","format":"standard","meta":{"footnotes":""},"categories":[2,4],"tags":[3,23],"yoast_head":"<!-- This site is optimized with the Yoast SEO plugin v24.2 - https:\/\/yoast.com\/wordpress\/plugins\/seo\/ -->\r\n<title>[Portrait de prof] Amadou Barry poursuit ses activit\u00e9s au sein de l\u2019Unit\u00e9 mixte de recherche INRS-UQAC en sant\u00e9 durable - UQACtualit\u00e9s<\/title>\r\n<meta name=\"robots\" content=\"index, follow, max-snippet:-1, max-image-preview:large, max-video-preview:-1\" \/>\r\n<link rel=\"canonical\" href=\"https:\/\/www.uqac.ca\/uqactualites\/2022\/07\/21\/portrait-de-prof-amadou-barry-poursuit-ses-activites-au-sein-de-lunite-mixte-de-recherche-inrs-uqac-en-sante-durable\/\" \/>\r\n<meta property=\"og:locale\" content=\"fr_CA\" \/>\r\n<meta property=\"og:type\" content=\"article\" \/>\r\n<meta property=\"og:title\" content=\"[Portrait de prof] Amadou Barry poursuit ses activit\u00e9s au sein de l\u2019Unit\u00e9 mixte de recherche INRS-UQAC en sant\u00e9 durable - UQACtualit\u00e9s\" \/>\r\n<meta property=\"og:description\" content=\"Nouveau professeur, Amadou Barry est statisticien avec une formation en math\u00e9matiques. Il est d\u00e9tenteur d\u2019un doctorat en statistique \u00e0 l\u2019Universit\u00e9 du Qu\u00e9bec \u00e0 Montr\u00e9al en plus d&rsquo;avoir effectu\u00e9 un stage postdoctoral en biostatistique \u00e0 McGill et \u00e0 l\u2019UQAC avec le groupe de recherche de la professeure Catherine Laprise. Amadou Barry est professeur \u00e0 l\u2019Institut national [&hellip;]\" \/>\r\n<meta property=\"og:url\" content=\"https:\/\/www.uqac.ca\/uqactualites\/2022\/07\/21\/portrait-de-prof-amadou-barry-poursuit-ses-activites-au-sein-de-lunite-mixte-de-recherche-inrs-uqac-en-sante-durable\/\" \/>\r\n<meta property=\"og:site_name\" content=\"UQACtualit\u00e9s\" \/>\r\n<meta property=\"article:published_time\" content=\"2022-07-21T12:31:18+00:00\" \/>\r\n<meta property=\"og:image\" content=\"https:\/\/www.uqac.ca\/uqactualites\/wp-content\/uploads\/2022\/07\/AmadouDiogoBarry.jpg\" \/>\r\n\t<meta property=\"og:image:width\" content=\"972\" \/>\r\n\t<meta property=\"og:image:height\" content=\"648\" \/>\r\n\t<meta property=\"og:image:type\" content=\"image\/jpeg\" \/>\r\n<meta name=\"author\" content=\"Service des communications et des relations publiques\" \/>\r\n<meta name=\"twitter:card\" content=\"summary_large_image\" \/>\r\n<meta name=\"twitter:label1\" content=\"\u00c9crit par\" \/>\n\t<meta name=\"twitter:data1\" content=\"Service des communications et des relations publiques\" \/>\n\t<meta name=\"twitter:label2\" content=\"Estimation du temps de lecture\" \/>\n\t<meta name=\"twitter:data2\" content=\"1 minute\" \/>\r\n<script type=\"application\/ld+json\" class=\"yoast-schema-graph\">{\"@context\":\"https:\/\/schema.org\",\"@graph\":[{\"@type\":\"WebPage\",\"@id\":\"https:\/\/www.uqac.ca\/uqactualites\/2022\/07\/21\/portrait-de-prof-amadou-barry-poursuit-ses-activites-au-sein-de-lunite-mixte-de-recherche-inrs-uqac-en-sante-durable\/\",\"url\":\"https:\/\/www.uqac.ca\/uqactualites\/2022\/07\/21\/portrait-de-prof-amadou-barry-poursuit-ses-activites-au-sein-de-lunite-mixte-de-recherche-inrs-uqac-en-sante-durable\/\",\"name\":\"[Portrait de prof] Amadou Barry poursuit ses activit\u00e9s au sein de l\u2019Unit\u00e9 mixte de recherche INRS-UQAC en sant\u00e9 durable - UQACtualit\u00e9s\",\"isPartOf\":{\"@id\":\"https:\/\/www.uqac.ca\/uqactualites\/#website\"},\"primaryImageOfPage\":{\"@id\":\"https:\/\/www.uqac.ca\/uqactualites\/2022\/07\/21\/portrait-de-prof-amadou-barry-poursuit-ses-activites-au-sein-de-lunite-mixte-de-recherche-inrs-uqac-en-sante-durable\/#primaryimage\"},\"image\":{\"@id\":\"https:\/\/www.uqac.ca\/uqactualites\/2022\/07\/21\/portrait-de-prof-amadou-barry-poursuit-ses-activites-au-sein-de-lunite-mixte-de-recherche-inrs-uqac-en-sante-durable\/#primaryimage\"},\"thumbnailUrl\":\"https:\/\/www.uqac.ca\/uqactualites\/wp-content\/uploads\/2022\/07\/AmadouDiogoBarry.jpg\",\"datePublished\":\"2022-07-21T12:31:18+00:00\",\"dateModified\":\"2022-07-21T12:31:18+00:00\",\"author\":{\"@id\":\"https:\/\/www.uqac.ca\/uqactualites\/#\/schema\/person\/366c45a0c4f0e677b41b4af5886e2018\"},\"breadcrumb\":{\"@id\":\"https:\/\/www.uqac.ca\/uqactualites\/2022\/07\/21\/portrait-de-prof-amadou-barry-poursuit-ses-activites-au-sein-de-lunite-mixte-de-recherche-inrs-uqac-en-sante-durable\/#breadcrumb\"},\"inLanguage\":\"fr-CA\",\"potentialAction\":[{\"@type\":\"ReadAction\",\"target\":[\"https:\/\/www.uqac.ca\/uqactualites\/2022\/07\/21\/portrait-de-prof-amadou-barry-poursuit-ses-activites-au-sein-de-lunite-mixte-de-recherche-inrs-uqac-en-sante-durable\/\"]}]},{\"@type\":\"ImageObject\",\"inLanguage\":\"fr-CA\",\"@id\":\"https:\/\/www.uqac.ca\/uqactualites\/2022\/07\/21\/portrait-de-prof-amadou-barry-poursuit-ses-activites-au-sein-de-lunite-mixte-de-recherche-inrs-uqac-en-sante-durable\/#primaryimage\",\"url\":\"https:\/\/www.uqac.ca\/uqactualites\/wp-content\/uploads\/2022\/07\/AmadouDiogoBarry.jpg\",\"contentUrl\":\"https:\/\/www.uqac.ca\/uqactualites\/wp-content\/uploads\/2022\/07\/AmadouDiogoBarry.jpg\",\"width\":972,\"height\":648},{\"@type\":\"BreadcrumbList\",\"@id\":\"https:\/\/www.uqac.ca\/uqactualites\/2022\/07\/21\/portrait-de-prof-amadou-barry-poursuit-ses-activites-au-sein-de-lunite-mixte-de-recherche-inrs-uqac-en-sante-durable\/#breadcrumb\",\"itemListElement\":[{\"@type\":\"ListItem\",\"position\":1,\"name\":\"Home\",\"item\":\"https:\/\/www.uqac.ca\/uqactualites\/\"},{\"@type\":\"ListItem\",\"position\":2,\"name\":\"[Portrait de prof] Amadou Barry poursuit ses activit\u00e9s au sein de l\u2019Unit\u00e9 mixte de recherche INRS-UQAC en sant\u00e9 durable\"}]},{\"@type\":\"WebSite\",\"@id\":\"https:\/\/www.uqac.ca\/uqactualites\/#website\",\"url\":\"https:\/\/www.uqac.ca\/uqactualites\/\",\"name\":\"UQACtualit\u00e9s\",\"description\":\"Le portail des nouvelles de l&#039;UQAC\",\"potentialAction\":[{\"@type\":\"SearchAction\",\"target\":{\"@type\":\"EntryPoint\",\"urlTemplate\":\"https:\/\/www.uqac.ca\/uqactualites\/?s={search_term_string}\"},\"query-input\":{\"@type\":\"PropertyValueSpecification\",\"valueRequired\":true,\"valueName\":\"search_term_string\"}}],\"inLanguage\":\"fr-CA\"},{\"@type\":\"Person\",\"@id\":\"https:\/\/www.uqac.ca\/uqactualites\/#\/schema\/person\/366c45a0c4f0e677b41b4af5886e2018\",\"name\":\"Service des communications et des relations publiques\",\"image\":{\"@type\":\"ImageObject\",\"inLanguage\":\"fr-CA\",\"@id\":\"https:\/\/www.uqac.ca\/uqactualites\/#\/schema\/person\/image\/\",\"url\":\"https:\/\/secure.gravatar.com\/avatar\/20fbbda8a292f59f2d3461a5b999c00b?s=96&d=mm&r=g\",\"contentUrl\":\"https:\/\/secure.gravatar.com\/avatar\/20fbbda8a292f59f2d3461a5b999c00b?s=96&d=mm&r=g\",\"caption\":\"Service des communications et des relations publiques\"},\"url\":\"https:\/\/www.uqac.ca\/uqactualites\/author\/bap\/\"}]}<\/script>\r\n<!-- \/ Yoast SEO plugin. -->","yoast_head_json":{"title":"[Portrait de prof] Amadou Barry poursuit ses activit\u00e9s au sein de l\u2019Unit\u00e9 mixte de recherche INRS-UQAC en sant\u00e9 durable - UQACtualit\u00e9s","robots":{"index":"index","follow":"follow","max-snippet":"max-snippet:-1","max-image-preview":"max-image-preview:large","max-video-preview":"max-video-preview:-1"},"canonical":"https:\/\/www.uqac.ca\/uqactualites\/2022\/07\/21\/portrait-de-prof-amadou-barry-poursuit-ses-activites-au-sein-de-lunite-mixte-de-recherche-inrs-uqac-en-sante-durable\/","og_locale":"fr_CA","og_type":"article","og_title":"[Portrait de prof] Amadou Barry poursuit ses activit\u00e9s au sein de l\u2019Unit\u00e9 mixte de recherche INRS-UQAC en sant\u00e9 durable - UQACtualit\u00e9s","og_description":"Nouveau professeur, Amadou Barry est statisticien avec une formation en math\u00e9matiques. Il est d\u00e9tenteur d\u2019un doctorat en statistique \u00e0 l\u2019Universit\u00e9 du Qu\u00e9bec \u00e0 Montr\u00e9al en plus d&rsquo;avoir effectu\u00e9 un stage postdoctoral en biostatistique \u00e0 McGill et \u00e0 l\u2019UQAC avec le groupe de recherche de la professeure Catherine Laprise. Amadou Barry est professeur \u00e0 l\u2019Institut national [&hellip;]","og_url":"https:\/\/www.uqac.ca\/uqactualites\/2022\/07\/21\/portrait-de-prof-amadou-barry-poursuit-ses-activites-au-sein-de-lunite-mixte-de-recherche-inrs-uqac-en-sante-durable\/","og_site_name":"UQACtualit\u00e9s","article_published_time":"2022-07-21T12:31:18+00:00","og_image":[{"width":972,"height":648,"url":"https:\/\/www.uqac.ca\/uqactualites\/wp-content\/uploads\/2022\/07\/AmadouDiogoBarry.jpg","type":"image\/jpeg"}],"author":"Service des communications et des relations publiques","twitter_card":"summary_large_image","twitter_misc":{"\u00c9crit par":"Service des communications et des relations publiques","Estimation du temps de lecture":"1 minute"},"schema":{"@context":"https:\/\/schema.org","@graph":[{"@type":"WebPage","@id":"https:\/\/www.uqac.ca\/uqactualites\/2022\/07\/21\/portrait-de-prof-amadou-barry-poursuit-ses-activites-au-sein-de-lunite-mixte-de-recherche-inrs-uqac-en-sante-durable\/","url":"https:\/\/www.uqac.ca\/uqactualites\/2022\/07\/21\/portrait-de-prof-amadou-barry-poursuit-ses-activites-au-sein-de-lunite-mixte-de-recherche-inrs-uqac-en-sante-durable\/","name":"[Portrait de prof] Amadou Barry poursuit ses activit\u00e9s au sein de l\u2019Unit\u00e9 mixte de recherche INRS-UQAC en sant\u00e9 durable - UQACtualit\u00e9s","isPartOf":{"@id":"https:\/\/www.uqac.ca\/uqactualites\/#website"},"primaryImageOfPage":{"@id":"https:\/\/www.uqac.ca\/uqactualites\/2022\/07\/21\/portrait-de-prof-amadou-barry-poursuit-ses-activites-au-sein-de-lunite-mixte-de-recherche-inrs-uqac-en-sante-durable\/#primaryimage"},"image":{"@id":"https:\/\/www.uqac.ca\/uqactualites\/2022\/07\/21\/portrait-de-prof-amadou-barry-poursuit-ses-activites-au-sein-de-lunite-mixte-de-recherche-inrs-uqac-en-sante-durable\/#primaryimage"},"thumbnailUrl":"https:\/\/www.uqac.ca\/uqactualites\/wp-content\/uploads\/2022\/07\/AmadouDiogoBarry.jpg","datePublished":"2022-07-21T12:31:18+00:00","dateModified":"2022-07-21T12:31:18+00:00","author":{"@id":"https:\/\/www.uqac.ca\/uqactualites\/#\/schema\/person\/366c45a0c4f0e677b41b4af5886e2018"},"breadcrumb":{"@id":"https:\/\/www.uqac.ca\/uqactualites\/2022\/07\/21\/portrait-de-prof-amadou-barry-poursuit-ses-activites-au-sein-de-lunite-mixte-de-recherche-inrs-uqac-en-sante-durable\/#breadcrumb"},"inLanguage":"fr-CA","potentialAction":[{"@type":"ReadAction","target":["https:\/\/www.uqac.ca\/uqactualites\/2022\/07\/21\/portrait-de-prof-amadou-barry-poursuit-ses-activites-au-sein-de-lunite-mixte-de-recherche-inrs-uqac-en-sante-durable\/"]}]},{"@type":"ImageObject","inLanguage":"fr-CA","@id":"https:\/\/www.uqac.ca\/uqactualites\/2022\/07\/21\/portrait-de-prof-amadou-barry-poursuit-ses-activites-au-sein-de-lunite-mixte-de-recherche-inrs-uqac-en-sante-durable\/#primaryimage","url":"https:\/\/www.uqac.ca\/uqactualites\/wp-content\/uploads\/2022\/07\/AmadouDiogoBarry.jpg","contentUrl":"https:\/\/www.uqac.ca\/uqactualites\/wp-content\/uploads\/2022\/07\/AmadouDiogoBarry.jpg","width":972,"height":648},{"@type":"BreadcrumbList","@id":"https:\/\/www.uqac.ca\/uqactualites\/2022\/07\/21\/portrait-de-prof-amadou-barry-poursuit-ses-activites-au-sein-de-lunite-mixte-de-recherche-inrs-uqac-en-sante-durable\/#breadcrumb","itemListElement":[{"@type":"ListItem","position":1,"name":"Home","item":"https:\/\/www.uqac.ca\/uqactualites\/"},{"@type":"ListItem","position":2,"name":"[Portrait de prof] Amadou Barry poursuit ses activit\u00e9s au sein de l\u2019Unit\u00e9 mixte de recherche INRS-UQAC en sant\u00e9 durable"}]},{"@type":"WebSite","@id":"https:\/\/www.uqac.ca\/uqactualites\/#website","url":"https:\/\/www.uqac.ca\/uqactualites\/","name":"UQACtualit\u00e9s","description":"Le portail des nouvelles de l&#039;UQAC","potentialAction":[{"@type":"SearchAction","target":{"@type":"EntryPoint","urlTemplate":"https:\/\/www.uqac.ca\/uqactualites\/?s={search_term_string}"},"query-input":{"@type":"PropertyValueSpecification","valueRequired":true,"valueName":"search_term_string"}}],"inLanguage":"fr-CA"},{"@type":"Person","@id":"https:\/\/www.uqac.ca\/uqactualites\/#\/schema\/person\/366c45a0c4f0e677b41b4af5886e2018","name":"Service des communications et des relations publiques","image":{"@type":"ImageObject","inLanguage":"fr-CA","@id":"https:\/\/www.uqac.ca\/uqactualites\/#\/schema\/person\/image\/","url":"https:\/\/secure.gravatar.com\/avatar\/20fbbda8a292f59f2d3461a5b999c00b?s=96&d=mm&r=g","contentUrl":"https:\/\/secure.gravatar.com\/avatar\/20fbbda8a292f59f2d3461a5b999c00b?s=96&d=mm&r=g","caption":"Service des communications et des relations publiques"},"url":"https:\/\/www.uqac.ca\/uqactualites\/author\/bap\/"}]}},"_links":{"self":[{"href":"https:\/\/www.uqac.ca\/uqactualites\/wp-json\/wp\/v2\/posts\/41912"}],"collection":[{"href":"https:\/\/www.uqac.ca\/uqactualites\/wp-json\/wp\/v2\/posts"}],"about":[{"href":"https:\/\/www.uqac.ca\/uqactualites\/wp-json\/wp\/v2\/types\/post"}],"author":[{"embeddable":true,"href":"https:\/\/www.uqac.ca\/uqactualites\/wp-json\/wp\/v2\/users\/5"}],"replies":[{"embeddable":true,"href":"https:\/\/www.uqac.ca\/uqactualites\/wp-json\/wp\/v2\/comments?post=41912"}],"version-history":[{"count":0,"href":"https:\/\/www.uqac.ca\/uqactualites\/wp-json\/wp\/v2\/posts\/41912\/revisions"}],"wp:featuredmedia":[{"embeddable":true,"href":"https:\/\/www.uqac.ca\/uqactualites\/wp-json\/wp\/v2\/media\/41915"}],"wp:attachment":[{"href":"https:\/\/www.uqac.ca\/uqactualites\/wp-json\/wp\/v2\/media?parent=41912"}],"wp:term":[{"taxonomy":"category","embeddable":true,"href":"https:\/\/www.uqac.ca\/uqactualites\/wp-json\/wp\/v2\/categories?post=41912"},{"taxonomy":"post_tag","embeddable":true,"href":"https:\/\/www.uqac.ca\/uqactualites\/wp-json\/wp\/v2\/tags?post=41912"}],"curies":[{"name":"wp","href":"https:\/\/api.w.org\/{rel}","templated":true}]}}