{"id":41957,"date":"2022-07-14T16:19:07","date_gmt":"2022-07-14T20:19:07","guid":{"rendered":"https:\/\/www.uqac.ca\/?p=41957"},"modified":"2022-07-14T16:19:07","modified_gmt":"2022-07-14T20:19:07","slug":"une-journee-dinformation-a-la-bleuetiere-denseignement-et-de-recherche","status":"publish","type":"post","link":"https:\/\/www.uqac.ca\/uqactualites\/2022\/07\/14\/une-journee-dinformation-a-la-bleuetiere-denseignement-et-de-recherche\/","title":{"rendered":"Une journ\u00e9e d&rsquo;information \u00e0 la Bleueti\u00e8re d&rsquo;enseignement et de recherche"},"content":{"rendered":"<p>C\u2019est sous un soleil radieux que se d\u00e9roulait la journ\u00e9e info-champs bleuets \u00e0 la Bleueti\u00e8re d\u2019enseignement et de recherche (BER) de Normandin. Organis\u00e9 par le <a href=\"https:\/\/perlebleue.ca\/\" target=\"_blank\" rel=\"noopener\">Syndicat des producteurs de bleuets du Qu\u00e9bec<\/a>, l\u2019\u00e9v\u00e9nement a rassembl\u00e9 plus de 150 personnes de la r\u00e9gion, et aussi des r\u00e9gions environnantes. Comme plusieurs travaux de recherche y sont men\u00e9s, c\u2019\u00e9tait le moment tout indiqu\u00e9 pour prendre le temps d\u2019\u00e9changer sur les r\u00e9alit\u00e9s que vivent les producteurs dans leur bleueti\u00e8re et sur les projets de recherche qui animent les professeurs et les \u00e9tudiants et \u00e9tudiantes de l\u2019UQAC.<\/p>\n<p>Sur la photo : Chaima Milet, (ma\u00eetrise en g\u00e9nie g\u00e9ologique) Laura-Pier Perron Desmeules (ma\u00eetrise en g\u00e9nie g\u00e9ologique), Anthony Pelletier (doctorat en biologie), St\u00e9phanie Cloutier (doctorat en biologie), Julie Douillard (ma\u00eetrise en ressources renouvelables), Nasimeh Mortazavi (chercheure postdoctorale), Simon Morvan (Doctorat en biologie &#8211; Universit\u00e9 de Montr\u00e9al) en compagnie des professeurs au D\u00e9partement des sciences fondamentales <a href=\"http:\/\/www.uqac.ca\/portfolio\/maximepare\/\" target=\"_blank\" rel=\"noopener\">Maxime Par\u00e9<\/a> et <a href=\"http:\/\/ecoconseil.uqac.ca\/patrick-faubert\/\" target=\"_blank\" rel=\"noopener\">Patrick Faubert<\/a>.<\/p>\n","protected":false},"excerpt":{"rendered":"<p>C\u2019est sous un soleil radieux que se d\u00e9roulait la journ\u00e9e info-champs bleuets \u00e0 la Bleueti\u00e8re d\u2019enseignement et de recherche (BER) de Normandin. Organis\u00e9 par le Syndicat des producteurs de bleuets du Qu\u00e9bec, l\u2019\u00e9v\u00e9nement a rassembl\u00e9 plus de 150 personnes de la r\u00e9gion, et aussi des r\u00e9gions environnantes. Comme plusieurs travaux de recherche y sont men\u00e9s, [&hellip;]<\/p>\n","protected":false},"author":5,"featured_media":41959,"comment_status":"closed","ping_status":"closed","sticky":false,"template":"","format":"standard","meta":{"footnotes":""},"categories":[2],"tags":[3,16],"yoast_head":"<!-- This site is optimized with the Yoast SEO plugin v24.2 - https:\/\/yoast.com\/wordpress\/plugins\/seo\/ -->\r\n<title>Une journ\u00e9e d&#039;information \u00e0 la Bleueti\u00e8re d&#039;enseignement et de recherche - UQACtualit\u00e9s<\/title>\r\n<meta name=\"robots\" content=\"index, follow, max-snippet:-1, max-image-preview:large, max-video-preview:-1\" \/>\r\n<link rel=\"canonical\" href=\"https:\/\/www.uqac.ca\/uqactualites\/2022\/07\/14\/une-journee-dinformation-a-la-bleuetiere-denseignement-et-de-recherche\/\" \/>\r\n<meta property=\"og:locale\" content=\"fr_CA\" \/>\r\n<meta property=\"og:type\" content=\"article\" \/>\r\n<meta property=\"og:title\" content=\"Une journ\u00e9e d&#039;information \u00e0 la Bleueti\u00e8re d&#039;enseignement et de recherche - UQACtualit\u00e9s\" \/>\r\n<meta property=\"og:description\" content=\"C\u2019est sous un soleil radieux que se d\u00e9roulait la journ\u00e9e info-champs bleuets \u00e0 la Bleueti\u00e8re d\u2019enseignement et de recherche (BER) de Normandin. Organis\u00e9 par le Syndicat des producteurs de bleuets du Qu\u00e9bec, l\u2019\u00e9v\u00e9nement a rassembl\u00e9 plus de 150 personnes de la r\u00e9gion, et aussi des r\u00e9gions environnantes. Comme plusieurs travaux de recherche y sont men\u00e9s, [&hellip;]\" \/>\r\n<meta property=\"og:url\" content=\"https:\/\/www.uqac.ca\/uqactualites\/2022\/07\/14\/une-journee-dinformation-a-la-bleuetiere-denseignement-et-de-recherche\/\" \/>\r\n<meta property=\"og:site_name\" content=\"UQACtualit\u00e9s\" \/>\r\n<meta property=\"article:published_time\" content=\"2022-07-14T20:19:07+00:00\" \/>\r\n<meta property=\"og:image\" content=\"https:\/\/www.uqac.ca\/uqactualites\/wp-content\/uploads\/2022\/07\/292434925_1161894341041264_2699382274891493201_n.jpg\" \/>\r\n\t<meta property=\"og:image:width\" content=\"2016\" \/>\r\n\t<meta property=\"og:image:height\" content=\"1512\" \/>\r\n\t<meta property=\"og:image:type\" content=\"image\/jpeg\" \/>\r\n<meta name=\"author\" content=\"Service des communications et des relations publiques\" \/>\r\n<meta name=\"twitter:card\" content=\"summary_large_image\" \/>\r\n<meta name=\"twitter:label1\" content=\"\u00c9crit par\" \/>\n\t<meta name=\"twitter:data1\" content=\"Service des communications et des relations publiques\" \/>\n\t<meta name=\"twitter:label2\" content=\"Estimation du temps de lecture\" \/>\n\t<meta name=\"twitter:data2\" content=\"1 minute\" \/>\r\n<script type=\"application\/ld+json\" class=\"yoast-schema-graph\">{\"@context\":\"https:\/\/schema.org\",\"@graph\":[{\"@type\":\"WebPage\",\"@id\":\"https:\/\/www.uqac.ca\/uqactualites\/2022\/07\/14\/une-journee-dinformation-a-la-bleuetiere-denseignement-et-de-recherche\/\",\"url\":\"https:\/\/www.uqac.ca\/uqactualites\/2022\/07\/14\/une-journee-dinformation-a-la-bleuetiere-denseignement-et-de-recherche\/\",\"name\":\"Une journ\u00e9e d'information \u00e0 la Bleueti\u00e8re d'enseignement et de recherche - UQACtualit\u00e9s\",\"isPartOf\":{\"@id\":\"https:\/\/www.uqac.ca\/uqactualites\/#website\"},\"primaryImageOfPage\":{\"@id\":\"https:\/\/www.uqac.ca\/uqactualites\/2022\/07\/14\/une-journee-dinformation-a-la-bleuetiere-denseignement-et-de-recherche\/#primaryimage\"},\"image\":{\"@id\":\"https:\/\/www.uqac.ca\/uqactualites\/2022\/07\/14\/une-journee-dinformation-a-la-bleuetiere-denseignement-et-de-recherche\/#primaryimage\"},\"thumbnailUrl\":\"https:\/\/www.uqac.ca\/uqactualites\/wp-content\/uploads\/2022\/07\/292434925_1161894341041264_2699382274891493201_n.jpg\",\"datePublished\":\"2022-07-14T20:19:07+00:00\",\"dateModified\":\"2022-07-14T20:19:07+00:00\",\"author\":{\"@id\":\"https:\/\/www.uqac.ca\/uqactualites\/#\/schema\/person\/366c45a0c4f0e677b41b4af5886e2018\"},\"breadcrumb\":{\"@id\":\"https:\/\/www.uqac.ca\/uqactualites\/2022\/07\/14\/une-journee-dinformation-a-la-bleuetiere-denseignement-et-de-recherche\/#breadcrumb\"},\"inLanguage\":\"fr-CA\",\"potentialAction\":[{\"@type\":\"ReadAction\",\"target\":[\"https:\/\/www.uqac.ca\/uqactualites\/2022\/07\/14\/une-journee-dinformation-a-la-bleuetiere-denseignement-et-de-recherche\/\"]}]},{\"@type\":\"ImageObject\",\"inLanguage\":\"fr-CA\",\"@id\":\"https:\/\/www.uqac.ca\/uqactualites\/2022\/07\/14\/une-journee-dinformation-a-la-bleuetiere-denseignement-et-de-recherche\/#primaryimage\",\"url\":\"https:\/\/www.uqac.ca\/uqactualites\/wp-content\/uploads\/2022\/07\/292434925_1161894341041264_2699382274891493201_n.jpg\",\"contentUrl\":\"https:\/\/www.uqac.ca\/uqactualites\/wp-content\/uploads\/2022\/07\/292434925_1161894341041264_2699382274891493201_n.jpg\",\"width\":2016,\"height\":1512},{\"@type\":\"BreadcrumbList\",\"@id\":\"https:\/\/www.uqac.ca\/uqactualites\/2022\/07\/14\/une-journee-dinformation-a-la-bleuetiere-denseignement-et-de-recherche\/#breadcrumb\",\"itemListElement\":[{\"@type\":\"ListItem\",\"position\":1,\"name\":\"Home\",\"item\":\"https:\/\/www.uqac.ca\/uqactualites\/\"},{\"@type\":\"ListItem\",\"position\":2,\"name\":\"Une journ\u00e9e d&rsquo;information \u00e0 la Bleueti\u00e8re d&rsquo;enseignement et de recherche\"}]},{\"@type\":\"WebSite\",\"@id\":\"https:\/\/www.uqac.ca\/uqactualites\/#website\",\"url\":\"https:\/\/www.uqac.ca\/uqactualites\/\",\"name\":\"UQACtualit\u00e9s\",\"description\":\"Le portail des nouvelles de l&#039;UQAC\",\"potentialAction\":[{\"@type\":\"SearchAction\",\"target\":{\"@type\":\"EntryPoint\",\"urlTemplate\":\"https:\/\/www.uqac.ca\/uqactualites\/?s={search_term_string}\"},\"query-input\":{\"@type\":\"PropertyValueSpecification\",\"valueRequired\":true,\"valueName\":\"search_term_string\"}}],\"inLanguage\":\"fr-CA\"},{\"@type\":\"Person\",\"@id\":\"https:\/\/www.uqac.ca\/uqactualites\/#\/schema\/person\/366c45a0c4f0e677b41b4af5886e2018\",\"name\":\"Service des communications et des relations publiques\",\"image\":{\"@type\":\"ImageObject\",\"inLanguage\":\"fr-CA\",\"@id\":\"https:\/\/www.uqac.ca\/uqactualites\/#\/schema\/person\/image\/\",\"url\":\"https:\/\/secure.gravatar.com\/avatar\/20fbbda8a292f59f2d3461a5b999c00b?s=96&d=mm&r=g\",\"contentUrl\":\"https:\/\/secure.gravatar.com\/avatar\/20fbbda8a292f59f2d3461a5b999c00b?s=96&d=mm&r=g\",\"caption\":\"Service des communications et des relations publiques\"},\"url\":\"https:\/\/www.uqac.ca\/uqactualites\/author\/bap\/\"}]}<\/script>\r\n<!-- \/ Yoast SEO plugin. -->","yoast_head_json":{"title":"Une journ\u00e9e d'information \u00e0 la Bleueti\u00e8re d'enseignement et de recherche - UQACtualit\u00e9s","robots":{"index":"index","follow":"follow","max-snippet":"max-snippet:-1","max-image-preview":"max-image-preview:large","max-video-preview":"max-video-preview:-1"},"canonical":"https:\/\/www.uqac.ca\/uqactualites\/2022\/07\/14\/une-journee-dinformation-a-la-bleuetiere-denseignement-et-de-recherche\/","og_locale":"fr_CA","og_type":"article","og_title":"Une journ\u00e9e d'information \u00e0 la Bleueti\u00e8re d'enseignement et de recherche - UQACtualit\u00e9s","og_description":"C\u2019est sous un soleil radieux que se d\u00e9roulait la journ\u00e9e info-champs bleuets \u00e0 la Bleueti\u00e8re d\u2019enseignement et de recherche (BER) de Normandin. Organis\u00e9 par le Syndicat des producteurs de bleuets du Qu\u00e9bec, l\u2019\u00e9v\u00e9nement a rassembl\u00e9 plus de 150 personnes de la r\u00e9gion, et aussi des r\u00e9gions environnantes. Comme plusieurs travaux de recherche y sont men\u00e9s, [&hellip;]","og_url":"https:\/\/www.uqac.ca\/uqactualites\/2022\/07\/14\/une-journee-dinformation-a-la-bleuetiere-denseignement-et-de-recherche\/","og_site_name":"UQACtualit\u00e9s","article_published_time":"2022-07-14T20:19:07+00:00","og_image":[{"width":2016,"height":1512,"url":"https:\/\/www.uqac.ca\/uqactualites\/wp-content\/uploads\/2022\/07\/292434925_1161894341041264_2699382274891493201_n.jpg","type":"image\/jpeg"}],"author":"Service des communications et des relations publiques","twitter_card":"summary_large_image","twitter_misc":{"\u00c9crit par":"Service des communications et des relations publiques","Estimation du temps de lecture":"1 minute"},"schema":{"@context":"https:\/\/schema.org","@graph":[{"@type":"WebPage","@id":"https:\/\/www.uqac.ca\/uqactualites\/2022\/07\/14\/une-journee-dinformation-a-la-bleuetiere-denseignement-et-de-recherche\/","url":"https:\/\/www.uqac.ca\/uqactualites\/2022\/07\/14\/une-journee-dinformation-a-la-bleuetiere-denseignement-et-de-recherche\/","name":"Une journ\u00e9e d'information \u00e0 la Bleueti\u00e8re d'enseignement et de recherche - UQACtualit\u00e9s","isPartOf":{"@id":"https:\/\/www.uqac.ca\/uqactualites\/#website"},"primaryImageOfPage":{"@id":"https:\/\/www.uqac.ca\/uqactualites\/2022\/07\/14\/une-journee-dinformation-a-la-bleuetiere-denseignement-et-de-recherche\/#primaryimage"},"image":{"@id":"https:\/\/www.uqac.ca\/uqactualites\/2022\/07\/14\/une-journee-dinformation-a-la-bleuetiere-denseignement-et-de-recherche\/#primaryimage"},"thumbnailUrl":"https:\/\/www.uqac.ca\/uqactualites\/wp-content\/uploads\/2022\/07\/292434925_1161894341041264_2699382274891493201_n.jpg","datePublished":"2022-07-14T20:19:07+00:00","dateModified":"2022-07-14T20:19:07+00:00","author":{"@id":"https:\/\/www.uqac.ca\/uqactualites\/#\/schema\/person\/366c45a0c4f0e677b41b4af5886e2018"},"breadcrumb":{"@id":"https:\/\/www.uqac.ca\/uqactualites\/2022\/07\/14\/une-journee-dinformation-a-la-bleuetiere-denseignement-et-de-recherche\/#breadcrumb"},"inLanguage":"fr-CA","potentialAction":[{"@type":"ReadAction","target":["https:\/\/www.uqac.ca\/uqactualites\/2022\/07\/14\/une-journee-dinformation-a-la-bleuetiere-denseignement-et-de-recherche\/"]}]},{"@type":"ImageObject","inLanguage":"fr-CA","@id":"https:\/\/www.uqac.ca\/uqactualites\/2022\/07\/14\/une-journee-dinformation-a-la-bleuetiere-denseignement-et-de-recherche\/#primaryimage","url":"https:\/\/www.uqac.ca\/uqactualites\/wp-content\/uploads\/2022\/07\/292434925_1161894341041264_2699382274891493201_n.jpg","contentUrl":"https:\/\/www.uqac.ca\/uqactualites\/wp-content\/uploads\/2022\/07\/292434925_1161894341041264_2699382274891493201_n.jpg","width":2016,"height":1512},{"@type":"BreadcrumbList","@id":"https:\/\/www.uqac.ca\/uqactualites\/2022\/07\/14\/une-journee-dinformation-a-la-bleuetiere-denseignement-et-de-recherche\/#breadcrumb","itemListElement":[{"@type":"ListItem","position":1,"name":"Home","item":"https:\/\/www.uqac.ca\/uqactualites\/"},{"@type":"ListItem","position":2,"name":"Une journ\u00e9e d&rsquo;information \u00e0 la Bleueti\u00e8re d&rsquo;enseignement et de recherche"}]},{"@type":"WebSite","@id":"https:\/\/www.uqac.ca\/uqactualites\/#website","url":"https:\/\/www.uqac.ca\/uqactualites\/","name":"UQACtualit\u00e9s","description":"Le portail des nouvelles de l&#039;UQAC","potentialAction":[{"@type":"SearchAction","target":{"@type":"EntryPoint","urlTemplate":"https:\/\/www.uqac.ca\/uqactualites\/?s={search_term_string}"},"query-input":{"@type":"PropertyValueSpecification","valueRequired":true,"valueName":"search_term_string"}}],"inLanguage":"fr-CA"},{"@type":"Person","@id":"https:\/\/www.uqac.ca\/uqactualites\/#\/schema\/person\/366c45a0c4f0e677b41b4af5886e2018","name":"Service des communications et des relations publiques","image":{"@type":"ImageObject","inLanguage":"fr-CA","@id":"https:\/\/www.uqac.ca\/uqactualites\/#\/schema\/person\/image\/","url":"https:\/\/secure.gravatar.com\/avatar\/20fbbda8a292f59f2d3461a5b999c00b?s=96&d=mm&r=g","contentUrl":"https:\/\/secure.gravatar.com\/avatar\/20fbbda8a292f59f2d3461a5b999c00b?s=96&d=mm&r=g","caption":"Service des communications et des relations publiques"},"url":"https:\/\/www.uqac.ca\/uqactualites\/author\/bap\/"}]}},"_links":{"self":[{"href":"https:\/\/www.uqac.ca\/uqactualites\/wp-json\/wp\/v2\/posts\/41957"}],"collection":[{"href":"https:\/\/www.uqac.ca\/uqactualites\/wp-json\/wp\/v2\/posts"}],"about":[{"href":"https:\/\/www.uqac.ca\/uqactualites\/wp-json\/wp\/v2\/types\/post"}],"author":[{"embeddable":true,"href":"https:\/\/www.uqac.ca\/uqactualites\/wp-json\/wp\/v2\/users\/5"}],"replies":[{"embeddable":true,"href":"https:\/\/www.uqac.ca\/uqactualites\/wp-json\/wp\/v2\/comments?post=41957"}],"version-history":[{"count":0,"href":"https:\/\/www.uqac.ca\/uqactualites\/wp-json\/wp\/v2\/posts\/41957\/revisions"}],"wp:featuredmedia":[{"embeddable":true,"href":"https:\/\/www.uqac.ca\/uqactualites\/wp-json\/wp\/v2\/media\/41959"}],"wp:attachment":[{"href":"https:\/\/www.uqac.ca\/uqactualites\/wp-json\/wp\/v2\/media?parent=41957"}],"wp:term":[{"taxonomy":"category","embeddable":true,"href":"https:\/\/www.uqac.ca\/uqactualites\/wp-json\/wp\/v2\/categories?post=41957"},{"taxonomy":"post_tag","embeddable":true,"href":"https:\/\/www.uqac.ca\/uqactualites\/wp-json\/wp\/v2\/tags?post=41957"}],"curies":[{"name":"wp","href":"https:\/\/api.w.org\/{rel}","templated":true}]}}