{"id":42121,"date":"2022-09-13T09:58:31","date_gmt":"2022-09-13T13:58:31","guid":{"rendered":"https:\/\/www.uqac.ca\/?p=42121"},"modified":"2024-04-06T11:26:29","modified_gmt":"2024-04-06T15:26:29","slug":"luqac-accueille-trois-etudiants-boursiers-du-nouveau-programme-polytech-green","status":"publish","type":"post","link":"https:\/\/www.uqac.ca\/uqactualites\/2022\/09\/13\/luqac-accueille-trois-etudiants-boursiers-du-nouveau-programme-polytech-green\/","title":{"rendered":"L\u2019UQAC accueille trois \u00e9tudiants boursiers du nouveau programme Polytech Green"},"content":{"rendered":"<h2><\/h2>\n<p>L\u2019UQAC est fi\u00e8re d\u2019accueillir trois \u00e9tudiants boursiers du nouveau programme Polytech Green en provenance du r\u00e9seau Polytech, dont notre universit\u00e9 compte 14 des 15 \u00e9coles d\u2019ing\u00e9nieur parmi ses partenaires ! Ce programme offre notamment des bourses de mobilit\u00e9 aux \u00e9tudiants qui utiliseront un moyen de transport \u00e9coresponsable pour voyager vers leur destination et choisiront une th\u00e9matique de stage ou d\u2019\u00e9tudes li\u00e9e \u00e0 l\u2019un des\u00a0<a href=\"https:\/\/www.un.org\/sustainabledevelopment\/fr\/\">17\u00a0objectifs de d\u00e9veloppement durable<\/a>\u00a0de l\u2019ONU. Soucieux d\u2019appuyer les \u00e9tudiants boursiers Polytech Green dans leur d\u00e9marche et d\u2019encourager les mobilit\u00e9s \u00e9co-responsables, le Bureau de l\u2019International de l\u2019UQAC a d\u2019ailleurs tenu \u00e0 compenser leurs \u00e9mission GES \u00e0 l\u2019aide de l\u2019outil Carbone Bor\u00e9al\u00a0: <a href=\"https:\/\/carboneboreal.uqac.ca\/\">https:\/\/carboneboreal.uqac.ca\/<\/a><\/p>\n<p>&nbsp;<\/p>\n<h3>Pr\u00e9sentation des trois boursiers :<\/h3>\n<p>\u00c9lisa Lem\u00e9e, ma\u00eetrise en ing\u00e9nierie &#8211;\u00a0en provenance de Polytech Lille<\/p>\n<p>Laura Leteve, ma\u00eetrise en ing\u00e9nierie &#8211;\u00a0en provenance de Polytech Annecy Chamb\u00e9ry<\/p>\n<p>Antonin Henry, ma\u00eetrise en informatique\u00a0&#8211; en provenance de Polytech Marseille<\/p>\n<p>&nbsp;<\/p>\n<h3>Un s\u00e9minaire offert \u00e0 toute la communaut\u00e9 universitaire<\/h3>\n<p>Pour souligner les partenariats universitaires permettant ce type de s\u00e9jour d\u2019\u00e9tudes,<strong> un s\u00e9minaire franco-qu\u00e9b\u00e9cois sur les mobilit\u00e9s internationales \u00e9co-responsables<\/strong> aura lieu le 22 septembre prochain de part et d\u2019autre de l\u2019Atlantique. Organis\u00e9 conjointement par le r\u00e9seau Polytech fran\u00e7ais, l\u2019Universit\u00e9 de Sherbrooke, l\u2019\u00c9cole de technologie sup\u00e9rieure et l\u2019Universit\u00e9 du Qu\u00e9bec \u00e0 Chicoutimi, il permettra de pr\u00e9senter les initiatives en lien avec le d\u00e9veloppement durable et l\u2019\u00e9co-mobilit\u00e9 mises en place sur les campus, en plus de permettre d\u2019\u00e9changer sur les moyens et actions \u00e0 mettre en \u0153uvre pour ma\u00eetriser l\u2019empreinte \u00e9cologique li\u00e9e aux \u00e9changes universitaires entre la France et le Qu\u00e9bec. Le s\u00e9minaire est ouvert \u00e0 tous les \u00e9tudiants et au personnel des \u00e9tablissements partenaires, notamment \u00e0 ceux et celles concern\u00e9s par une mobilit\u00e9 entre la France et le Qu\u00e9bec, au personnel charg\u00e9\u00a0de la mission D\u00e9veloppement durable et Responsabilit\u00e9 sociale (DDRS) sur les campus, aux enseignants chercheurs impliqu\u00e9s dans une formation li\u00e9e au D\u00e9veloppement durable (DD) ou \u00e0 la transition \u00e9cologique et\/ou menant des activit\u00e9s de recherche dans ces domaines, ainsi qu\u2019\u00e0 leurs invit\u00e9s. Tout au long du s\u00e9minaire auquel il sera possible de participer en ligne ou en pr\u00e9sentiel (\u00e0 l\u2019ETS, Montr\u00e9al), diff\u00e9rents acteurs du programme se succ\u00e9deront pour pr\u00e9senter les actions et les engagements DDRS sur les campus. Des \u00e9tudiants seront \u00e9galement pr\u00e9sents afin de faire part de leurs projets \u00e9tudiants en lien avec le d\u00e9veloppement durable. Enfin, une table-ronde permettra de s\u2019interroger sur la r\u00e9duction des gaz \u00e0 effet de serre (GES), en particulier en ce qui concerne les mobilit\u00e9s internationales universitaires.<\/p>\n<p><a href=\"https:\/\/www.eventbrite.com\/e\/billets-seminaire-franco-quebecois-sur-les-mobilites-ecoresponsables-en-ligne-404850818697\" target=\"_blank\" rel=\"noopener\">Pour consulter la programmation compl\u00e8te et s&rsquo;inscrire \u00e0 l&rsquo;\u00e9v\u00e9nement, cliquez ici<br \/>\n<\/a><\/p>\n<p>Des pan\u00e9listes de l&rsquo;UQAC seront pr\u00e9sents \u00e0 divers moments dans la programmation :<\/p>\n<ul>\n<li>Alexandre Cloutier,\u00a0Vice-recteur aux partenariats, aux affaires internationales et autochtone<\/li>\n<li><a href=\"http:\/\/www.uqac.ca\/portfolio\/patrickfaubert\/\" target=\"_blank\" rel=\"noopener\">Patrick Faubert,\u00a0<\/a>Professeur au\u00a0<a href=\"https:\/\/www.uqac.ca\/departements\/dsf\/\">d\u00e9partement des sciences fondamentales<\/a> et membre de la chaire \u00c9co-conseil<\/li>\n<li>Fr\u00e9d\u00e9ric Desgagn\u00e9, Directeur du service des immeubles et \u00e9quipements<\/li>\n<li>Alexis Diard, Coordonnateur g\u00e9n\u00e9ral et pr\u00e9sident &#8211; <a href=\"https:\/\/mageuqac.com\/\" target=\"_blank\" rel=\"noopener\">MAGE-UQAC<\/a><\/li>\n<li><a href=\"http:\/\/www.uqac.ca\/portfolio\/sergiorossi\/\" target=\"_blank\" rel=\"noopener\">Sergio Rossi<\/a>, Professeur en \u00e9cologie foresti\u00e8re au D\u00e9partement des sciences fondamentales de l&rsquo;UQAC<\/li>\n<li>\u00c9lisa Lem\u00e9e,\u00a0\u00c9tudiante \u00e0 la ma\u00eetrise en Ing\u00e9nierie, parcours double dipl\u00f4mant en provenance de l\u2019\u00e9cole d\u2019ing\u00e9nieur Polytech Lille<\/li>\n<\/ul>\n<p>&nbsp;<\/p>\n<p>Le s\u00e9minaire est ouvert au public et plus particuli\u00e8rement aux \u00e9tudiants et au personnel des \u00e9tablissements partenaires, notamment \u00e0 ceux et celles concern\u00e9s par une mobilit\u00e9 entre la France et le Qu\u00e9bec, au personnel charg\u00e9\u00a0de la mission D\u00e9veloppement durable et Responsabilit\u00e9 sociale (DDRS) sur les campus, aux professeurs-chercheurs impliqu\u00e9s dans une formation li\u00e9e au D\u00e9veloppement durable (DD) ou \u00e0 la transition \u00e9cologique et\/ou menant des activit\u00e9s de recherche dans ces domaines, ainsi qu\u2019\u00e0 leurs invit\u00e9s.<\/p>\n<p><a href=\"https:\/\/www.eventbrite.com\/e\/billets-seminaire-franco-quebecois-sur-les-mobilites-ecoresponsables-en-ligne-404850818697\" target=\"_blank\" rel=\"noopener\"><img loading=\"lazy\" decoding=\"async\" class=\"wp-image-42124 alignleft\" src=\"https:\/\/www.uqac.ca\/wp-content\/uploads\/2022\/09\/Seminaire_MobilitesInternationalesEcoresponsables_Facebook_1200x630-1-300x158.jpg\" alt=\"\" width=\"506\" height=\"329\" \/><\/a><\/p>\n","protected":false},"excerpt":{"rendered":"<p>L\u2019UQAC est fi\u00e8re d\u2019accueillir trois \u00e9tudiants boursiers du nouveau programme Polytech Green en provenance du r\u00e9seau Polytech, dont notre universit\u00e9 compte 14 des 15 \u00e9coles d\u2019ing\u00e9nieur parmi ses partenaires ! Ce programme offre notamment des bourses de mobilit\u00e9 aux \u00e9tudiants qui utiliseront un moyen de transport \u00e9coresponsable pour voyager vers leur destination et choisiront une [&hellip;]<\/p>\n","protected":false},"author":5,"featured_media":42123,"comment_status":"closed","ping_status":"closed","sticky":false,"template":"","format":"standard","meta":{"footnotes":""},"categories":[2,2854],"tags":[51,100],"yoast_head":"<!-- This site is optimized with the Yoast SEO plugin v24.2 - https:\/\/yoast.com\/wordpress\/plugins\/seo\/ -->\r\n<title>L\u2019UQAC accueille trois \u00e9tudiants boursiers du nouveau programme Polytech Green - UQACtualit\u00e9s<\/title>\r\n<meta name=\"robots\" content=\"index, follow, max-snippet:-1, max-image-preview:large, max-video-preview:-1\" \/>\r\n<link rel=\"canonical\" href=\"https:\/\/www.uqac.ca\/uqactualites\/2022\/09\/13\/luqac-accueille-trois-etudiants-boursiers-du-nouveau-programme-polytech-green\/\" \/>\r\n<meta property=\"og:locale\" content=\"fr_CA\" \/>\r\n<meta property=\"og:type\" content=\"article\" \/>\r\n<meta property=\"og:title\" content=\"L\u2019UQAC accueille trois \u00e9tudiants boursiers du nouveau programme Polytech Green - UQACtualit\u00e9s\" \/>\r\n<meta property=\"og:description\" content=\"L\u2019UQAC est fi\u00e8re d\u2019accueillir trois \u00e9tudiants boursiers du nouveau programme Polytech Green en provenance du r\u00e9seau Polytech, dont notre universit\u00e9 compte 14 des 15 \u00e9coles d\u2019ing\u00e9nieur parmi ses partenaires ! Ce programme offre notamment des bourses de mobilit\u00e9 aux \u00e9tudiants qui utiliseront un moyen de transport \u00e9coresponsable pour voyager vers leur destination et choisiront une [&hellip;]\" \/>\r\n<meta property=\"og:url\" content=\"https:\/\/www.uqac.ca\/uqactualites\/2022\/09\/13\/luqac-accueille-trois-etudiants-boursiers-du-nouveau-programme-polytech-green\/\" \/>\r\n<meta property=\"og:site_name\" content=\"UQACtualit\u00e9s\" \/>\r\n<meta property=\"article:published_time\" content=\"2022-09-13T13:58:31+00:00\" \/>\r\n<meta property=\"article:modified_time\" content=\"2024-04-06T15:26:29+00:00\" \/>\r\n<meta property=\"og:image\" content=\"https:\/\/www.uqac.ca\/uqactualites\/wp-content\/uploads\/2022\/09\/20220906_125733-003-e1663077303516.jpg\" \/>\r\n\t<meta property=\"og:image:width\" content=\"1502\" \/>\r\n\t<meta property=\"og:image:height\" content=\"1484\" \/>\r\n\t<meta property=\"og:image:type\" content=\"image\/jpeg\" \/>\r\n<meta name=\"author\" content=\"Service des communications et des relations publiques\" \/>\r\n<meta name=\"twitter:card\" content=\"summary_large_image\" \/>\r\n<meta name=\"twitter:label1\" content=\"\u00c9crit par\" \/>\n\t<meta name=\"twitter:data1\" content=\"Service des communications et des relations publiques\" \/>\n\t<meta name=\"twitter:label2\" content=\"Estimation du temps de lecture\" \/>\n\t<meta name=\"twitter:data2\" content=\"3 minutes\" \/>\r\n<script type=\"application\/ld+json\" class=\"yoast-schema-graph\">{\"@context\":\"https:\/\/schema.org\",\"@graph\":[{\"@type\":\"WebPage\",\"@id\":\"https:\/\/www.uqac.ca\/uqactualites\/2022\/09\/13\/luqac-accueille-trois-etudiants-boursiers-du-nouveau-programme-polytech-green\/\",\"url\":\"https:\/\/www.uqac.ca\/uqactualites\/2022\/09\/13\/luqac-accueille-trois-etudiants-boursiers-du-nouveau-programme-polytech-green\/\",\"name\":\"L\u2019UQAC accueille trois \u00e9tudiants boursiers du nouveau programme Polytech Green - UQACtualit\u00e9s\",\"isPartOf\":{\"@id\":\"https:\/\/www.uqac.ca\/uqactualites\/#website\"},\"primaryImageOfPage\":{\"@id\":\"https:\/\/www.uqac.ca\/uqactualites\/2022\/09\/13\/luqac-accueille-trois-etudiants-boursiers-du-nouveau-programme-polytech-green\/#primaryimage\"},\"image\":{\"@id\":\"https:\/\/www.uqac.ca\/uqactualites\/2022\/09\/13\/luqac-accueille-trois-etudiants-boursiers-du-nouveau-programme-polytech-green\/#primaryimage\"},\"thumbnailUrl\":\"https:\/\/www.uqac.ca\/uqactualites\/wp-content\/uploads\/2022\/09\/20220906_125733-003-e1663077303516.jpg\",\"datePublished\":\"2022-09-13T13:58:31+00:00\",\"dateModified\":\"2024-04-06T15:26:29+00:00\",\"author\":{\"@id\":\"https:\/\/www.uqac.ca\/uqactualites\/#\/schema\/person\/366c45a0c4f0e677b41b4af5886e2018\"},\"breadcrumb\":{\"@id\":\"https:\/\/www.uqac.ca\/uqactualites\/2022\/09\/13\/luqac-accueille-trois-etudiants-boursiers-du-nouveau-programme-polytech-green\/#breadcrumb\"},\"inLanguage\":\"fr-CA\",\"potentialAction\":[{\"@type\":\"ReadAction\",\"target\":[\"https:\/\/www.uqac.ca\/uqactualites\/2022\/09\/13\/luqac-accueille-trois-etudiants-boursiers-du-nouveau-programme-polytech-green\/\"]}]},{\"@type\":\"ImageObject\",\"inLanguage\":\"fr-CA\",\"@id\":\"https:\/\/www.uqac.ca\/uqactualites\/2022\/09\/13\/luqac-accueille-trois-etudiants-boursiers-du-nouveau-programme-polytech-green\/#primaryimage\",\"url\":\"https:\/\/www.uqac.ca\/uqactualites\/wp-content\/uploads\/2022\/09\/20220906_125733-003-e1663077303516.jpg\",\"contentUrl\":\"https:\/\/www.uqac.ca\/uqactualites\/wp-content\/uploads\/2022\/09\/20220906_125733-003-e1663077303516.jpg\",\"width\":1502,\"height\":1484},{\"@type\":\"BreadcrumbList\",\"@id\":\"https:\/\/www.uqac.ca\/uqactualites\/2022\/09\/13\/luqac-accueille-trois-etudiants-boursiers-du-nouveau-programme-polytech-green\/#breadcrumb\",\"itemListElement\":[{\"@type\":\"ListItem\",\"position\":1,\"name\":\"Home\",\"item\":\"https:\/\/www.uqac.ca\/uqactualites\/\"},{\"@type\":\"ListItem\",\"position\":2,\"name\":\"L\u2019UQAC accueille trois \u00e9tudiants boursiers du nouveau programme Polytech Green\"}]},{\"@type\":\"WebSite\",\"@id\":\"https:\/\/www.uqac.ca\/uqactualites\/#website\",\"url\":\"https:\/\/www.uqac.ca\/uqactualites\/\",\"name\":\"UQACtualit\u00e9s\",\"description\":\"Le portail des nouvelles de l&#039;UQAC\",\"potentialAction\":[{\"@type\":\"SearchAction\",\"target\":{\"@type\":\"EntryPoint\",\"urlTemplate\":\"https:\/\/www.uqac.ca\/uqactualites\/?s={search_term_string}\"},\"query-input\":{\"@type\":\"PropertyValueSpecification\",\"valueRequired\":true,\"valueName\":\"search_term_string\"}}],\"inLanguage\":\"fr-CA\"},{\"@type\":\"Person\",\"@id\":\"https:\/\/www.uqac.ca\/uqactualites\/#\/schema\/person\/366c45a0c4f0e677b41b4af5886e2018\",\"name\":\"Service des communications et des relations publiques\",\"image\":{\"@type\":\"ImageObject\",\"inLanguage\":\"fr-CA\",\"@id\":\"https:\/\/www.uqac.ca\/uqactualites\/#\/schema\/person\/image\/\",\"url\":\"https:\/\/secure.gravatar.com\/avatar\/20fbbda8a292f59f2d3461a5b999c00b?s=96&d=mm&r=g\",\"contentUrl\":\"https:\/\/secure.gravatar.com\/avatar\/20fbbda8a292f59f2d3461a5b999c00b?s=96&d=mm&r=g\",\"caption\":\"Service des communications et des relations publiques\"},\"url\":\"https:\/\/www.uqac.ca\/uqactualites\/author\/bap\/\"}]}<\/script>\r\n<!-- \/ Yoast SEO plugin. -->","yoast_head_json":{"title":"L\u2019UQAC accueille trois \u00e9tudiants boursiers du nouveau programme Polytech Green - UQACtualit\u00e9s","robots":{"index":"index","follow":"follow","max-snippet":"max-snippet:-1","max-image-preview":"max-image-preview:large","max-video-preview":"max-video-preview:-1"},"canonical":"https:\/\/www.uqac.ca\/uqactualites\/2022\/09\/13\/luqac-accueille-trois-etudiants-boursiers-du-nouveau-programme-polytech-green\/","og_locale":"fr_CA","og_type":"article","og_title":"L\u2019UQAC accueille trois \u00e9tudiants boursiers du nouveau programme Polytech Green - UQACtualit\u00e9s","og_description":"L\u2019UQAC est fi\u00e8re d\u2019accueillir trois \u00e9tudiants boursiers du nouveau programme Polytech Green en provenance du r\u00e9seau Polytech, dont notre universit\u00e9 compte 14 des 15 \u00e9coles d\u2019ing\u00e9nieur parmi ses partenaires ! Ce programme offre notamment des bourses de mobilit\u00e9 aux \u00e9tudiants qui utiliseront un moyen de transport \u00e9coresponsable pour voyager vers leur destination et choisiront une [&hellip;]","og_url":"https:\/\/www.uqac.ca\/uqactualites\/2022\/09\/13\/luqac-accueille-trois-etudiants-boursiers-du-nouveau-programme-polytech-green\/","og_site_name":"UQACtualit\u00e9s","article_published_time":"2022-09-13T13:58:31+00:00","article_modified_time":"2024-04-06T15:26:29+00:00","og_image":[{"width":1502,"height":1484,"url":"https:\/\/www.uqac.ca\/uqactualites\/wp-content\/uploads\/2022\/09\/20220906_125733-003-e1663077303516.jpg","type":"image\/jpeg"}],"author":"Service des communications et des relations publiques","twitter_card":"summary_large_image","twitter_misc":{"\u00c9crit par":"Service des communications et des relations publiques","Estimation du temps de lecture":"3 minutes"},"schema":{"@context":"https:\/\/schema.org","@graph":[{"@type":"WebPage","@id":"https:\/\/www.uqac.ca\/uqactualites\/2022\/09\/13\/luqac-accueille-trois-etudiants-boursiers-du-nouveau-programme-polytech-green\/","url":"https:\/\/www.uqac.ca\/uqactualites\/2022\/09\/13\/luqac-accueille-trois-etudiants-boursiers-du-nouveau-programme-polytech-green\/","name":"L\u2019UQAC accueille trois \u00e9tudiants boursiers du nouveau programme Polytech Green - UQACtualit\u00e9s","isPartOf":{"@id":"https:\/\/www.uqac.ca\/uqactualites\/#website"},"primaryImageOfPage":{"@id":"https:\/\/www.uqac.ca\/uqactualites\/2022\/09\/13\/luqac-accueille-trois-etudiants-boursiers-du-nouveau-programme-polytech-green\/#primaryimage"},"image":{"@id":"https:\/\/www.uqac.ca\/uqactualites\/2022\/09\/13\/luqac-accueille-trois-etudiants-boursiers-du-nouveau-programme-polytech-green\/#primaryimage"},"thumbnailUrl":"https:\/\/www.uqac.ca\/uqactualites\/wp-content\/uploads\/2022\/09\/20220906_125733-003-e1663077303516.jpg","datePublished":"2022-09-13T13:58:31+00:00","dateModified":"2024-04-06T15:26:29+00:00","author":{"@id":"https:\/\/www.uqac.ca\/uqactualites\/#\/schema\/person\/366c45a0c4f0e677b41b4af5886e2018"},"breadcrumb":{"@id":"https:\/\/www.uqac.ca\/uqactualites\/2022\/09\/13\/luqac-accueille-trois-etudiants-boursiers-du-nouveau-programme-polytech-green\/#breadcrumb"},"inLanguage":"fr-CA","potentialAction":[{"@type":"ReadAction","target":["https:\/\/www.uqac.ca\/uqactualites\/2022\/09\/13\/luqac-accueille-trois-etudiants-boursiers-du-nouveau-programme-polytech-green\/"]}]},{"@type":"ImageObject","inLanguage":"fr-CA","@id":"https:\/\/www.uqac.ca\/uqactualites\/2022\/09\/13\/luqac-accueille-trois-etudiants-boursiers-du-nouveau-programme-polytech-green\/#primaryimage","url":"https:\/\/www.uqac.ca\/uqactualites\/wp-content\/uploads\/2022\/09\/20220906_125733-003-e1663077303516.jpg","contentUrl":"https:\/\/www.uqac.ca\/uqactualites\/wp-content\/uploads\/2022\/09\/20220906_125733-003-e1663077303516.jpg","width":1502,"height":1484},{"@type":"BreadcrumbList","@id":"https:\/\/www.uqac.ca\/uqactualites\/2022\/09\/13\/luqac-accueille-trois-etudiants-boursiers-du-nouveau-programme-polytech-green\/#breadcrumb","itemListElement":[{"@type":"ListItem","position":1,"name":"Home","item":"https:\/\/www.uqac.ca\/uqactualites\/"},{"@type":"ListItem","position":2,"name":"L\u2019UQAC accueille trois \u00e9tudiants boursiers du nouveau programme Polytech Green"}]},{"@type":"WebSite","@id":"https:\/\/www.uqac.ca\/uqactualites\/#website","url":"https:\/\/www.uqac.ca\/uqactualites\/","name":"UQACtualit\u00e9s","description":"Le portail des nouvelles de l&#039;UQAC","potentialAction":[{"@type":"SearchAction","target":{"@type":"EntryPoint","urlTemplate":"https:\/\/www.uqac.ca\/uqactualites\/?s={search_term_string}"},"query-input":{"@type":"PropertyValueSpecification","valueRequired":true,"valueName":"search_term_string"}}],"inLanguage":"fr-CA"},{"@type":"Person","@id":"https:\/\/www.uqac.ca\/uqactualites\/#\/schema\/person\/366c45a0c4f0e677b41b4af5886e2018","name":"Service des communications et des relations publiques","image":{"@type":"ImageObject","inLanguage":"fr-CA","@id":"https:\/\/www.uqac.ca\/uqactualites\/#\/schema\/person\/image\/","url":"https:\/\/secure.gravatar.com\/avatar\/20fbbda8a292f59f2d3461a5b999c00b?s=96&d=mm&r=g","contentUrl":"https:\/\/secure.gravatar.com\/avatar\/20fbbda8a292f59f2d3461a5b999c00b?s=96&d=mm&r=g","caption":"Service des communications et des relations publiques"},"url":"https:\/\/www.uqac.ca\/uqactualites\/author\/bap\/"}]}},"_links":{"self":[{"href":"https:\/\/www.uqac.ca\/uqactualites\/wp-json\/wp\/v2\/posts\/42121"}],"collection":[{"href":"https:\/\/www.uqac.ca\/uqactualites\/wp-json\/wp\/v2\/posts"}],"about":[{"href":"https:\/\/www.uqac.ca\/uqactualites\/wp-json\/wp\/v2\/types\/post"}],"author":[{"embeddable":true,"href":"https:\/\/www.uqac.ca\/uqactualites\/wp-json\/wp\/v2\/users\/5"}],"replies":[{"embeddable":true,"href":"https:\/\/www.uqac.ca\/uqactualites\/wp-json\/wp\/v2\/comments?post=42121"}],"version-history":[{"count":1,"href":"https:\/\/www.uqac.ca\/uqactualites\/wp-json\/wp\/v2\/posts\/42121\/revisions"}],"predecessor-version":[{"id":46693,"href":"https:\/\/www.uqac.ca\/uqactualites\/wp-json\/wp\/v2\/posts\/42121\/revisions\/46693"}],"wp:featuredmedia":[{"embeddable":true,"href":"https:\/\/www.uqac.ca\/uqactualites\/wp-json\/wp\/v2\/media\/42123"}],"wp:attachment":[{"href":"https:\/\/www.uqac.ca\/uqactualites\/wp-json\/wp\/v2\/media?parent=42121"}],"wp:term":[{"taxonomy":"category","embeddable":true,"href":"https:\/\/www.uqac.ca\/uqactualites\/wp-json\/wp\/v2\/categories?post=42121"},{"taxonomy":"post_tag","embeddable":true,"href":"https:\/\/www.uqac.ca\/uqactualites\/wp-json\/wp\/v2\/tags?post=42121"}],"curies":[{"name":"wp","href":"https:\/\/api.w.org\/{rel}","templated":true}]}}