{"id":42218,"date":"2022-09-29T08:49:46","date_gmt":"2022-09-29T12:49:46","guid":{"rendered":"https:\/\/www.uqac.ca\/?p=42218"},"modified":"2022-09-29T08:49:46","modified_gmt":"2022-09-29T12:49:46","slug":"forces-avenir-luqac-fierement-representee-par-gabrielle-filiatrault-et-le-projet-de-la-foret-nourriciere","status":"publish","type":"post","link":"https:\/\/www.uqac.ca\/uqactualites\/2022\/09\/29\/forces-avenir-luqac-fierement-representee-par-gabrielle-filiatrault-et-le-projet-de-la-foret-nourriciere\/","title":{"rendered":"Forces Avenir : L&rsquo;UQAC fi\u00e8rement repr\u00e9sent\u00e9e par Gabrielle Filiatrault et le projet de la For\u00eat Nourrici\u00e8re"},"content":{"rendered":"<p>Afin de mettre en lumi\u00e8re l\u2019excellence de la jeunesse qu\u00e9b\u00e9coise et la grande qualit\u00e9 des initiatives qu\u2019elle met en place \u00e0 travers son cheminement universitaire, <a href=\"https:\/\/www.forcesavenir.qc.ca\/\" target=\"_blank\" rel=\"noopener\">Forces AVENIR<\/a> a tenu son gala le 27 septembre dernier. Parmi tous les \u00e9tudiants et \u00e9tudiantes finalistes, l&rsquo;UQAC \u00e9tait fi\u00e8rement repr\u00e9sent\u00e9 par la dipl\u00f4m\u00e9e du dipl\u00f4me d&rsquo;\u00e9tudes sup\u00e9rieures sp\u00e9cialis\u00e9es en \u00e9co-conseil et \u00e9tudiante \u00e0 la ma\u00eetrise en \u00e9tudes et interventions r\u00e9gionales Gabrielle Filiatrault, en nomination dans la cat\u00e9gorie Avenir soci\u00e9t\u00e9, communications et \u00e9ducation.<\/p>\n<p>Rappelons que <a href=\"https:\/\/www.facebook.com\/profile.php?id=100063670639234\" target=\"_blank\" rel=\"noopener\">La For\u00eat Nourrici\u00e8re<\/a> offre de nombreux v\u00e9g\u00e9taux comestibles qui sont accessibles \u00e0 tout le monde en auto-cueillette libre et gratuite. Il a fallu \u00e9duquer la population sur la cueillette et l&rsquo;utilisation des v\u00e9g\u00e9taux. Pour ce faire, un calendrier de cueillette a \u00e9t\u00e9 con\u00e7u afin d&rsquo;informer les gens sur les diff\u00e9rentes p\u00e9riodes de production et plusieurs activit\u00e9s anim\u00e9es ont \u00e9t\u00e9 organis\u00e9es.\u00a0 De plus, plusieurs publications ou vid\u00e9os ont \u00e9t\u00e9 diffus\u00e9es sur les r\u00e9seaux sociaux afin de communiquer de l&rsquo;information sur les r\u00e9coltes \u00e0 faire. \u00c0 l&rsquo;\u00e9t\u00e9 2021, la for\u00eat a attir\u00e9e pr\u00e8s de 300 personnes participants en offrant 12 activit\u00e9s et 67 heures d&rsquo;implication b\u00e9n\u00e9vole. Pour aider l&rsquo;apprentissage des plantes, des \u00e9tiquettes avec un code QR menant \u00e0 des informations pertinentes sur chaque plante ont \u00e9t\u00e9 cr\u00e9\u00e9es. La For\u00eat nourrici\u00e8re s&rsquo;est aussi un lieu de rassemblement et de ressourcement qui renforce le tissu social.<\/p>\n<p>F\u00e9licitations \u00e0 tous les \u00e9tudiants et \u00e9tudiantes inspirants en nomination.<\/p>\n<p>&nbsp;<\/p>\n<p>Sur la photo, le professeur en \u00e9co-conseil <a href=\"https:\/\/www.uqac.ca\/portfolio\/jeanfrancoisboucher\/\" target=\"_blank\" rel=\"noopener\">Jean-Fran\u00e7ois Boucher<\/a>, Patrice S\u00e9guin, animateur de la vie \u00e9tudiante, Alexis Diard, pr\u00e9sident du Mage-UQAC, Gabrielle Filiatrault et Val\u00e9rie Legendre-Guillemin, doyenne des affaires d\u00e9partementales.<\/p>\n","protected":false},"excerpt":{"rendered":"<p>Afin de mettre en lumi\u00e8re l\u2019excellence de la jeunesse qu\u00e9b\u00e9coise et la grande qualit\u00e9 des initiatives qu\u2019elle met en place \u00e0 travers son cheminement universitaire, Forces AVENIR a tenu son gala le 27 septembre dernier. Parmi tous les \u00e9tudiants et \u00e9tudiantes finalistes, l&rsquo;UQAC \u00e9tait fi\u00e8rement repr\u00e9sent\u00e9 par la dipl\u00f4m\u00e9e du dipl\u00f4me d&rsquo;\u00e9tudes sup\u00e9rieures sp\u00e9cialis\u00e9es en [&hellip;]<\/p>\n","protected":false},"author":5,"featured_media":42219,"comment_status":"closed","ping_status":"closed","sticky":false,"template":"","format":"standard","meta":{"footnotes":""},"categories":[9],"tags":[],"yoast_head":"<!-- This site is optimized with the Yoast SEO plugin v24.2 - https:\/\/yoast.com\/wordpress\/plugins\/seo\/ -->\r\n<title>Forces Avenir : L&#039;UQAC fi\u00e8rement repr\u00e9sent\u00e9e par Gabrielle Filiatrault et le projet de la For\u00eat Nourrici\u00e8re - UQACtualit\u00e9s<\/title>\r\n<meta name=\"robots\" content=\"index, follow, max-snippet:-1, max-image-preview:large, max-video-preview:-1\" \/>\r\n<link rel=\"canonical\" href=\"https:\/\/www.uqac.ca\/uqactualites\/2022\/09\/29\/forces-avenir-luqac-fierement-representee-par-gabrielle-filiatrault-et-le-projet-de-la-foret-nourriciere\/\" \/>\r\n<meta property=\"og:locale\" content=\"fr_CA\" \/>\r\n<meta property=\"og:type\" content=\"article\" \/>\r\n<meta property=\"og:title\" content=\"Forces Avenir : L&#039;UQAC fi\u00e8rement repr\u00e9sent\u00e9e par Gabrielle Filiatrault et le projet de la For\u00eat Nourrici\u00e8re - UQACtualit\u00e9s\" \/>\r\n<meta property=\"og:description\" content=\"Afin de mettre en lumi\u00e8re l\u2019excellence de la jeunesse qu\u00e9b\u00e9coise et la grande qualit\u00e9 des initiatives qu\u2019elle met en place \u00e0 travers son cheminement universitaire, Forces AVENIR a tenu son gala le 27 septembre dernier. Parmi tous les \u00e9tudiants et \u00e9tudiantes finalistes, l&rsquo;UQAC \u00e9tait fi\u00e8rement repr\u00e9sent\u00e9 par la dipl\u00f4m\u00e9e du dipl\u00f4me d&rsquo;\u00e9tudes sup\u00e9rieures sp\u00e9cialis\u00e9es en [&hellip;]\" \/>\r\n<meta property=\"og:url\" content=\"https:\/\/www.uqac.ca\/uqactualites\/2022\/09\/29\/forces-avenir-luqac-fierement-representee-par-gabrielle-filiatrault-et-le-projet-de-la-foret-nourriciere\/\" \/>\r\n<meta property=\"og:site_name\" content=\"UQACtualit\u00e9s\" \/>\r\n<meta property=\"article:published_time\" content=\"2022-09-29T12:49:46+00:00\" \/>\r\n<meta property=\"og:image\" content=\"https:\/\/www.uqac.ca\/uqactualites\/wp-content\/uploads\/2022\/09\/MicrosoftTeams-image-44.jpg\" \/>\r\n\t<meta property=\"og:image:width\" content=\"1024\" \/>\r\n\t<meta property=\"og:image:height\" content=\"735\" \/>\r\n\t<meta property=\"og:image:type\" content=\"image\/jpeg\" \/>\r\n<meta name=\"author\" content=\"Service des communications et des relations publiques\" \/>\r\n<meta name=\"twitter:card\" content=\"summary_large_image\" \/>\r\n<meta name=\"twitter:label1\" content=\"\u00c9crit par\" \/>\n\t<meta name=\"twitter:data1\" content=\"Service des communications et des relations publiques\" \/>\n\t<meta name=\"twitter:label2\" content=\"Estimation du temps de lecture\" \/>\n\t<meta name=\"twitter:data2\" content=\"2 minutes\" \/>\r\n<script type=\"application\/ld+json\" class=\"yoast-schema-graph\">{\"@context\":\"https:\/\/schema.org\",\"@graph\":[{\"@type\":\"WebPage\",\"@id\":\"https:\/\/www.uqac.ca\/uqactualites\/2022\/09\/29\/forces-avenir-luqac-fierement-representee-par-gabrielle-filiatrault-et-le-projet-de-la-foret-nourriciere\/\",\"url\":\"https:\/\/www.uqac.ca\/uqactualites\/2022\/09\/29\/forces-avenir-luqac-fierement-representee-par-gabrielle-filiatrault-et-le-projet-de-la-foret-nourriciere\/\",\"name\":\"Forces Avenir : L'UQAC fi\u00e8rement repr\u00e9sent\u00e9e par Gabrielle Filiatrault et le projet de la For\u00eat Nourrici\u00e8re - UQACtualit\u00e9s\",\"isPartOf\":{\"@id\":\"https:\/\/www.uqac.ca\/uqactualites\/#website\"},\"primaryImageOfPage\":{\"@id\":\"https:\/\/www.uqac.ca\/uqactualites\/2022\/09\/29\/forces-avenir-luqac-fierement-representee-par-gabrielle-filiatrault-et-le-projet-de-la-foret-nourriciere\/#primaryimage\"},\"image\":{\"@id\":\"https:\/\/www.uqac.ca\/uqactualites\/2022\/09\/29\/forces-avenir-luqac-fierement-representee-par-gabrielle-filiatrault-et-le-projet-de-la-foret-nourriciere\/#primaryimage\"},\"thumbnailUrl\":\"https:\/\/www.uqac.ca\/uqactualites\/wp-content\/uploads\/2022\/09\/MicrosoftTeams-image-44.jpg\",\"datePublished\":\"2022-09-29T12:49:46+00:00\",\"dateModified\":\"2022-09-29T12:49:46+00:00\",\"author\":{\"@id\":\"https:\/\/www.uqac.ca\/uqactualites\/#\/schema\/person\/366c45a0c4f0e677b41b4af5886e2018\"},\"breadcrumb\":{\"@id\":\"https:\/\/www.uqac.ca\/uqactualites\/2022\/09\/29\/forces-avenir-luqac-fierement-representee-par-gabrielle-filiatrault-et-le-projet-de-la-foret-nourriciere\/#breadcrumb\"},\"inLanguage\":\"fr-CA\",\"potentialAction\":[{\"@type\":\"ReadAction\",\"target\":[\"https:\/\/www.uqac.ca\/uqactualites\/2022\/09\/29\/forces-avenir-luqac-fierement-representee-par-gabrielle-filiatrault-et-le-projet-de-la-foret-nourriciere\/\"]}]},{\"@type\":\"ImageObject\",\"inLanguage\":\"fr-CA\",\"@id\":\"https:\/\/www.uqac.ca\/uqactualites\/2022\/09\/29\/forces-avenir-luqac-fierement-representee-par-gabrielle-filiatrault-et-le-projet-de-la-foret-nourriciere\/#primaryimage\",\"url\":\"https:\/\/www.uqac.ca\/uqactualites\/wp-content\/uploads\/2022\/09\/MicrosoftTeams-image-44.jpg\",\"contentUrl\":\"https:\/\/www.uqac.ca\/uqactualites\/wp-content\/uploads\/2022\/09\/MicrosoftTeams-image-44.jpg\",\"width\":1024,\"height\":735,\"caption\":\"Sur la photo, le professeur en \u00e9co-conseil Jean-Fran\u00e7ois Boucher, Patrice S\u00e9guin, animateur de la vie \u00e9tudiante, Alexis Diard, pr\u00e9sident du Mage-UQAC, Gabrielle Filiatrault et Val\u00e9rie Legendre-Guillemin, doyenne des affaires d\u00e9partementales.\"},{\"@type\":\"BreadcrumbList\",\"@id\":\"https:\/\/www.uqac.ca\/uqactualites\/2022\/09\/29\/forces-avenir-luqac-fierement-representee-par-gabrielle-filiatrault-et-le-projet-de-la-foret-nourriciere\/#breadcrumb\",\"itemListElement\":[{\"@type\":\"ListItem\",\"position\":1,\"name\":\"Home\",\"item\":\"https:\/\/www.uqac.ca\/uqactualites\/\"},{\"@type\":\"ListItem\",\"position\":2,\"name\":\"Forces Avenir : L&rsquo;UQAC fi\u00e8rement repr\u00e9sent\u00e9e par Gabrielle Filiatrault et le projet de la For\u00eat Nourrici\u00e8re\"}]},{\"@type\":\"WebSite\",\"@id\":\"https:\/\/www.uqac.ca\/uqactualites\/#website\",\"url\":\"https:\/\/www.uqac.ca\/uqactualites\/\",\"name\":\"UQACtualit\u00e9s\",\"description\":\"Le portail des nouvelles de l&#039;UQAC\",\"potentialAction\":[{\"@type\":\"SearchAction\",\"target\":{\"@type\":\"EntryPoint\",\"urlTemplate\":\"https:\/\/www.uqac.ca\/uqactualites\/?s={search_term_string}\"},\"query-input\":{\"@type\":\"PropertyValueSpecification\",\"valueRequired\":true,\"valueName\":\"search_term_string\"}}],\"inLanguage\":\"fr-CA\"},{\"@type\":\"Person\",\"@id\":\"https:\/\/www.uqac.ca\/uqactualites\/#\/schema\/person\/366c45a0c4f0e677b41b4af5886e2018\",\"name\":\"Service des communications et des relations publiques\",\"image\":{\"@type\":\"ImageObject\",\"inLanguage\":\"fr-CA\",\"@id\":\"https:\/\/www.uqac.ca\/uqactualites\/#\/schema\/person\/image\/\",\"url\":\"https:\/\/secure.gravatar.com\/avatar\/20fbbda8a292f59f2d3461a5b999c00b?s=96&d=mm&r=g\",\"contentUrl\":\"https:\/\/secure.gravatar.com\/avatar\/20fbbda8a292f59f2d3461a5b999c00b?s=96&d=mm&r=g\",\"caption\":\"Service des communications et des relations publiques\"},\"url\":\"https:\/\/www.uqac.ca\/uqactualites\/author\/bap\/\"}]}<\/script>\r\n<!-- \/ Yoast SEO plugin. -->","yoast_head_json":{"title":"Forces Avenir : L'UQAC fi\u00e8rement repr\u00e9sent\u00e9e par Gabrielle Filiatrault et le projet de la For\u00eat Nourrici\u00e8re - UQACtualit\u00e9s","robots":{"index":"index","follow":"follow","max-snippet":"max-snippet:-1","max-image-preview":"max-image-preview:large","max-video-preview":"max-video-preview:-1"},"canonical":"https:\/\/www.uqac.ca\/uqactualites\/2022\/09\/29\/forces-avenir-luqac-fierement-representee-par-gabrielle-filiatrault-et-le-projet-de-la-foret-nourriciere\/","og_locale":"fr_CA","og_type":"article","og_title":"Forces Avenir : L'UQAC fi\u00e8rement repr\u00e9sent\u00e9e par Gabrielle Filiatrault et le projet de la For\u00eat Nourrici\u00e8re - UQACtualit\u00e9s","og_description":"Afin de mettre en lumi\u00e8re l\u2019excellence de la jeunesse qu\u00e9b\u00e9coise et la grande qualit\u00e9 des initiatives qu\u2019elle met en place \u00e0 travers son cheminement universitaire, Forces AVENIR a tenu son gala le 27 septembre dernier. Parmi tous les \u00e9tudiants et \u00e9tudiantes finalistes, l&rsquo;UQAC \u00e9tait fi\u00e8rement repr\u00e9sent\u00e9 par la dipl\u00f4m\u00e9e du dipl\u00f4me d&rsquo;\u00e9tudes sup\u00e9rieures sp\u00e9cialis\u00e9es en [&hellip;]","og_url":"https:\/\/www.uqac.ca\/uqactualites\/2022\/09\/29\/forces-avenir-luqac-fierement-representee-par-gabrielle-filiatrault-et-le-projet-de-la-foret-nourriciere\/","og_site_name":"UQACtualit\u00e9s","article_published_time":"2022-09-29T12:49:46+00:00","og_image":[{"width":1024,"height":735,"url":"https:\/\/www.uqac.ca\/uqactualites\/wp-content\/uploads\/2022\/09\/MicrosoftTeams-image-44.jpg","type":"image\/jpeg"}],"author":"Service des communications et des relations publiques","twitter_card":"summary_large_image","twitter_misc":{"\u00c9crit par":"Service des communications et des relations publiques","Estimation du temps de lecture":"2 minutes"},"schema":{"@context":"https:\/\/schema.org","@graph":[{"@type":"WebPage","@id":"https:\/\/www.uqac.ca\/uqactualites\/2022\/09\/29\/forces-avenir-luqac-fierement-representee-par-gabrielle-filiatrault-et-le-projet-de-la-foret-nourriciere\/","url":"https:\/\/www.uqac.ca\/uqactualites\/2022\/09\/29\/forces-avenir-luqac-fierement-representee-par-gabrielle-filiatrault-et-le-projet-de-la-foret-nourriciere\/","name":"Forces Avenir : L'UQAC fi\u00e8rement repr\u00e9sent\u00e9e par Gabrielle Filiatrault et le projet de la For\u00eat Nourrici\u00e8re - UQACtualit\u00e9s","isPartOf":{"@id":"https:\/\/www.uqac.ca\/uqactualites\/#website"},"primaryImageOfPage":{"@id":"https:\/\/www.uqac.ca\/uqactualites\/2022\/09\/29\/forces-avenir-luqac-fierement-representee-par-gabrielle-filiatrault-et-le-projet-de-la-foret-nourriciere\/#primaryimage"},"image":{"@id":"https:\/\/www.uqac.ca\/uqactualites\/2022\/09\/29\/forces-avenir-luqac-fierement-representee-par-gabrielle-filiatrault-et-le-projet-de-la-foret-nourriciere\/#primaryimage"},"thumbnailUrl":"https:\/\/www.uqac.ca\/uqactualites\/wp-content\/uploads\/2022\/09\/MicrosoftTeams-image-44.jpg","datePublished":"2022-09-29T12:49:46+00:00","dateModified":"2022-09-29T12:49:46+00:00","author":{"@id":"https:\/\/www.uqac.ca\/uqactualites\/#\/schema\/person\/366c45a0c4f0e677b41b4af5886e2018"},"breadcrumb":{"@id":"https:\/\/www.uqac.ca\/uqactualites\/2022\/09\/29\/forces-avenir-luqac-fierement-representee-par-gabrielle-filiatrault-et-le-projet-de-la-foret-nourriciere\/#breadcrumb"},"inLanguage":"fr-CA","potentialAction":[{"@type":"ReadAction","target":["https:\/\/www.uqac.ca\/uqactualites\/2022\/09\/29\/forces-avenir-luqac-fierement-representee-par-gabrielle-filiatrault-et-le-projet-de-la-foret-nourriciere\/"]}]},{"@type":"ImageObject","inLanguage":"fr-CA","@id":"https:\/\/www.uqac.ca\/uqactualites\/2022\/09\/29\/forces-avenir-luqac-fierement-representee-par-gabrielle-filiatrault-et-le-projet-de-la-foret-nourriciere\/#primaryimage","url":"https:\/\/www.uqac.ca\/uqactualites\/wp-content\/uploads\/2022\/09\/MicrosoftTeams-image-44.jpg","contentUrl":"https:\/\/www.uqac.ca\/uqactualites\/wp-content\/uploads\/2022\/09\/MicrosoftTeams-image-44.jpg","width":1024,"height":735,"caption":"Sur la photo, le professeur en \u00e9co-conseil Jean-Fran\u00e7ois Boucher, Patrice S\u00e9guin, animateur de la vie \u00e9tudiante, Alexis Diard, pr\u00e9sident du Mage-UQAC, Gabrielle Filiatrault et Val\u00e9rie Legendre-Guillemin, doyenne des affaires d\u00e9partementales."},{"@type":"BreadcrumbList","@id":"https:\/\/www.uqac.ca\/uqactualites\/2022\/09\/29\/forces-avenir-luqac-fierement-representee-par-gabrielle-filiatrault-et-le-projet-de-la-foret-nourriciere\/#breadcrumb","itemListElement":[{"@type":"ListItem","position":1,"name":"Home","item":"https:\/\/www.uqac.ca\/uqactualites\/"},{"@type":"ListItem","position":2,"name":"Forces Avenir : L&rsquo;UQAC fi\u00e8rement repr\u00e9sent\u00e9e par Gabrielle Filiatrault et le projet de la For\u00eat Nourrici\u00e8re"}]},{"@type":"WebSite","@id":"https:\/\/www.uqac.ca\/uqactualites\/#website","url":"https:\/\/www.uqac.ca\/uqactualites\/","name":"UQACtualit\u00e9s","description":"Le portail des nouvelles de l&#039;UQAC","potentialAction":[{"@type":"SearchAction","target":{"@type":"EntryPoint","urlTemplate":"https:\/\/www.uqac.ca\/uqactualites\/?s={search_term_string}"},"query-input":{"@type":"PropertyValueSpecification","valueRequired":true,"valueName":"search_term_string"}}],"inLanguage":"fr-CA"},{"@type":"Person","@id":"https:\/\/www.uqac.ca\/uqactualites\/#\/schema\/person\/366c45a0c4f0e677b41b4af5886e2018","name":"Service des communications et des relations publiques","image":{"@type":"ImageObject","inLanguage":"fr-CA","@id":"https:\/\/www.uqac.ca\/uqactualites\/#\/schema\/person\/image\/","url":"https:\/\/secure.gravatar.com\/avatar\/20fbbda8a292f59f2d3461a5b999c00b?s=96&d=mm&r=g","contentUrl":"https:\/\/secure.gravatar.com\/avatar\/20fbbda8a292f59f2d3461a5b999c00b?s=96&d=mm&r=g","caption":"Service des communications et des relations publiques"},"url":"https:\/\/www.uqac.ca\/uqactualites\/author\/bap\/"}]}},"_links":{"self":[{"href":"https:\/\/www.uqac.ca\/uqactualites\/wp-json\/wp\/v2\/posts\/42218"}],"collection":[{"href":"https:\/\/www.uqac.ca\/uqactualites\/wp-json\/wp\/v2\/posts"}],"about":[{"href":"https:\/\/www.uqac.ca\/uqactualites\/wp-json\/wp\/v2\/types\/post"}],"author":[{"embeddable":true,"href":"https:\/\/www.uqac.ca\/uqactualites\/wp-json\/wp\/v2\/users\/5"}],"replies":[{"embeddable":true,"href":"https:\/\/www.uqac.ca\/uqactualites\/wp-json\/wp\/v2\/comments?post=42218"}],"version-history":[{"count":0,"href":"https:\/\/www.uqac.ca\/uqactualites\/wp-json\/wp\/v2\/posts\/42218\/revisions"}],"wp:featuredmedia":[{"embeddable":true,"href":"https:\/\/www.uqac.ca\/uqactualites\/wp-json\/wp\/v2\/media\/42219"}],"wp:attachment":[{"href":"https:\/\/www.uqac.ca\/uqactualites\/wp-json\/wp\/v2\/media?parent=42218"}],"wp:term":[{"taxonomy":"category","embeddable":true,"href":"https:\/\/www.uqac.ca\/uqactualites\/wp-json\/wp\/v2\/categories?post=42218"},{"taxonomy":"post_tag","embeddable":true,"href":"https:\/\/www.uqac.ca\/uqactualites\/wp-json\/wp\/v2\/tags?post=42218"}],"curies":[{"name":"wp","href":"https:\/\/api.w.org\/{rel}","templated":true}]}}