{"id":42274,"date":"2022-10-06T09:04:35","date_gmt":"2022-10-06T13:04:35","guid":{"rendered":"https:\/\/www.uqac.ca\/?p=42274"},"modified":"2023-10-23T15:42:01","modified_gmt":"2023-10-23T19:42:01","slug":"mustapha-fahmi-simpose-au-prix-litteraire-2022","status":"publish","type":"post","link":"https:\/\/www.uqac.ca\/uqactualites\/2022\/10\/06\/mustapha-fahmi-simpose-au-prix-litteraire-2022\/","title":{"rendered":"Mustapha Fahmi s&rsquo;impose au Prix litt\u00e9raire 2022"},"content":{"rendered":"<p>Lors de la derni\u00e8re \u00e9dition du Salon du livre du Saguenay\u2013Lac-Saint-Jean, Mustapha Fahmi, professeur de litt\u00e9rature anglaise \u00e0 l\u2019UQAC et sp\u00e9cialiste de Shakespeare, a remport\u00e9 le Prix litt\u00e9raire 2022 dans la cat\u00e9gorie Int\u00e9r\u00eat g\u00e9n\u00e9ral pour son livre <em>La promesse de Juliette.<\/em><\/p>\n<p><b>Le commentaire du jury<br \/>\n<\/b>Multipliant les clins d\u2019\u0153il aux plus grands philosophes et aux illustres \u00e9crivains universels,\u00a0<em>La promesse de Juliette<\/em>\u00a0de Mustapha Fahmi transmet des enseignements applicables et tangibles au quotidien. En puisant entre autres des le\u00e7ons des chefs-d\u2019\u0153uvre de Shakespeare, d\u2019Aristote, de Taylor, de Flaubert, d\u2019Heidegger et de Berlioz, chaque petit essai du livre est susceptible de rendre l\u2019humain que nous sommes un peu meilleur \u00e0 chaque page. Cette \u0153uvre d\u2019une troublante lucidit\u00e9 va perdurer dans le temps, car elle r\u00e9sume ce qu\u2019il importe de retenir pour mener une vie digne d\u2019\u00eatre v\u00e9cue. Les chapitres concis et tr\u00e8s accessibles se laissent d\u00e9couvrir lentement pour appr\u00e9cier chaque morceau de sagesse, ce qui invite \u00e0 la relecture afin d\u2019en savourer toutes les couches de signification. Jamais moralisateur, l\u2019auteur trouve les mots justes pour atteindre sa cible\u00a0: simplement, il se sert de la litt\u00e9rature, de la philosophie, de l\u2019art et de la musique comme d\u2019un miroir des fondements de notre humanit\u00e9.<\/p>\n","protected":false},"excerpt":{"rendered":"<p>Lors de la derni\u00e8re \u00e9dition du Salon du livre du Saguenay\u2013Lac-Saint-Jean, Mustapha Fahmi, professeur de litt\u00e9rature anglaise \u00e0 l\u2019UQAC et sp\u00e9cialiste de Shakespeare, a remport\u00e9 le Prix litt\u00e9raire 2022 dans la cat\u00e9gorie Int\u00e9r\u00eat g\u00e9n\u00e9ral pour son livre La promesse de Juliette. Le commentaire du jury Multipliant les clins d\u2019\u0153il aux plus grands philosophes et aux [&hellip;]<\/p>\n","protected":false},"author":5,"featured_media":42276,"comment_status":"closed","ping_status":"closed","sticky":false,"template":"","format":"standard","meta":{"footnotes":""},"categories":[9,4],"tags":[39,127,128,80,129,65,130],"yoast_head":"<!-- This site is optimized with the Yoast SEO plugin v24.2 - https:\/\/yoast.com\/wordpress\/plugins\/seo\/ -->\r\n<title>Mustapha Fahmi s&#039;impose au Prix litt\u00e9raire 2022 - UQACtualit\u00e9s<\/title>\r\n<meta name=\"robots\" content=\"index, follow, max-snippet:-1, max-image-preview:large, max-video-preview:-1\" \/>\r\n<link rel=\"canonical\" href=\"https:\/\/www.uqac.ca\/uqactualites\/2022\/10\/06\/mustapha-fahmi-simpose-au-prix-litteraire-2022\/\" \/>\r\n<meta property=\"og:locale\" content=\"fr_CA\" \/>\r\n<meta property=\"og:type\" content=\"article\" \/>\r\n<meta property=\"og:title\" content=\"Mustapha Fahmi s&#039;impose au Prix litt\u00e9raire 2022 - UQACtualit\u00e9s\" \/>\r\n<meta property=\"og:description\" content=\"Lors de la derni\u00e8re \u00e9dition du Salon du livre du Saguenay\u2013Lac-Saint-Jean, Mustapha Fahmi, professeur de litt\u00e9rature anglaise \u00e0 l\u2019UQAC et sp\u00e9cialiste de Shakespeare, a remport\u00e9 le Prix litt\u00e9raire 2022 dans la cat\u00e9gorie Int\u00e9r\u00eat g\u00e9n\u00e9ral pour son livre La promesse de Juliette. Le commentaire du jury Multipliant les clins d\u2019\u0153il aux plus grands philosophes et aux [&hellip;]\" \/>\r\n<meta property=\"og:url\" content=\"https:\/\/www.uqac.ca\/uqactualites\/2022\/10\/06\/mustapha-fahmi-simpose-au-prix-litteraire-2022\/\" \/>\r\n<meta property=\"og:site_name\" content=\"UQACtualit\u00e9s\" \/>\r\n<meta property=\"article:published_time\" content=\"2022-10-06T13:04:35+00:00\" \/>\r\n<meta property=\"article:modified_time\" content=\"2023-10-23T19:42:01+00:00\" \/>\r\n<meta property=\"og:image\" content=\"https:\/\/www.uqac.ca\/uqactualites\/wp-content\/uploads\/2022\/10\/MFahmi.png\" \/>\r\n\t<meta property=\"og:image:width\" content=\"778\" \/>\r\n\t<meta property=\"og:image:height\" content=\"670\" \/>\r\n\t<meta property=\"og:image:type\" content=\"image\/png\" \/>\r\n<meta name=\"author\" content=\"Service des communications et des relations publiques\" \/>\r\n<meta name=\"twitter:card\" content=\"summary_large_image\" \/>\r\n<meta name=\"twitter:label1\" content=\"\u00c9crit par\" \/>\n\t<meta name=\"twitter:data1\" content=\"Service des communications et des relations publiques\" \/>\n\t<meta name=\"twitter:label2\" content=\"Estimation du temps de lecture\" \/>\n\t<meta name=\"twitter:data2\" content=\"1 minute\" \/>\r\n<script type=\"application\/ld+json\" class=\"yoast-schema-graph\">{\"@context\":\"https:\/\/schema.org\",\"@graph\":[{\"@type\":\"WebPage\",\"@id\":\"https:\/\/www.uqac.ca\/uqactualites\/2022\/10\/06\/mustapha-fahmi-simpose-au-prix-litteraire-2022\/\",\"url\":\"https:\/\/www.uqac.ca\/uqactualites\/2022\/10\/06\/mustapha-fahmi-simpose-au-prix-litteraire-2022\/\",\"name\":\"Mustapha Fahmi s'impose au Prix litt\u00e9raire 2022 - UQACtualit\u00e9s\",\"isPartOf\":{\"@id\":\"https:\/\/www.uqac.ca\/uqactualites\/#website\"},\"primaryImageOfPage\":{\"@id\":\"https:\/\/www.uqac.ca\/uqactualites\/2022\/10\/06\/mustapha-fahmi-simpose-au-prix-litteraire-2022\/#primaryimage\"},\"image\":{\"@id\":\"https:\/\/www.uqac.ca\/uqactualites\/2022\/10\/06\/mustapha-fahmi-simpose-au-prix-litteraire-2022\/#primaryimage\"},\"thumbnailUrl\":\"https:\/\/www.uqac.ca\/uqactualites\/wp-content\/uploads\/2022\/10\/MFahmi.png\",\"datePublished\":\"2022-10-06T13:04:35+00:00\",\"dateModified\":\"2023-10-23T19:42:01+00:00\",\"author\":{\"@id\":\"https:\/\/www.uqac.ca\/uqactualites\/#\/schema\/person\/366c45a0c4f0e677b41b4af5886e2018\"},\"breadcrumb\":{\"@id\":\"https:\/\/www.uqac.ca\/uqactualites\/2022\/10\/06\/mustapha-fahmi-simpose-au-prix-litteraire-2022\/#breadcrumb\"},\"inLanguage\":\"fr-CA\",\"potentialAction\":[{\"@type\":\"ReadAction\",\"target\":[\"https:\/\/www.uqac.ca\/uqactualites\/2022\/10\/06\/mustapha-fahmi-simpose-au-prix-litteraire-2022\/\"]}]},{\"@type\":\"ImageObject\",\"inLanguage\":\"fr-CA\",\"@id\":\"https:\/\/www.uqac.ca\/uqactualites\/2022\/10\/06\/mustapha-fahmi-simpose-au-prix-litteraire-2022\/#primaryimage\",\"url\":\"https:\/\/www.uqac.ca\/uqactualites\/wp-content\/uploads\/2022\/10\/MFahmi.png\",\"contentUrl\":\"https:\/\/www.uqac.ca\/uqactualites\/wp-content\/uploads\/2022\/10\/MFahmi.png\",\"width\":778,\"height\":670},{\"@type\":\"BreadcrumbList\",\"@id\":\"https:\/\/www.uqac.ca\/uqactualites\/2022\/10\/06\/mustapha-fahmi-simpose-au-prix-litteraire-2022\/#breadcrumb\",\"itemListElement\":[{\"@type\":\"ListItem\",\"position\":1,\"name\":\"Home\",\"item\":\"https:\/\/www.uqac.ca\/uqactualites\/\"},{\"@type\":\"ListItem\",\"position\":2,\"name\":\"Mustapha Fahmi s&rsquo;impose au Prix litt\u00e9raire 2022\"}]},{\"@type\":\"WebSite\",\"@id\":\"https:\/\/www.uqac.ca\/uqactualites\/#website\",\"url\":\"https:\/\/www.uqac.ca\/uqactualites\/\",\"name\":\"UQACtualit\u00e9s\",\"description\":\"Le portail des nouvelles de l&#039;UQAC\",\"potentialAction\":[{\"@type\":\"SearchAction\",\"target\":{\"@type\":\"EntryPoint\",\"urlTemplate\":\"https:\/\/www.uqac.ca\/uqactualites\/?s={search_term_string}\"},\"query-input\":{\"@type\":\"PropertyValueSpecification\",\"valueRequired\":true,\"valueName\":\"search_term_string\"}}],\"inLanguage\":\"fr-CA\"},{\"@type\":\"Person\",\"@id\":\"https:\/\/www.uqac.ca\/uqactualites\/#\/schema\/person\/366c45a0c4f0e677b41b4af5886e2018\",\"name\":\"Service des communications et des relations publiques\",\"image\":{\"@type\":\"ImageObject\",\"inLanguage\":\"fr-CA\",\"@id\":\"https:\/\/www.uqac.ca\/uqactualites\/#\/schema\/person\/image\/\",\"url\":\"https:\/\/secure.gravatar.com\/avatar\/20fbbda8a292f59f2d3461a5b999c00b?s=96&d=mm&r=g\",\"contentUrl\":\"https:\/\/secure.gravatar.com\/avatar\/20fbbda8a292f59f2d3461a5b999c00b?s=96&d=mm&r=g\",\"caption\":\"Service des communications et des relations publiques\"},\"url\":\"https:\/\/www.uqac.ca\/uqactualites\/author\/bap\/\"}]}<\/script>\r\n<!-- \/ Yoast SEO plugin. -->","yoast_head_json":{"title":"Mustapha Fahmi s'impose au Prix litt\u00e9raire 2022 - UQACtualit\u00e9s","robots":{"index":"index","follow":"follow","max-snippet":"max-snippet:-1","max-image-preview":"max-image-preview:large","max-video-preview":"max-video-preview:-1"},"canonical":"https:\/\/www.uqac.ca\/uqactualites\/2022\/10\/06\/mustapha-fahmi-simpose-au-prix-litteraire-2022\/","og_locale":"fr_CA","og_type":"article","og_title":"Mustapha Fahmi s'impose au Prix litt\u00e9raire 2022 - UQACtualit\u00e9s","og_description":"Lors de la derni\u00e8re \u00e9dition du Salon du livre du Saguenay\u2013Lac-Saint-Jean, Mustapha Fahmi, professeur de litt\u00e9rature anglaise \u00e0 l\u2019UQAC et sp\u00e9cialiste de Shakespeare, a remport\u00e9 le Prix litt\u00e9raire 2022 dans la cat\u00e9gorie Int\u00e9r\u00eat g\u00e9n\u00e9ral pour son livre La promesse de Juliette. Le commentaire du jury Multipliant les clins d\u2019\u0153il aux plus grands philosophes et aux [&hellip;]","og_url":"https:\/\/www.uqac.ca\/uqactualites\/2022\/10\/06\/mustapha-fahmi-simpose-au-prix-litteraire-2022\/","og_site_name":"UQACtualit\u00e9s","article_published_time":"2022-10-06T13:04:35+00:00","article_modified_time":"2023-10-23T19:42:01+00:00","og_image":[{"width":778,"height":670,"url":"https:\/\/www.uqac.ca\/uqactualites\/wp-content\/uploads\/2022\/10\/MFahmi.png","type":"image\/png"}],"author":"Service des communications et des relations publiques","twitter_card":"summary_large_image","twitter_misc":{"\u00c9crit par":"Service des communications et des relations publiques","Estimation du temps de lecture":"1 minute"},"schema":{"@context":"https:\/\/schema.org","@graph":[{"@type":"WebPage","@id":"https:\/\/www.uqac.ca\/uqactualites\/2022\/10\/06\/mustapha-fahmi-simpose-au-prix-litteraire-2022\/","url":"https:\/\/www.uqac.ca\/uqactualites\/2022\/10\/06\/mustapha-fahmi-simpose-au-prix-litteraire-2022\/","name":"Mustapha Fahmi s'impose au Prix litt\u00e9raire 2022 - UQACtualit\u00e9s","isPartOf":{"@id":"https:\/\/www.uqac.ca\/uqactualites\/#website"},"primaryImageOfPage":{"@id":"https:\/\/www.uqac.ca\/uqactualites\/2022\/10\/06\/mustapha-fahmi-simpose-au-prix-litteraire-2022\/#primaryimage"},"image":{"@id":"https:\/\/www.uqac.ca\/uqactualites\/2022\/10\/06\/mustapha-fahmi-simpose-au-prix-litteraire-2022\/#primaryimage"},"thumbnailUrl":"https:\/\/www.uqac.ca\/uqactualites\/wp-content\/uploads\/2022\/10\/MFahmi.png","datePublished":"2022-10-06T13:04:35+00:00","dateModified":"2023-10-23T19:42:01+00:00","author":{"@id":"https:\/\/www.uqac.ca\/uqactualites\/#\/schema\/person\/366c45a0c4f0e677b41b4af5886e2018"},"breadcrumb":{"@id":"https:\/\/www.uqac.ca\/uqactualites\/2022\/10\/06\/mustapha-fahmi-simpose-au-prix-litteraire-2022\/#breadcrumb"},"inLanguage":"fr-CA","potentialAction":[{"@type":"ReadAction","target":["https:\/\/www.uqac.ca\/uqactualites\/2022\/10\/06\/mustapha-fahmi-simpose-au-prix-litteraire-2022\/"]}]},{"@type":"ImageObject","inLanguage":"fr-CA","@id":"https:\/\/www.uqac.ca\/uqactualites\/2022\/10\/06\/mustapha-fahmi-simpose-au-prix-litteraire-2022\/#primaryimage","url":"https:\/\/www.uqac.ca\/uqactualites\/wp-content\/uploads\/2022\/10\/MFahmi.png","contentUrl":"https:\/\/www.uqac.ca\/uqactualites\/wp-content\/uploads\/2022\/10\/MFahmi.png","width":778,"height":670},{"@type":"BreadcrumbList","@id":"https:\/\/www.uqac.ca\/uqactualites\/2022\/10\/06\/mustapha-fahmi-simpose-au-prix-litteraire-2022\/#breadcrumb","itemListElement":[{"@type":"ListItem","position":1,"name":"Home","item":"https:\/\/www.uqac.ca\/uqactualites\/"},{"@type":"ListItem","position":2,"name":"Mustapha Fahmi s&rsquo;impose au Prix litt\u00e9raire 2022"}]},{"@type":"WebSite","@id":"https:\/\/www.uqac.ca\/uqactualites\/#website","url":"https:\/\/www.uqac.ca\/uqactualites\/","name":"UQACtualit\u00e9s","description":"Le portail des nouvelles de l&#039;UQAC","potentialAction":[{"@type":"SearchAction","target":{"@type":"EntryPoint","urlTemplate":"https:\/\/www.uqac.ca\/uqactualites\/?s={search_term_string}"},"query-input":{"@type":"PropertyValueSpecification","valueRequired":true,"valueName":"search_term_string"}}],"inLanguage":"fr-CA"},{"@type":"Person","@id":"https:\/\/www.uqac.ca\/uqactualites\/#\/schema\/person\/366c45a0c4f0e677b41b4af5886e2018","name":"Service des communications et des relations publiques","image":{"@type":"ImageObject","inLanguage":"fr-CA","@id":"https:\/\/www.uqac.ca\/uqactualites\/#\/schema\/person\/image\/","url":"https:\/\/secure.gravatar.com\/avatar\/20fbbda8a292f59f2d3461a5b999c00b?s=96&d=mm&r=g","contentUrl":"https:\/\/secure.gravatar.com\/avatar\/20fbbda8a292f59f2d3461a5b999c00b?s=96&d=mm&r=g","caption":"Service des communications et des relations publiques"},"url":"https:\/\/www.uqac.ca\/uqactualites\/author\/bap\/"}]}},"_links":{"self":[{"href":"https:\/\/www.uqac.ca\/uqactualites\/wp-json\/wp\/v2\/posts\/42274"}],"collection":[{"href":"https:\/\/www.uqac.ca\/uqactualites\/wp-json\/wp\/v2\/posts"}],"about":[{"href":"https:\/\/www.uqac.ca\/uqactualites\/wp-json\/wp\/v2\/types\/post"}],"author":[{"embeddable":true,"href":"https:\/\/www.uqac.ca\/uqactualites\/wp-json\/wp\/v2\/users\/5"}],"replies":[{"embeddable":true,"href":"https:\/\/www.uqac.ca\/uqactualites\/wp-json\/wp\/v2\/comments?post=42274"}],"version-history":[{"count":1,"href":"https:\/\/www.uqac.ca\/uqactualites\/wp-json\/wp\/v2\/posts\/42274\/revisions"}],"predecessor-version":[{"id":45022,"href":"https:\/\/www.uqac.ca\/uqactualites\/wp-json\/wp\/v2\/posts\/42274\/revisions\/45022"}],"wp:featuredmedia":[{"embeddable":true,"href":"https:\/\/www.uqac.ca\/uqactualites\/wp-json\/wp\/v2\/media\/42276"}],"wp:attachment":[{"href":"https:\/\/www.uqac.ca\/uqactualites\/wp-json\/wp\/v2\/media?parent=42274"}],"wp:term":[{"taxonomy":"category","embeddable":true,"href":"https:\/\/www.uqac.ca\/uqactualites\/wp-json\/wp\/v2\/categories?post=42274"},{"taxonomy":"post_tag","embeddable":true,"href":"https:\/\/www.uqac.ca\/uqactualites\/wp-json\/wp\/v2\/tags?post=42274"}],"curies":[{"name":"wp","href":"https:\/\/api.w.org\/{rel}","templated":true}]}}