{"id":42612,"date":"2022-12-06T16:46:19","date_gmt":"2022-12-06T21:46:19","guid":{"rendered":"https:\/\/www.uqac.ca\/?p=42612"},"modified":"2023-10-23T14:09:29","modified_gmt":"2023-10-23T18:09:29","slug":"etienne-hebert-nomme-vice-recteur-aux-etudes","status":"publish","type":"post","link":"https:\/\/www.uqac.ca\/uqactualites\/2022\/12\/06\/etienne-hebert-nomme-vice-recteur-aux-etudes\/","title":{"rendered":"\u00c9tienne H\u00e9bert nomm\u00e9 vice-recteur aux \u00e9tudes"},"content":{"rendered":"<p>Les membres du Conseil d\u2019administration de l\u2019Universit\u00e9 du Qu\u00e9bec \u00e0 Chicoutimi ont proc\u00e9d\u00e9 \u00e0 la nomination de <a href=\"http:\/\/www.uqac.ca\/portfolio\/etiennehebert\/enseignement\/\" target=\"_blank\" rel=\"noopener\">\u00c9tienne H\u00e9bert<\/a> au poste de vice-recteur aux \u00e9tudes.<\/p>\n<p>D\u00e9tenteur d\u2019un doctorat en psychologie de l\u2019Universit\u00e9 Laval sp\u00e9cialis\u00e9 dans les th\u00e9ories de la personnalit\u00e9 et la psychopathologie, \u00c9tienne H\u00e9bert occupe, depuis 2004, un poste de professeur en psychologie au D\u00e9partement des sciences de la sant\u00e9.<\/p>\n<p>Il a \u00e9t\u00e9 tour \u00e0 tour directeur de la Clinique universitaire de psychologie de l\u2019UQAC (2008-2011), directeur du D\u00e9partement des sciences de la sant\u00e9 (2011-2013) et doyen des \u00e9tudes (2013-2017). En pratique priv\u00e9e, il a anim\u00e9 plusieurs conf\u00e9rences sur la psychologie sportive et la pr\u00e9paration mentale des athl\u00e8tes ainsi que des formations portant sur le ph\u00e9nom\u00e8ne de stress en p\u00e9riode de pand\u00e9mie. Psychologue clinicien, il accompagne des athl\u00e8tes et des entra\u00eeneurs de tous les niveaux et de nombreuses disciplines sportives dans la gestion de leur stress, de leurs \u00e9motions ainsi que dans l\u2019\u00e9tablissement et la poursuite d\u2019objectifs.<\/p>\n<p>II assurait l\u2019int\u00e9rim du poste de vice-recteur aux \u00e9tudes depuis le 12 septembre 2022.<\/p>\n<p>Veuillez prendre note que le mandat de M. H\u00e9bert commencera officiellement le 4 janvier 2023, pour une dur\u00e9e de cinq ans. Nous lui souhaitons le meilleur des succ\u00e8s dans l\u2019exercice de ses fonctions.<\/p>\n","protected":false},"excerpt":{"rendered":"<p>Les membres du Conseil d\u2019administration de l\u2019Universit\u00e9 du Qu\u00e9bec \u00e0 Chicoutimi ont proc\u00e9d\u00e9 \u00e0 la nomination de \u00c9tienne H\u00e9bert au poste de vice-recteur aux \u00e9tudes. D\u00e9tenteur d\u2019un doctorat en psychologie de l\u2019Universit\u00e9 Laval sp\u00e9cialis\u00e9 dans les th\u00e9ories de la personnalit\u00e9 et la psychopathologie, \u00c9tienne H\u00e9bert occupe, depuis 2004, un poste de professeur en psychologie au [&hellip;]<\/p>\n","protected":false},"author":5,"featured_media":42613,"comment_status":"closed","ping_status":"closed","sticky":false,"template":"","format":"standard","meta":{"footnotes":""},"categories":[15],"tags":[],"yoast_head":"<!-- This site is optimized with the Yoast SEO plugin v24.2 - https:\/\/yoast.com\/wordpress\/plugins\/seo\/ -->\r\n<title>\u00c9tienne H\u00e9bert nomm\u00e9 vice-recteur aux \u00e9tudes - UQACtualit\u00e9s<\/title>\r\n<meta name=\"robots\" content=\"index, follow, max-snippet:-1, max-image-preview:large, max-video-preview:-1\" \/>\r\n<link rel=\"canonical\" href=\"https:\/\/www.uqac.ca\/uqactualites\/2022\/12\/06\/etienne-hebert-nomme-vice-recteur-aux-etudes\/\" \/>\r\n<meta property=\"og:locale\" content=\"fr_CA\" \/>\r\n<meta property=\"og:type\" content=\"article\" \/>\r\n<meta property=\"og:title\" content=\"\u00c9tienne H\u00e9bert nomm\u00e9 vice-recteur aux \u00e9tudes - UQACtualit\u00e9s\" \/>\r\n<meta property=\"og:description\" content=\"Les membres du Conseil d\u2019administration de l\u2019Universit\u00e9 du Qu\u00e9bec \u00e0 Chicoutimi ont proc\u00e9d\u00e9 \u00e0 la nomination de \u00c9tienne H\u00e9bert au poste de vice-recteur aux \u00e9tudes. D\u00e9tenteur d\u2019un doctorat en psychologie de l\u2019Universit\u00e9 Laval sp\u00e9cialis\u00e9 dans les th\u00e9ories de la personnalit\u00e9 et la psychopathologie, \u00c9tienne H\u00e9bert occupe, depuis 2004, un poste de professeur en psychologie au [&hellip;]\" \/>\r\n<meta property=\"og:url\" content=\"https:\/\/www.uqac.ca\/uqactualites\/2022\/12\/06\/etienne-hebert-nomme-vice-recteur-aux-etudes\/\" \/>\r\n<meta property=\"og:site_name\" content=\"UQACtualit\u00e9s\" \/>\r\n<meta property=\"article:published_time\" content=\"2022-12-06T21:46:19+00:00\" \/>\r\n<meta property=\"article:modified_time\" content=\"2023-10-23T18:09:29+00:00\" \/>\r\n<meta property=\"og:image\" content=\"https:\/\/www.uqac.ca\/uqactualites\/wp-content\/uploads\/2022\/12\/EH.jpg\" \/>\r\n\t<meta property=\"og:image:width\" content=\"426\" \/>\r\n\t<meta property=\"og:image:height\" content=\"344\" \/>\r\n\t<meta property=\"og:image:type\" content=\"image\/jpeg\" \/>\r\n<meta name=\"author\" content=\"Service des communications et des relations publiques\" \/>\r\n<meta name=\"twitter:card\" content=\"summary_large_image\" \/>\r\n<meta name=\"twitter:label1\" content=\"\u00c9crit par\" \/>\n\t<meta name=\"twitter:data1\" content=\"Service des communications et des relations publiques\" \/>\n\t<meta name=\"twitter:label2\" content=\"Estimation du temps de lecture\" \/>\n\t<meta name=\"twitter:data2\" content=\"1 minute\" \/>\r\n<script type=\"application\/ld+json\" class=\"yoast-schema-graph\">{\"@context\":\"https:\/\/schema.org\",\"@graph\":[{\"@type\":\"WebPage\",\"@id\":\"https:\/\/www.uqac.ca\/uqactualites\/2022\/12\/06\/etienne-hebert-nomme-vice-recteur-aux-etudes\/\",\"url\":\"https:\/\/www.uqac.ca\/uqactualites\/2022\/12\/06\/etienne-hebert-nomme-vice-recteur-aux-etudes\/\",\"name\":\"\u00c9tienne H\u00e9bert nomm\u00e9 vice-recteur aux \u00e9tudes - UQACtualit\u00e9s\",\"isPartOf\":{\"@id\":\"https:\/\/www.uqac.ca\/uqactualites\/#website\"},\"primaryImageOfPage\":{\"@id\":\"https:\/\/www.uqac.ca\/uqactualites\/2022\/12\/06\/etienne-hebert-nomme-vice-recteur-aux-etudes\/#primaryimage\"},\"image\":{\"@id\":\"https:\/\/www.uqac.ca\/uqactualites\/2022\/12\/06\/etienne-hebert-nomme-vice-recteur-aux-etudes\/#primaryimage\"},\"thumbnailUrl\":\"https:\/\/www.uqac.ca\/uqactualites\/wp-content\/uploads\/2022\/12\/EH.jpg\",\"datePublished\":\"2022-12-06T21:46:19+00:00\",\"dateModified\":\"2023-10-23T18:09:29+00:00\",\"author\":{\"@id\":\"https:\/\/www.uqac.ca\/uqactualites\/#\/schema\/person\/366c45a0c4f0e677b41b4af5886e2018\"},\"breadcrumb\":{\"@id\":\"https:\/\/www.uqac.ca\/uqactualites\/2022\/12\/06\/etienne-hebert-nomme-vice-recteur-aux-etudes\/#breadcrumb\"},\"inLanguage\":\"fr-CA\",\"potentialAction\":[{\"@type\":\"ReadAction\",\"target\":[\"https:\/\/www.uqac.ca\/uqactualites\/2022\/12\/06\/etienne-hebert-nomme-vice-recteur-aux-etudes\/\"]}]},{\"@type\":\"ImageObject\",\"inLanguage\":\"fr-CA\",\"@id\":\"https:\/\/www.uqac.ca\/uqactualites\/2022\/12\/06\/etienne-hebert-nomme-vice-recteur-aux-etudes\/#primaryimage\",\"url\":\"https:\/\/www.uqac.ca\/uqactualites\/wp-content\/uploads\/2022\/12\/EH.jpg\",\"contentUrl\":\"https:\/\/www.uqac.ca\/uqactualites\/wp-content\/uploads\/2022\/12\/EH.jpg\",\"width\":426,\"height\":344},{\"@type\":\"BreadcrumbList\",\"@id\":\"https:\/\/www.uqac.ca\/uqactualites\/2022\/12\/06\/etienne-hebert-nomme-vice-recteur-aux-etudes\/#breadcrumb\",\"itemListElement\":[{\"@type\":\"ListItem\",\"position\":1,\"name\":\"Home\",\"item\":\"https:\/\/www.uqac.ca\/uqactualites\/\"},{\"@type\":\"ListItem\",\"position\":2,\"name\":\"\u00c9tienne H\u00e9bert nomm\u00e9 vice-recteur aux \u00e9tudes\"}]},{\"@type\":\"WebSite\",\"@id\":\"https:\/\/www.uqac.ca\/uqactualites\/#website\",\"url\":\"https:\/\/www.uqac.ca\/uqactualites\/\",\"name\":\"UQACtualit\u00e9s\",\"description\":\"Le portail des nouvelles de l&#039;UQAC\",\"potentialAction\":[{\"@type\":\"SearchAction\",\"target\":{\"@type\":\"EntryPoint\",\"urlTemplate\":\"https:\/\/www.uqac.ca\/uqactualites\/?s={search_term_string}\"},\"query-input\":{\"@type\":\"PropertyValueSpecification\",\"valueRequired\":true,\"valueName\":\"search_term_string\"}}],\"inLanguage\":\"fr-CA\"},{\"@type\":\"Person\",\"@id\":\"https:\/\/www.uqac.ca\/uqactualites\/#\/schema\/person\/366c45a0c4f0e677b41b4af5886e2018\",\"name\":\"Service des communications et des relations publiques\",\"image\":{\"@type\":\"ImageObject\",\"inLanguage\":\"fr-CA\",\"@id\":\"https:\/\/www.uqac.ca\/uqactualites\/#\/schema\/person\/image\/\",\"url\":\"https:\/\/secure.gravatar.com\/avatar\/20fbbda8a292f59f2d3461a5b999c00b?s=96&d=mm&r=g\",\"contentUrl\":\"https:\/\/secure.gravatar.com\/avatar\/20fbbda8a292f59f2d3461a5b999c00b?s=96&d=mm&r=g\",\"caption\":\"Service des communications et des relations publiques\"},\"url\":\"https:\/\/www.uqac.ca\/uqactualites\/author\/bap\/\"}]}<\/script>\r\n<!-- \/ Yoast SEO plugin. -->","yoast_head_json":{"title":"\u00c9tienne H\u00e9bert nomm\u00e9 vice-recteur aux \u00e9tudes - UQACtualit\u00e9s","robots":{"index":"index","follow":"follow","max-snippet":"max-snippet:-1","max-image-preview":"max-image-preview:large","max-video-preview":"max-video-preview:-1"},"canonical":"https:\/\/www.uqac.ca\/uqactualites\/2022\/12\/06\/etienne-hebert-nomme-vice-recteur-aux-etudes\/","og_locale":"fr_CA","og_type":"article","og_title":"\u00c9tienne H\u00e9bert nomm\u00e9 vice-recteur aux \u00e9tudes - UQACtualit\u00e9s","og_description":"Les membres du Conseil d\u2019administration de l\u2019Universit\u00e9 du Qu\u00e9bec \u00e0 Chicoutimi ont proc\u00e9d\u00e9 \u00e0 la nomination de \u00c9tienne H\u00e9bert au poste de vice-recteur aux \u00e9tudes. D\u00e9tenteur d\u2019un doctorat en psychologie de l\u2019Universit\u00e9 Laval sp\u00e9cialis\u00e9 dans les th\u00e9ories de la personnalit\u00e9 et la psychopathologie, \u00c9tienne H\u00e9bert occupe, depuis 2004, un poste de professeur en psychologie au [&hellip;]","og_url":"https:\/\/www.uqac.ca\/uqactualites\/2022\/12\/06\/etienne-hebert-nomme-vice-recteur-aux-etudes\/","og_site_name":"UQACtualit\u00e9s","article_published_time":"2022-12-06T21:46:19+00:00","article_modified_time":"2023-10-23T18:09:29+00:00","og_image":[{"width":426,"height":344,"url":"https:\/\/www.uqac.ca\/uqactualites\/wp-content\/uploads\/2022\/12\/EH.jpg","type":"image\/jpeg"}],"author":"Service des communications et des relations publiques","twitter_card":"summary_large_image","twitter_misc":{"\u00c9crit par":"Service des communications et des relations publiques","Estimation du temps de lecture":"1 minute"},"schema":{"@context":"https:\/\/schema.org","@graph":[{"@type":"WebPage","@id":"https:\/\/www.uqac.ca\/uqactualites\/2022\/12\/06\/etienne-hebert-nomme-vice-recteur-aux-etudes\/","url":"https:\/\/www.uqac.ca\/uqactualites\/2022\/12\/06\/etienne-hebert-nomme-vice-recteur-aux-etudes\/","name":"\u00c9tienne H\u00e9bert nomm\u00e9 vice-recteur aux \u00e9tudes - UQACtualit\u00e9s","isPartOf":{"@id":"https:\/\/www.uqac.ca\/uqactualites\/#website"},"primaryImageOfPage":{"@id":"https:\/\/www.uqac.ca\/uqactualites\/2022\/12\/06\/etienne-hebert-nomme-vice-recteur-aux-etudes\/#primaryimage"},"image":{"@id":"https:\/\/www.uqac.ca\/uqactualites\/2022\/12\/06\/etienne-hebert-nomme-vice-recteur-aux-etudes\/#primaryimage"},"thumbnailUrl":"https:\/\/www.uqac.ca\/uqactualites\/wp-content\/uploads\/2022\/12\/EH.jpg","datePublished":"2022-12-06T21:46:19+00:00","dateModified":"2023-10-23T18:09:29+00:00","author":{"@id":"https:\/\/www.uqac.ca\/uqactualites\/#\/schema\/person\/366c45a0c4f0e677b41b4af5886e2018"},"breadcrumb":{"@id":"https:\/\/www.uqac.ca\/uqactualites\/2022\/12\/06\/etienne-hebert-nomme-vice-recteur-aux-etudes\/#breadcrumb"},"inLanguage":"fr-CA","potentialAction":[{"@type":"ReadAction","target":["https:\/\/www.uqac.ca\/uqactualites\/2022\/12\/06\/etienne-hebert-nomme-vice-recteur-aux-etudes\/"]}]},{"@type":"ImageObject","inLanguage":"fr-CA","@id":"https:\/\/www.uqac.ca\/uqactualites\/2022\/12\/06\/etienne-hebert-nomme-vice-recteur-aux-etudes\/#primaryimage","url":"https:\/\/www.uqac.ca\/uqactualites\/wp-content\/uploads\/2022\/12\/EH.jpg","contentUrl":"https:\/\/www.uqac.ca\/uqactualites\/wp-content\/uploads\/2022\/12\/EH.jpg","width":426,"height":344},{"@type":"BreadcrumbList","@id":"https:\/\/www.uqac.ca\/uqactualites\/2022\/12\/06\/etienne-hebert-nomme-vice-recteur-aux-etudes\/#breadcrumb","itemListElement":[{"@type":"ListItem","position":1,"name":"Home","item":"https:\/\/www.uqac.ca\/uqactualites\/"},{"@type":"ListItem","position":2,"name":"\u00c9tienne H\u00e9bert nomm\u00e9 vice-recteur aux \u00e9tudes"}]},{"@type":"WebSite","@id":"https:\/\/www.uqac.ca\/uqactualites\/#website","url":"https:\/\/www.uqac.ca\/uqactualites\/","name":"UQACtualit\u00e9s","description":"Le portail des nouvelles de l&#039;UQAC","potentialAction":[{"@type":"SearchAction","target":{"@type":"EntryPoint","urlTemplate":"https:\/\/www.uqac.ca\/uqactualites\/?s={search_term_string}"},"query-input":{"@type":"PropertyValueSpecification","valueRequired":true,"valueName":"search_term_string"}}],"inLanguage":"fr-CA"},{"@type":"Person","@id":"https:\/\/www.uqac.ca\/uqactualites\/#\/schema\/person\/366c45a0c4f0e677b41b4af5886e2018","name":"Service des communications et des relations publiques","image":{"@type":"ImageObject","inLanguage":"fr-CA","@id":"https:\/\/www.uqac.ca\/uqactualites\/#\/schema\/person\/image\/","url":"https:\/\/secure.gravatar.com\/avatar\/20fbbda8a292f59f2d3461a5b999c00b?s=96&d=mm&r=g","contentUrl":"https:\/\/secure.gravatar.com\/avatar\/20fbbda8a292f59f2d3461a5b999c00b?s=96&d=mm&r=g","caption":"Service des communications et des relations publiques"},"url":"https:\/\/www.uqac.ca\/uqactualites\/author\/bap\/"}]}},"_links":{"self":[{"href":"https:\/\/www.uqac.ca\/uqactualites\/wp-json\/wp\/v2\/posts\/42612"}],"collection":[{"href":"https:\/\/www.uqac.ca\/uqactualites\/wp-json\/wp\/v2\/posts"}],"about":[{"href":"https:\/\/www.uqac.ca\/uqactualites\/wp-json\/wp\/v2\/types\/post"}],"author":[{"embeddable":true,"href":"https:\/\/www.uqac.ca\/uqactualites\/wp-json\/wp\/v2\/users\/5"}],"replies":[{"embeddable":true,"href":"https:\/\/www.uqac.ca\/uqactualites\/wp-json\/wp\/v2\/comments?post=42612"}],"version-history":[{"count":1,"href":"https:\/\/www.uqac.ca\/uqactualites\/wp-json\/wp\/v2\/posts\/42612\/revisions"}],"predecessor-version":[{"id":44954,"href":"https:\/\/www.uqac.ca\/uqactualites\/wp-json\/wp\/v2\/posts\/42612\/revisions\/44954"}],"wp:featuredmedia":[{"embeddable":true,"href":"https:\/\/www.uqac.ca\/uqactualites\/wp-json\/wp\/v2\/media\/42613"}],"wp:attachment":[{"href":"https:\/\/www.uqac.ca\/uqactualites\/wp-json\/wp\/v2\/media?parent=42612"}],"wp:term":[{"taxonomy":"category","embeddable":true,"href":"https:\/\/www.uqac.ca\/uqactualites\/wp-json\/wp\/v2\/categories?post=42612"},{"taxonomy":"post_tag","embeddable":true,"href":"https:\/\/www.uqac.ca\/uqactualites\/wp-json\/wp\/v2\/tags?post=42612"}],"curies":[{"name":"wp","href":"https:\/\/api.w.org\/{rel}","templated":true}]}}