{"id":42756,"date":"2023-01-25T11:05:03","date_gmt":"2023-01-25T16:05:03","guid":{"rendered":"https:\/\/www.uqac.ca\/?p=42756"},"modified":"2023-01-25T11:05:03","modified_gmt":"2023-01-25T16:05:03","slug":"42756-2","status":"publish","type":"post","link":"https:\/\/www.uqac.ca\/uqactualites\/2023\/01\/25\/42756-2\/","title":{"rendered":"Une Chaire de recherche en sant\u00e9 durable est cr\u00e9\u00e9e et sera codirig\u00e9e par la professeure Catherine Laprise"},"content":{"rendered":"<p>Le Fonds de recherche du Qu\u00e9bec \u2013 Sant\u00e9 a annonc\u00e9 un appui financier de 500 000 $ par ann\u00e9e pendant trois ans \u00e0 <a href=\"https:\/\/vitam.ulaval.ca\/\" target=\"_blank\" rel=\"noopener\">VITAM \u2013 Centre de recherche en sant\u00e9 durable du CIUSSS de la Capitale-Nationale affili\u00e9 \u00e0 l\u2019Universit\u00e9 Laval<\/a>, et au <a href=\"http:\/\/recherche.uqac.ca\/cisd\/\" target=\"_blank\" rel=\"noopener\">Centre intersectoriel en sant\u00e9 durable (CISD) de l\u2019Universit\u00e9 du Qu\u00e9bec \u00e0 Chicoutimi<\/a> pour la cr\u00e9ation d\u2019une Chaire de recherche en sant\u00e9 durable. Codirig\u00e9e par deux scientifiques, Jean-Pierre Despr\u00e9s et <a href=\"http:\/\/www.uqac.ca\/portfolio\/catherinelaprise\/\" target=\"_blank\" rel=\"noopener\">Catherine Laprise<\/a>, ainsi qu\u2019une citoyenne et un citoyen, Nadine Arbour et Guy Poulin, la Chaire assurera le d\u00e9veloppement coh\u00e9sif de la recherche en sant\u00e9 durable sur tout le territoire qu\u00e9b\u00e9cois.<\/p>\n<p>Impliquant un partenariat avec les CIUSSS de la Capitale-Nationale et du Saguenay\u2013 Lac-Saint-Jean ainsi qu\u2019une mobilisation exceptionnelle de partenaires municipaux et acad\u00e9miques des deux r\u00e9gions, la Chaire de recherche en sant\u00e9 durable vise \u00e0 briser les silos en recherche en favorisant la collaboration entre le secteur de la sant\u00e9 et les autres secteurs. De plus, la participation d\u2019un citoyen et d\u2019une citoyenne partenaires au sein de la gouvernance d\u2019une chaire de recherche s\u2019av\u00e8re une pratique innovante au Qu\u00e9bec. Cette structure favorisera la r\u00e9alisation de projets de recherche qui r\u00e9pondront mieux aux besoins de la population et permettront le d\u00e9ploiement de livrables qui auront un impact r\u00e9el et durable sur la sant\u00e9 et le bien-\u00eatre des Qu\u00e9b\u00e9cois et des Qu\u00e9b\u00e9coises.<\/p>\n<p>Un des objectifs de la Chaire est de contribuer \u00e0 la refondation du syst\u00e8me de sant\u00e9 et de services sociaux en incorporant des approches de pr\u00e9vention et de promotion de la sant\u00e9 ciblant les saines habitudes de vie dans l\u2019offre de services de sant\u00e9 de proximit\u00e9. Par exemple, la programmation scientifique pr\u00e9voit la cr\u00e9ation d\u2019un tableau de bord complet qui permettrait de bonifier le dossier sant\u00e9 de la population en y incluant des donn\u00e9es sur ses habitudes de vie et ses conditions de sant\u00e9.<\/p>\n<p>Concr\u00e8tement, la Chaire de recherche en sant\u00e9 durable d\u00e9ploiera un programme de bourses, de subventions et de mentorat pour stimuler la production de connaissances en sant\u00e9 durable. Un colloque annuel provincial en sant\u00e9 durable, une \u00e9cole d\u2019\u00e9t\u00e9 ainsi que de nombreuses activit\u00e9s de conversations citoyennes seront \u00e9galement organis\u00e9s par la Chaire.<\/p>\n<p>\u00ab La Chaire de recherche en sant\u00e9 durable, qui met les citoyens et les citoyennes au c\u0153ur de sa gouvernance et de sa d\u00e9marche, d\u00e9veloppera des approches innovantes, \u00e0 la fois sociales et technologiques, qui vont contribuer \u00e0 l\u2019\u00e9mergence d\u2019un nouveau mod\u00e8le de soci\u00e9t\u00e9 bas\u00e9 sur le d\u00e9veloppement et la sant\u00e9 durables. Nous sommes particuli\u00e8rement fiers de souligner que la Chaire adoptera comme leitmotiv l\u2019\u00e9coute, la mobilisation et la concertation avec les personnes et groupes de personnes concern\u00e9s afin de penser et de concevoir des projets de recherche et de transfert pour une sant\u00e9 durable et ainsi maximiser les retomb\u00e9es des investissements effectu\u00e9s dans ce secteur. \u00bb \u2014 M. Jean-Pierre Despr\u00e9s et Mme Catherine Laprise, cotitulaires de la Chaire de recherche en sant\u00e9 durable<\/p>\n<p>\u00ab La pr\u00e9sence de cotitulaires citoyen et citoyenne au sein de la Chaire de recherche en sant\u00e9 durable lance un signal ambitieux et innovant pour le milieu de la recherche au Qu\u00e9bec. Cette structure est essentielle \u00e0 nos yeux pour la r\u00e9alisation d\u2019une recherche inclusive et intersectorielle qui nous permettra de tendre vers une sant\u00e9 durable pour tous et toutes, incluant les personnes et les communaut\u00e9s vuln\u00e9rables. La Chaire fera de la recherche AVEC les citoyennes et citoyens concern\u00e9s, et non pas seulement POUR ceux-ci. \u00bb<br \/>\n\u2014 Mme Nadine Arbour et M. Guy Poulin, citoyenne et citoyen cotitulaires de la Chaire de recherche en sant\u00e9 durable<\/p>\n<p>\u00ab C\u2019est une fiert\u00e9 de pouvoir attribuer cette chaire aux deux ambassadeurs de la sant\u00e9 durable au Qu\u00e9bec que sont Jean-Pierre Despr\u00e9s et Catherine Laprise et qu\u2019autant d\u2019individus se soient mobilis\u00e9s avec eux. Il s\u2019agit d\u2019un nouvel instrument de transformation rassembleur pour aller vers une nouvelle organisation de la sant\u00e9, inclusive et bienveillante mais aussi participative, avec un r\u00f4le attendu de chaque acteur de la soci\u00e9t\u00e9. Nous voil\u00e0 en marche pour une transition Sant\u00e9 Durable. \u00bb \u2014 Mme Carole Jabet, directrice scientifique du Fonds de recherche du Qu\u00e9bec \u2013 Sant\u00e9<\/p>\n<p>Sur la photo de gauche \u00e0 droite :\u00a0Nadine Arbour (cotitulaire citoyenne partenaire), R\u00e9mi Quirion (scientifique en chef), Catherine Laprise (cotitulaire chercheure), Michel Clair, Jean-Pierre Despr\u00e9s (cotitulaire chercheur), Ghislain Samson (recteur UQAC), Carole Jabet (Directrice scientifique du FRQS), Guy Poulin (cotitulaire citoyen partenaire), Guy Thibodeau (PDG, Centre int\u00e9gr\u00e9 universitaire de sant\u00e9 et de services sociaux de la Capitale-Nationale), Jacques Simard (vice-doyen \u00e0 la recherche et \u00e0 l\u2019innovation de la Facult\u00e9 de m\u00e9decine de l\u2019Universit\u00e9 Laval) et\u00a0Antoine Groulx, directeur scientifique de l\u2019Unit\u00e9 de soutien au syst\u00e8me de sant\u00e9 apprenant Qu\u00e9bec.<\/p>\n","protected":false},"excerpt":{"rendered":"<p>Le Fonds de recherche du Qu\u00e9bec \u2013 Sant\u00e9 a annonc\u00e9 un appui financier de 500 000 $ par ann\u00e9e pendant trois ans \u00e0 VITAM \u2013 Centre de recherche en sant\u00e9 durable du CIUSSS de la Capitale-Nationale affili\u00e9 \u00e0 l\u2019Universit\u00e9 Laval, et au Centre intersectoriel en sant\u00e9 durable (CISD) de l\u2019Universit\u00e9 du Qu\u00e9bec \u00e0 Chicoutimi pour [&hellip;]<\/p>\n","protected":false},"author":5,"featured_media":42757,"comment_status":"closed","ping_status":"closed","sticky":false,"template":"","format":"standard","meta":{"footnotes":""},"categories":[2],"tags":[19,3],"yoast_head":"<!-- This site is optimized with the Yoast SEO plugin v24.2 - https:\/\/yoast.com\/wordpress\/plugins\/seo\/ -->\r\n<title>Une Chaire de recherche en sant\u00e9 durable est cr\u00e9\u00e9e et sera codirig\u00e9e par la professeure Catherine Laprise - UQACtualit\u00e9s<\/title>\r\n<meta name=\"robots\" content=\"index, follow, max-snippet:-1, max-image-preview:large, max-video-preview:-1\" \/>\r\n<link rel=\"canonical\" href=\"https:\/\/www.uqac.ca\/uqactualites\/2023\/01\/25\/42756-2\/\" \/>\r\n<meta property=\"og:locale\" content=\"fr_CA\" \/>\r\n<meta property=\"og:type\" content=\"article\" \/>\r\n<meta property=\"og:title\" content=\"Une Chaire de recherche en sant\u00e9 durable est cr\u00e9\u00e9e et sera codirig\u00e9e par la professeure Catherine Laprise - UQACtualit\u00e9s\" \/>\r\n<meta property=\"og:description\" content=\"Le Fonds de recherche du Qu\u00e9bec \u2013 Sant\u00e9 a annonc\u00e9 un appui financier de 500 000 $ par ann\u00e9e pendant trois ans \u00e0 VITAM \u2013 Centre de recherche en sant\u00e9 durable du CIUSSS de la Capitale-Nationale affili\u00e9 \u00e0 l\u2019Universit\u00e9 Laval, et au Centre intersectoriel en sant\u00e9 durable (CISD) de l\u2019Universit\u00e9 du Qu\u00e9bec \u00e0 Chicoutimi pour [&hellip;]\" \/>\r\n<meta property=\"og:url\" content=\"https:\/\/www.uqac.ca\/uqactualites\/2023\/01\/25\/42756-2\/\" \/>\r\n<meta property=\"og:site_name\" content=\"UQACtualit\u00e9s\" \/>\r\n<meta property=\"article:published_time\" content=\"2023-01-25T16:05:03+00:00\" \/>\r\n<meta property=\"og:image\" content=\"https:\/\/www.uqac.ca\/uqactualites\/wp-content\/uploads\/2023\/01\/011_VITAM_24012023.jpg\" \/>\r\n\t<meta property=\"og:image:width\" content=\"2400\" \/>\r\n\t<meta property=\"og:image:height\" content=\"1659\" \/>\r\n\t<meta property=\"og:image:type\" content=\"image\/jpeg\" \/>\r\n<meta name=\"author\" content=\"Service des communications et des relations publiques\" \/>\r\n<meta name=\"twitter:card\" content=\"summary_large_image\" \/>\r\n<meta name=\"twitter:label1\" content=\"\u00c9crit par\" \/>\n\t<meta name=\"twitter:data1\" content=\"Service des communications et des relations publiques\" \/>\n\t<meta name=\"twitter:label2\" content=\"Estimation du temps de lecture\" \/>\n\t<meta name=\"twitter:data2\" content=\"4 minutes\" \/>\r\n<script type=\"application\/ld+json\" class=\"yoast-schema-graph\">{\"@context\":\"https:\/\/schema.org\",\"@graph\":[{\"@type\":\"WebPage\",\"@id\":\"https:\/\/www.uqac.ca\/uqactualites\/2023\/01\/25\/42756-2\/\",\"url\":\"https:\/\/www.uqac.ca\/uqactualites\/2023\/01\/25\/42756-2\/\",\"name\":\"Une Chaire de recherche en sant\u00e9 durable est cr\u00e9\u00e9e et sera codirig\u00e9e par la professeure Catherine Laprise - UQACtualit\u00e9s\",\"isPartOf\":{\"@id\":\"https:\/\/www.uqac.ca\/uqactualites\/#website\"},\"primaryImageOfPage\":{\"@id\":\"https:\/\/www.uqac.ca\/uqactualites\/2023\/01\/25\/42756-2\/#primaryimage\"},\"image\":{\"@id\":\"https:\/\/www.uqac.ca\/uqactualites\/2023\/01\/25\/42756-2\/#primaryimage\"},\"thumbnailUrl\":\"https:\/\/www.uqac.ca\/uqactualites\/wp-content\/uploads\/2023\/01\/011_VITAM_24012023.jpg\",\"datePublished\":\"2023-01-25T16:05:03+00:00\",\"dateModified\":\"2023-01-25T16:05:03+00:00\",\"author\":{\"@id\":\"https:\/\/www.uqac.ca\/uqactualites\/#\/schema\/person\/366c45a0c4f0e677b41b4af5886e2018\"},\"breadcrumb\":{\"@id\":\"https:\/\/www.uqac.ca\/uqactualites\/2023\/01\/25\/42756-2\/#breadcrumb\"},\"inLanguage\":\"fr-CA\",\"potentialAction\":[{\"@type\":\"ReadAction\",\"target\":[\"https:\/\/www.uqac.ca\/uqactualites\/2023\/01\/25\/42756-2\/\"]}]},{\"@type\":\"ImageObject\",\"inLanguage\":\"fr-CA\",\"@id\":\"https:\/\/www.uqac.ca\/uqactualites\/2023\/01\/25\/42756-2\/#primaryimage\",\"url\":\"https:\/\/www.uqac.ca\/uqactualites\/wp-content\/uploads\/2023\/01\/011_VITAM_24012023.jpg\",\"contentUrl\":\"https:\/\/www.uqac.ca\/uqactualites\/wp-content\/uploads\/2023\/01\/011_VITAM_24012023.jpg\",\"width\":2400,\"height\":1659},{\"@type\":\"BreadcrumbList\",\"@id\":\"https:\/\/www.uqac.ca\/uqactualites\/2023\/01\/25\/42756-2\/#breadcrumb\",\"itemListElement\":[{\"@type\":\"ListItem\",\"position\":1,\"name\":\"Home\",\"item\":\"https:\/\/www.uqac.ca\/uqactualites\/\"},{\"@type\":\"ListItem\",\"position\":2,\"name\":\"Une Chaire de recherche en sant\u00e9 durable est cr\u00e9\u00e9e et sera codirig\u00e9e par la professeure Catherine Laprise\"}]},{\"@type\":\"WebSite\",\"@id\":\"https:\/\/www.uqac.ca\/uqactualites\/#website\",\"url\":\"https:\/\/www.uqac.ca\/uqactualites\/\",\"name\":\"UQACtualit\u00e9s\",\"description\":\"Le portail des nouvelles de l&#039;UQAC\",\"potentialAction\":[{\"@type\":\"SearchAction\",\"target\":{\"@type\":\"EntryPoint\",\"urlTemplate\":\"https:\/\/www.uqac.ca\/uqactualites\/?s={search_term_string}\"},\"query-input\":{\"@type\":\"PropertyValueSpecification\",\"valueRequired\":true,\"valueName\":\"search_term_string\"}}],\"inLanguage\":\"fr-CA\"},{\"@type\":\"Person\",\"@id\":\"https:\/\/www.uqac.ca\/uqactualites\/#\/schema\/person\/366c45a0c4f0e677b41b4af5886e2018\",\"name\":\"Service des communications et des relations publiques\",\"image\":{\"@type\":\"ImageObject\",\"inLanguage\":\"fr-CA\",\"@id\":\"https:\/\/www.uqac.ca\/uqactualites\/#\/schema\/person\/image\/\",\"url\":\"https:\/\/secure.gravatar.com\/avatar\/20fbbda8a292f59f2d3461a5b999c00b?s=96&d=mm&r=g\",\"contentUrl\":\"https:\/\/secure.gravatar.com\/avatar\/20fbbda8a292f59f2d3461a5b999c00b?s=96&d=mm&r=g\",\"caption\":\"Service des communications et des relations publiques\"},\"url\":\"https:\/\/www.uqac.ca\/uqactualites\/author\/bap\/\"}]}<\/script>\r\n<!-- \/ Yoast SEO plugin. -->","yoast_head_json":{"title":"Une Chaire de recherche en sant\u00e9 durable est cr\u00e9\u00e9e et sera codirig\u00e9e par la professeure Catherine Laprise - UQACtualit\u00e9s","robots":{"index":"index","follow":"follow","max-snippet":"max-snippet:-1","max-image-preview":"max-image-preview:large","max-video-preview":"max-video-preview:-1"},"canonical":"https:\/\/www.uqac.ca\/uqactualites\/2023\/01\/25\/42756-2\/","og_locale":"fr_CA","og_type":"article","og_title":"Une Chaire de recherche en sant\u00e9 durable est cr\u00e9\u00e9e et sera codirig\u00e9e par la professeure Catherine Laprise - UQACtualit\u00e9s","og_description":"Le Fonds de recherche du Qu\u00e9bec \u2013 Sant\u00e9 a annonc\u00e9 un appui financier de 500 000 $ par ann\u00e9e pendant trois ans \u00e0 VITAM \u2013 Centre de recherche en sant\u00e9 durable du CIUSSS de la Capitale-Nationale affili\u00e9 \u00e0 l\u2019Universit\u00e9 Laval, et au Centre intersectoriel en sant\u00e9 durable (CISD) de l\u2019Universit\u00e9 du Qu\u00e9bec \u00e0 Chicoutimi pour [&hellip;]","og_url":"https:\/\/www.uqac.ca\/uqactualites\/2023\/01\/25\/42756-2\/","og_site_name":"UQACtualit\u00e9s","article_published_time":"2023-01-25T16:05:03+00:00","og_image":[{"width":2400,"height":1659,"url":"https:\/\/www.uqac.ca\/uqactualites\/wp-content\/uploads\/2023\/01\/011_VITAM_24012023.jpg","type":"image\/jpeg"}],"author":"Service des communications et des relations publiques","twitter_card":"summary_large_image","twitter_misc":{"\u00c9crit par":"Service des communications et des relations publiques","Estimation du temps de lecture":"4 minutes"},"schema":{"@context":"https:\/\/schema.org","@graph":[{"@type":"WebPage","@id":"https:\/\/www.uqac.ca\/uqactualites\/2023\/01\/25\/42756-2\/","url":"https:\/\/www.uqac.ca\/uqactualites\/2023\/01\/25\/42756-2\/","name":"Une Chaire de recherche en sant\u00e9 durable est cr\u00e9\u00e9e et sera codirig\u00e9e par la professeure Catherine Laprise - UQACtualit\u00e9s","isPartOf":{"@id":"https:\/\/www.uqac.ca\/uqactualites\/#website"},"primaryImageOfPage":{"@id":"https:\/\/www.uqac.ca\/uqactualites\/2023\/01\/25\/42756-2\/#primaryimage"},"image":{"@id":"https:\/\/www.uqac.ca\/uqactualites\/2023\/01\/25\/42756-2\/#primaryimage"},"thumbnailUrl":"https:\/\/www.uqac.ca\/uqactualites\/wp-content\/uploads\/2023\/01\/011_VITAM_24012023.jpg","datePublished":"2023-01-25T16:05:03+00:00","dateModified":"2023-01-25T16:05:03+00:00","author":{"@id":"https:\/\/www.uqac.ca\/uqactualites\/#\/schema\/person\/366c45a0c4f0e677b41b4af5886e2018"},"breadcrumb":{"@id":"https:\/\/www.uqac.ca\/uqactualites\/2023\/01\/25\/42756-2\/#breadcrumb"},"inLanguage":"fr-CA","potentialAction":[{"@type":"ReadAction","target":["https:\/\/www.uqac.ca\/uqactualites\/2023\/01\/25\/42756-2\/"]}]},{"@type":"ImageObject","inLanguage":"fr-CA","@id":"https:\/\/www.uqac.ca\/uqactualites\/2023\/01\/25\/42756-2\/#primaryimage","url":"https:\/\/www.uqac.ca\/uqactualites\/wp-content\/uploads\/2023\/01\/011_VITAM_24012023.jpg","contentUrl":"https:\/\/www.uqac.ca\/uqactualites\/wp-content\/uploads\/2023\/01\/011_VITAM_24012023.jpg","width":2400,"height":1659},{"@type":"BreadcrumbList","@id":"https:\/\/www.uqac.ca\/uqactualites\/2023\/01\/25\/42756-2\/#breadcrumb","itemListElement":[{"@type":"ListItem","position":1,"name":"Home","item":"https:\/\/www.uqac.ca\/uqactualites\/"},{"@type":"ListItem","position":2,"name":"Une Chaire de recherche en sant\u00e9 durable est cr\u00e9\u00e9e et sera codirig\u00e9e par la professeure Catherine Laprise"}]},{"@type":"WebSite","@id":"https:\/\/www.uqac.ca\/uqactualites\/#website","url":"https:\/\/www.uqac.ca\/uqactualites\/","name":"UQACtualit\u00e9s","description":"Le portail des nouvelles de l&#039;UQAC","potentialAction":[{"@type":"SearchAction","target":{"@type":"EntryPoint","urlTemplate":"https:\/\/www.uqac.ca\/uqactualites\/?s={search_term_string}"},"query-input":{"@type":"PropertyValueSpecification","valueRequired":true,"valueName":"search_term_string"}}],"inLanguage":"fr-CA"},{"@type":"Person","@id":"https:\/\/www.uqac.ca\/uqactualites\/#\/schema\/person\/366c45a0c4f0e677b41b4af5886e2018","name":"Service des communications et des relations publiques","image":{"@type":"ImageObject","inLanguage":"fr-CA","@id":"https:\/\/www.uqac.ca\/uqactualites\/#\/schema\/person\/image\/","url":"https:\/\/secure.gravatar.com\/avatar\/20fbbda8a292f59f2d3461a5b999c00b?s=96&d=mm&r=g","contentUrl":"https:\/\/secure.gravatar.com\/avatar\/20fbbda8a292f59f2d3461a5b999c00b?s=96&d=mm&r=g","caption":"Service des communications et des relations publiques"},"url":"https:\/\/www.uqac.ca\/uqactualites\/author\/bap\/"}]}},"_links":{"self":[{"href":"https:\/\/www.uqac.ca\/uqactualites\/wp-json\/wp\/v2\/posts\/42756"}],"collection":[{"href":"https:\/\/www.uqac.ca\/uqactualites\/wp-json\/wp\/v2\/posts"}],"about":[{"href":"https:\/\/www.uqac.ca\/uqactualites\/wp-json\/wp\/v2\/types\/post"}],"author":[{"embeddable":true,"href":"https:\/\/www.uqac.ca\/uqactualites\/wp-json\/wp\/v2\/users\/5"}],"replies":[{"embeddable":true,"href":"https:\/\/www.uqac.ca\/uqactualites\/wp-json\/wp\/v2\/comments?post=42756"}],"version-history":[{"count":0,"href":"https:\/\/www.uqac.ca\/uqactualites\/wp-json\/wp\/v2\/posts\/42756\/revisions"}],"wp:featuredmedia":[{"embeddable":true,"href":"https:\/\/www.uqac.ca\/uqactualites\/wp-json\/wp\/v2\/media\/42757"}],"wp:attachment":[{"href":"https:\/\/www.uqac.ca\/uqactualites\/wp-json\/wp\/v2\/media?parent=42756"}],"wp:term":[{"taxonomy":"category","embeddable":true,"href":"https:\/\/www.uqac.ca\/uqactualites\/wp-json\/wp\/v2\/categories?post=42756"},{"taxonomy":"post_tag","embeddable":true,"href":"https:\/\/www.uqac.ca\/uqactualites\/wp-json\/wp\/v2\/tags?post=42756"}],"curies":[{"name":"wp","href":"https:\/\/api.w.org\/{rel}","templated":true}]}}