{"id":42794,"date":"2023-02-10T14:59:23","date_gmt":"2023-02-10T19:59:23","guid":{"rendered":"https:\/\/www.uqac.ca\/?p=42794"},"modified":"2023-02-10T14:59:23","modified_gmt":"2023-02-10T19:59:23","slug":"11-fevrier-journee-internationale-des-femmes-et-des-filles-de-science","status":"publish","type":"post","link":"https:\/\/www.uqac.ca\/uqactualites\/2023\/02\/10\/11-fevrier-journee-internationale-des-femmes-et-des-filles-de-science\/","title":{"rendered":"11 f\u00e9vrier : journ\u00e9e internationale des femmes et des filles de science"},"content":{"rendered":"<p>Le 11\u00a0f\u00e9vrier est\u00a0la Journ\u00e9e internationale des femmes et des filles de science. Cette journ\u00e9e est soulign\u00e9e afin d\u2019encourager la pr\u00e9sence f\u00e9minine dans le domaine des sciences. Pour l&rsquo;occasion, nous avons dresser une r\u00e9trospective des r\u00e9alisations. des femmes de la communaut\u00e9 de l&rsquo;UQAC dans la derni\u00e8re ann\u00e9e.<\/p>\n<p><a href=\"https:\/\/www.uqac.ca\/blog\/2023\/01\/25\/42756\/\"><strong>Une Chaire de recherche en sant\u00e9 durable est cr\u00e9\u00e9e et sera codirig\u00e9e par la professeure Catherine Laprise<\/strong><\/a><\/p>\n<p><strong>25 janvier 2023<\/strong><\/p>\n<p>Le Fonds de recherche du Qu\u00e9bec \u2013 Sant\u00e9 a annonc\u00e9 un appui financier de 500 000 $ par ann\u00e9e pendant trois ans \u00e0 VITAM \u2013 Centre de recherche en sant\u00e9 durable du CIUSSS de la Capitale-Nationale affili\u00e9 \u00e0 l\u2019Universit\u00e9 Laval, et au Centre intersectoriel en sant\u00e9 durable (CISD) de l\u2019Universit\u00e9 du Qu\u00e9bec \u00e0 Chicoutimi pour la cr\u00e9ation d\u2019une Chaire de recherche en sant\u00e9 durable. Codirig\u00e9e par deux scientifiques, Jean-Pierre Despr\u00e9s et Catherine Laprise, ainsi qu\u2019une citoyenne et un citoyen, Nadine Arbour et Guy Poulin, la Chaire assurera le d\u00e9veloppement coh\u00e9sif de la recherche en sant\u00e9 durable sur tout le territoire qu\u00e9b\u00e9cois.<\/p>\n<p><strong>\u00a0<\/strong><\/p>\n<p><a href=\"https:\/\/www.uqac.ca\/blog\/2023\/01\/18\/annie-deslauriers-codirigera-le-centre-detude-sur-la-foret-cef\/\"><strong>Annie Deslauriers codirigera le Centre d\u2019\u00e9tude sur la for\u00eat (CEF)<\/strong><\/a><\/p>\n<p><strong>18 janvier 2023<\/strong><\/p>\n<p>Le Centre d\u2019\u00e9tude la for\u00eat (CEF) vient de confier \u00e0 Annie Deslauriers, professeure \u00e0 l\u2019UQAC et membre du CREB, le mandat de codiriger le CEF avec le directeur actuel (Daniel Kneeshaw) pour ce mandat de 3 ans. La professeure du d\u00e9partement des sciences fondamentales y si\u00e8gera du 1er janvier 2023 au 31 mai 2025 \u00e0 titre de codirectrice au comit\u00e9 ex\u00e9cutif avec les repr\u00e9sentants des p\u00f4les, des \u00e9tudiants et des membres associ\u00e9s.<\/p>\n<p><strong>\u00a0<\/strong><\/p>\n<p><a href=\"https:\/\/www.uqac.ca\/blog\/2022\/12\/21\/une-etudiante-en-sciences-infirmieres-recoit-une-bourse-de-7000-de-la-fondation-de-loiiq\/?fbclid=IwAR1kjALA0V8ikp5OZjCtZIcJCUSavVCru3htIsXKbEVAsrjrHGrHRHfbgD8\"><strong>Une \u00e9tudiante en sciences infirmi\u00e8res re\u00e7oit une bourse de 7000 $ de la Fondation de l\u2019OIIQ.<\/strong><\/a><\/p>\n<p><strong>21 d\u00e9cembre 2022<\/strong><\/p>\n<p>Laurance Tremblay, \u00e9tudiante au baccalaur\u00e9at en sciences infirmi\u00e8res de l\u2019Universit\u00e9 du Qu\u00e9bec \u00e0 Chicoutimi, qui a re\u00e7u une bourse de 1er cycle de 7 000 $ de la Fondation de l\u2019Ordre des infirmi\u00e8res et infirmiers du Qu\u00e9bec.<\/p>\n<p><strong>\u00a0<\/strong><\/p>\n<p><a href=\"https:\/\/www.uqac.ca\/blog\/2022\/12\/12\/bourse-postdoctorale-banting-une-premiere-recipiendaire-pour-luqac\/\"><strong>Bourse postdoctorale Banting : une premi\u00e8re r\u00e9cipiendaire pour l\u2019UQAC<\/strong><\/a><\/p>\n<p><strong>12 d\u00e9cembre 2022<\/strong><\/p>\n<p>S\u00e9gol\u00e8ne Vandevelde, chercheuse postdoctorale en arch\u00e9ologie au D\u00e9partement des sciences appliqu\u00e9es de l\u2019UQAC, s\u2019est vu d\u00e9cerner la bourse postdoctorale Banting pour son projet Temporalit\u00e9s de cr\u00e9ation des sites d\u2019Art Rupestre dans le Bouclier Canadien (TARBoC).<\/p>\n<p>&nbsp;<\/p>\n<p><a href=\"https:\/\/www.uqac.ca\/blog\/2022\/11\/28\/prix-de-lacfas-danielle-maltais-et-claude-villeneuve-honores\/\"><strong>Prix de l\u2019ACFAS : Danielle Maltais honor\u00e9e<\/strong><\/a><\/p>\n<p><strong>28 novembre 2022<\/strong><\/p>\n<p>L\u2019UQAC est fi\u00e8re de compter parmi son corps professoral la professeure-chercheuse en travail social Danielle Maltais qui est la r\u00e9cipiendaire d&rsquo;un prestigieux prix Acfas 2022, soit le prix Th\u00e9r\u00e8se Gouin-D\u00e9carie, pour les sciences sociales.<\/p>\n<p>&nbsp;<\/p>\n<p><a href=\"https:\/\/www.uqac.ca\/blog\/2022\/10\/24\/pres-d1-m-en-subvention-pour-lequipe-de-recherche-en-sante-de-la-professeure-elise-duchesne\/?fbclid=IwAR060PtMsyOckIY3gi7CEwS0CBLPWK2O430nFGoYzcjicdfx9SV1-uZpkH4\"><strong>Pr\u00e8s d\u20191 M$ en subvention pour l\u2019\u00e9quipe de recherche en sant\u00e9 de la professeure \u00c9lise Duchesne<\/strong><\/a><\/p>\n<p><strong>24 octobre 2022<\/strong><\/p>\n<p>L\u2019Instituts de recherche en sant\u00e9 du Canada (IRSC) a accord\u00e9 \u00e0 une \u00e9quipe de recherche du CIUSSS du Centre-Sud-de-l \u2019\u00cele-de-Montr\u00e9al une subvention de 943 344 $ sur 4 ans. La professeure de l\u2019Unit\u00e9 d\u2019enseignement en physioth\u00e9rapie \u00c9lise Duchesne est parmi les chercheuses principales de ce consortium d\u2019expertes et d\u2019experts de la sant\u00e9.<\/p>\n<p><strong>\u00a0<\/strong><\/p>\n<p><a href=\"https:\/\/www.uqac.ca\/blog\/2022\/10\/17\/la-professeure-marie-christine-brault-gagne-le-prix-louise-dandurand\/\"><strong>La professeure Marie-Christine Brault obtient le prix Louise-Dandurand<\/strong><\/a><\/p>\n<p><strong>17 octobre 2022<\/strong><\/p>\n<p>Marie-Christine Brault, professeure en sociologie au D\u00e9partement des sciences humaines et sociales et titulaire de la Chaire de recherche du Canada en enfances, m\u00e9decine et soci\u00e9t\u00e9, a re\u00e7u le prix Louise-Dandurand de la part du Fonds de recherche du Qu\u00e9bec en soci\u00e9t\u00e9 et culture (FRQSC)..<\/p>\n<p><strong>\u00a0<\/strong><\/p>\n<p><a href=\"https:\/\/www.lequotidien.com\/2022\/09\/09\/plus-de-20-ans-de-decouvertes-sur-lasthme-et-les-allergies-a-luqac-46f19f53347901881e494f275a2ee619?utm_medium=Social&amp;utm_source=Facebook&amp;fbclid=IwAR2XmUcwC6ZEw57LwVx7Fo9ckrG4q5OI97F9P97rbuQGsPAR-qxUVr_gPhw#Echobox=1662698357\"><strong>Plus de 20 ans de d\u00e9couvertes sur l\u2019asthme et les allergies \u00e0 l\u2019UQAC<\/strong><\/a><\/p>\n<p><strong>9 septembre 2022<\/strong><\/p>\n<p>Depuis plus de 20 ans, la professeure de l\u2019Universit\u00e9 du Qu\u00e9bec \u00e0 Chicoutimi (UQAC) Catherine Laprise effectue des recherches qui ont men\u00e9 \u00e0 plusieurs d\u00e9couvertes sur l\u2019asthme et les maladies allergiques.<\/p>\n<p><strong>\u00a0<\/strong><\/p>\n<p><a href=\"https:\/\/frq.gouv.qc.ca\/histoire-et-rapport\/claudia-moreau-1er-prix-dexcellence-des-professionnels-et-professionnelles-de-recherche-2022\/?fbclid=IwAR060PtMsyOckIY3gi7CEwS0CBLPWK2O430nFGoYzcjicdfx9SV1-uZpkH4\"><strong>Claudia Moreau, 3e prix d&rsquo;excellence des professionnels et professionnelles de recherche 2022<\/strong><\/a><\/p>\n<p><strong>27 juin 2022<\/strong><\/p>\n<p>Claudia Moreau est r\u00e9cipiendaire du 3e Prix d\u2019excellence des professionnels de recherche 2022, dans la cat\u00e9gorie Sant\u00e9 du Fonds de recherche du Qu\u00e9bec. Elle \u0153uvre dans un laboratoire de l&rsquo;UQAC sp\u00e9cialis\u00e9 sur les maladies neuropsychiatriques ainsi que sur la g\u00e9n\u00e9tique des populations, sous la direction du professeur Simon Girard.<\/p>\n<p><strong>\u00a0<\/strong><\/p>\n<p><a href=\"https:\/\/www.uqac.ca\/blog\/2022\/06\/20\/recherche-sur-les-maladies-neuromusculaires-une-importante-subvention-pour-elise-duchesne\/?fbclid=IwAR1ul-IHNlLqohWgdz4ex9FS7VaUKK17_gM1MSam_bhZZalLUrPXoll3uV8\"><strong>Recherche sur les maladies neuromusculaires : une importante subvention du FRQS pour Elise Duchesne<\/strong><\/a><\/p>\n<p><strong>20 juin 2022<\/strong><\/p>\n<p>Elise Duchesne, professeure \u00e0 l\u2019Unit\u00e9 d\u2019enseignement en physioth\u00e9rapie, a obtenu une subvention salariale Junior 1 Volet Clinique-\u00e9pid\u00e9miologie d\u2019un montant de 322 341 $ pour son projet de recherche intitul\u00e9 Am\u00e9liorer la compr\u00e9hension des maladies neuromusculaires pour contribuer au d\u00e9veloppement d\u2019approches ax\u00e9es sur les donn\u00e9es probantes.<\/p>\n<p><a href=\"https:\/\/www.uqac.ca\/blog\/2022\/06\/16\/la-professeure-catherine-laprise-obtient-un-renouvellement-pour-sa-chaire-de-recherche-du-canada-de-niveau-1\/?fbclid=IwAR3XgYzMpmZMPQckUxcAaFOXNcwPWLu_BmvEtF-aJZWWhhRAxFwdiJz4bW8\"><strong>2\u00a0017\u00a0638 $ pour la recherche sur l\u2019asthme et des maladies allergiques<\/strong><\/a><\/p>\n<p><strong>16 juin 2022<\/strong><\/p>\n<p>La professeure Catherine Laprise obtient un renouvellement pour sa Chaire de recherche du Canada de niveau 1<\/p>\n<p>&nbsp;<\/p>\n<p><a href=\"https:\/\/www.uqac.ca\/blog\/2022\/06\/15\/la-professeure-jacinthe-dion-realisera-deux-projets-de-recherche-visant-la-prevention-de-la-violence-sexuelle-dans-les-milieux-autochtones\/?fbclid=IwAR2JJQb0v5a90NkcRjnkgaD1nkEZYEQMsOyMIc24PirjyCh1sqLL-D_Abis\"><strong>La professeure Jacinthe Dion r\u00e9alisera deux projets de recherche visant la pr\u00e9vention de la violence sexuelle dans les milieux autochtones.<\/strong><\/a><\/p>\n<p><strong>15 juin 2022<\/strong><\/p>\n<p>La professeure au D\u00e9partement des sciences de la sant\u00e9 Jacinthe Dion, a obtenu deux financements importants afin de r\u00e9aliser deux projets de recherche visant la pr\u00e9vention de la violence sexuelle dans les milieux autochtones.<\/p>\n<p><strong>\u00a0<\/strong><\/p>\n<p><a href=\"https:\/\/www.uqac.ca\/blog\/2022\/05\/17\/la-professeure-eve-pouliot-honoree-lors-des-prix-de-la-ministre-en-enseignement-superieur\/?fbclid=IwAR35vkdE81L3HYFgIve2z8ee65iQOMS_sNU9y6fdo69He5kkKMmep5cRxbY\"><strong>La professeure \u00c8ve Pouliot honor\u00e9e lors des Prix de la ministre en enseignement sup\u00e9rieur<\/strong><\/a><\/p>\n<p><strong>17 mai 2022<\/strong><\/p>\n<p>La professeure au D\u00e9partement des sciences humaines et sociales de l\u2019UQAC \u00c8ve Pouliot a remport\u00e9 le prix Guy Rocher en reconnaissance de l\u2019excellence de son enseignement lors de la remise des Prix de la ministre en enseignement sup\u00e9rieur<\/p>\n<p><strong>\u00a0<\/strong><\/p>\n<p><a href=\"https:\/\/www.uqac.ca\/blog\/2022\/05\/12\/la-professeure-gelareh-momen-et-les-equipes-du-lima-et-du-largis-travailleront-pour-lamelioration-de-revetements-glaciophobes-durables-pour-lassistance-du-degivrage-au-sol-des-helico\/?fbclid=IwAR12GtSeXaMZDu1uOUH9SsP_0rou0zUAtCyTIoryIdd9-IuCXDoHOUuNRsM\"><strong>La professeure Gelareh Momen et les \u00e9quipes du LIMA et du LaRGIS obtiennent une subvention pour l\u2019am\u00e9lioration de rev\u00eatements glaciophobes durables pour l\u2019assistance du d\u00e9givrage au sol des h\u00e9licopt\u00e8res en d\u00e9ploiement en mission critique.<\/strong><\/a><\/p>\n<p><strong>12 mai 2022<\/strong><\/p>\n<p>L\u2019Universit\u00e9 du Qu\u00e9bec \u00e0 Chicoutimi (UQAC) a proc\u00e9d\u00e9 \u00e0 l\u2019annonce d\u2019une subvention d\u2019envergure d\u2019un million de dollars pour un an obtenue par la professeure-chercheuse Gelareh Momen et les \u00e9quipes du Laboratoire sur les Rev\u00eatements glaciophobes et ing\u00e9nierie des surfaces (LaRGIS) et du Laboratoire international des mat\u00e9riaux antigivre (LIMA).<\/p>\n<p><strong>\u00a0<\/strong><\/p>\n<p><a href=\"https:\/\/www.uqac.ca\/blog\/2022\/05\/03\/la-professeure-eve-pouliot-est-recipiendaire-du-prix-national-de-la-bourse-denseignement-3m\/?fbclid=IwAR0gt2J9HcCee9xhqyi8doKYVHqkO34Ho7_BIyhGQ2a64FgZOlOchE7j6tU\"><strong>La professeure Eve Pouliot est laur\u00e9ate du Prix national de la bourse d\u2019enseignement 3M<\/strong><\/a><\/p>\n<p><strong>3 mai 2022<\/strong><\/p>\n<p>La professeure au D\u00e9partement des sciences humaines et sociales Eve Pouliot est laur\u00e9ate du Prix national 3M d\u2019excellence en enseignement de la Soci\u00e9t\u00e9 de l\u2019avancement de la p\u00e9dagogie en enseignement sup\u00e9rieur.<\/p>\n<p><strong>\u00a0<\/strong><\/p>\n<p><a href=\"https:\/\/www.uqac.ca\/blog\/2022\/03\/11\/patricia-blackburn-contribue-au-nouvel-ouvrage-surpoids-et-obesite-chez-les-enfants-et-les-adolescents\/?fbclid=IwAR3YBCQqOsiMpGAOysypYN-MrJhnCSiy3q-sSWL1VL9pgU-dH2vVH0KS2NE\"><strong>Patricia Blackburn contribue au nouvel ouvrage Surpoids et ob\u00e9sit\u00e9 chez les enfants et les adolescents<\/strong><\/a><\/p>\n<p><strong>11 mars 2022<\/strong><\/p>\n<p>La directrice du Module et professeure en kin\u00e9siologie, Mme Patricia Blackburn, qui a pris part \u00e0 un nouvel ouvrage traitant du surpoids et de l\u2019ob\u00e9sit\u00e9 chez les enfants et les adolescents.<\/p>\n<p><strong>\u00a0<\/strong><\/p>\n<p><a href=\"https:\/\/www.uqac.ca\/blog\/2022\/02\/08\/la-professeure-jacinthe-dion-a-recu-un-nouveau-financement-de-638-775-afin-de-poursuivre-letude-presaj\/?fbclid=IwAR2_d3HxGulRB-JKmKi9AnESIwHS73sbbBalaUmFi8m0ZVcqd1k7Rc_roMI\"><strong>La professeure Jacinthe Dion a re\u00e7u un nouveau financement de 638 775$ afin de poursuivre l\u2019\u00e9tude PRESAJ<\/strong><\/a><\/p>\n<p><strong>8 f\u00e9vrier 2022<\/strong><\/p>\n<p>La professeure au d\u00e9partement des sciences de la sant\u00e9 Jacinthe Dion a re\u00e7u un nouveau financement de 638 775$ afin de poursuivre l\u2019\u00e9tude PRESAJ (Pr\u00e9curseurs des relations sexuelles et amoureuses chez les jeunes).<\/p>\n<p>&nbsp;<\/p>\n<p><a href=\"https:\/\/www.uqac.ca\/blog\/2022\/02\/01\/nouvelle-publication-pour-des-parties-prenantes-engagees-dans-les-projets\/\"><strong>Sonia Boivin codirige une nouvelle publication\u00a0: Pour des parties prenantes engag\u00e9es dans les projets<\/strong><\/a><\/p>\n<p><strong>1 f\u00e9vrier 2022<\/strong><\/p>\n<p>La professeure au D\u00e9partement des sciences \u00e9conomiques et administratives Sonia Boivin\u00a0co-dirige un tout nouvel ouvrage ayant pour th\u00e8me l\u2019engagement des parties prenantes.<\/p>\n<p>&nbsp;<\/p>\n","protected":false},"excerpt":{"rendered":"<p>Le 11\u00a0f\u00e9vrier est\u00a0la Journ\u00e9e internationale des femmes et des filles de science. Cette journ\u00e9e est soulign\u00e9e afin d\u2019encourager la pr\u00e9sence f\u00e9minine dans le domaine des sciences. Pour l&rsquo;occasion, nous avons dresser une r\u00e9trospective des r\u00e9alisations. des femmes de la communaut\u00e9 de l&rsquo;UQAC dans la derni\u00e8re ann\u00e9e. Une Chaire de recherche en sant\u00e9 durable est cr\u00e9\u00e9e [&hellip;]<\/p>\n","protected":false},"author":5,"featured_media":42799,"comment_status":"closed","ping_status":"closed","sticky":false,"template":"","format":"standard","meta":{"footnotes":""},"categories":[2],"tags":[],"yoast_head":"<!-- This site is optimized with the Yoast SEO plugin v24.2 - https:\/\/yoast.com\/wordpress\/plugins\/seo\/ -->\r\n<title>11 f\u00e9vrier : journ\u00e9e internationale des femmes et des filles de science - UQACtualit\u00e9s<\/title>\r\n<meta name=\"robots\" content=\"index, follow, max-snippet:-1, max-image-preview:large, max-video-preview:-1\" \/>\r\n<link rel=\"canonical\" href=\"https:\/\/www.uqac.ca\/uqactualites\/2023\/02\/10\/11-fevrier-journee-internationale-des-femmes-et-des-filles-de-science\/\" \/>\r\n<meta property=\"og:locale\" content=\"fr_CA\" \/>\r\n<meta property=\"og:type\" content=\"article\" \/>\r\n<meta property=\"og:title\" content=\"11 f\u00e9vrier : journ\u00e9e internationale des femmes et des filles de science - UQACtualit\u00e9s\" \/>\r\n<meta property=\"og:description\" content=\"Le 11\u00a0f\u00e9vrier est\u00a0la Journ\u00e9e internationale des femmes et des filles de science. Cette journ\u00e9e est soulign\u00e9e afin d\u2019encourager la pr\u00e9sence f\u00e9minine dans le domaine des sciences. Pour l&rsquo;occasion, nous avons dresser une r\u00e9trospective des r\u00e9alisations. des femmes de la communaut\u00e9 de l&rsquo;UQAC dans la derni\u00e8re ann\u00e9e. Une Chaire de recherche en sant\u00e9 durable est cr\u00e9\u00e9e [&hellip;]\" \/>\r\n<meta property=\"og:url\" content=\"https:\/\/www.uqac.ca\/uqactualites\/2023\/02\/10\/11-fevrier-journee-internationale-des-femmes-et-des-filles-de-science\/\" \/>\r\n<meta property=\"og:site_name\" content=\"UQACtualit\u00e9s\" \/>\r\n<meta property=\"article:published_time\" content=\"2023-02-10T19:59:23+00:00\" \/>\r\n<meta property=\"og:image\" content=\"https:\/\/www.uqac.ca\/uqactualites\/wp-content\/uploads\/2023\/02\/MicrosoftTeams-image-75.jpg\" \/>\r\n\t<meta property=\"og:image:width\" content=\"1920\" \/>\r\n\t<meta property=\"og:image:height\" content=\"1080\" \/>\r\n\t<meta property=\"og:image:type\" content=\"image\/jpeg\" \/>\r\n<meta name=\"author\" content=\"Service des communications et des relations publiques\" \/>\r\n<meta name=\"twitter:card\" content=\"summary_large_image\" \/>\r\n<meta name=\"twitter:label1\" content=\"\u00c9crit par\" \/>\n\t<meta name=\"twitter:data1\" content=\"Service des communications et des relations publiques\" \/>\n\t<meta name=\"twitter:label2\" content=\"Estimation du temps de lecture\" \/>\n\t<meta name=\"twitter:data2\" content=\"6 minutes\" \/>\r\n<script type=\"application\/ld+json\" class=\"yoast-schema-graph\">{\"@context\":\"https:\/\/schema.org\",\"@graph\":[{\"@type\":\"WebPage\",\"@id\":\"https:\/\/www.uqac.ca\/uqactualites\/2023\/02\/10\/11-fevrier-journee-internationale-des-femmes-et-des-filles-de-science\/\",\"url\":\"https:\/\/www.uqac.ca\/uqactualites\/2023\/02\/10\/11-fevrier-journee-internationale-des-femmes-et-des-filles-de-science\/\",\"name\":\"11 f\u00e9vrier : journ\u00e9e internationale des femmes et des filles de science - UQACtualit\u00e9s\",\"isPartOf\":{\"@id\":\"https:\/\/www.uqac.ca\/uqactualites\/#website\"},\"primaryImageOfPage\":{\"@id\":\"https:\/\/www.uqac.ca\/uqactualites\/2023\/02\/10\/11-fevrier-journee-internationale-des-femmes-et-des-filles-de-science\/#primaryimage\"},\"image\":{\"@id\":\"https:\/\/www.uqac.ca\/uqactualites\/2023\/02\/10\/11-fevrier-journee-internationale-des-femmes-et-des-filles-de-science\/#primaryimage\"},\"thumbnailUrl\":\"https:\/\/www.uqac.ca\/uqactualites\/wp-content\/uploads\/2023\/02\/MicrosoftTeams-image-75.jpg\",\"datePublished\":\"2023-02-10T19:59:23+00:00\",\"dateModified\":\"2023-02-10T19:59:23+00:00\",\"author\":{\"@id\":\"https:\/\/www.uqac.ca\/uqactualites\/#\/schema\/person\/366c45a0c4f0e677b41b4af5886e2018\"},\"breadcrumb\":{\"@id\":\"https:\/\/www.uqac.ca\/uqactualites\/2023\/02\/10\/11-fevrier-journee-internationale-des-femmes-et-des-filles-de-science\/#breadcrumb\"},\"inLanguage\":\"fr-CA\",\"potentialAction\":[{\"@type\":\"ReadAction\",\"target\":[\"https:\/\/www.uqac.ca\/uqactualites\/2023\/02\/10\/11-fevrier-journee-internationale-des-femmes-et-des-filles-de-science\/\"]}]},{\"@type\":\"ImageObject\",\"inLanguage\":\"fr-CA\",\"@id\":\"https:\/\/www.uqac.ca\/uqactualites\/2023\/02\/10\/11-fevrier-journee-internationale-des-femmes-et-des-filles-de-science\/#primaryimage\",\"url\":\"https:\/\/www.uqac.ca\/uqactualites\/wp-content\/uploads\/2023\/02\/MicrosoftTeams-image-75.jpg\",\"contentUrl\":\"https:\/\/www.uqac.ca\/uqactualites\/wp-content\/uploads\/2023\/02\/MicrosoftTeams-image-75.jpg\",\"width\":1920,\"height\":1080},{\"@type\":\"BreadcrumbList\",\"@id\":\"https:\/\/www.uqac.ca\/uqactualites\/2023\/02\/10\/11-fevrier-journee-internationale-des-femmes-et-des-filles-de-science\/#breadcrumb\",\"itemListElement\":[{\"@type\":\"ListItem\",\"position\":1,\"name\":\"Home\",\"item\":\"https:\/\/www.uqac.ca\/uqactualites\/\"},{\"@type\":\"ListItem\",\"position\":2,\"name\":\"11 f\u00e9vrier : journ\u00e9e internationale des femmes et des filles de science\"}]},{\"@type\":\"WebSite\",\"@id\":\"https:\/\/www.uqac.ca\/uqactualites\/#website\",\"url\":\"https:\/\/www.uqac.ca\/uqactualites\/\",\"name\":\"UQACtualit\u00e9s\",\"description\":\"Le portail des nouvelles de l&#039;UQAC\",\"potentialAction\":[{\"@type\":\"SearchAction\",\"target\":{\"@type\":\"EntryPoint\",\"urlTemplate\":\"https:\/\/www.uqac.ca\/uqactualites\/?s={search_term_string}\"},\"query-input\":{\"@type\":\"PropertyValueSpecification\",\"valueRequired\":true,\"valueName\":\"search_term_string\"}}],\"inLanguage\":\"fr-CA\"},{\"@type\":\"Person\",\"@id\":\"https:\/\/www.uqac.ca\/uqactualites\/#\/schema\/person\/366c45a0c4f0e677b41b4af5886e2018\",\"name\":\"Service des communications et des relations publiques\",\"image\":{\"@type\":\"ImageObject\",\"inLanguage\":\"fr-CA\",\"@id\":\"https:\/\/www.uqac.ca\/uqactualites\/#\/schema\/person\/image\/\",\"url\":\"https:\/\/secure.gravatar.com\/avatar\/20fbbda8a292f59f2d3461a5b999c00b?s=96&d=mm&r=g\",\"contentUrl\":\"https:\/\/secure.gravatar.com\/avatar\/20fbbda8a292f59f2d3461a5b999c00b?s=96&d=mm&r=g\",\"caption\":\"Service des communications et des relations publiques\"},\"url\":\"https:\/\/www.uqac.ca\/uqactualites\/author\/bap\/\"}]}<\/script>\r\n<!-- \/ Yoast SEO plugin. -->","yoast_head_json":{"title":"11 f\u00e9vrier : journ\u00e9e internationale des femmes et des filles de science - UQACtualit\u00e9s","robots":{"index":"index","follow":"follow","max-snippet":"max-snippet:-1","max-image-preview":"max-image-preview:large","max-video-preview":"max-video-preview:-1"},"canonical":"https:\/\/www.uqac.ca\/uqactualites\/2023\/02\/10\/11-fevrier-journee-internationale-des-femmes-et-des-filles-de-science\/","og_locale":"fr_CA","og_type":"article","og_title":"11 f\u00e9vrier : journ\u00e9e internationale des femmes et des filles de science - UQACtualit\u00e9s","og_description":"Le 11\u00a0f\u00e9vrier est\u00a0la Journ\u00e9e internationale des femmes et des filles de science. Cette journ\u00e9e est soulign\u00e9e afin d\u2019encourager la pr\u00e9sence f\u00e9minine dans le domaine des sciences. Pour l&rsquo;occasion, nous avons dresser une r\u00e9trospective des r\u00e9alisations. des femmes de la communaut\u00e9 de l&rsquo;UQAC dans la derni\u00e8re ann\u00e9e. Une Chaire de recherche en sant\u00e9 durable est cr\u00e9\u00e9e [&hellip;]","og_url":"https:\/\/www.uqac.ca\/uqactualites\/2023\/02\/10\/11-fevrier-journee-internationale-des-femmes-et-des-filles-de-science\/","og_site_name":"UQACtualit\u00e9s","article_published_time":"2023-02-10T19:59:23+00:00","og_image":[{"width":1920,"height":1080,"url":"https:\/\/www.uqac.ca\/uqactualites\/wp-content\/uploads\/2023\/02\/MicrosoftTeams-image-75.jpg","type":"image\/jpeg"}],"author":"Service des communications et des relations publiques","twitter_card":"summary_large_image","twitter_misc":{"\u00c9crit par":"Service des communications et des relations publiques","Estimation du temps de lecture":"6 minutes"},"schema":{"@context":"https:\/\/schema.org","@graph":[{"@type":"WebPage","@id":"https:\/\/www.uqac.ca\/uqactualites\/2023\/02\/10\/11-fevrier-journee-internationale-des-femmes-et-des-filles-de-science\/","url":"https:\/\/www.uqac.ca\/uqactualites\/2023\/02\/10\/11-fevrier-journee-internationale-des-femmes-et-des-filles-de-science\/","name":"11 f\u00e9vrier : journ\u00e9e internationale des femmes et des filles de science - UQACtualit\u00e9s","isPartOf":{"@id":"https:\/\/www.uqac.ca\/uqactualites\/#website"},"primaryImageOfPage":{"@id":"https:\/\/www.uqac.ca\/uqactualites\/2023\/02\/10\/11-fevrier-journee-internationale-des-femmes-et-des-filles-de-science\/#primaryimage"},"image":{"@id":"https:\/\/www.uqac.ca\/uqactualites\/2023\/02\/10\/11-fevrier-journee-internationale-des-femmes-et-des-filles-de-science\/#primaryimage"},"thumbnailUrl":"https:\/\/www.uqac.ca\/uqactualites\/wp-content\/uploads\/2023\/02\/MicrosoftTeams-image-75.jpg","datePublished":"2023-02-10T19:59:23+00:00","dateModified":"2023-02-10T19:59:23+00:00","author":{"@id":"https:\/\/www.uqac.ca\/uqactualites\/#\/schema\/person\/366c45a0c4f0e677b41b4af5886e2018"},"breadcrumb":{"@id":"https:\/\/www.uqac.ca\/uqactualites\/2023\/02\/10\/11-fevrier-journee-internationale-des-femmes-et-des-filles-de-science\/#breadcrumb"},"inLanguage":"fr-CA","potentialAction":[{"@type":"ReadAction","target":["https:\/\/www.uqac.ca\/uqactualites\/2023\/02\/10\/11-fevrier-journee-internationale-des-femmes-et-des-filles-de-science\/"]}]},{"@type":"ImageObject","inLanguage":"fr-CA","@id":"https:\/\/www.uqac.ca\/uqactualites\/2023\/02\/10\/11-fevrier-journee-internationale-des-femmes-et-des-filles-de-science\/#primaryimage","url":"https:\/\/www.uqac.ca\/uqactualites\/wp-content\/uploads\/2023\/02\/MicrosoftTeams-image-75.jpg","contentUrl":"https:\/\/www.uqac.ca\/uqactualites\/wp-content\/uploads\/2023\/02\/MicrosoftTeams-image-75.jpg","width":1920,"height":1080},{"@type":"BreadcrumbList","@id":"https:\/\/www.uqac.ca\/uqactualites\/2023\/02\/10\/11-fevrier-journee-internationale-des-femmes-et-des-filles-de-science\/#breadcrumb","itemListElement":[{"@type":"ListItem","position":1,"name":"Home","item":"https:\/\/www.uqac.ca\/uqactualites\/"},{"@type":"ListItem","position":2,"name":"11 f\u00e9vrier : journ\u00e9e internationale des femmes et des filles de science"}]},{"@type":"WebSite","@id":"https:\/\/www.uqac.ca\/uqactualites\/#website","url":"https:\/\/www.uqac.ca\/uqactualites\/","name":"UQACtualit\u00e9s","description":"Le portail des nouvelles de l&#039;UQAC","potentialAction":[{"@type":"SearchAction","target":{"@type":"EntryPoint","urlTemplate":"https:\/\/www.uqac.ca\/uqactualites\/?s={search_term_string}"},"query-input":{"@type":"PropertyValueSpecification","valueRequired":true,"valueName":"search_term_string"}}],"inLanguage":"fr-CA"},{"@type":"Person","@id":"https:\/\/www.uqac.ca\/uqactualites\/#\/schema\/person\/366c45a0c4f0e677b41b4af5886e2018","name":"Service des communications et des relations publiques","image":{"@type":"ImageObject","inLanguage":"fr-CA","@id":"https:\/\/www.uqac.ca\/uqactualites\/#\/schema\/person\/image\/","url":"https:\/\/secure.gravatar.com\/avatar\/20fbbda8a292f59f2d3461a5b999c00b?s=96&d=mm&r=g","contentUrl":"https:\/\/secure.gravatar.com\/avatar\/20fbbda8a292f59f2d3461a5b999c00b?s=96&d=mm&r=g","caption":"Service des communications et des relations publiques"},"url":"https:\/\/www.uqac.ca\/uqactualites\/author\/bap\/"}]}},"_links":{"self":[{"href":"https:\/\/www.uqac.ca\/uqactualites\/wp-json\/wp\/v2\/posts\/42794"}],"collection":[{"href":"https:\/\/www.uqac.ca\/uqactualites\/wp-json\/wp\/v2\/posts"}],"about":[{"href":"https:\/\/www.uqac.ca\/uqactualites\/wp-json\/wp\/v2\/types\/post"}],"author":[{"embeddable":true,"href":"https:\/\/www.uqac.ca\/uqactualites\/wp-json\/wp\/v2\/users\/5"}],"replies":[{"embeddable":true,"href":"https:\/\/www.uqac.ca\/uqactualites\/wp-json\/wp\/v2\/comments?post=42794"}],"version-history":[{"count":0,"href":"https:\/\/www.uqac.ca\/uqactualites\/wp-json\/wp\/v2\/posts\/42794\/revisions"}],"wp:featuredmedia":[{"embeddable":true,"href":"https:\/\/www.uqac.ca\/uqactualites\/wp-json\/wp\/v2\/media\/42799"}],"wp:attachment":[{"href":"https:\/\/www.uqac.ca\/uqactualites\/wp-json\/wp\/v2\/media?parent=42794"}],"wp:term":[{"taxonomy":"category","embeddable":true,"href":"https:\/\/www.uqac.ca\/uqactualites\/wp-json\/wp\/v2\/categories?post=42794"},{"taxonomy":"post_tag","embeddable":true,"href":"https:\/\/www.uqac.ca\/uqactualites\/wp-json\/wp\/v2\/tags?post=42794"}],"curies":[{"name":"wp","href":"https:\/\/api.w.org\/{rel}","templated":true}]}}