{"id":42912,"date":"2023-03-10T16:01:00","date_gmt":"2023-03-10T21:01:00","guid":{"rendered":"https:\/\/www.uqac.ca\/?p=42912"},"modified":"2023-03-10T16:01:00","modified_gmt":"2023-03-10T21:01:00","slug":"une-etudiante-de-luqac-est-selectionnee-comme-finaliste-au-concours-delie-ta-langue","status":"publish","type":"post","link":"https:\/\/www.uqac.ca\/uqactualites\/2023\/03\/10\/une-etudiante-de-luqac-est-selectionnee-comme-finaliste-au-concours-delie-ta-langue\/","title":{"rendered":"Une \u00e9tudiante de l\u2019UQAC est s\u00e9lectionn\u00e9e comme finaliste au concours \u00ab D\u00e9lie ta langue! \u00bb"},"content":{"rendered":"<p><span style=\"font-weight: 400;\">Marie-Pier Couture, \u00e9tudiante au <a href=\"https:\/\/www.uqac.ca\/programme\/4737-certificat-en-kinesiologie\/\" target=\"_blank\" rel=\"noopener\">certificat en Kin\u00e9siologie<\/a>, repr\u00e9sentera l\u2019UQAC \u00e0 la finale du concours interuniversitaire \u00ab D\u00e9lie ta langue! \u00bb<\/span><\/p>\n<p><span style=\"font-weight: 400;\">Ce concours d\u2019\u00e9loquence, auquel participe une dizaine d\u2019institutions universitaires, est organis\u00e9 par l\u2019Universit\u00e9 de Montr\u00e9al et l\u2019Office qu\u00e9b\u00e9cois de la langue fran\u00e7aise de mani\u00e8re annuelle. Il met en valeur des expressions fran\u00e7aises choisies, analys\u00e9es et expliqu\u00e9es par les concurrents. Les participants doivent \u00e9laborer une pr\u00e9sentation orale et un texte qui relient l\u2019expression choisie \u00e0 un enjeu social. Le texte de Marie-Pier traite de l\u2019expression \u00ab\u00a0ne tenir qu&rsquo;\u00e0 un fil\u00a0\u00bb. L\u2019\u00e9tudiante a choisi de relier cette locution au syst\u00e8me de sant\u00e9 qu\u00e9b\u00e9cois.\u00a0<\/span><\/p>\n<p><span style=\"font-weight: 400;\">Les finalistes des universit\u00e9s participantes pr\u00e9senteront leur prestation le lundi 27 mars 2023 devant un jury et le grand public. Six prix d\u2019une valeur totale de plus de 10\u00a0000 $ seront d\u00e9cern\u00e9s aux meilleures pr\u00e9sentations.\u00a0<\/span><\/p>\n<p><span style=\"font-weight: 400;\">Toute la communaut\u00e9 \u00e9tudiante est invit\u00e9e \u00e0 voter pour le prix \u00abcoup de c\u0153ur du public\u00bb en\u00a0<a href=\"https:\/\/www.eventbrite.ca\/e\/billets-finale-du-concours-deloquence-delie-ta-langue-529400309577\" target=\"_blank\" rel=\"noopener\">assistant \u00e0 l\u2019\u00e9v\u00e8nement<\/a>\u00a0en ligne, qui aura lieu le 27 mars d\u00e8s 16h.\u00a0\u00a0<\/span><\/p>\n<p><span style=\"font-weight: 400;\">Pour plus d\u2019informations, visitez le <a href=\"https:\/\/delie-ta-langue.ca\/\" target=\"_blank\" rel=\"noopener\">site officiel<\/a> et la <a href=\"https:\/\/www.facebook.com\/delie.ta.langue\/\" target=\"_blank\" rel=\"noopener\">page Facebook<\/a> de l&rsquo;\u00e9v\u00e9nement.<\/span><\/p>\n","protected":false},"excerpt":{"rendered":"<p>Marie-Pier Couture, \u00e9tudiante au certificat en Kin\u00e9siologie, repr\u00e9sentera l\u2019UQAC \u00e0 la finale du concours interuniversitaire \u00ab D\u00e9lie ta langue! \u00bb Ce concours d\u2019\u00e9loquence, auquel participe une dizaine d\u2019institutions universitaires, est organis\u00e9 par l\u2019Universit\u00e9 de Montr\u00e9al et l\u2019Office qu\u00e9b\u00e9cois de la langue fran\u00e7aise de mani\u00e8re annuelle. Il met en valeur des expressions fran\u00e7aises choisies, analys\u00e9es et [&hellip;]<\/p>\n","protected":false},"author":5,"featured_media":41329,"comment_status":"closed","ping_status":"closed","sticky":false,"template":"","format":"standard","meta":{"footnotes":""},"categories":[2],"tags":[],"yoast_head":"<!-- This site is optimized with the Yoast SEO plugin v24.2 - https:\/\/yoast.com\/wordpress\/plugins\/seo\/ -->\r\n<title>Une \u00e9tudiante de l\u2019UQAC est s\u00e9lectionn\u00e9e comme finaliste au concours \u00ab D\u00e9lie ta langue! \u00bb - UQACtualit\u00e9s<\/title>\r\n<meta name=\"robots\" content=\"index, follow, max-snippet:-1, max-image-preview:large, max-video-preview:-1\" \/>\r\n<link rel=\"canonical\" href=\"https:\/\/www.uqac.ca\/uqactualites\/2023\/03\/10\/une-etudiante-de-luqac-est-selectionnee-comme-finaliste-au-concours-delie-ta-langue\/\" \/>\r\n<meta property=\"og:locale\" content=\"fr_CA\" \/>\r\n<meta property=\"og:type\" content=\"article\" \/>\r\n<meta property=\"og:title\" content=\"Une \u00e9tudiante de l\u2019UQAC est s\u00e9lectionn\u00e9e comme finaliste au concours \u00ab D\u00e9lie ta langue! \u00bb - UQACtualit\u00e9s\" \/>\r\n<meta property=\"og:description\" content=\"Marie-Pier Couture, \u00e9tudiante au certificat en Kin\u00e9siologie, repr\u00e9sentera l\u2019UQAC \u00e0 la finale du concours interuniversitaire \u00ab D\u00e9lie ta langue! \u00bb Ce concours d\u2019\u00e9loquence, auquel participe une dizaine d\u2019institutions universitaires, est organis\u00e9 par l\u2019Universit\u00e9 de Montr\u00e9al et l\u2019Office qu\u00e9b\u00e9cois de la langue fran\u00e7aise de mani\u00e8re annuelle. Il met en valeur des expressions fran\u00e7aises choisies, analys\u00e9es et [&hellip;]\" \/>\r\n<meta property=\"og:url\" content=\"https:\/\/www.uqac.ca\/uqactualites\/2023\/03\/10\/une-etudiante-de-luqac-est-selectionnee-comme-finaliste-au-concours-delie-ta-langue\/\" \/>\r\n<meta property=\"og:site_name\" content=\"UQACtualit\u00e9s\" \/>\r\n<meta property=\"article:published_time\" content=\"2023-03-10T21:01:00+00:00\" \/>\r\n<meta property=\"og:image\" content=\"https:\/\/www.uqac.ca\/uqactualites\/wp-content\/uploads\/2022\/03\/NUM_Delietalangue_Fbk-Lkdn-ImPartage1200x628.jpg\" \/>\r\n\t<meta property=\"og:image:width\" content=\"1221\" \/>\r\n\t<meta property=\"og:image:height\" content=\"628\" \/>\r\n\t<meta property=\"og:image:type\" content=\"image\/jpeg\" \/>\r\n<meta name=\"author\" content=\"Service des communications et des relations publiques\" \/>\r\n<meta name=\"twitter:card\" content=\"summary_large_image\" \/>\r\n<meta name=\"twitter:label1\" content=\"\u00c9crit par\" \/>\n\t<meta name=\"twitter:data1\" content=\"Service des communications et des relations publiques\" \/>\n\t<meta name=\"twitter:label2\" content=\"Estimation du temps de lecture\" \/>\n\t<meta name=\"twitter:data2\" content=\"1 minute\" \/>\r\n<script type=\"application\/ld+json\" class=\"yoast-schema-graph\">{\"@context\":\"https:\/\/schema.org\",\"@graph\":[{\"@type\":\"WebPage\",\"@id\":\"https:\/\/www.uqac.ca\/uqactualites\/2023\/03\/10\/une-etudiante-de-luqac-est-selectionnee-comme-finaliste-au-concours-delie-ta-langue\/\",\"url\":\"https:\/\/www.uqac.ca\/uqactualites\/2023\/03\/10\/une-etudiante-de-luqac-est-selectionnee-comme-finaliste-au-concours-delie-ta-langue\/\",\"name\":\"Une \u00e9tudiante de l\u2019UQAC est s\u00e9lectionn\u00e9e comme finaliste au concours \u00ab D\u00e9lie ta langue! \u00bb - UQACtualit\u00e9s\",\"isPartOf\":{\"@id\":\"https:\/\/www.uqac.ca\/uqactualites\/#website\"},\"primaryImageOfPage\":{\"@id\":\"https:\/\/www.uqac.ca\/uqactualites\/2023\/03\/10\/une-etudiante-de-luqac-est-selectionnee-comme-finaliste-au-concours-delie-ta-langue\/#primaryimage\"},\"image\":{\"@id\":\"https:\/\/www.uqac.ca\/uqactualites\/2023\/03\/10\/une-etudiante-de-luqac-est-selectionnee-comme-finaliste-au-concours-delie-ta-langue\/#primaryimage\"},\"thumbnailUrl\":\"https:\/\/www.uqac.ca\/uqactualites\/wp-content\/uploads\/2022\/03\/NUM_Delietalangue_Fbk-Lkdn-ImPartage1200x628.jpg\",\"datePublished\":\"2023-03-10T21:01:00+00:00\",\"dateModified\":\"2023-03-10T21:01:00+00:00\",\"author\":{\"@id\":\"https:\/\/www.uqac.ca\/uqactualites\/#\/schema\/person\/366c45a0c4f0e677b41b4af5886e2018\"},\"breadcrumb\":{\"@id\":\"https:\/\/www.uqac.ca\/uqactualites\/2023\/03\/10\/une-etudiante-de-luqac-est-selectionnee-comme-finaliste-au-concours-delie-ta-langue\/#breadcrumb\"},\"inLanguage\":\"fr-CA\",\"potentialAction\":[{\"@type\":\"ReadAction\",\"target\":[\"https:\/\/www.uqac.ca\/uqactualites\/2023\/03\/10\/une-etudiante-de-luqac-est-selectionnee-comme-finaliste-au-concours-delie-ta-langue\/\"]}]},{\"@type\":\"ImageObject\",\"inLanguage\":\"fr-CA\",\"@id\":\"https:\/\/www.uqac.ca\/uqactualites\/2023\/03\/10\/une-etudiante-de-luqac-est-selectionnee-comme-finaliste-au-concours-delie-ta-langue\/#primaryimage\",\"url\":\"https:\/\/www.uqac.ca\/uqactualites\/wp-content\/uploads\/2022\/03\/NUM_Delietalangue_Fbk-Lkdn-ImPartage1200x628.jpg\",\"contentUrl\":\"https:\/\/www.uqac.ca\/uqactualites\/wp-content\/uploads\/2022\/03\/NUM_Delietalangue_Fbk-Lkdn-ImPartage1200x628.jpg\",\"width\":1221,\"height\":628},{\"@type\":\"BreadcrumbList\",\"@id\":\"https:\/\/www.uqac.ca\/uqactualites\/2023\/03\/10\/une-etudiante-de-luqac-est-selectionnee-comme-finaliste-au-concours-delie-ta-langue\/#breadcrumb\",\"itemListElement\":[{\"@type\":\"ListItem\",\"position\":1,\"name\":\"Home\",\"item\":\"https:\/\/www.uqac.ca\/uqactualites\/\"},{\"@type\":\"ListItem\",\"position\":2,\"name\":\"Une \u00e9tudiante de l\u2019UQAC est s\u00e9lectionn\u00e9e comme finaliste au concours \u00ab D\u00e9lie ta langue! \u00bb\"}]},{\"@type\":\"WebSite\",\"@id\":\"https:\/\/www.uqac.ca\/uqactualites\/#website\",\"url\":\"https:\/\/www.uqac.ca\/uqactualites\/\",\"name\":\"UQACtualit\u00e9s\",\"description\":\"Le portail des nouvelles de l&#039;UQAC\",\"potentialAction\":[{\"@type\":\"SearchAction\",\"target\":{\"@type\":\"EntryPoint\",\"urlTemplate\":\"https:\/\/www.uqac.ca\/uqactualites\/?s={search_term_string}\"},\"query-input\":{\"@type\":\"PropertyValueSpecification\",\"valueRequired\":true,\"valueName\":\"search_term_string\"}}],\"inLanguage\":\"fr-CA\"},{\"@type\":\"Person\",\"@id\":\"https:\/\/www.uqac.ca\/uqactualites\/#\/schema\/person\/366c45a0c4f0e677b41b4af5886e2018\",\"name\":\"Service des communications et des relations publiques\",\"image\":{\"@type\":\"ImageObject\",\"inLanguage\":\"fr-CA\",\"@id\":\"https:\/\/www.uqac.ca\/uqactualites\/#\/schema\/person\/image\/\",\"url\":\"https:\/\/secure.gravatar.com\/avatar\/20fbbda8a292f59f2d3461a5b999c00b?s=96&d=mm&r=g\",\"contentUrl\":\"https:\/\/secure.gravatar.com\/avatar\/20fbbda8a292f59f2d3461a5b999c00b?s=96&d=mm&r=g\",\"caption\":\"Service des communications et des relations publiques\"},\"url\":\"https:\/\/www.uqac.ca\/uqactualites\/author\/bap\/\"}]}<\/script>\r\n<!-- \/ Yoast SEO plugin. -->","yoast_head_json":{"title":"Une \u00e9tudiante de l\u2019UQAC est s\u00e9lectionn\u00e9e comme finaliste au concours \u00ab D\u00e9lie ta langue! \u00bb - UQACtualit\u00e9s","robots":{"index":"index","follow":"follow","max-snippet":"max-snippet:-1","max-image-preview":"max-image-preview:large","max-video-preview":"max-video-preview:-1"},"canonical":"https:\/\/www.uqac.ca\/uqactualites\/2023\/03\/10\/une-etudiante-de-luqac-est-selectionnee-comme-finaliste-au-concours-delie-ta-langue\/","og_locale":"fr_CA","og_type":"article","og_title":"Une \u00e9tudiante de l\u2019UQAC est s\u00e9lectionn\u00e9e comme finaliste au concours \u00ab D\u00e9lie ta langue! \u00bb - UQACtualit\u00e9s","og_description":"Marie-Pier Couture, \u00e9tudiante au certificat en Kin\u00e9siologie, repr\u00e9sentera l\u2019UQAC \u00e0 la finale du concours interuniversitaire \u00ab D\u00e9lie ta langue! \u00bb Ce concours d\u2019\u00e9loquence, auquel participe une dizaine d\u2019institutions universitaires, est organis\u00e9 par l\u2019Universit\u00e9 de Montr\u00e9al et l\u2019Office qu\u00e9b\u00e9cois de la langue fran\u00e7aise de mani\u00e8re annuelle. Il met en valeur des expressions fran\u00e7aises choisies, analys\u00e9es et [&hellip;]","og_url":"https:\/\/www.uqac.ca\/uqactualites\/2023\/03\/10\/une-etudiante-de-luqac-est-selectionnee-comme-finaliste-au-concours-delie-ta-langue\/","og_site_name":"UQACtualit\u00e9s","article_published_time":"2023-03-10T21:01:00+00:00","og_image":[{"width":1221,"height":628,"url":"https:\/\/www.uqac.ca\/uqactualites\/wp-content\/uploads\/2022\/03\/NUM_Delietalangue_Fbk-Lkdn-ImPartage1200x628.jpg","type":"image\/jpeg"}],"author":"Service des communications et des relations publiques","twitter_card":"summary_large_image","twitter_misc":{"\u00c9crit par":"Service des communications et des relations publiques","Estimation du temps de lecture":"1 minute"},"schema":{"@context":"https:\/\/schema.org","@graph":[{"@type":"WebPage","@id":"https:\/\/www.uqac.ca\/uqactualites\/2023\/03\/10\/une-etudiante-de-luqac-est-selectionnee-comme-finaliste-au-concours-delie-ta-langue\/","url":"https:\/\/www.uqac.ca\/uqactualites\/2023\/03\/10\/une-etudiante-de-luqac-est-selectionnee-comme-finaliste-au-concours-delie-ta-langue\/","name":"Une \u00e9tudiante de l\u2019UQAC est s\u00e9lectionn\u00e9e comme finaliste au concours \u00ab D\u00e9lie ta langue! \u00bb - UQACtualit\u00e9s","isPartOf":{"@id":"https:\/\/www.uqac.ca\/uqactualites\/#website"},"primaryImageOfPage":{"@id":"https:\/\/www.uqac.ca\/uqactualites\/2023\/03\/10\/une-etudiante-de-luqac-est-selectionnee-comme-finaliste-au-concours-delie-ta-langue\/#primaryimage"},"image":{"@id":"https:\/\/www.uqac.ca\/uqactualites\/2023\/03\/10\/une-etudiante-de-luqac-est-selectionnee-comme-finaliste-au-concours-delie-ta-langue\/#primaryimage"},"thumbnailUrl":"https:\/\/www.uqac.ca\/uqactualites\/wp-content\/uploads\/2022\/03\/NUM_Delietalangue_Fbk-Lkdn-ImPartage1200x628.jpg","datePublished":"2023-03-10T21:01:00+00:00","dateModified":"2023-03-10T21:01:00+00:00","author":{"@id":"https:\/\/www.uqac.ca\/uqactualites\/#\/schema\/person\/366c45a0c4f0e677b41b4af5886e2018"},"breadcrumb":{"@id":"https:\/\/www.uqac.ca\/uqactualites\/2023\/03\/10\/une-etudiante-de-luqac-est-selectionnee-comme-finaliste-au-concours-delie-ta-langue\/#breadcrumb"},"inLanguage":"fr-CA","potentialAction":[{"@type":"ReadAction","target":["https:\/\/www.uqac.ca\/uqactualites\/2023\/03\/10\/une-etudiante-de-luqac-est-selectionnee-comme-finaliste-au-concours-delie-ta-langue\/"]}]},{"@type":"ImageObject","inLanguage":"fr-CA","@id":"https:\/\/www.uqac.ca\/uqactualites\/2023\/03\/10\/une-etudiante-de-luqac-est-selectionnee-comme-finaliste-au-concours-delie-ta-langue\/#primaryimage","url":"https:\/\/www.uqac.ca\/uqactualites\/wp-content\/uploads\/2022\/03\/NUM_Delietalangue_Fbk-Lkdn-ImPartage1200x628.jpg","contentUrl":"https:\/\/www.uqac.ca\/uqactualites\/wp-content\/uploads\/2022\/03\/NUM_Delietalangue_Fbk-Lkdn-ImPartage1200x628.jpg","width":1221,"height":628},{"@type":"BreadcrumbList","@id":"https:\/\/www.uqac.ca\/uqactualites\/2023\/03\/10\/une-etudiante-de-luqac-est-selectionnee-comme-finaliste-au-concours-delie-ta-langue\/#breadcrumb","itemListElement":[{"@type":"ListItem","position":1,"name":"Home","item":"https:\/\/www.uqac.ca\/uqactualites\/"},{"@type":"ListItem","position":2,"name":"Une \u00e9tudiante de l\u2019UQAC est s\u00e9lectionn\u00e9e comme finaliste au concours \u00ab D\u00e9lie ta langue! \u00bb"}]},{"@type":"WebSite","@id":"https:\/\/www.uqac.ca\/uqactualites\/#website","url":"https:\/\/www.uqac.ca\/uqactualites\/","name":"UQACtualit\u00e9s","description":"Le portail des nouvelles de l&#039;UQAC","potentialAction":[{"@type":"SearchAction","target":{"@type":"EntryPoint","urlTemplate":"https:\/\/www.uqac.ca\/uqactualites\/?s={search_term_string}"},"query-input":{"@type":"PropertyValueSpecification","valueRequired":true,"valueName":"search_term_string"}}],"inLanguage":"fr-CA"},{"@type":"Person","@id":"https:\/\/www.uqac.ca\/uqactualites\/#\/schema\/person\/366c45a0c4f0e677b41b4af5886e2018","name":"Service des communications et des relations publiques","image":{"@type":"ImageObject","inLanguage":"fr-CA","@id":"https:\/\/www.uqac.ca\/uqactualites\/#\/schema\/person\/image\/","url":"https:\/\/secure.gravatar.com\/avatar\/20fbbda8a292f59f2d3461a5b999c00b?s=96&d=mm&r=g","contentUrl":"https:\/\/secure.gravatar.com\/avatar\/20fbbda8a292f59f2d3461a5b999c00b?s=96&d=mm&r=g","caption":"Service des communications et des relations publiques"},"url":"https:\/\/www.uqac.ca\/uqactualites\/author\/bap\/"}]}},"_links":{"self":[{"href":"https:\/\/www.uqac.ca\/uqactualites\/wp-json\/wp\/v2\/posts\/42912"}],"collection":[{"href":"https:\/\/www.uqac.ca\/uqactualites\/wp-json\/wp\/v2\/posts"}],"about":[{"href":"https:\/\/www.uqac.ca\/uqactualites\/wp-json\/wp\/v2\/types\/post"}],"author":[{"embeddable":true,"href":"https:\/\/www.uqac.ca\/uqactualites\/wp-json\/wp\/v2\/users\/5"}],"replies":[{"embeddable":true,"href":"https:\/\/www.uqac.ca\/uqactualites\/wp-json\/wp\/v2\/comments?post=42912"}],"version-history":[{"count":0,"href":"https:\/\/www.uqac.ca\/uqactualites\/wp-json\/wp\/v2\/posts\/42912\/revisions"}],"wp:featuredmedia":[{"embeddable":true,"href":"https:\/\/www.uqac.ca\/uqactualites\/wp-json\/wp\/v2\/media\/41329"}],"wp:attachment":[{"href":"https:\/\/www.uqac.ca\/uqactualites\/wp-json\/wp\/v2\/media?parent=42912"}],"wp:term":[{"taxonomy":"category","embeddable":true,"href":"https:\/\/www.uqac.ca\/uqactualites\/wp-json\/wp\/v2\/categories?post=42912"},{"taxonomy":"post_tag","embeddable":true,"href":"https:\/\/www.uqac.ca\/uqactualites\/wp-json\/wp\/v2\/tags?post=42912"}],"curies":[{"name":"wp","href":"https:\/\/api.w.org\/{rel}","templated":true}]}}