{"id":42915,"date":"2023-03-08T15:49:20","date_gmt":"2023-03-08T20:49:20","guid":{"rendered":"https:\/\/www.uqac.ca\/?p=42915"},"modified":"2023-03-08T15:49:20","modified_gmt":"2023-03-08T20:49:20","slug":"une-clinique-en-sciences-infirmieres-voit-le-jour-a-luqac","status":"publish","type":"post","link":"https:\/\/www.uqac.ca\/uqactualites\/2023\/03\/08\/une-clinique-en-sciences-infirmieres-voit-le-jour-a-luqac\/","title":{"rendered":"Une clinique universitaire en sciences infirmi\u00e8res voit le jour \u00e0 l&rsquo;UQAC"},"content":{"rendered":"<h4>Nouvelle clinique universitaire en sciences infirmi\u00e8res : un plus pour la formation en sciences infirmi\u00e8res et pour r\u00e9pondre aux besoins de la communaut\u00e9 universitaire<\/h4>\n<p>L\u2019Universit\u00e9 du Qu\u00e9bec \u00e0 Chicoutimi inaugurait aujourd\u2019hui sa nouvelle <a href=\"https:\/\/www.uqac.ca\/cusi\/\" target=\"_blank\" rel=\"noopener\">Clinique universitaire en sciences infirmi\u00e8res<\/a>. Situ\u00e9e au Pavillon sportif, celle-ci deviendra un milieu d\u2019apprentissages stimulant qui permettra \u00e0 la fois de r\u00e9pondre \u00e0 un besoin de formation pour les \u00e9tudiants et \u00e9tudiantes des programmes en sciences infirmi\u00e8res, mais aussi de r\u00e9pondre aux besoins de sant\u00e9 de la communaut\u00e9 universitaire.<\/p>\n<p>Selon le vice-recteur aux \u00e9tudes, \u00e0 la formation et \u00e0 la r\u00e9ussite de l\u2019UQAC, \u00c9tienne H\u00e9bert : \u00ab la mise en place d\u2019une clinique en sciences infirmi\u00e8res vient bonifier la formation offerte aux \u00e9tudiants et \u00e9tudiantes qui auront la possibilit\u00e9 de voir une client\u00e8le diversifi\u00e9e, d\u2019y effectuer des stages et d\u2019y vivre une immersion dans un environnement clinique unique. \u00bb<\/p>\n<p>Pour mener \u00e0 bien les activit\u00e9s de consultations et d\u2019enseignement, l\u2019\u00e9quipe de la clinique sera compos\u00e9e d\u2019une infirmi\u00e8re clinicienne accompagn\u00e9e d\u2019une infirmi\u00e8re praticienne sp\u00e9cialis\u00e9e (IPS) en soins de premi\u00e8re ligne. <a href=\"https:\/\/www.uqac.ca\/cusi\/\" target=\"_blank\" rel=\"noopener\">La clinique est d\u00e9di\u00e9e exclusivement \u00e0 la communaut\u00e9 universitaire qui pourra prendre rendez-vous uniquement en ligne<\/a> pour r\u00e9pondre \u00e0 des besoins ponctuels de sant\u00e9. Selon sa directrice, qui est \u00e9galement professeure et infirmi\u00e8re praticienne sp\u00e9cialis\u00e9e (IPS) en soins de premi\u00e8re ligne Chantale Th\u00e9riault : \u00ab La clinique en sciences infirmi\u00e8res de l\u2019UQAC repose sur un mod\u00e8le de soins actualis\u00e9 qui valorise la pleine occupation du champ d\u2019exercice et le d\u00e9veloppement de l\u2019expertise de l\u2019infirmi\u00e8re. \u00bb<\/p>\n<p>La nouvelle \u00e9tait bienvenue aupr\u00e8s du Mouvement des associations g\u00e9n\u00e9rales \u00e9tudiantes de l\u2019UQAC (MAGE-UQAC) : \u00ab Ce service vient aussi s\u2019ajouter aux autres actions men\u00e9es sur le campus afin de faciliter l\u2019acc\u00e8s aux soins, la r\u00e9ussite et la pers\u00e9v\u00e9rance scolaire de notre communaut\u00e9 \u00e9tudiante. \u00bb D\u2019ajouter son pr\u00e9sident, Alexis Diard.<\/p>\n<p>Au trimestre d\u2019hiver 2023, l\u2019UQAC comptait 221 personnes inscrites au baccalaur\u00e9at et aux programmes de ma\u00eetrises en sciences infirmi\u00e8res.<\/p>\n<p>Sur la photo, de gauche \u00e0 droite :<\/p>\n<p>Carole Dionne, professeure au module des sciences infirmi\u00e8res, Alexis Diard, pr\u00e9sident du Mage-UQAC, \u00c9tienne H\u00e9bert, vice-recteur aux \u00e9tudes, \u00e0 la formation et \u00e0 la r\u00e9ussite, Chantale Th\u00e9riault, directrice de la clinique universitaire en sciences infirmi\u00e8res, infirmi\u00e8re praticienne sp\u00e9cialis\u00e9e (IPS) en soins de premi\u00e8re ligne, V\u00e9ronique \u00a0Dauwe, infirmi\u00e8re clinicienne, V\u00e9ronique Roberge, directrice du module des sciences infirmi\u00e8res<\/p>\n<p>&nbsp;<\/p>\n","protected":false},"excerpt":{"rendered":"<p>Nouvelle clinique universitaire en sciences infirmi\u00e8res : un plus pour la formation en sciences infirmi\u00e8res et pour r\u00e9pondre aux besoins de la communaut\u00e9 universitaire L\u2019Universit\u00e9 du Qu\u00e9bec \u00e0 Chicoutimi inaugurait aujourd\u2019hui sa nouvelle Clinique universitaire en sciences infirmi\u00e8res. Situ\u00e9e au Pavillon sportif, celle-ci deviendra un milieu d\u2019apprentissages stimulant qui permettra \u00e0 la fois de r\u00e9pondre [&hellip;]<\/p>\n","protected":false},"author":5,"featured_media":42921,"comment_status":"closed","ping_status":"closed","sticky":false,"template":"","format":"standard","meta":{"footnotes":""},"categories":[2],"tags":[34,23],"yoast_head":"<!-- This site is optimized with the Yoast SEO plugin v24.2 - https:\/\/yoast.com\/wordpress\/plugins\/seo\/ -->\r\n<title>Une clinique universitaire en sciences infirmi\u00e8res voit le jour \u00e0 l&#039;UQAC - UQACtualit\u00e9s<\/title>\r\n<meta name=\"robots\" content=\"index, follow, max-snippet:-1, max-image-preview:large, max-video-preview:-1\" \/>\r\n<link rel=\"canonical\" href=\"https:\/\/www.uqac.ca\/uqactualites\/2023\/03\/08\/une-clinique-en-sciences-infirmieres-voit-le-jour-a-luqac\/\" \/>\r\n<meta property=\"og:locale\" content=\"fr_CA\" \/>\r\n<meta property=\"og:type\" content=\"article\" \/>\r\n<meta property=\"og:title\" content=\"Une clinique universitaire en sciences infirmi\u00e8res voit le jour \u00e0 l&#039;UQAC - UQACtualit\u00e9s\" \/>\r\n<meta property=\"og:description\" content=\"Nouvelle clinique universitaire en sciences infirmi\u00e8res : un plus pour la formation en sciences infirmi\u00e8res et pour r\u00e9pondre aux besoins de la communaut\u00e9 universitaire L\u2019Universit\u00e9 du Qu\u00e9bec \u00e0 Chicoutimi inaugurait aujourd\u2019hui sa nouvelle Clinique universitaire en sciences infirmi\u00e8res. Situ\u00e9e au Pavillon sportif, celle-ci deviendra un milieu d\u2019apprentissages stimulant qui permettra \u00e0 la fois de r\u00e9pondre [&hellip;]\" \/>\r\n<meta property=\"og:url\" content=\"https:\/\/www.uqac.ca\/uqactualites\/2023\/03\/08\/une-clinique-en-sciences-infirmieres-voit-le-jour-a-luqac\/\" \/>\r\n<meta property=\"og:site_name\" content=\"UQACtualit\u00e9s\" \/>\r\n<meta property=\"article:published_time\" content=\"2023-03-08T20:49:20+00:00\" \/>\r\n<meta property=\"og:image\" content=\"https:\/\/www.uqac.ca\/uqactualites\/wp-content\/uploads\/2023\/03\/cusi-lancement-h23-mduhaime-01.jpg\" \/>\r\n\t<meta property=\"og:image:width\" content=\"1500\" \/>\r\n\t<meta property=\"og:image:height\" content=\"1000\" \/>\r\n\t<meta property=\"og:image:type\" content=\"image\/jpeg\" \/>\r\n<meta name=\"author\" content=\"Service des communications et des relations publiques\" \/>\r\n<meta name=\"twitter:card\" content=\"summary_large_image\" \/>\r\n<meta name=\"twitter:label1\" content=\"\u00c9crit par\" \/>\n\t<meta name=\"twitter:data1\" content=\"Service des communications et des relations publiques\" \/>\n\t<meta name=\"twitter:label2\" content=\"Estimation du temps de lecture\" \/>\n\t<meta name=\"twitter:data2\" content=\"2 minutes\" \/>\r\n<script type=\"application\/ld+json\" class=\"yoast-schema-graph\">{\"@context\":\"https:\/\/schema.org\",\"@graph\":[{\"@type\":\"WebPage\",\"@id\":\"https:\/\/www.uqac.ca\/uqactualites\/2023\/03\/08\/une-clinique-en-sciences-infirmieres-voit-le-jour-a-luqac\/\",\"url\":\"https:\/\/www.uqac.ca\/uqactualites\/2023\/03\/08\/une-clinique-en-sciences-infirmieres-voit-le-jour-a-luqac\/\",\"name\":\"Une clinique universitaire en sciences infirmi\u00e8res voit le jour \u00e0 l'UQAC - UQACtualit\u00e9s\",\"isPartOf\":{\"@id\":\"https:\/\/www.uqac.ca\/uqactualites\/#website\"},\"primaryImageOfPage\":{\"@id\":\"https:\/\/www.uqac.ca\/uqactualites\/2023\/03\/08\/une-clinique-en-sciences-infirmieres-voit-le-jour-a-luqac\/#primaryimage\"},\"image\":{\"@id\":\"https:\/\/www.uqac.ca\/uqactualites\/2023\/03\/08\/une-clinique-en-sciences-infirmieres-voit-le-jour-a-luqac\/#primaryimage\"},\"thumbnailUrl\":\"https:\/\/www.uqac.ca\/uqactualites\/wp-content\/uploads\/2023\/03\/cusi-lancement-h23-mduhaime-01.jpg\",\"datePublished\":\"2023-03-08T20:49:20+00:00\",\"dateModified\":\"2023-03-08T20:49:20+00:00\",\"author\":{\"@id\":\"https:\/\/www.uqac.ca\/uqactualites\/#\/schema\/person\/366c45a0c4f0e677b41b4af5886e2018\"},\"breadcrumb\":{\"@id\":\"https:\/\/www.uqac.ca\/uqactualites\/2023\/03\/08\/une-clinique-en-sciences-infirmieres-voit-le-jour-a-luqac\/#breadcrumb\"},\"inLanguage\":\"fr-CA\",\"potentialAction\":[{\"@type\":\"ReadAction\",\"target\":[\"https:\/\/www.uqac.ca\/uqactualites\/2023\/03\/08\/une-clinique-en-sciences-infirmieres-voit-le-jour-a-luqac\/\"]}]},{\"@type\":\"ImageObject\",\"inLanguage\":\"fr-CA\",\"@id\":\"https:\/\/www.uqac.ca\/uqactualites\/2023\/03\/08\/une-clinique-en-sciences-infirmieres-voit-le-jour-a-luqac\/#primaryimage\",\"url\":\"https:\/\/www.uqac.ca\/uqactualites\/wp-content\/uploads\/2023\/03\/cusi-lancement-h23-mduhaime-01.jpg\",\"contentUrl\":\"https:\/\/www.uqac.ca\/uqactualites\/wp-content\/uploads\/2023\/03\/cusi-lancement-h23-mduhaime-01.jpg\",\"width\":1500,\"height\":1000},{\"@type\":\"BreadcrumbList\",\"@id\":\"https:\/\/www.uqac.ca\/uqactualites\/2023\/03\/08\/une-clinique-en-sciences-infirmieres-voit-le-jour-a-luqac\/#breadcrumb\",\"itemListElement\":[{\"@type\":\"ListItem\",\"position\":1,\"name\":\"Home\",\"item\":\"https:\/\/www.uqac.ca\/uqactualites\/\"},{\"@type\":\"ListItem\",\"position\":2,\"name\":\"Une clinique universitaire en sciences infirmi\u00e8res voit le jour \u00e0 l&rsquo;UQAC\"}]},{\"@type\":\"WebSite\",\"@id\":\"https:\/\/www.uqac.ca\/uqactualites\/#website\",\"url\":\"https:\/\/www.uqac.ca\/uqactualites\/\",\"name\":\"UQACtualit\u00e9s\",\"description\":\"Le portail des nouvelles de l&#039;UQAC\",\"potentialAction\":[{\"@type\":\"SearchAction\",\"target\":{\"@type\":\"EntryPoint\",\"urlTemplate\":\"https:\/\/www.uqac.ca\/uqactualites\/?s={search_term_string}\"},\"query-input\":{\"@type\":\"PropertyValueSpecification\",\"valueRequired\":true,\"valueName\":\"search_term_string\"}}],\"inLanguage\":\"fr-CA\"},{\"@type\":\"Person\",\"@id\":\"https:\/\/www.uqac.ca\/uqactualites\/#\/schema\/person\/366c45a0c4f0e677b41b4af5886e2018\",\"name\":\"Service des communications et des relations publiques\",\"image\":{\"@type\":\"ImageObject\",\"inLanguage\":\"fr-CA\",\"@id\":\"https:\/\/www.uqac.ca\/uqactualites\/#\/schema\/person\/image\/\",\"url\":\"https:\/\/secure.gravatar.com\/avatar\/20fbbda8a292f59f2d3461a5b999c00b?s=96&d=mm&r=g\",\"contentUrl\":\"https:\/\/secure.gravatar.com\/avatar\/20fbbda8a292f59f2d3461a5b999c00b?s=96&d=mm&r=g\",\"caption\":\"Service des communications et des relations publiques\"},\"url\":\"https:\/\/www.uqac.ca\/uqactualites\/author\/bap\/\"}]}<\/script>\r\n<!-- \/ Yoast SEO plugin. -->","yoast_head_json":{"title":"Une clinique universitaire en sciences infirmi\u00e8res voit le jour \u00e0 l'UQAC - UQACtualit\u00e9s","robots":{"index":"index","follow":"follow","max-snippet":"max-snippet:-1","max-image-preview":"max-image-preview:large","max-video-preview":"max-video-preview:-1"},"canonical":"https:\/\/www.uqac.ca\/uqactualites\/2023\/03\/08\/une-clinique-en-sciences-infirmieres-voit-le-jour-a-luqac\/","og_locale":"fr_CA","og_type":"article","og_title":"Une clinique universitaire en sciences infirmi\u00e8res voit le jour \u00e0 l'UQAC - UQACtualit\u00e9s","og_description":"Nouvelle clinique universitaire en sciences infirmi\u00e8res : un plus pour la formation en sciences infirmi\u00e8res et pour r\u00e9pondre aux besoins de la communaut\u00e9 universitaire L\u2019Universit\u00e9 du Qu\u00e9bec \u00e0 Chicoutimi inaugurait aujourd\u2019hui sa nouvelle Clinique universitaire en sciences infirmi\u00e8res. Situ\u00e9e au Pavillon sportif, celle-ci deviendra un milieu d\u2019apprentissages stimulant qui permettra \u00e0 la fois de r\u00e9pondre [&hellip;]","og_url":"https:\/\/www.uqac.ca\/uqactualites\/2023\/03\/08\/une-clinique-en-sciences-infirmieres-voit-le-jour-a-luqac\/","og_site_name":"UQACtualit\u00e9s","article_published_time":"2023-03-08T20:49:20+00:00","og_image":[{"width":1500,"height":1000,"url":"https:\/\/www.uqac.ca\/uqactualites\/wp-content\/uploads\/2023\/03\/cusi-lancement-h23-mduhaime-01.jpg","type":"image\/jpeg"}],"author":"Service des communications et des relations publiques","twitter_card":"summary_large_image","twitter_misc":{"\u00c9crit par":"Service des communications et des relations publiques","Estimation du temps de lecture":"2 minutes"},"schema":{"@context":"https:\/\/schema.org","@graph":[{"@type":"WebPage","@id":"https:\/\/www.uqac.ca\/uqactualites\/2023\/03\/08\/une-clinique-en-sciences-infirmieres-voit-le-jour-a-luqac\/","url":"https:\/\/www.uqac.ca\/uqactualites\/2023\/03\/08\/une-clinique-en-sciences-infirmieres-voit-le-jour-a-luqac\/","name":"Une clinique universitaire en sciences infirmi\u00e8res voit le jour \u00e0 l'UQAC - UQACtualit\u00e9s","isPartOf":{"@id":"https:\/\/www.uqac.ca\/uqactualites\/#website"},"primaryImageOfPage":{"@id":"https:\/\/www.uqac.ca\/uqactualites\/2023\/03\/08\/une-clinique-en-sciences-infirmieres-voit-le-jour-a-luqac\/#primaryimage"},"image":{"@id":"https:\/\/www.uqac.ca\/uqactualites\/2023\/03\/08\/une-clinique-en-sciences-infirmieres-voit-le-jour-a-luqac\/#primaryimage"},"thumbnailUrl":"https:\/\/www.uqac.ca\/uqactualites\/wp-content\/uploads\/2023\/03\/cusi-lancement-h23-mduhaime-01.jpg","datePublished":"2023-03-08T20:49:20+00:00","dateModified":"2023-03-08T20:49:20+00:00","author":{"@id":"https:\/\/www.uqac.ca\/uqactualites\/#\/schema\/person\/366c45a0c4f0e677b41b4af5886e2018"},"breadcrumb":{"@id":"https:\/\/www.uqac.ca\/uqactualites\/2023\/03\/08\/une-clinique-en-sciences-infirmieres-voit-le-jour-a-luqac\/#breadcrumb"},"inLanguage":"fr-CA","potentialAction":[{"@type":"ReadAction","target":["https:\/\/www.uqac.ca\/uqactualites\/2023\/03\/08\/une-clinique-en-sciences-infirmieres-voit-le-jour-a-luqac\/"]}]},{"@type":"ImageObject","inLanguage":"fr-CA","@id":"https:\/\/www.uqac.ca\/uqactualites\/2023\/03\/08\/une-clinique-en-sciences-infirmieres-voit-le-jour-a-luqac\/#primaryimage","url":"https:\/\/www.uqac.ca\/uqactualites\/wp-content\/uploads\/2023\/03\/cusi-lancement-h23-mduhaime-01.jpg","contentUrl":"https:\/\/www.uqac.ca\/uqactualites\/wp-content\/uploads\/2023\/03\/cusi-lancement-h23-mduhaime-01.jpg","width":1500,"height":1000},{"@type":"BreadcrumbList","@id":"https:\/\/www.uqac.ca\/uqactualites\/2023\/03\/08\/une-clinique-en-sciences-infirmieres-voit-le-jour-a-luqac\/#breadcrumb","itemListElement":[{"@type":"ListItem","position":1,"name":"Home","item":"https:\/\/www.uqac.ca\/uqactualites\/"},{"@type":"ListItem","position":2,"name":"Une clinique universitaire en sciences infirmi\u00e8res voit le jour \u00e0 l&rsquo;UQAC"}]},{"@type":"WebSite","@id":"https:\/\/www.uqac.ca\/uqactualites\/#website","url":"https:\/\/www.uqac.ca\/uqactualites\/","name":"UQACtualit\u00e9s","description":"Le portail des nouvelles de l&#039;UQAC","potentialAction":[{"@type":"SearchAction","target":{"@type":"EntryPoint","urlTemplate":"https:\/\/www.uqac.ca\/uqactualites\/?s={search_term_string}"},"query-input":{"@type":"PropertyValueSpecification","valueRequired":true,"valueName":"search_term_string"}}],"inLanguage":"fr-CA"},{"@type":"Person","@id":"https:\/\/www.uqac.ca\/uqactualites\/#\/schema\/person\/366c45a0c4f0e677b41b4af5886e2018","name":"Service des communications et des relations publiques","image":{"@type":"ImageObject","inLanguage":"fr-CA","@id":"https:\/\/www.uqac.ca\/uqactualites\/#\/schema\/person\/image\/","url":"https:\/\/secure.gravatar.com\/avatar\/20fbbda8a292f59f2d3461a5b999c00b?s=96&d=mm&r=g","contentUrl":"https:\/\/secure.gravatar.com\/avatar\/20fbbda8a292f59f2d3461a5b999c00b?s=96&d=mm&r=g","caption":"Service des communications et des relations publiques"},"url":"https:\/\/www.uqac.ca\/uqactualites\/author\/bap\/"}]}},"_links":{"self":[{"href":"https:\/\/www.uqac.ca\/uqactualites\/wp-json\/wp\/v2\/posts\/42915"}],"collection":[{"href":"https:\/\/www.uqac.ca\/uqactualites\/wp-json\/wp\/v2\/posts"}],"about":[{"href":"https:\/\/www.uqac.ca\/uqactualites\/wp-json\/wp\/v2\/types\/post"}],"author":[{"embeddable":true,"href":"https:\/\/www.uqac.ca\/uqactualites\/wp-json\/wp\/v2\/users\/5"}],"replies":[{"embeddable":true,"href":"https:\/\/www.uqac.ca\/uqactualites\/wp-json\/wp\/v2\/comments?post=42915"}],"version-history":[{"count":0,"href":"https:\/\/www.uqac.ca\/uqactualites\/wp-json\/wp\/v2\/posts\/42915\/revisions"}],"wp:featuredmedia":[{"embeddable":true,"href":"https:\/\/www.uqac.ca\/uqactualites\/wp-json\/wp\/v2\/media\/42921"}],"wp:attachment":[{"href":"https:\/\/www.uqac.ca\/uqactualites\/wp-json\/wp\/v2\/media?parent=42915"}],"wp:term":[{"taxonomy":"category","embeddable":true,"href":"https:\/\/www.uqac.ca\/uqactualites\/wp-json\/wp\/v2\/categories?post=42915"},{"taxonomy":"post_tag","embeddable":true,"href":"https:\/\/www.uqac.ca\/uqactualites\/wp-json\/wp\/v2\/tags?post=42915"}],"curies":[{"name":"wp","href":"https:\/\/api.w.org\/{rel}","templated":true}]}}