{"id":42985,"date":"2023-03-21T09:33:01","date_gmt":"2023-03-21T13:33:01","guid":{"rendered":"https:\/\/www.uqac.ca\/?p=42985"},"modified":"2023-03-21T09:33:01","modified_gmt":"2023-03-21T13:33:01","slug":"les-forets-au-coeur-de-la-diversite-biologique-et-culturelle","status":"publish","type":"post","link":"https:\/\/www.uqac.ca\/uqactualites\/2023\/03\/21\/les-forets-au-coeur-de-la-diversite-biologique-et-culturelle\/","title":{"rendered":"Les for\u00eats au c\u0153ur de la diversit\u00e9 biologique et culturelle"},"content":{"rendered":"<p>Six \u00e9tudiants-chercheurs du Laboratoire sur les \u00e9cosyst\u00e8mes terrestres bor\u00e9aux (EcoTer) ont anim\u00e9 des conf\u00e9rences sur la richesse biologique et culturelle des for\u00eats dans le cadre des cours de biog\u00e9ographie g\u00e9n\u00e9rale et de botanique. Xiaoxia Li (Chine), Bijay Pandeya (N\u00e9pal), Afsheen Khan (Pakistan), Claudio Mura (Italie), Rafaella Dutra (Br\u00e9sil) et Debora Coelho (Br\u00e9sil) ont pr\u00e9sent\u00e9 leurspays et les for\u00eats qui font l\u2019objet de leurs \u00e9tudes.<\/p>\n<p>Les \u00e9cosyst\u00e8mes du plateau tib\u00e9tain, de l\u2019Himalaya, des zones semi-arides de l\u2019Asie continentale, de la m\u00e9diterran\u00e9en, de la savane br\u00e9silienne et de l\u2019Amazonie ont \u00e9t\u00e9 les sujets des conf\u00e9rences. Les sp\u00e9cimens du nouveau mus\u00e9e du bois et des for\u00eats du D\u00e9partement des Sciences Fondamentales ont accompagn\u00e9 les pr\u00e9sentations. L\u2019\u00e9v\u00e9nement visait \u00e0 sensibiliser le publique sur l\u2019importance de la richesse culturelle et en habitats de la plan\u00e8te, et sur l\u2019urgence de prot\u00e9ger la biodiversit\u00e9 face aux menaces des perturbations anthropiques et des changements climatiques.<\/p>\n<p>L\u2019activit\u00e9, coordonn\u00e9e par <a href=\"https:\/\/www.uqac.ca\/portfolio\/sergiorossi\/\" target=\"_blank\" rel=\"noopener\">Sergio Rossi<\/a>, professeur en \u00e9cologie foresti\u00e8re et superviseur des \u00e9tudiants-chercheurs et \u00e9tudiantes-chercheuses, et Roberto Silvestro, \u00e9tudiant au doctorat en biologie au D\u00e9partement des Sciences Fondamentales, faisaient partie du programme de la <a href=\"https:\/\/www.uqac.ca\/edi\/semaine-de-la-valorisation-de-la-diversite\/\" target=\"_blank\" rel=\"noopener\">Semaine de la valorisation de la diversit\u00e9 de l\u2019UQAC<\/a>. Avec ce travail d\u2019\u00e9quipe, les membres du laboratoire EcoTer ont d\u00e9montr\u00e9 leur engagement quant aux enjeux en mati\u00e8re d\u2019\u00e9quit\u00e9, de diversit\u00e9 et d\u2019inclusion.<\/p>\n","protected":false},"excerpt":{"rendered":"<p>Six \u00e9tudiants-chercheurs du Laboratoire sur les \u00e9cosyst\u00e8mes terrestres bor\u00e9aux (EcoTer) ont anim\u00e9 des conf\u00e9rences sur la richesse biologique et culturelle des for\u00eats dans le cadre des cours de biog\u00e9ographie g\u00e9n\u00e9rale et de botanique. Xiaoxia Li (Chine), Bijay Pandeya (N\u00e9pal), Afsheen Khan (Pakistan), Claudio Mura (Italie), Rafaella Dutra (Br\u00e9sil) et Debora Coelho (Br\u00e9sil) ont pr\u00e9sent\u00e9 leurspays [&hellip;]<\/p>\n","protected":false},"author":5,"featured_media":42986,"comment_status":"closed","ping_status":"closed","sticky":false,"template":"","format":"standard","meta":{"footnotes":""},"categories":[2],"tags":[6,18],"yoast_head":"<!-- This site is optimized with the Yoast SEO plugin v24.2 - https:\/\/yoast.com\/wordpress\/plugins\/seo\/ -->\r\n<title>Les for\u00eats au c\u0153ur de la diversit\u00e9 biologique et culturelle - UQACtualit\u00e9s<\/title>\r\n<meta name=\"robots\" content=\"index, follow, max-snippet:-1, max-image-preview:large, max-video-preview:-1\" \/>\r\n<link rel=\"canonical\" href=\"https:\/\/www.uqac.ca\/uqactualites\/2023\/03\/21\/les-forets-au-coeur-de-la-diversite-biologique-et-culturelle\/\" \/>\r\n<meta property=\"og:locale\" content=\"fr_CA\" \/>\r\n<meta property=\"og:type\" content=\"article\" \/>\r\n<meta property=\"og:title\" content=\"Les for\u00eats au c\u0153ur de la diversit\u00e9 biologique et culturelle - UQACtualit\u00e9s\" \/>\r\n<meta property=\"og:description\" content=\"Six \u00e9tudiants-chercheurs du Laboratoire sur les \u00e9cosyst\u00e8mes terrestres bor\u00e9aux (EcoTer) ont anim\u00e9 des conf\u00e9rences sur la richesse biologique et culturelle des for\u00eats dans le cadre des cours de biog\u00e9ographie g\u00e9n\u00e9rale et de botanique. Xiaoxia Li (Chine), Bijay Pandeya (N\u00e9pal), Afsheen Khan (Pakistan), Claudio Mura (Italie), Rafaella Dutra (Br\u00e9sil) et Debora Coelho (Br\u00e9sil) ont pr\u00e9sent\u00e9 leurspays [&hellip;]\" \/>\r\n<meta property=\"og:url\" content=\"https:\/\/www.uqac.ca\/uqactualites\/2023\/03\/21\/les-forets-au-coeur-de-la-diversite-biologique-et-culturelle\/\" \/>\r\n<meta property=\"og:site_name\" content=\"UQACtualit\u00e9s\" \/>\r\n<meta property=\"article:published_time\" content=\"2023-03-21T13:33:01+00:00\" \/>\r\n<meta property=\"og:image\" content=\"https:\/\/www.uqac.ca\/uqactualites\/wp-content\/uploads\/2023\/03\/pairsaidants_staillo_H23-9.jpg\" \/>\r\n\t<meta property=\"og:image:width\" content=\"1920\" \/>\r\n\t<meta property=\"og:image:height\" content=\"1281\" \/>\r\n\t<meta property=\"og:image:type\" content=\"image\/jpeg\" \/>\r\n<meta name=\"author\" content=\"Service des communications et des relations publiques\" \/>\r\n<meta name=\"twitter:card\" content=\"summary_large_image\" \/>\r\n<meta name=\"twitter:label1\" content=\"\u00c9crit par\" \/>\n\t<meta name=\"twitter:data1\" content=\"Service des communications et des relations publiques\" \/>\n\t<meta name=\"twitter:label2\" content=\"Estimation du temps de lecture\" \/>\n\t<meta name=\"twitter:data2\" content=\"1 minute\" \/>\r\n<script type=\"application\/ld+json\" class=\"yoast-schema-graph\">{\"@context\":\"https:\/\/schema.org\",\"@graph\":[{\"@type\":\"WebPage\",\"@id\":\"https:\/\/www.uqac.ca\/uqactualites\/2023\/03\/21\/les-forets-au-coeur-de-la-diversite-biologique-et-culturelle\/\",\"url\":\"https:\/\/www.uqac.ca\/uqactualites\/2023\/03\/21\/les-forets-au-coeur-de-la-diversite-biologique-et-culturelle\/\",\"name\":\"Les for\u00eats au c\u0153ur de la diversit\u00e9 biologique et culturelle - UQACtualit\u00e9s\",\"isPartOf\":{\"@id\":\"https:\/\/www.uqac.ca\/uqactualites\/#website\"},\"primaryImageOfPage\":{\"@id\":\"https:\/\/www.uqac.ca\/uqactualites\/2023\/03\/21\/les-forets-au-coeur-de-la-diversite-biologique-et-culturelle\/#primaryimage\"},\"image\":{\"@id\":\"https:\/\/www.uqac.ca\/uqactualites\/2023\/03\/21\/les-forets-au-coeur-de-la-diversite-biologique-et-culturelle\/#primaryimage\"},\"thumbnailUrl\":\"https:\/\/www.uqac.ca\/uqactualites\/wp-content\/uploads\/2023\/03\/pairsaidants_staillo_H23-9.jpg\",\"datePublished\":\"2023-03-21T13:33:01+00:00\",\"dateModified\":\"2023-03-21T13:33:01+00:00\",\"author\":{\"@id\":\"https:\/\/www.uqac.ca\/uqactualites\/#\/schema\/person\/366c45a0c4f0e677b41b4af5886e2018\"},\"breadcrumb\":{\"@id\":\"https:\/\/www.uqac.ca\/uqactualites\/2023\/03\/21\/les-forets-au-coeur-de-la-diversite-biologique-et-culturelle\/#breadcrumb\"},\"inLanguage\":\"fr-CA\",\"potentialAction\":[{\"@type\":\"ReadAction\",\"target\":[\"https:\/\/www.uqac.ca\/uqactualites\/2023\/03\/21\/les-forets-au-coeur-de-la-diversite-biologique-et-culturelle\/\"]}]},{\"@type\":\"ImageObject\",\"inLanguage\":\"fr-CA\",\"@id\":\"https:\/\/www.uqac.ca\/uqactualites\/2023\/03\/21\/les-forets-au-coeur-de-la-diversite-biologique-et-culturelle\/#primaryimage\",\"url\":\"https:\/\/www.uqac.ca\/uqactualites\/wp-content\/uploads\/2023\/03\/pairsaidants_staillo_H23-9.jpg\",\"contentUrl\":\"https:\/\/www.uqac.ca\/uqactualites\/wp-content\/uploads\/2023\/03\/pairsaidants_staillo_H23-9.jpg\",\"width\":1920,\"height\":1281},{\"@type\":\"BreadcrumbList\",\"@id\":\"https:\/\/www.uqac.ca\/uqactualites\/2023\/03\/21\/les-forets-au-coeur-de-la-diversite-biologique-et-culturelle\/#breadcrumb\",\"itemListElement\":[{\"@type\":\"ListItem\",\"position\":1,\"name\":\"Home\",\"item\":\"https:\/\/www.uqac.ca\/uqactualites\/\"},{\"@type\":\"ListItem\",\"position\":2,\"name\":\"Les for\u00eats au c\u0153ur de la diversit\u00e9 biologique et culturelle\"}]},{\"@type\":\"WebSite\",\"@id\":\"https:\/\/www.uqac.ca\/uqactualites\/#website\",\"url\":\"https:\/\/www.uqac.ca\/uqactualites\/\",\"name\":\"UQACtualit\u00e9s\",\"description\":\"Le portail des nouvelles de l&#039;UQAC\",\"potentialAction\":[{\"@type\":\"SearchAction\",\"target\":{\"@type\":\"EntryPoint\",\"urlTemplate\":\"https:\/\/www.uqac.ca\/uqactualites\/?s={search_term_string}\"},\"query-input\":{\"@type\":\"PropertyValueSpecification\",\"valueRequired\":true,\"valueName\":\"search_term_string\"}}],\"inLanguage\":\"fr-CA\"},{\"@type\":\"Person\",\"@id\":\"https:\/\/www.uqac.ca\/uqactualites\/#\/schema\/person\/366c45a0c4f0e677b41b4af5886e2018\",\"name\":\"Service des communications et des relations publiques\",\"image\":{\"@type\":\"ImageObject\",\"inLanguage\":\"fr-CA\",\"@id\":\"https:\/\/www.uqac.ca\/uqactualites\/#\/schema\/person\/image\/\",\"url\":\"https:\/\/secure.gravatar.com\/avatar\/20fbbda8a292f59f2d3461a5b999c00b?s=96&d=mm&r=g\",\"contentUrl\":\"https:\/\/secure.gravatar.com\/avatar\/20fbbda8a292f59f2d3461a5b999c00b?s=96&d=mm&r=g\",\"caption\":\"Service des communications et des relations publiques\"},\"url\":\"https:\/\/www.uqac.ca\/uqactualites\/author\/bap\/\"}]}<\/script>\r\n<!-- \/ Yoast SEO plugin. -->","yoast_head_json":{"title":"Les for\u00eats au c\u0153ur de la diversit\u00e9 biologique et culturelle - UQACtualit\u00e9s","robots":{"index":"index","follow":"follow","max-snippet":"max-snippet:-1","max-image-preview":"max-image-preview:large","max-video-preview":"max-video-preview:-1"},"canonical":"https:\/\/www.uqac.ca\/uqactualites\/2023\/03\/21\/les-forets-au-coeur-de-la-diversite-biologique-et-culturelle\/","og_locale":"fr_CA","og_type":"article","og_title":"Les for\u00eats au c\u0153ur de la diversit\u00e9 biologique et culturelle - UQACtualit\u00e9s","og_description":"Six \u00e9tudiants-chercheurs du Laboratoire sur les \u00e9cosyst\u00e8mes terrestres bor\u00e9aux (EcoTer) ont anim\u00e9 des conf\u00e9rences sur la richesse biologique et culturelle des for\u00eats dans le cadre des cours de biog\u00e9ographie g\u00e9n\u00e9rale et de botanique. Xiaoxia Li (Chine), Bijay Pandeya (N\u00e9pal), Afsheen Khan (Pakistan), Claudio Mura (Italie), Rafaella Dutra (Br\u00e9sil) et Debora Coelho (Br\u00e9sil) ont pr\u00e9sent\u00e9 leurspays [&hellip;]","og_url":"https:\/\/www.uqac.ca\/uqactualites\/2023\/03\/21\/les-forets-au-coeur-de-la-diversite-biologique-et-culturelle\/","og_site_name":"UQACtualit\u00e9s","article_published_time":"2023-03-21T13:33:01+00:00","og_image":[{"width":1920,"height":1281,"url":"https:\/\/www.uqac.ca\/uqactualites\/wp-content\/uploads\/2023\/03\/pairsaidants_staillo_H23-9.jpg","type":"image\/jpeg"}],"author":"Service des communications et des relations publiques","twitter_card":"summary_large_image","twitter_misc":{"\u00c9crit par":"Service des communications et des relations publiques","Estimation du temps de lecture":"1 minute"},"schema":{"@context":"https:\/\/schema.org","@graph":[{"@type":"WebPage","@id":"https:\/\/www.uqac.ca\/uqactualites\/2023\/03\/21\/les-forets-au-coeur-de-la-diversite-biologique-et-culturelle\/","url":"https:\/\/www.uqac.ca\/uqactualites\/2023\/03\/21\/les-forets-au-coeur-de-la-diversite-biologique-et-culturelle\/","name":"Les for\u00eats au c\u0153ur de la diversit\u00e9 biologique et culturelle - UQACtualit\u00e9s","isPartOf":{"@id":"https:\/\/www.uqac.ca\/uqactualites\/#website"},"primaryImageOfPage":{"@id":"https:\/\/www.uqac.ca\/uqactualites\/2023\/03\/21\/les-forets-au-coeur-de-la-diversite-biologique-et-culturelle\/#primaryimage"},"image":{"@id":"https:\/\/www.uqac.ca\/uqactualites\/2023\/03\/21\/les-forets-au-coeur-de-la-diversite-biologique-et-culturelle\/#primaryimage"},"thumbnailUrl":"https:\/\/www.uqac.ca\/uqactualites\/wp-content\/uploads\/2023\/03\/pairsaidants_staillo_H23-9.jpg","datePublished":"2023-03-21T13:33:01+00:00","dateModified":"2023-03-21T13:33:01+00:00","author":{"@id":"https:\/\/www.uqac.ca\/uqactualites\/#\/schema\/person\/366c45a0c4f0e677b41b4af5886e2018"},"breadcrumb":{"@id":"https:\/\/www.uqac.ca\/uqactualites\/2023\/03\/21\/les-forets-au-coeur-de-la-diversite-biologique-et-culturelle\/#breadcrumb"},"inLanguage":"fr-CA","potentialAction":[{"@type":"ReadAction","target":["https:\/\/www.uqac.ca\/uqactualites\/2023\/03\/21\/les-forets-au-coeur-de-la-diversite-biologique-et-culturelle\/"]}]},{"@type":"ImageObject","inLanguage":"fr-CA","@id":"https:\/\/www.uqac.ca\/uqactualites\/2023\/03\/21\/les-forets-au-coeur-de-la-diversite-biologique-et-culturelle\/#primaryimage","url":"https:\/\/www.uqac.ca\/uqactualites\/wp-content\/uploads\/2023\/03\/pairsaidants_staillo_H23-9.jpg","contentUrl":"https:\/\/www.uqac.ca\/uqactualites\/wp-content\/uploads\/2023\/03\/pairsaidants_staillo_H23-9.jpg","width":1920,"height":1281},{"@type":"BreadcrumbList","@id":"https:\/\/www.uqac.ca\/uqactualites\/2023\/03\/21\/les-forets-au-coeur-de-la-diversite-biologique-et-culturelle\/#breadcrumb","itemListElement":[{"@type":"ListItem","position":1,"name":"Home","item":"https:\/\/www.uqac.ca\/uqactualites\/"},{"@type":"ListItem","position":2,"name":"Les for\u00eats au c\u0153ur de la diversit\u00e9 biologique et culturelle"}]},{"@type":"WebSite","@id":"https:\/\/www.uqac.ca\/uqactualites\/#website","url":"https:\/\/www.uqac.ca\/uqactualites\/","name":"UQACtualit\u00e9s","description":"Le portail des nouvelles de l&#039;UQAC","potentialAction":[{"@type":"SearchAction","target":{"@type":"EntryPoint","urlTemplate":"https:\/\/www.uqac.ca\/uqactualites\/?s={search_term_string}"},"query-input":{"@type":"PropertyValueSpecification","valueRequired":true,"valueName":"search_term_string"}}],"inLanguage":"fr-CA"},{"@type":"Person","@id":"https:\/\/www.uqac.ca\/uqactualites\/#\/schema\/person\/366c45a0c4f0e677b41b4af5886e2018","name":"Service des communications et des relations publiques","image":{"@type":"ImageObject","inLanguage":"fr-CA","@id":"https:\/\/www.uqac.ca\/uqactualites\/#\/schema\/person\/image\/","url":"https:\/\/secure.gravatar.com\/avatar\/20fbbda8a292f59f2d3461a5b999c00b?s=96&d=mm&r=g","contentUrl":"https:\/\/secure.gravatar.com\/avatar\/20fbbda8a292f59f2d3461a5b999c00b?s=96&d=mm&r=g","caption":"Service des communications et des relations publiques"},"url":"https:\/\/www.uqac.ca\/uqactualites\/author\/bap\/"}]}},"_links":{"self":[{"href":"https:\/\/www.uqac.ca\/uqactualites\/wp-json\/wp\/v2\/posts\/42985"}],"collection":[{"href":"https:\/\/www.uqac.ca\/uqactualites\/wp-json\/wp\/v2\/posts"}],"about":[{"href":"https:\/\/www.uqac.ca\/uqactualites\/wp-json\/wp\/v2\/types\/post"}],"author":[{"embeddable":true,"href":"https:\/\/www.uqac.ca\/uqactualites\/wp-json\/wp\/v2\/users\/5"}],"replies":[{"embeddable":true,"href":"https:\/\/www.uqac.ca\/uqactualites\/wp-json\/wp\/v2\/comments?post=42985"}],"version-history":[{"count":0,"href":"https:\/\/www.uqac.ca\/uqactualites\/wp-json\/wp\/v2\/posts\/42985\/revisions"}],"wp:featuredmedia":[{"embeddable":true,"href":"https:\/\/www.uqac.ca\/uqactualites\/wp-json\/wp\/v2\/media\/42986"}],"wp:attachment":[{"href":"https:\/\/www.uqac.ca\/uqactualites\/wp-json\/wp\/v2\/media?parent=42985"}],"wp:term":[{"taxonomy":"category","embeddable":true,"href":"https:\/\/www.uqac.ca\/uqactualites\/wp-json\/wp\/v2\/categories?post=42985"},{"taxonomy":"post_tag","embeddable":true,"href":"https:\/\/www.uqac.ca\/uqactualites\/wp-json\/wp\/v2\/tags?post=42985"}],"curies":[{"name":"wp","href":"https:\/\/api.w.org\/{rel}","templated":true}]}}