{"id":42993,"date":"2023-03-21T16:21:26","date_gmt":"2023-03-21T20:21:26","guid":{"rendered":"https:\/\/www.uqac.ca\/?p=42993"},"modified":"2023-03-21T16:21:26","modified_gmt":"2023-03-21T20:21:26","slug":"des-etudiants-et-des-etudiantes-de-luqac-se-demarquent-a-la-competition-quebecoise-dingenierie","status":"publish","type":"post","link":"https:\/\/www.uqac.ca\/uqactualites\/2023\/03\/21\/des-etudiants-et-des-etudiantes-de-luqac-se-demarquent-a-la-competition-quebecoise-dingenierie\/","title":{"rendered":"Des \u00e9tudiants et des \u00e9tudiantes de l\u2019UQAC se d\u00e9marquent \u00e0 la Comp\u00e9tition qu\u00e9b\u00e9coise d\u2019ing\u00e9nierie"},"content":{"rendered":"<p>Le 26 janvier dernier avait lieu le lancement de la 38<sup>e<\/sup> \u00e9dition de la <a href=\"https:\/\/cqi-qec.qc.ca\/2023\/\" target=\"_blank\" rel=\"noopener\">Comp\u00e9tition qu\u00e9b\u00e9coise d\u2019ing\u00e9nierie (CQI)<\/a>. Cet \u00e9v\u00e8nement qui s&rsquo;est d\u00e9roul\u00e9 \u00e0 l<a href=\"https:\/\/www.etsmtl.ca\/\" target=\"_blank\" rel=\"noopener\">&lsquo;\u00c9cole de technologie sup\u00e9rieure (\u00c9TS)<\/a>\u00a0\u00e0 Montr\u00e9al permis de\u00a0regrouper des d\u00e9l\u00e9gations de 11 universit\u00e9s diff\u00e9rentes autour d&rsquo;activit\u00e9s comp\u00e9titives li\u00e9es \u00e0 l&rsquo;ing\u00e9nierie.<\/p>\n<p>Cette fin de semaine aura \u00e9t\u00e9 riche en \u00e9motions pour les \u00e9tudiants et les \u00e9tudiantes en ing\u00e9nierie de l\u2019UQAC qui y ont particip\u00e9. Soutenue par le <a href=\"https:\/\/www.uqac.ca\/dsa\/\" target=\"_blank\" rel=\"noopener\">D\u00e9partement des sciences appliqu\u00e9es<\/a> et l\u2019association \u00e9tudiante <a href=\"https:\/\/www.facebook.com\/genieuqac\/?locale=fr_CA\" target=\"_blank\" rel=\"noopener\">G\u00e9nie UQAC<\/a>, la d\u00e9l\u00e9gation de l\u2019Universit\u00e9 du Qu\u00e9bec \u00e0 Chicoutimi a r\u00e9ussi \u00e0 atteindre trois podiums diff\u00e9rents\u00a0:<\/p>\n<ul>\n<li>2<sup>e<\/sup> position dans la cat\u00e9gorie <em>Projet de recherche sup\u00e9rieure<\/em> &#8211; Marie-Laure Filion;<\/li>\n<li>3<sup>e<\/sup> position dans la cat\u00e9gorie <em>G\u00e9nie-conseil<\/em> &#8211; Megan Bergeron, Gabriel Lavoie, Marjorie Bouchard et Arnaud Groutsch;<\/li>\n<li>3<sup>e<\/sup> position dans la cat\u00e9gorie <em>Communication scientifique<\/em> &#8211; Alexandre Leclerc et Alexis B\u00e9langer.<\/li>\n<\/ul>\n<p>F\u00e9licitations \u00e0 tous les participants et participantes de l\u2019UQAC pour leur excellente performance lors de l\u2019\u00e9v\u00e9nement!<\/p>\n<p>&nbsp;<\/p>\n<p><em>Photo: <\/em>\u00a9<em>CQI 2023<\/em><\/p>\n","protected":false},"excerpt":{"rendered":"<p>Le 26 janvier dernier avait lieu le lancement de la 38e \u00e9dition de la Comp\u00e9tition qu\u00e9b\u00e9coise d\u2019ing\u00e9nierie (CQI). Cet \u00e9v\u00e8nement qui s&rsquo;est d\u00e9roul\u00e9 \u00e0 l&lsquo;\u00c9cole de technologie sup\u00e9rieure (\u00c9TS)\u00a0\u00e0 Montr\u00e9al permis de\u00a0regrouper des d\u00e9l\u00e9gations de 11 universit\u00e9s diff\u00e9rentes autour d&rsquo;activit\u00e9s comp\u00e9titives li\u00e9es \u00e0 l&rsquo;ing\u00e9nierie. Cette fin de semaine aura \u00e9t\u00e9 riche en \u00e9motions pour les [&hellip;]<\/p>\n","protected":false},"author":5,"featured_media":42996,"comment_status":"closed","ping_status":"closed","sticky":false,"template":"","format":"standard","meta":{"footnotes":""},"categories":[2],"tags":[],"yoast_head":"<!-- This site is optimized with the Yoast SEO plugin v24.2 - https:\/\/yoast.com\/wordpress\/plugins\/seo\/ -->\r\n<title>Des \u00e9tudiants et des \u00e9tudiantes de l\u2019UQAC se d\u00e9marquent \u00e0 la Comp\u00e9tition qu\u00e9b\u00e9coise d\u2019ing\u00e9nierie - UQACtualit\u00e9s<\/title>\r\n<meta name=\"robots\" content=\"index, follow, max-snippet:-1, max-image-preview:large, max-video-preview:-1\" \/>\r\n<link rel=\"canonical\" href=\"https:\/\/www.uqac.ca\/uqactualites\/2023\/03\/21\/des-etudiants-et-des-etudiantes-de-luqac-se-demarquent-a-la-competition-quebecoise-dingenierie\/\" \/>\r\n<meta property=\"og:locale\" content=\"fr_CA\" \/>\r\n<meta property=\"og:type\" content=\"article\" \/>\r\n<meta property=\"og:title\" content=\"Des \u00e9tudiants et des \u00e9tudiantes de l\u2019UQAC se d\u00e9marquent \u00e0 la Comp\u00e9tition qu\u00e9b\u00e9coise d\u2019ing\u00e9nierie - UQACtualit\u00e9s\" \/>\r\n<meta property=\"og:description\" content=\"Le 26 janvier dernier avait lieu le lancement de la 38e \u00e9dition de la Comp\u00e9tition qu\u00e9b\u00e9coise d\u2019ing\u00e9nierie (CQI). Cet \u00e9v\u00e8nement qui s&rsquo;est d\u00e9roul\u00e9 \u00e0 l&lsquo;\u00c9cole de technologie sup\u00e9rieure (\u00c9TS)\u00a0\u00e0 Montr\u00e9al permis de\u00a0regrouper des d\u00e9l\u00e9gations de 11 universit\u00e9s diff\u00e9rentes autour d&rsquo;activit\u00e9s comp\u00e9titives li\u00e9es \u00e0 l&rsquo;ing\u00e9nierie. Cette fin de semaine aura \u00e9t\u00e9 riche en \u00e9motions pour les [&hellip;]\" \/>\r\n<meta property=\"og:url\" content=\"https:\/\/www.uqac.ca\/uqactualites\/2023\/03\/21\/des-etudiants-et-des-etudiantes-de-luqac-se-demarquent-a-la-competition-quebecoise-dingenierie\/\" \/>\r\n<meta property=\"og:site_name\" content=\"UQACtualit\u00e9s\" \/>\r\n<meta property=\"article:published_time\" content=\"2023-03-21T20:21:26+00:00\" \/>\r\n<meta property=\"og:image\" content=\"https:\/\/www.uqac.ca\/uqactualites\/wp-content\/uploads\/2023\/03\/330517544_1602064593568263_6470084161955817115_n.jpg\" \/>\r\n\t<meta property=\"og:image:width\" content=\"2048\" \/>\r\n\t<meta property=\"og:image:height\" content=\"1365\" \/>\r\n\t<meta property=\"og:image:type\" content=\"image\/jpeg\" \/>\r\n<meta name=\"author\" content=\"Service des communications et des relations publiques\" \/>\r\n<meta name=\"twitter:card\" content=\"summary_large_image\" \/>\r\n<meta name=\"twitter:label1\" content=\"\u00c9crit par\" \/>\n\t<meta name=\"twitter:data1\" content=\"Service des communications et des relations publiques\" \/>\n\t<meta name=\"twitter:label2\" content=\"Estimation du temps de lecture\" \/>\n\t<meta name=\"twitter:data2\" content=\"1 minute\" \/>\r\n<script type=\"application\/ld+json\" class=\"yoast-schema-graph\">{\"@context\":\"https:\/\/schema.org\",\"@graph\":[{\"@type\":\"WebPage\",\"@id\":\"https:\/\/www.uqac.ca\/uqactualites\/2023\/03\/21\/des-etudiants-et-des-etudiantes-de-luqac-se-demarquent-a-la-competition-quebecoise-dingenierie\/\",\"url\":\"https:\/\/www.uqac.ca\/uqactualites\/2023\/03\/21\/des-etudiants-et-des-etudiantes-de-luqac-se-demarquent-a-la-competition-quebecoise-dingenierie\/\",\"name\":\"Des \u00e9tudiants et des \u00e9tudiantes de l\u2019UQAC se d\u00e9marquent \u00e0 la Comp\u00e9tition qu\u00e9b\u00e9coise d\u2019ing\u00e9nierie - UQACtualit\u00e9s\",\"isPartOf\":{\"@id\":\"https:\/\/www.uqac.ca\/uqactualites\/#website\"},\"primaryImageOfPage\":{\"@id\":\"https:\/\/www.uqac.ca\/uqactualites\/2023\/03\/21\/des-etudiants-et-des-etudiantes-de-luqac-se-demarquent-a-la-competition-quebecoise-dingenierie\/#primaryimage\"},\"image\":{\"@id\":\"https:\/\/www.uqac.ca\/uqactualites\/2023\/03\/21\/des-etudiants-et-des-etudiantes-de-luqac-se-demarquent-a-la-competition-quebecoise-dingenierie\/#primaryimage\"},\"thumbnailUrl\":\"https:\/\/www.uqac.ca\/uqactualites\/wp-content\/uploads\/2023\/03\/330517544_1602064593568263_6470084161955817115_n.jpg\",\"datePublished\":\"2023-03-21T20:21:26+00:00\",\"dateModified\":\"2023-03-21T20:21:26+00:00\",\"author\":{\"@id\":\"https:\/\/www.uqac.ca\/uqactualites\/#\/schema\/person\/366c45a0c4f0e677b41b4af5886e2018\"},\"breadcrumb\":{\"@id\":\"https:\/\/www.uqac.ca\/uqactualites\/2023\/03\/21\/des-etudiants-et-des-etudiantes-de-luqac-se-demarquent-a-la-competition-quebecoise-dingenierie\/#breadcrumb\"},\"inLanguage\":\"fr-CA\",\"potentialAction\":[{\"@type\":\"ReadAction\",\"target\":[\"https:\/\/www.uqac.ca\/uqactualites\/2023\/03\/21\/des-etudiants-et-des-etudiantes-de-luqac-se-demarquent-a-la-competition-quebecoise-dingenierie\/\"]}]},{\"@type\":\"ImageObject\",\"inLanguage\":\"fr-CA\",\"@id\":\"https:\/\/www.uqac.ca\/uqactualites\/2023\/03\/21\/des-etudiants-et-des-etudiantes-de-luqac-se-demarquent-a-la-competition-quebecoise-dingenierie\/#primaryimage\",\"url\":\"https:\/\/www.uqac.ca\/uqactualites\/wp-content\/uploads\/2023\/03\/330517544_1602064593568263_6470084161955817115_n.jpg\",\"contentUrl\":\"https:\/\/www.uqac.ca\/uqactualites\/wp-content\/uploads\/2023\/03\/330517544_1602064593568263_6470084161955817115_n.jpg\",\"width\":2048,\"height\":1365},{\"@type\":\"BreadcrumbList\",\"@id\":\"https:\/\/www.uqac.ca\/uqactualites\/2023\/03\/21\/des-etudiants-et-des-etudiantes-de-luqac-se-demarquent-a-la-competition-quebecoise-dingenierie\/#breadcrumb\",\"itemListElement\":[{\"@type\":\"ListItem\",\"position\":1,\"name\":\"Home\",\"item\":\"https:\/\/www.uqac.ca\/uqactualites\/\"},{\"@type\":\"ListItem\",\"position\":2,\"name\":\"Des \u00e9tudiants et des \u00e9tudiantes de l\u2019UQAC se d\u00e9marquent \u00e0 la Comp\u00e9tition qu\u00e9b\u00e9coise d\u2019ing\u00e9nierie\"}]},{\"@type\":\"WebSite\",\"@id\":\"https:\/\/www.uqac.ca\/uqactualites\/#website\",\"url\":\"https:\/\/www.uqac.ca\/uqactualites\/\",\"name\":\"UQACtualit\u00e9s\",\"description\":\"Le portail des nouvelles de l&#039;UQAC\",\"potentialAction\":[{\"@type\":\"SearchAction\",\"target\":{\"@type\":\"EntryPoint\",\"urlTemplate\":\"https:\/\/www.uqac.ca\/uqactualites\/?s={search_term_string}\"},\"query-input\":{\"@type\":\"PropertyValueSpecification\",\"valueRequired\":true,\"valueName\":\"search_term_string\"}}],\"inLanguage\":\"fr-CA\"},{\"@type\":\"Person\",\"@id\":\"https:\/\/www.uqac.ca\/uqactualites\/#\/schema\/person\/366c45a0c4f0e677b41b4af5886e2018\",\"name\":\"Service des communications et des relations publiques\",\"image\":{\"@type\":\"ImageObject\",\"inLanguage\":\"fr-CA\",\"@id\":\"https:\/\/www.uqac.ca\/uqactualites\/#\/schema\/person\/image\/\",\"url\":\"https:\/\/secure.gravatar.com\/avatar\/20fbbda8a292f59f2d3461a5b999c00b?s=96&d=mm&r=g\",\"contentUrl\":\"https:\/\/secure.gravatar.com\/avatar\/20fbbda8a292f59f2d3461a5b999c00b?s=96&d=mm&r=g\",\"caption\":\"Service des communications et des relations publiques\"},\"url\":\"https:\/\/www.uqac.ca\/uqactualites\/author\/bap\/\"}]}<\/script>\r\n<!-- \/ Yoast SEO plugin. -->","yoast_head_json":{"title":"Des \u00e9tudiants et des \u00e9tudiantes de l\u2019UQAC se d\u00e9marquent \u00e0 la Comp\u00e9tition qu\u00e9b\u00e9coise d\u2019ing\u00e9nierie - UQACtualit\u00e9s","robots":{"index":"index","follow":"follow","max-snippet":"max-snippet:-1","max-image-preview":"max-image-preview:large","max-video-preview":"max-video-preview:-1"},"canonical":"https:\/\/www.uqac.ca\/uqactualites\/2023\/03\/21\/des-etudiants-et-des-etudiantes-de-luqac-se-demarquent-a-la-competition-quebecoise-dingenierie\/","og_locale":"fr_CA","og_type":"article","og_title":"Des \u00e9tudiants et des \u00e9tudiantes de l\u2019UQAC se d\u00e9marquent \u00e0 la Comp\u00e9tition qu\u00e9b\u00e9coise d\u2019ing\u00e9nierie - UQACtualit\u00e9s","og_description":"Le 26 janvier dernier avait lieu le lancement de la 38e \u00e9dition de la Comp\u00e9tition qu\u00e9b\u00e9coise d\u2019ing\u00e9nierie (CQI). Cet \u00e9v\u00e8nement qui s&rsquo;est d\u00e9roul\u00e9 \u00e0 l&lsquo;\u00c9cole de technologie sup\u00e9rieure (\u00c9TS)\u00a0\u00e0 Montr\u00e9al permis de\u00a0regrouper des d\u00e9l\u00e9gations de 11 universit\u00e9s diff\u00e9rentes autour d&rsquo;activit\u00e9s comp\u00e9titives li\u00e9es \u00e0 l&rsquo;ing\u00e9nierie. Cette fin de semaine aura \u00e9t\u00e9 riche en \u00e9motions pour les [&hellip;]","og_url":"https:\/\/www.uqac.ca\/uqactualites\/2023\/03\/21\/des-etudiants-et-des-etudiantes-de-luqac-se-demarquent-a-la-competition-quebecoise-dingenierie\/","og_site_name":"UQACtualit\u00e9s","article_published_time":"2023-03-21T20:21:26+00:00","og_image":[{"width":2048,"height":1365,"url":"https:\/\/www.uqac.ca\/uqactualites\/wp-content\/uploads\/2023\/03\/330517544_1602064593568263_6470084161955817115_n.jpg","type":"image\/jpeg"}],"author":"Service des communications et des relations publiques","twitter_card":"summary_large_image","twitter_misc":{"\u00c9crit par":"Service des communications et des relations publiques","Estimation du temps de lecture":"1 minute"},"schema":{"@context":"https:\/\/schema.org","@graph":[{"@type":"WebPage","@id":"https:\/\/www.uqac.ca\/uqactualites\/2023\/03\/21\/des-etudiants-et-des-etudiantes-de-luqac-se-demarquent-a-la-competition-quebecoise-dingenierie\/","url":"https:\/\/www.uqac.ca\/uqactualites\/2023\/03\/21\/des-etudiants-et-des-etudiantes-de-luqac-se-demarquent-a-la-competition-quebecoise-dingenierie\/","name":"Des \u00e9tudiants et des \u00e9tudiantes de l\u2019UQAC se d\u00e9marquent \u00e0 la Comp\u00e9tition qu\u00e9b\u00e9coise d\u2019ing\u00e9nierie - UQACtualit\u00e9s","isPartOf":{"@id":"https:\/\/www.uqac.ca\/uqactualites\/#website"},"primaryImageOfPage":{"@id":"https:\/\/www.uqac.ca\/uqactualites\/2023\/03\/21\/des-etudiants-et-des-etudiantes-de-luqac-se-demarquent-a-la-competition-quebecoise-dingenierie\/#primaryimage"},"image":{"@id":"https:\/\/www.uqac.ca\/uqactualites\/2023\/03\/21\/des-etudiants-et-des-etudiantes-de-luqac-se-demarquent-a-la-competition-quebecoise-dingenierie\/#primaryimage"},"thumbnailUrl":"https:\/\/www.uqac.ca\/uqactualites\/wp-content\/uploads\/2023\/03\/330517544_1602064593568263_6470084161955817115_n.jpg","datePublished":"2023-03-21T20:21:26+00:00","dateModified":"2023-03-21T20:21:26+00:00","author":{"@id":"https:\/\/www.uqac.ca\/uqactualites\/#\/schema\/person\/366c45a0c4f0e677b41b4af5886e2018"},"breadcrumb":{"@id":"https:\/\/www.uqac.ca\/uqactualites\/2023\/03\/21\/des-etudiants-et-des-etudiantes-de-luqac-se-demarquent-a-la-competition-quebecoise-dingenierie\/#breadcrumb"},"inLanguage":"fr-CA","potentialAction":[{"@type":"ReadAction","target":["https:\/\/www.uqac.ca\/uqactualites\/2023\/03\/21\/des-etudiants-et-des-etudiantes-de-luqac-se-demarquent-a-la-competition-quebecoise-dingenierie\/"]}]},{"@type":"ImageObject","inLanguage":"fr-CA","@id":"https:\/\/www.uqac.ca\/uqactualites\/2023\/03\/21\/des-etudiants-et-des-etudiantes-de-luqac-se-demarquent-a-la-competition-quebecoise-dingenierie\/#primaryimage","url":"https:\/\/www.uqac.ca\/uqactualites\/wp-content\/uploads\/2023\/03\/330517544_1602064593568263_6470084161955817115_n.jpg","contentUrl":"https:\/\/www.uqac.ca\/uqactualites\/wp-content\/uploads\/2023\/03\/330517544_1602064593568263_6470084161955817115_n.jpg","width":2048,"height":1365},{"@type":"BreadcrumbList","@id":"https:\/\/www.uqac.ca\/uqactualites\/2023\/03\/21\/des-etudiants-et-des-etudiantes-de-luqac-se-demarquent-a-la-competition-quebecoise-dingenierie\/#breadcrumb","itemListElement":[{"@type":"ListItem","position":1,"name":"Home","item":"https:\/\/www.uqac.ca\/uqactualites\/"},{"@type":"ListItem","position":2,"name":"Des \u00e9tudiants et des \u00e9tudiantes de l\u2019UQAC se d\u00e9marquent \u00e0 la Comp\u00e9tition qu\u00e9b\u00e9coise d\u2019ing\u00e9nierie"}]},{"@type":"WebSite","@id":"https:\/\/www.uqac.ca\/uqactualites\/#website","url":"https:\/\/www.uqac.ca\/uqactualites\/","name":"UQACtualit\u00e9s","description":"Le portail des nouvelles de l&#039;UQAC","potentialAction":[{"@type":"SearchAction","target":{"@type":"EntryPoint","urlTemplate":"https:\/\/www.uqac.ca\/uqactualites\/?s={search_term_string}"},"query-input":{"@type":"PropertyValueSpecification","valueRequired":true,"valueName":"search_term_string"}}],"inLanguage":"fr-CA"},{"@type":"Person","@id":"https:\/\/www.uqac.ca\/uqactualites\/#\/schema\/person\/366c45a0c4f0e677b41b4af5886e2018","name":"Service des communications et des relations publiques","image":{"@type":"ImageObject","inLanguage":"fr-CA","@id":"https:\/\/www.uqac.ca\/uqactualites\/#\/schema\/person\/image\/","url":"https:\/\/secure.gravatar.com\/avatar\/20fbbda8a292f59f2d3461a5b999c00b?s=96&d=mm&r=g","contentUrl":"https:\/\/secure.gravatar.com\/avatar\/20fbbda8a292f59f2d3461a5b999c00b?s=96&d=mm&r=g","caption":"Service des communications et des relations publiques"},"url":"https:\/\/www.uqac.ca\/uqactualites\/author\/bap\/"}]}},"_links":{"self":[{"href":"https:\/\/www.uqac.ca\/uqactualites\/wp-json\/wp\/v2\/posts\/42993"}],"collection":[{"href":"https:\/\/www.uqac.ca\/uqactualites\/wp-json\/wp\/v2\/posts"}],"about":[{"href":"https:\/\/www.uqac.ca\/uqactualites\/wp-json\/wp\/v2\/types\/post"}],"author":[{"embeddable":true,"href":"https:\/\/www.uqac.ca\/uqactualites\/wp-json\/wp\/v2\/users\/5"}],"replies":[{"embeddable":true,"href":"https:\/\/www.uqac.ca\/uqactualites\/wp-json\/wp\/v2\/comments?post=42993"}],"version-history":[{"count":0,"href":"https:\/\/www.uqac.ca\/uqactualites\/wp-json\/wp\/v2\/posts\/42993\/revisions"}],"wp:featuredmedia":[{"embeddable":true,"href":"https:\/\/www.uqac.ca\/uqactualites\/wp-json\/wp\/v2\/media\/42996"}],"wp:attachment":[{"href":"https:\/\/www.uqac.ca\/uqactualites\/wp-json\/wp\/v2\/media?parent=42993"}],"wp:term":[{"taxonomy":"category","embeddable":true,"href":"https:\/\/www.uqac.ca\/uqactualites\/wp-json\/wp\/v2\/categories?post=42993"},{"taxonomy":"post_tag","embeddable":true,"href":"https:\/\/www.uqac.ca\/uqactualites\/wp-json\/wp\/v2\/tags?post=42993"}],"curies":[{"name":"wp","href":"https:\/\/api.w.org\/{rel}","templated":true}]}}