{"id":43011,"date":"2023-03-24T16:04:43","date_gmt":"2023-03-24T20:04:43","guid":{"rendered":"https:\/\/www.uqac.ca\/?p=43011"},"modified":"2023-03-24T16:04:43","modified_gmt":"2023-03-24T20:04:43","slug":"quebecois-et-autochtones-une-nouvelle-publication-du-professeur-francois-olivier-dorais","status":"publish","type":"post","link":"https:\/\/www.uqac.ca\/uqactualites\/2023\/03\/24\/quebecois-et-autochtones-une-nouvelle-publication-du-professeur-francois-olivier-dorais\/","title":{"rendered":"Qu\u00e9b\u00e9cois et Autochtones, une nouvelle publication de Fran\u00e7ois-Olivier Dorais et de Genevi\u00e8ve Nootens."},"content":{"rendered":"<p><span style=\"font-weight: 400;\">Le professeur et la professeure en histoire au <a href=\"https:\/\/www.uqac.ca\/departements\/dsh\/#:~:text=Le%20D%C3%A9partement%20des%20sciences%20humaines,professionnelle%2C%20dans%20des%20domaines%20vari%C3%A9s.\" target=\"_blank\" rel=\"noopener\">D\u00e9partement des sciences humaines et sociales<\/a> de l\u2019UQAC, <a href=\"http:\/\/www.uqac.ca\/portfolio\/francoisolivierdorais\/\" target=\"_blank\" rel=\"noopener\">Fran\u00e7ois-Olivier Dorais<\/a>\u00a0et\u00a0<a href=\"http:\/\/www.uqac.ca\/portfolio\/genevievenootens\/prix-et-distinctions\/\" target=\"_blank\" rel=\"noopener\">Genevi\u00e8ve Nootens<\/a>\u00a0ont co-dirig\u00e9 un tout nouvel ouvrage intitul\u00e9<\/span><a href=\"https:\/\/www.editionsboreal.qc.ca\/catalogue\/livres\/quebecois-autochtones-3979.html\" target=\"_blank\" rel=\"noopener\"><i><span style=\"font-weight: 400;\"> Qu\u00e9b\u00e9cois et Autochtones\u00a0&#8211; Histoire commune,<\/span><\/i><i><span style=\"font-weight: 400;\"> histoires crois\u00e9es, histoires parall\u00e8les?<\/span><\/i><\/a>\u00a0qui\u00a0<span style=\"font-weight: 400;\">s\u2019int\u00e9resse aux relations entre l\u2019historiographie nationale qu\u00e9b\u00e9coise et l\u2019histoire des Premi\u00e8res Nations.\u00a0<\/span><\/p>\n<p><span style=\"font-weight: 400;\">Comment articuler le r\u00e9cit historique du Qu\u00e9bec comme nation minoritaire et soci\u00e9t\u00e9 dominante dans l\u2019espace de ses fronti\u00e8res, avec la construction par les Premi\u00e8res Nations de leur(s) propre(s) historiographie(s)? Comment rendre justice \u00e0 ces points de vue qui, sans \u00eatre exempts de recoupements, sont contradictoires \u00e0 de nombreux \u00e9gards? Les textes de ce livre, sign\u00e9s par un ensemble d\u2019auteurs et d\u2019autrices tant autochtones que non autochtones, visent \u00e0 approfondir ces questions et \u00e0 contribuer \u00e0 la cr\u00e9ation d\u2019un espace de dialogue entre les historiographies.<\/span><\/p>\n<p><span style=\"font-weight: 400;\">L&rsquo;ouvrage mobilise plusieurs contributeurs et contributrices de la communaut\u00e9 universitaire de la r\u00e9gion tels que <a href=\"http:\/\/www.uqac.ca\/portfolio\/etienneroygregoire\/\" target=\"_blank\" rel=\"noopener\">\u00c9tienne Roy-Gr\u00e9goire<\/a> et Alexandre Dub\u00e9, professeurs au <a href=\"https:\/\/www.uqac.ca\/departements\/dsh\/#:~:text=Le%20D%C3%A9partement%20des%20sciences%20humaines,professionnelle%2C%20dans%20des%20domaines%20vari%C3%A9s.\" target=\"_blank\" rel=\"noopener\">D\u00e9partement des sciences humaines et sociales<\/a>, ainsi que Marie-Andr\u00e9e Gill, po\u00e8te innue originaire de Mashteuiatsh qui effectue actuellement son doctorat en lettres \u00e0 l\u2019UQAC. De plus, le livre a b\u00e9n\u00e9fici\u00e9 de la collaboration d&rsquo;un \u00e9tudiant et d&rsquo;une \u00e9tudiante du <a href=\"https:\/\/www.uqac.ca\/departements\/dsh\/#:~:text=Le%20D%C3%A9partement%20des%20sciences%20humaines,professionnelle%2C%20dans%20des%20domaines%20vari%C3%A9s.\" target=\"_blank\" rel=\"noopener\">DSHS<\/a>, Julien Lemay-Roche et Marianne Fortin. Finalement, la photo de couverture est l\u2019\u0153uvre de Eruoma Awashish, une artiste atikamekw dipl\u00f4m\u00e9e du <a href=\"https:\/\/www.uqac.ca\/programme\/7886-bacc-interdiscipl-en-arts\/\" target=\"_blank\" rel=\"noopener\">Baccalaur\u00e9at en art interdisciplinaire<\/a> de l\u2019UQAC.<\/span><\/p>\n<p><i><span style=\"font-weight: 400;\">Qu\u00e9b\u00e9cois et Autochtones\u00a0&#8211; Histoire commune, histoires crois\u00e9es, histoires parall\u00e8les? <\/span><\/i><span style=\"font-weight: 400;\">sera disponible en format papier et num\u00e9rique sur le <a href=\"https:\/\/www.editionsboreal.qc.ca\/catalogue\/livres\/quebecois-autochtones-2883.html\" target=\"_blank\" rel=\"noopener\">site des \u00c9ditions du Bor\u00e9al<\/a> \u00e0 partir du 28 mars prochain. <\/span><\/p>\n","protected":false},"excerpt":{"rendered":"<p>Le professeur et la professeure en histoire au D\u00e9partement des sciences humaines et sociales de l\u2019UQAC, Fran\u00e7ois-Olivier Dorais\u00a0et\u00a0Genevi\u00e8ve Nootens\u00a0ont co-dirig\u00e9 un tout nouvel ouvrage intitul\u00e9 Qu\u00e9b\u00e9cois et Autochtones\u00a0&#8211; Histoire commune, histoires crois\u00e9es, histoires parall\u00e8les?\u00a0qui\u00a0s\u2019int\u00e9resse aux relations entre l\u2019historiographie nationale qu\u00e9b\u00e9coise et l\u2019histoire des Premi\u00e8res Nations.\u00a0 Comment articuler le r\u00e9cit historique du Qu\u00e9bec comme nation minoritaire [&hellip;]<\/p>\n","protected":false},"author":5,"featured_media":43012,"comment_status":"closed","ping_status":"closed","sticky":false,"template":"","format":"standard","meta":{"footnotes":""},"categories":[2],"tags":[22,41],"yoast_head":"<!-- This site is optimized with the Yoast SEO plugin v24.2 - https:\/\/yoast.com\/wordpress\/plugins\/seo\/ -->\r\n<title>Qu\u00e9b\u00e9cois et Autochtones, une nouvelle publication de Fran\u00e7ois-Olivier Dorais et de Genevi\u00e8ve Nootens. - UQACtualit\u00e9s<\/title>\r\n<meta name=\"robots\" content=\"index, follow, max-snippet:-1, max-image-preview:large, max-video-preview:-1\" \/>\r\n<link rel=\"canonical\" href=\"https:\/\/www.uqac.ca\/uqactualites\/2023\/03\/24\/quebecois-et-autochtones-une-nouvelle-publication-du-professeur-francois-olivier-dorais\/\" \/>\r\n<meta property=\"og:locale\" content=\"fr_CA\" \/>\r\n<meta property=\"og:type\" content=\"article\" \/>\r\n<meta property=\"og:title\" content=\"Qu\u00e9b\u00e9cois et Autochtones, une nouvelle publication de Fran\u00e7ois-Olivier Dorais et de Genevi\u00e8ve Nootens. - UQACtualit\u00e9s\" \/>\r\n<meta property=\"og:description\" content=\"Le professeur et la professeure en histoire au D\u00e9partement des sciences humaines et sociales de l\u2019UQAC, Fran\u00e7ois-Olivier Dorais\u00a0et\u00a0Genevi\u00e8ve Nootens\u00a0ont co-dirig\u00e9 un tout nouvel ouvrage intitul\u00e9 Qu\u00e9b\u00e9cois et Autochtones\u00a0&#8211; Histoire commune, histoires crois\u00e9es, histoires parall\u00e8les?\u00a0qui\u00a0s\u2019int\u00e9resse aux relations entre l\u2019historiographie nationale qu\u00e9b\u00e9coise et l\u2019histoire des Premi\u00e8res Nations.\u00a0 Comment articuler le r\u00e9cit historique du Qu\u00e9bec comme nation minoritaire [&hellip;]\" \/>\r\n<meta property=\"og:url\" content=\"https:\/\/www.uqac.ca\/uqactualites\/2023\/03\/24\/quebecois-et-autochtones-une-nouvelle-publication-du-professeur-francois-olivier-dorais\/\" \/>\r\n<meta property=\"og:site_name\" content=\"UQACtualit\u00e9s\" \/>\r\n<meta property=\"article:published_time\" content=\"2023-03-24T20:04:43+00:00\" \/>\r\n<meta property=\"og:image\" content=\"https:\/\/www.uqac.ca\/uqactualites\/wp-content\/uploads\/2023\/03\/quebecois_et_autochtones_w.jpg\" \/>\r\n\t<meta property=\"og:image:width\" content=\"400\" \/>\r\n\t<meta property=\"og:image:height\" content=\"600\" \/>\r\n\t<meta property=\"og:image:type\" content=\"image\/jpeg\" \/>\r\n<meta name=\"author\" content=\"Service des communications et des relations publiques\" \/>\r\n<meta name=\"twitter:card\" content=\"summary_large_image\" \/>\r\n<meta name=\"twitter:label1\" content=\"\u00c9crit par\" \/>\n\t<meta name=\"twitter:data1\" content=\"Service des communications et des relations publiques\" \/>\n\t<meta name=\"twitter:label2\" content=\"Estimation du temps de lecture\" \/>\n\t<meta name=\"twitter:data2\" content=\"1 minute\" \/>\r\n<script type=\"application\/ld+json\" class=\"yoast-schema-graph\">{\"@context\":\"https:\/\/schema.org\",\"@graph\":[{\"@type\":\"WebPage\",\"@id\":\"https:\/\/www.uqac.ca\/uqactualites\/2023\/03\/24\/quebecois-et-autochtones-une-nouvelle-publication-du-professeur-francois-olivier-dorais\/\",\"url\":\"https:\/\/www.uqac.ca\/uqactualites\/2023\/03\/24\/quebecois-et-autochtones-une-nouvelle-publication-du-professeur-francois-olivier-dorais\/\",\"name\":\"Qu\u00e9b\u00e9cois et Autochtones, une nouvelle publication de Fran\u00e7ois-Olivier Dorais et de Genevi\u00e8ve Nootens. - UQACtualit\u00e9s\",\"isPartOf\":{\"@id\":\"https:\/\/www.uqac.ca\/uqactualites\/#website\"},\"primaryImageOfPage\":{\"@id\":\"https:\/\/www.uqac.ca\/uqactualites\/2023\/03\/24\/quebecois-et-autochtones-une-nouvelle-publication-du-professeur-francois-olivier-dorais\/#primaryimage\"},\"image\":{\"@id\":\"https:\/\/www.uqac.ca\/uqactualites\/2023\/03\/24\/quebecois-et-autochtones-une-nouvelle-publication-du-professeur-francois-olivier-dorais\/#primaryimage\"},\"thumbnailUrl\":\"https:\/\/www.uqac.ca\/uqactualites\/wp-content\/uploads\/2023\/03\/quebecois_et_autochtones_w.jpg\",\"datePublished\":\"2023-03-24T20:04:43+00:00\",\"dateModified\":\"2023-03-24T20:04:43+00:00\",\"author\":{\"@id\":\"https:\/\/www.uqac.ca\/uqactualites\/#\/schema\/person\/366c45a0c4f0e677b41b4af5886e2018\"},\"breadcrumb\":{\"@id\":\"https:\/\/www.uqac.ca\/uqactualites\/2023\/03\/24\/quebecois-et-autochtones-une-nouvelle-publication-du-professeur-francois-olivier-dorais\/#breadcrumb\"},\"inLanguage\":\"fr-CA\",\"potentialAction\":[{\"@type\":\"ReadAction\",\"target\":[\"https:\/\/www.uqac.ca\/uqactualites\/2023\/03\/24\/quebecois-et-autochtones-une-nouvelle-publication-du-professeur-francois-olivier-dorais\/\"]}]},{\"@type\":\"ImageObject\",\"inLanguage\":\"fr-CA\",\"@id\":\"https:\/\/www.uqac.ca\/uqactualites\/2023\/03\/24\/quebecois-et-autochtones-une-nouvelle-publication-du-professeur-francois-olivier-dorais\/#primaryimage\",\"url\":\"https:\/\/www.uqac.ca\/uqactualites\/wp-content\/uploads\/2023\/03\/quebecois_et_autochtones_w.jpg\",\"contentUrl\":\"https:\/\/www.uqac.ca\/uqactualites\/wp-content\/uploads\/2023\/03\/quebecois_et_autochtones_w.jpg\",\"width\":400,\"height\":600},{\"@type\":\"BreadcrumbList\",\"@id\":\"https:\/\/www.uqac.ca\/uqactualites\/2023\/03\/24\/quebecois-et-autochtones-une-nouvelle-publication-du-professeur-francois-olivier-dorais\/#breadcrumb\",\"itemListElement\":[{\"@type\":\"ListItem\",\"position\":1,\"name\":\"Home\",\"item\":\"https:\/\/www.uqac.ca\/uqactualites\/\"},{\"@type\":\"ListItem\",\"position\":2,\"name\":\"Qu\u00e9b\u00e9cois et Autochtones, une nouvelle publication de Fran\u00e7ois-Olivier Dorais et de Genevi\u00e8ve Nootens.\"}]},{\"@type\":\"WebSite\",\"@id\":\"https:\/\/www.uqac.ca\/uqactualites\/#website\",\"url\":\"https:\/\/www.uqac.ca\/uqactualites\/\",\"name\":\"UQACtualit\u00e9s\",\"description\":\"Le portail des nouvelles de l&#039;UQAC\",\"potentialAction\":[{\"@type\":\"SearchAction\",\"target\":{\"@type\":\"EntryPoint\",\"urlTemplate\":\"https:\/\/www.uqac.ca\/uqactualites\/?s={search_term_string}\"},\"query-input\":{\"@type\":\"PropertyValueSpecification\",\"valueRequired\":true,\"valueName\":\"search_term_string\"}}],\"inLanguage\":\"fr-CA\"},{\"@type\":\"Person\",\"@id\":\"https:\/\/www.uqac.ca\/uqactualites\/#\/schema\/person\/366c45a0c4f0e677b41b4af5886e2018\",\"name\":\"Service des communications et des relations publiques\",\"image\":{\"@type\":\"ImageObject\",\"inLanguage\":\"fr-CA\",\"@id\":\"https:\/\/www.uqac.ca\/uqactualites\/#\/schema\/person\/image\/\",\"url\":\"https:\/\/secure.gravatar.com\/avatar\/20fbbda8a292f59f2d3461a5b999c00b?s=96&d=mm&r=g\",\"contentUrl\":\"https:\/\/secure.gravatar.com\/avatar\/20fbbda8a292f59f2d3461a5b999c00b?s=96&d=mm&r=g\",\"caption\":\"Service des communications et des relations publiques\"},\"url\":\"https:\/\/www.uqac.ca\/uqactualites\/author\/bap\/\"}]}<\/script>\r\n<!-- \/ Yoast SEO plugin. -->","yoast_head_json":{"title":"Qu\u00e9b\u00e9cois et Autochtones, une nouvelle publication de Fran\u00e7ois-Olivier Dorais et de Genevi\u00e8ve Nootens. - UQACtualit\u00e9s","robots":{"index":"index","follow":"follow","max-snippet":"max-snippet:-1","max-image-preview":"max-image-preview:large","max-video-preview":"max-video-preview:-1"},"canonical":"https:\/\/www.uqac.ca\/uqactualites\/2023\/03\/24\/quebecois-et-autochtones-une-nouvelle-publication-du-professeur-francois-olivier-dorais\/","og_locale":"fr_CA","og_type":"article","og_title":"Qu\u00e9b\u00e9cois et Autochtones, une nouvelle publication de Fran\u00e7ois-Olivier Dorais et de Genevi\u00e8ve Nootens. - UQACtualit\u00e9s","og_description":"Le professeur et la professeure en histoire au D\u00e9partement des sciences humaines et sociales de l\u2019UQAC, Fran\u00e7ois-Olivier Dorais\u00a0et\u00a0Genevi\u00e8ve Nootens\u00a0ont co-dirig\u00e9 un tout nouvel ouvrage intitul\u00e9 Qu\u00e9b\u00e9cois et Autochtones\u00a0&#8211; Histoire commune, histoires crois\u00e9es, histoires parall\u00e8les?\u00a0qui\u00a0s\u2019int\u00e9resse aux relations entre l\u2019historiographie nationale qu\u00e9b\u00e9coise et l\u2019histoire des Premi\u00e8res Nations.\u00a0 Comment articuler le r\u00e9cit historique du Qu\u00e9bec comme nation minoritaire [&hellip;]","og_url":"https:\/\/www.uqac.ca\/uqactualites\/2023\/03\/24\/quebecois-et-autochtones-une-nouvelle-publication-du-professeur-francois-olivier-dorais\/","og_site_name":"UQACtualit\u00e9s","article_published_time":"2023-03-24T20:04:43+00:00","og_image":[{"width":400,"height":600,"url":"https:\/\/www.uqac.ca\/uqactualites\/wp-content\/uploads\/2023\/03\/quebecois_et_autochtones_w.jpg","type":"image\/jpeg"}],"author":"Service des communications et des relations publiques","twitter_card":"summary_large_image","twitter_misc":{"\u00c9crit par":"Service des communications et des relations publiques","Estimation du temps de lecture":"1 minute"},"schema":{"@context":"https:\/\/schema.org","@graph":[{"@type":"WebPage","@id":"https:\/\/www.uqac.ca\/uqactualites\/2023\/03\/24\/quebecois-et-autochtones-une-nouvelle-publication-du-professeur-francois-olivier-dorais\/","url":"https:\/\/www.uqac.ca\/uqactualites\/2023\/03\/24\/quebecois-et-autochtones-une-nouvelle-publication-du-professeur-francois-olivier-dorais\/","name":"Qu\u00e9b\u00e9cois et Autochtones, une nouvelle publication de Fran\u00e7ois-Olivier Dorais et de Genevi\u00e8ve Nootens. - UQACtualit\u00e9s","isPartOf":{"@id":"https:\/\/www.uqac.ca\/uqactualites\/#website"},"primaryImageOfPage":{"@id":"https:\/\/www.uqac.ca\/uqactualites\/2023\/03\/24\/quebecois-et-autochtones-une-nouvelle-publication-du-professeur-francois-olivier-dorais\/#primaryimage"},"image":{"@id":"https:\/\/www.uqac.ca\/uqactualites\/2023\/03\/24\/quebecois-et-autochtones-une-nouvelle-publication-du-professeur-francois-olivier-dorais\/#primaryimage"},"thumbnailUrl":"https:\/\/www.uqac.ca\/uqactualites\/wp-content\/uploads\/2023\/03\/quebecois_et_autochtones_w.jpg","datePublished":"2023-03-24T20:04:43+00:00","dateModified":"2023-03-24T20:04:43+00:00","author":{"@id":"https:\/\/www.uqac.ca\/uqactualites\/#\/schema\/person\/366c45a0c4f0e677b41b4af5886e2018"},"breadcrumb":{"@id":"https:\/\/www.uqac.ca\/uqactualites\/2023\/03\/24\/quebecois-et-autochtones-une-nouvelle-publication-du-professeur-francois-olivier-dorais\/#breadcrumb"},"inLanguage":"fr-CA","potentialAction":[{"@type":"ReadAction","target":["https:\/\/www.uqac.ca\/uqactualites\/2023\/03\/24\/quebecois-et-autochtones-une-nouvelle-publication-du-professeur-francois-olivier-dorais\/"]}]},{"@type":"ImageObject","inLanguage":"fr-CA","@id":"https:\/\/www.uqac.ca\/uqactualites\/2023\/03\/24\/quebecois-et-autochtones-une-nouvelle-publication-du-professeur-francois-olivier-dorais\/#primaryimage","url":"https:\/\/www.uqac.ca\/uqactualites\/wp-content\/uploads\/2023\/03\/quebecois_et_autochtones_w.jpg","contentUrl":"https:\/\/www.uqac.ca\/uqactualites\/wp-content\/uploads\/2023\/03\/quebecois_et_autochtones_w.jpg","width":400,"height":600},{"@type":"BreadcrumbList","@id":"https:\/\/www.uqac.ca\/uqactualites\/2023\/03\/24\/quebecois-et-autochtones-une-nouvelle-publication-du-professeur-francois-olivier-dorais\/#breadcrumb","itemListElement":[{"@type":"ListItem","position":1,"name":"Home","item":"https:\/\/www.uqac.ca\/uqactualites\/"},{"@type":"ListItem","position":2,"name":"Qu\u00e9b\u00e9cois et Autochtones, une nouvelle publication de Fran\u00e7ois-Olivier Dorais et de Genevi\u00e8ve Nootens."}]},{"@type":"WebSite","@id":"https:\/\/www.uqac.ca\/uqactualites\/#website","url":"https:\/\/www.uqac.ca\/uqactualites\/","name":"UQACtualit\u00e9s","description":"Le portail des nouvelles de l&#039;UQAC","potentialAction":[{"@type":"SearchAction","target":{"@type":"EntryPoint","urlTemplate":"https:\/\/www.uqac.ca\/uqactualites\/?s={search_term_string}"},"query-input":{"@type":"PropertyValueSpecification","valueRequired":true,"valueName":"search_term_string"}}],"inLanguage":"fr-CA"},{"@type":"Person","@id":"https:\/\/www.uqac.ca\/uqactualites\/#\/schema\/person\/366c45a0c4f0e677b41b4af5886e2018","name":"Service des communications et des relations publiques","image":{"@type":"ImageObject","inLanguage":"fr-CA","@id":"https:\/\/www.uqac.ca\/uqactualites\/#\/schema\/person\/image\/","url":"https:\/\/secure.gravatar.com\/avatar\/20fbbda8a292f59f2d3461a5b999c00b?s=96&d=mm&r=g","contentUrl":"https:\/\/secure.gravatar.com\/avatar\/20fbbda8a292f59f2d3461a5b999c00b?s=96&d=mm&r=g","caption":"Service des communications et des relations publiques"},"url":"https:\/\/www.uqac.ca\/uqactualites\/author\/bap\/"}]}},"_links":{"self":[{"href":"https:\/\/www.uqac.ca\/uqactualites\/wp-json\/wp\/v2\/posts\/43011"}],"collection":[{"href":"https:\/\/www.uqac.ca\/uqactualites\/wp-json\/wp\/v2\/posts"}],"about":[{"href":"https:\/\/www.uqac.ca\/uqactualites\/wp-json\/wp\/v2\/types\/post"}],"author":[{"embeddable":true,"href":"https:\/\/www.uqac.ca\/uqactualites\/wp-json\/wp\/v2\/users\/5"}],"replies":[{"embeddable":true,"href":"https:\/\/www.uqac.ca\/uqactualites\/wp-json\/wp\/v2\/comments?post=43011"}],"version-history":[{"count":0,"href":"https:\/\/www.uqac.ca\/uqactualites\/wp-json\/wp\/v2\/posts\/43011\/revisions"}],"wp:featuredmedia":[{"embeddable":true,"href":"https:\/\/www.uqac.ca\/uqactualites\/wp-json\/wp\/v2\/media\/43012"}],"wp:attachment":[{"href":"https:\/\/www.uqac.ca\/uqactualites\/wp-json\/wp\/v2\/media?parent=43011"}],"wp:term":[{"taxonomy":"category","embeddable":true,"href":"https:\/\/www.uqac.ca\/uqactualites\/wp-json\/wp\/v2\/categories?post=43011"},{"taxonomy":"post_tag","embeddable":true,"href":"https:\/\/www.uqac.ca\/uqactualites\/wp-json\/wp\/v2\/tags?post=43011"}],"curies":[{"name":"wp","href":"https:\/\/api.w.org\/{rel}","templated":true}]}}