{"id":43030,"date":"2023-03-27T09:09:32","date_gmt":"2023-03-27T13:09:32","guid":{"rendered":"https:\/\/www.uqac.ca\/?p=43030"},"modified":"2023-03-27T09:09:32","modified_gmt":"2023-03-27T13:09:32","slug":"les-professeures-sasseville-et-juneau-font-rayonner-la-cuts-a-linternational","status":"publish","type":"post","link":"https:\/\/www.uqac.ca\/uqactualites\/2023\/03\/27\/les-professeures-sasseville-et-juneau-font-rayonner-la-cuts-a-linternational\/","title":{"rendered":"Les professeures Sasseville et Juneau font rayonner la Clinique universitaire en travail social \u00e0 l&rsquo;international"},"content":{"rendered":"<p>Le 23 mars dernier a eu le Congr\u00e8s annuel inter-universit\u00e9s et \u00e9coles, propos\u00e9 cette ann\u00e9e sous la th\u00e9matique des m\u00e9tiers de l\u2019approche syst\u00e9mique. Pour l&rsquo;occasion, dix universit\u00e9s de pays diff\u00e9rents \u00e9taient pr\u00e9sentes. Organis\u00e9 par le Centre de formation, intervention, recherche (LACT) en collaboration avec l\u2019Universit\u00e9 8 de Paris, le congr\u00e8s virtuel portait sur l\u2019approche syst\u00e9mique et l&rsquo;hypnose. Les professeures <a href=\"http:\/\/www.uqac.ca\/portfolio\/nathaliesasseville\/\">Nathalie Sasseville<\/a> et <a href=\"http:\/\/uqac.ca\/portfolio\/sandrajuneau\/\">Sandra Juneau<\/a> de l\u2019Unit\u00e9 d\u2019enseignement en travail social ont eu le privil\u00e8ge de repr\u00e9senter l&rsquo;UQAC lors d\u2019une communication intitul\u00e9e \u00ab\u00a0Former de futures travailleuses sociales \u00e0 l\u2019approche syst\u00e9mique familiale au sein d\u2019une Clinique universitaire unique au Canada\u00a0\u00bb. D&rsquo;une part, cette communication avait comme objectif de pr\u00e9senter la d\u00e9marche p\u00e9dagogique exp\u00e9rientielle d\u2019intervention syst\u00e9mique familiale en travail social utilis\u00e9e par les deux professeures responsables du cours <em>Intervention<\/em>\u00a0(<a href=\"https:\/\/www.uqac.ca\/programme\/7798-baccalaureat-en-travail-social\/\">baccalaur\u00e9at en travail social<\/a>) et d\u00e9ploy\u00e9e au sein de la <a href=\"http:\/\/www.uqac.ca\/cuts\/\">Clinique universitaire de travail social (CUTS)<\/a>. D\u2019autre part, cette communication \u00e9tait une occasion de discuter des retomb\u00e9es de l\u2019approche p\u00e9dagogique sur l\u2019int\u00e9gration de la th\u00e9orie \u00e0 la pratique pour les \u00e9tudiantes et \u00e9tudiants en travail social. Ce fut en outre une excellente vitrine pour faire rayonner la Clinique universitaire en travail social et l\u2019universit\u00e9 \u00e0 l\u2019international.<\/p>\n<p>&nbsp;<\/p>\n","protected":false},"excerpt":{"rendered":"<p>Le 23 mars dernier a eu le Congr\u00e8s annuel inter-universit\u00e9s et \u00e9coles, propos\u00e9 cette ann\u00e9e sous la th\u00e9matique des m\u00e9tiers de l\u2019approche syst\u00e9mique. Pour l&rsquo;occasion, dix universit\u00e9s de pays diff\u00e9rents \u00e9taient pr\u00e9sentes. Organis\u00e9 par le Centre de formation, intervention, recherche (LACT) en collaboration avec l\u2019Universit\u00e9 8 de Paris, le congr\u00e8s virtuel portait sur l\u2019approche syst\u00e9mique [&hellip;]<\/p>\n","protected":false},"author":5,"featured_media":43031,"comment_status":"closed","ping_status":"closed","sticky":false,"template":"","format":"standard","meta":{"footnotes":""},"categories":[2],"tags":[],"yoast_head":"<!-- This site is optimized with the Yoast SEO plugin v24.2 - https:\/\/yoast.com\/wordpress\/plugins\/seo\/ -->\r\n<title>Les professeures Sasseville et Juneau font rayonner la Clinique universitaire en travail social \u00e0 l&#039;international - UQACtualit\u00e9s<\/title>\r\n<meta name=\"robots\" content=\"index, follow, max-snippet:-1, max-image-preview:large, max-video-preview:-1\" \/>\r\n<link rel=\"canonical\" href=\"https:\/\/www.uqac.ca\/uqactualites\/2023\/03\/27\/les-professeures-sasseville-et-juneau-font-rayonner-la-cuts-a-linternational\/\" \/>\r\n<meta property=\"og:locale\" content=\"fr_CA\" \/>\r\n<meta property=\"og:type\" content=\"article\" \/>\r\n<meta property=\"og:title\" content=\"Les professeures Sasseville et Juneau font rayonner la Clinique universitaire en travail social \u00e0 l&#039;international - UQACtualit\u00e9s\" \/>\r\n<meta property=\"og:description\" content=\"Le 23 mars dernier a eu le Congr\u00e8s annuel inter-universit\u00e9s et \u00e9coles, propos\u00e9 cette ann\u00e9e sous la th\u00e9matique des m\u00e9tiers de l\u2019approche syst\u00e9mique. Pour l&rsquo;occasion, dix universit\u00e9s de pays diff\u00e9rents \u00e9taient pr\u00e9sentes. Organis\u00e9 par le Centre de formation, intervention, recherche (LACT) en collaboration avec l\u2019Universit\u00e9 8 de Paris, le congr\u00e8s virtuel portait sur l\u2019approche syst\u00e9mique [&hellip;]\" \/>\r\n<meta property=\"og:url\" content=\"https:\/\/www.uqac.ca\/uqactualites\/2023\/03\/27\/les-professeures-sasseville-et-juneau-font-rayonner-la-cuts-a-linternational\/\" \/>\r\n<meta property=\"og:site_name\" content=\"UQACtualit\u00e9s\" \/>\r\n<meta property=\"article:published_time\" content=\"2023-03-27T13:09:32+00:00\" \/>\r\n<meta property=\"og:image\" content=\"https:\/\/www.uqac.ca\/uqactualites\/wp-content\/uploads\/2023\/03\/SassevilleJuneau.png\" \/>\r\n\t<meta property=\"og:image:width\" content=\"736\" \/>\r\n\t<meta property=\"og:image:height\" content=\"480\" \/>\r\n\t<meta property=\"og:image:type\" content=\"image\/png\" \/>\r\n<meta name=\"author\" content=\"Service des communications et des relations publiques\" \/>\r\n<meta name=\"twitter:card\" content=\"summary_large_image\" \/>\r\n<meta name=\"twitter:label1\" content=\"\u00c9crit par\" \/>\n\t<meta name=\"twitter:data1\" content=\"Service des communications et des relations publiques\" \/>\n\t<meta name=\"twitter:label2\" content=\"Estimation du temps de lecture\" \/>\n\t<meta name=\"twitter:data2\" content=\"1 minute\" \/>\r\n<script type=\"application\/ld+json\" class=\"yoast-schema-graph\">{\"@context\":\"https:\/\/schema.org\",\"@graph\":[{\"@type\":\"WebPage\",\"@id\":\"https:\/\/www.uqac.ca\/uqactualites\/2023\/03\/27\/les-professeures-sasseville-et-juneau-font-rayonner-la-cuts-a-linternational\/\",\"url\":\"https:\/\/www.uqac.ca\/uqactualites\/2023\/03\/27\/les-professeures-sasseville-et-juneau-font-rayonner-la-cuts-a-linternational\/\",\"name\":\"Les professeures Sasseville et Juneau font rayonner la Clinique universitaire en travail social \u00e0 l'international - UQACtualit\u00e9s\",\"isPartOf\":{\"@id\":\"https:\/\/www.uqac.ca\/uqactualites\/#website\"},\"primaryImageOfPage\":{\"@id\":\"https:\/\/www.uqac.ca\/uqactualites\/2023\/03\/27\/les-professeures-sasseville-et-juneau-font-rayonner-la-cuts-a-linternational\/#primaryimage\"},\"image\":{\"@id\":\"https:\/\/www.uqac.ca\/uqactualites\/2023\/03\/27\/les-professeures-sasseville-et-juneau-font-rayonner-la-cuts-a-linternational\/#primaryimage\"},\"thumbnailUrl\":\"https:\/\/www.uqac.ca\/uqactualites\/wp-content\/uploads\/2023\/03\/SassevilleJuneau.png\",\"datePublished\":\"2023-03-27T13:09:32+00:00\",\"dateModified\":\"2023-03-27T13:09:32+00:00\",\"author\":{\"@id\":\"https:\/\/www.uqac.ca\/uqactualites\/#\/schema\/person\/366c45a0c4f0e677b41b4af5886e2018\"},\"breadcrumb\":{\"@id\":\"https:\/\/www.uqac.ca\/uqactualites\/2023\/03\/27\/les-professeures-sasseville-et-juneau-font-rayonner-la-cuts-a-linternational\/#breadcrumb\"},\"inLanguage\":\"fr-CA\",\"potentialAction\":[{\"@type\":\"ReadAction\",\"target\":[\"https:\/\/www.uqac.ca\/uqactualites\/2023\/03\/27\/les-professeures-sasseville-et-juneau-font-rayonner-la-cuts-a-linternational\/\"]}]},{\"@type\":\"ImageObject\",\"inLanguage\":\"fr-CA\",\"@id\":\"https:\/\/www.uqac.ca\/uqactualites\/2023\/03\/27\/les-professeures-sasseville-et-juneau-font-rayonner-la-cuts-a-linternational\/#primaryimage\",\"url\":\"https:\/\/www.uqac.ca\/uqactualites\/wp-content\/uploads\/2023\/03\/SassevilleJuneau.png\",\"contentUrl\":\"https:\/\/www.uqac.ca\/uqactualites\/wp-content\/uploads\/2023\/03\/SassevilleJuneau.png\",\"width\":736,\"height\":480},{\"@type\":\"BreadcrumbList\",\"@id\":\"https:\/\/www.uqac.ca\/uqactualites\/2023\/03\/27\/les-professeures-sasseville-et-juneau-font-rayonner-la-cuts-a-linternational\/#breadcrumb\",\"itemListElement\":[{\"@type\":\"ListItem\",\"position\":1,\"name\":\"Home\",\"item\":\"https:\/\/www.uqac.ca\/uqactualites\/\"},{\"@type\":\"ListItem\",\"position\":2,\"name\":\"Les professeures Sasseville et Juneau font rayonner la Clinique universitaire en travail social \u00e0 l&rsquo;international\"}]},{\"@type\":\"WebSite\",\"@id\":\"https:\/\/www.uqac.ca\/uqactualites\/#website\",\"url\":\"https:\/\/www.uqac.ca\/uqactualites\/\",\"name\":\"UQACtualit\u00e9s\",\"description\":\"Le portail des nouvelles de l&#039;UQAC\",\"potentialAction\":[{\"@type\":\"SearchAction\",\"target\":{\"@type\":\"EntryPoint\",\"urlTemplate\":\"https:\/\/www.uqac.ca\/uqactualites\/?s={search_term_string}\"},\"query-input\":{\"@type\":\"PropertyValueSpecification\",\"valueRequired\":true,\"valueName\":\"search_term_string\"}}],\"inLanguage\":\"fr-CA\"},{\"@type\":\"Person\",\"@id\":\"https:\/\/www.uqac.ca\/uqactualites\/#\/schema\/person\/366c45a0c4f0e677b41b4af5886e2018\",\"name\":\"Service des communications et des relations publiques\",\"image\":{\"@type\":\"ImageObject\",\"inLanguage\":\"fr-CA\",\"@id\":\"https:\/\/www.uqac.ca\/uqactualites\/#\/schema\/person\/image\/\",\"url\":\"https:\/\/secure.gravatar.com\/avatar\/20fbbda8a292f59f2d3461a5b999c00b?s=96&d=mm&r=g\",\"contentUrl\":\"https:\/\/secure.gravatar.com\/avatar\/20fbbda8a292f59f2d3461a5b999c00b?s=96&d=mm&r=g\",\"caption\":\"Service des communications et des relations publiques\"},\"url\":\"https:\/\/www.uqac.ca\/uqactualites\/author\/bap\/\"}]}<\/script>\r\n<!-- \/ Yoast SEO plugin. -->","yoast_head_json":{"title":"Les professeures Sasseville et Juneau font rayonner la Clinique universitaire en travail social \u00e0 l'international - UQACtualit\u00e9s","robots":{"index":"index","follow":"follow","max-snippet":"max-snippet:-1","max-image-preview":"max-image-preview:large","max-video-preview":"max-video-preview:-1"},"canonical":"https:\/\/www.uqac.ca\/uqactualites\/2023\/03\/27\/les-professeures-sasseville-et-juneau-font-rayonner-la-cuts-a-linternational\/","og_locale":"fr_CA","og_type":"article","og_title":"Les professeures Sasseville et Juneau font rayonner la Clinique universitaire en travail social \u00e0 l'international - UQACtualit\u00e9s","og_description":"Le 23 mars dernier a eu le Congr\u00e8s annuel inter-universit\u00e9s et \u00e9coles, propos\u00e9 cette ann\u00e9e sous la th\u00e9matique des m\u00e9tiers de l\u2019approche syst\u00e9mique. Pour l&rsquo;occasion, dix universit\u00e9s de pays diff\u00e9rents \u00e9taient pr\u00e9sentes. Organis\u00e9 par le Centre de formation, intervention, recherche (LACT) en collaboration avec l\u2019Universit\u00e9 8 de Paris, le congr\u00e8s virtuel portait sur l\u2019approche syst\u00e9mique [&hellip;]","og_url":"https:\/\/www.uqac.ca\/uqactualites\/2023\/03\/27\/les-professeures-sasseville-et-juneau-font-rayonner-la-cuts-a-linternational\/","og_site_name":"UQACtualit\u00e9s","article_published_time":"2023-03-27T13:09:32+00:00","og_image":[{"width":736,"height":480,"url":"https:\/\/www.uqac.ca\/uqactualites\/wp-content\/uploads\/2023\/03\/SassevilleJuneau.png","type":"image\/png"}],"author":"Service des communications et des relations publiques","twitter_card":"summary_large_image","twitter_misc":{"\u00c9crit par":"Service des communications et des relations publiques","Estimation du temps de lecture":"1 minute"},"schema":{"@context":"https:\/\/schema.org","@graph":[{"@type":"WebPage","@id":"https:\/\/www.uqac.ca\/uqactualites\/2023\/03\/27\/les-professeures-sasseville-et-juneau-font-rayonner-la-cuts-a-linternational\/","url":"https:\/\/www.uqac.ca\/uqactualites\/2023\/03\/27\/les-professeures-sasseville-et-juneau-font-rayonner-la-cuts-a-linternational\/","name":"Les professeures Sasseville et Juneau font rayonner la Clinique universitaire en travail social \u00e0 l'international - UQACtualit\u00e9s","isPartOf":{"@id":"https:\/\/www.uqac.ca\/uqactualites\/#website"},"primaryImageOfPage":{"@id":"https:\/\/www.uqac.ca\/uqactualites\/2023\/03\/27\/les-professeures-sasseville-et-juneau-font-rayonner-la-cuts-a-linternational\/#primaryimage"},"image":{"@id":"https:\/\/www.uqac.ca\/uqactualites\/2023\/03\/27\/les-professeures-sasseville-et-juneau-font-rayonner-la-cuts-a-linternational\/#primaryimage"},"thumbnailUrl":"https:\/\/www.uqac.ca\/uqactualites\/wp-content\/uploads\/2023\/03\/SassevilleJuneau.png","datePublished":"2023-03-27T13:09:32+00:00","dateModified":"2023-03-27T13:09:32+00:00","author":{"@id":"https:\/\/www.uqac.ca\/uqactualites\/#\/schema\/person\/366c45a0c4f0e677b41b4af5886e2018"},"breadcrumb":{"@id":"https:\/\/www.uqac.ca\/uqactualites\/2023\/03\/27\/les-professeures-sasseville-et-juneau-font-rayonner-la-cuts-a-linternational\/#breadcrumb"},"inLanguage":"fr-CA","potentialAction":[{"@type":"ReadAction","target":["https:\/\/www.uqac.ca\/uqactualites\/2023\/03\/27\/les-professeures-sasseville-et-juneau-font-rayonner-la-cuts-a-linternational\/"]}]},{"@type":"ImageObject","inLanguage":"fr-CA","@id":"https:\/\/www.uqac.ca\/uqactualites\/2023\/03\/27\/les-professeures-sasseville-et-juneau-font-rayonner-la-cuts-a-linternational\/#primaryimage","url":"https:\/\/www.uqac.ca\/uqactualites\/wp-content\/uploads\/2023\/03\/SassevilleJuneau.png","contentUrl":"https:\/\/www.uqac.ca\/uqactualites\/wp-content\/uploads\/2023\/03\/SassevilleJuneau.png","width":736,"height":480},{"@type":"BreadcrumbList","@id":"https:\/\/www.uqac.ca\/uqactualites\/2023\/03\/27\/les-professeures-sasseville-et-juneau-font-rayonner-la-cuts-a-linternational\/#breadcrumb","itemListElement":[{"@type":"ListItem","position":1,"name":"Home","item":"https:\/\/www.uqac.ca\/uqactualites\/"},{"@type":"ListItem","position":2,"name":"Les professeures Sasseville et Juneau font rayonner la Clinique universitaire en travail social \u00e0 l&rsquo;international"}]},{"@type":"WebSite","@id":"https:\/\/www.uqac.ca\/uqactualites\/#website","url":"https:\/\/www.uqac.ca\/uqactualites\/","name":"UQACtualit\u00e9s","description":"Le portail des nouvelles de l&#039;UQAC","potentialAction":[{"@type":"SearchAction","target":{"@type":"EntryPoint","urlTemplate":"https:\/\/www.uqac.ca\/uqactualites\/?s={search_term_string}"},"query-input":{"@type":"PropertyValueSpecification","valueRequired":true,"valueName":"search_term_string"}}],"inLanguage":"fr-CA"},{"@type":"Person","@id":"https:\/\/www.uqac.ca\/uqactualites\/#\/schema\/person\/366c45a0c4f0e677b41b4af5886e2018","name":"Service des communications et des relations publiques","image":{"@type":"ImageObject","inLanguage":"fr-CA","@id":"https:\/\/www.uqac.ca\/uqactualites\/#\/schema\/person\/image\/","url":"https:\/\/secure.gravatar.com\/avatar\/20fbbda8a292f59f2d3461a5b999c00b?s=96&d=mm&r=g","contentUrl":"https:\/\/secure.gravatar.com\/avatar\/20fbbda8a292f59f2d3461a5b999c00b?s=96&d=mm&r=g","caption":"Service des communications et des relations publiques"},"url":"https:\/\/www.uqac.ca\/uqactualites\/author\/bap\/"}]}},"_links":{"self":[{"href":"https:\/\/www.uqac.ca\/uqactualites\/wp-json\/wp\/v2\/posts\/43030"}],"collection":[{"href":"https:\/\/www.uqac.ca\/uqactualites\/wp-json\/wp\/v2\/posts"}],"about":[{"href":"https:\/\/www.uqac.ca\/uqactualites\/wp-json\/wp\/v2\/types\/post"}],"author":[{"embeddable":true,"href":"https:\/\/www.uqac.ca\/uqactualites\/wp-json\/wp\/v2\/users\/5"}],"replies":[{"embeddable":true,"href":"https:\/\/www.uqac.ca\/uqactualites\/wp-json\/wp\/v2\/comments?post=43030"}],"version-history":[{"count":0,"href":"https:\/\/www.uqac.ca\/uqactualites\/wp-json\/wp\/v2\/posts\/43030\/revisions"}],"wp:featuredmedia":[{"embeddable":true,"href":"https:\/\/www.uqac.ca\/uqactualites\/wp-json\/wp\/v2\/media\/43031"}],"wp:attachment":[{"href":"https:\/\/www.uqac.ca\/uqactualites\/wp-json\/wp\/v2\/media?parent=43030"}],"wp:term":[{"taxonomy":"category","embeddable":true,"href":"https:\/\/www.uqac.ca\/uqactualites\/wp-json\/wp\/v2\/categories?post=43030"},{"taxonomy":"post_tag","embeddable":true,"href":"https:\/\/www.uqac.ca\/uqactualites\/wp-json\/wp\/v2\/tags?post=43030"}],"curies":[{"name":"wp","href":"https:\/\/api.w.org\/{rel}","templated":true}]}}