{"id":43090,"date":"2023-04-04T14:00:36","date_gmt":"2023-04-04T18:00:36","guid":{"rendered":"https:\/\/www.uqac.ca\/?p=43090"},"modified":"2023-04-04T14:00:36","modified_gmt":"2023-04-04T18:00:36","slug":"luqac-et-de-laboratoire-vivant-inaugurent-le-village-relais","status":"publish","type":"post","link":"https:\/\/www.uqac.ca\/uqactualites\/2023\/04\/04\/luqac-et-de-laboratoire-vivant-inaugurent-le-village-relais\/","title":{"rendered":"L\u2019UQAC et le Laboratoire vivant inaugurent le Village Relais"},"content":{"rendered":"<p>Gr\u00e2ce \u00e0 une importante mobilisation de sa communaut\u00e9 de m\u00eame qu\u2019\u00e0 l\u2019expertise des chercheuses et chercheurs, l\u2019Universit\u00e9 du Qu\u00e9bec \u00e0 Chicoutimi et le <a href=\"https:\/\/www.uqac.ca\/labvivant\">Laboratoire vivant sur la sant\u00e9 mentale en milieu universitaire<\/a> inauguraient aujourd\u2019hui le tout nouveau <em>Village Relais<\/em> sur le campus de Saguenay. Inspir\u00e9e du concept des villages de p\u00eache, l\u2019installation temporaire se veut un espace de rassemblement favorable au bien-\u00eatre des \u00e9tudiant(e)s et employ\u00e9(e)s\u00a0: les trois cabanes, de m\u00eame que l\u2019am\u00e9nagement ext\u00e9rieur, seront accessibles jusqu\u2019au 12 mai prochain.<\/p>\n<p>Dirig\u00e9 par la professeure en travail social <a href=\"http:\/\/www.uqac.ca\/portfolio\/christianebergeronleclerc\/\">Christiane Bergeron-Leclerc<\/a>, le Laboratoire vivant s\u2019int\u00e9resse \u00e0 la sant\u00e9 mentale des populations universitaires. Depuis deux ans, l&rsquo;\u00e9quipe de chercheuses et de chercheurs s&rsquo;affaire \u00e0 documenter les principaux enjeux de sant\u00e9 mentale qui touchent ces populations, \u00e0 r\u00e9pertorier les mesures de soutien existantes au sein des universit\u00e9s et \u00e0 d\u00e9gager des pistes de solutions nouvelles pour pallier les manques observ\u00e9s. Selon la professeure Bergeron-Leclerc, \u00ab\u00a0le besoin d&rsquo;avoir des espaces favorables au mieux-\u00eatre de la communaut\u00e9 a \u00e9merg\u00e9 des consultations tenues au cours des derni\u00e8res ann\u00e9es aupr\u00e8s d\u2019un large groupe-t\u00e9moin de l\u2019UQAC\u00a0\u00bb. C&rsquo;est dans ce contexte qu&rsquo;est n\u00e9e l\u2019id\u00e9e du projet de <em>Village\u00a0Relais. <\/em>Et afin de concevoir ce village, un grand remue-m\u00e9ninge mobilisant divers acteurs de l\u2019universit\u00e9 \u2013 professeur(e)s, employ\u00e9(e)s, intervenant(e)s et \u00e9tudiant(e)s \u2013 a \u00e9t\u00e9 r\u00e9alis\u00e9 en f\u00e9vrier 2022. Ayant \u00e0 c\u0153ur la sant\u00e9 mentale de leur communaut\u00e9, ceux-ci et celles-ci ont mis leurs id\u00e9es \u00e0 contribution et c&rsquo;est \u00e0 partir de ce brassage d\u2019id\u00e9es collectif qu&rsquo;ont pris forme les fameuses cabanes du <em>Village Relais<\/em>. La cr\u00e9ation et l&rsquo;\u00e9laboration des \u00eelots se sont concr\u00e9tis\u00e9es en collaboration avec le studio Lum Design et gr\u00e2ce \u00e0 l&rsquo;aide d&rsquo;un financement du fonds Bell Cause destin\u00e9 aux initiatives relatives \u00e0 la sant\u00e9 mentale des \u00e9tudiant(e)s postsecondaires.<\/p>\n<p>Le recteur de l\u2019UQAC, Ghislain Samson, est ravi de cette initiative qui prend racine au c\u0153ur m\u00eame de la communaut\u00e9 dans laquelle elle s\u2019inscrit. \u00ab\u00a0Cette mobilisation de la communaut\u00e9 universitaire, par l\u2019entremise du Laboratoire vivant, constitue un exemple parfait de la recherche-action et de sa pertinence dans notre quotidien. Le <em>Village Relais<\/em> vient s\u2019ajouter aux diverses strat\u00e9gies actives en sant\u00e9 mentale mises de l\u2019avant \u00e0 l\u2019UQAC pour assurer un milieu d\u2019\u00e9tudes, de travail et de vie sain et s\u00e9curitaire. J\u2019invite les \u00e9tudiantes et \u00e9tudiants, de m\u00eame que les membres du personnel, \u00e0 s\u2019approprier ces nouveaux espaces.\u00a0\u00bb<\/p>\n<p>Le <em>Village R<\/em>e<em>lais<\/em>, qui a \u00e9lu temporairement domicile devant le Pavillon principal, sera ouvert gratuitement \u00e0 la communaut\u00e9 universitaire du 4 avril au 12 mai prochain. Ses trois espaces principaux, am\u00e9nag\u00e9s dans une perspective de d\u00e9veloppement durable et de revalorisation des mat\u00e9riaux \u00e0 l\u2019int\u00e9rieur de conteneurs dont l\u2019UQAC disposait d\u00e9j\u00e0, proposent chacun une atmosph\u00e8re qui leur est propre\u00a0: \u00ab\u00a0Relaxer\u00a0: se d\u00e9tende\u00a0\u00bb, \u00ab\u00a0Cr\u00e9er\u00a0: s\u2019activer\u00a0\u00bb et \u00ab\u00a0S\u2019amuser\u00a0: se d\u00e9fouler\u00a0\u00bb sont les trois th\u00e9matiques qui sous-tendent \u00e0 la fois la d\u00e9coration et les activit\u00e9s qui y sont propos\u00e9es. Au cours des prochaines semaines, des activit\u00e9s int\u00e9rieures et ext\u00e9rieures seront sugg\u00e9r\u00e9es ponctuellement sous l\u2019initiative d\u2019\u00e9tudiant(e)s et d\u2019employ\u00e9(e)s engag\u00e9s, et des stagiaires en travail social de l\u2019UQAC seront mobilis\u00e9es sur place pour assurer une pr\u00e9sence quotidienne en intervention.<\/p>\n<p>&nbsp;<\/p>\n<div id='gallery-1' class='gallery galleryid-43090 gallery-columns-4 gallery-size-thumbnail'><figure class='gallery-item'>\n\t\t\t<div class='gallery-icon landscape'>\n\t\t\t\t<a href='https:\/\/www.uqac.ca\/uqactualites\/wp-content\/uploads\/2023\/04\/ilots-be-mduhaime-h23-01.jpg'><img loading=\"lazy\" decoding=\"async\" width=\"150\" height=\"150\" src=\"https:\/\/www.uqac.ca\/uqactualites\/wp-content\/uploads\/2023\/04\/ilots-be-mduhaime-h23-01-150x150.jpg\" class=\"attachment-thumbnail size-thumbnail\" alt=\"\" \/><\/a>\n\t\t\t<\/div><\/figure><figure class='gallery-item'>\n\t\t\t<div class='gallery-icon landscape'>\n\t\t\t\t<a href='https:\/\/www.uqac.ca\/uqactualites\/wp-content\/uploads\/2023\/04\/ilots-be-mduhaime-h23-05.jpg'><img loading=\"lazy\" decoding=\"async\" width=\"150\" height=\"150\" src=\"https:\/\/www.uqac.ca\/uqactualites\/wp-content\/uploads\/2023\/04\/ilots-be-mduhaime-h23-05-150x150.jpg\" class=\"attachment-thumbnail size-thumbnail\" alt=\"\" \/><\/a>\n\t\t\t<\/div><\/figure><figure class='gallery-item'>\n\t\t\t<div class='gallery-icon landscape'>\n\t\t\t\t<a href='https:\/\/www.uqac.ca\/uqactualites\/wp-content\/uploads\/2023\/04\/ilots-be-mduhaime-h23-06.jpg'><img loading=\"lazy\" decoding=\"async\" width=\"150\" height=\"150\" src=\"https:\/\/www.uqac.ca\/uqactualites\/wp-content\/uploads\/2023\/04\/ilots-be-mduhaime-h23-06-150x150.jpg\" class=\"attachment-thumbnail size-thumbnail\" alt=\"\" \/><\/a>\n\t\t\t<\/div><\/figure><figure class='gallery-item'>\n\t\t\t<div class='gallery-icon portrait'>\n\t\t\t\t<a href='https:\/\/www.uqac.ca\/uqactualites\/wp-content\/uploads\/2023\/04\/ilots-be-mduhaime-h23-07.jpg'><img loading=\"lazy\" decoding=\"async\" width=\"150\" height=\"150\" src=\"https:\/\/www.uqac.ca\/uqactualites\/wp-content\/uploads\/2023\/04\/ilots-be-mduhaime-h23-07-150x150.jpg\" class=\"attachment-thumbnail size-thumbnail\" alt=\"\" \/><\/a>\n\t\t\t<\/div><\/figure><figure class='gallery-item'>\n\t\t\t<div class='gallery-icon landscape'>\n\t\t\t\t<a href='https:\/\/www.uqac.ca\/uqactualites\/wp-content\/uploads\/2023\/04\/ilots-be-mduhaime-h23-15.jpg'><img loading=\"lazy\" decoding=\"async\" width=\"150\" height=\"150\" src=\"https:\/\/www.uqac.ca\/uqactualites\/wp-content\/uploads\/2023\/04\/ilots-be-mduhaime-h23-15-150x150.jpg\" class=\"attachment-thumbnail size-thumbnail\" alt=\"\" \/><\/a>\n\t\t\t<\/div><\/figure><figure class='gallery-item'>\n\t\t\t<div class='gallery-icon landscape'>\n\t\t\t\t<a href='https:\/\/www.uqac.ca\/uqactualites\/wp-content\/uploads\/2023\/04\/ilots-be-mduhaime-h23-16.jpg'><img loading=\"lazy\" decoding=\"async\" width=\"150\" height=\"150\" src=\"https:\/\/www.uqac.ca\/uqactualites\/wp-content\/uploads\/2023\/04\/ilots-be-mduhaime-h23-16-150x150.jpg\" class=\"attachment-thumbnail size-thumbnail\" alt=\"\" \/><\/a>\n\t\t\t<\/div><\/figure><figure class='gallery-item'>\n\t\t\t<div class='gallery-icon landscape'>\n\t\t\t\t<a href='https:\/\/www.uqac.ca\/uqactualites\/wp-content\/uploads\/2023\/04\/ilots-be-mduhaime-h23-17.jpg'><img loading=\"lazy\" decoding=\"async\" width=\"150\" height=\"150\" src=\"https:\/\/www.uqac.ca\/uqactualites\/wp-content\/uploads\/2023\/04\/ilots-be-mduhaime-h23-17-150x150.jpg\" class=\"attachment-thumbnail size-thumbnail\" alt=\"\" \/><\/a>\n\t\t\t<\/div><\/figure><figure class='gallery-item'>\n\t\t\t<div class='gallery-icon landscape'>\n\t\t\t\t<a href='https:\/\/www.uqac.ca\/uqactualites\/wp-content\/uploads\/2023\/04\/ilots-be-mduhaime-h23-18.jpg'><img loading=\"lazy\" decoding=\"async\" width=\"150\" height=\"150\" src=\"https:\/\/www.uqac.ca\/uqactualites\/wp-content\/uploads\/2023\/04\/ilots-be-mduhaime-h23-18-150x150.jpg\" class=\"attachment-thumbnail size-thumbnail\" alt=\"\" \/><\/a>\n\t\t\t<\/div><\/figure>\n\t\t<\/div>\n\n<p>&nbsp;<\/p>\n","protected":false},"excerpt":{"rendered":"<p>Gr\u00e2ce \u00e0 une importante mobilisation de sa communaut\u00e9 de m\u00eame qu\u2019\u00e0 l\u2019expertise des chercheuses et chercheurs, l\u2019Universit\u00e9 du Qu\u00e9bec \u00e0 Chicoutimi et le Laboratoire vivant sur la sant\u00e9 mentale en milieu universitaire inauguraient aujourd\u2019hui le tout nouveau Village Relais sur le campus de Saguenay. Inspir\u00e9e du concept des villages de p\u00eache, l\u2019installation temporaire se veut [&hellip;]<\/p>\n","protected":false},"author":5,"featured_media":43111,"comment_status":"closed","ping_status":"closed","sticky":false,"template":"","format":"standard","meta":{"footnotes":""},"categories":[2,4],"tags":[22,16],"yoast_head":"<!-- This site is optimized with the Yoast SEO plugin v24.2 - https:\/\/yoast.com\/wordpress\/plugins\/seo\/ -->\r\n<title>L\u2019UQAC et le Laboratoire vivant inaugurent le Village Relais - UQACtualit\u00e9s<\/title>\r\n<meta name=\"robots\" content=\"index, follow, max-snippet:-1, max-image-preview:large, max-video-preview:-1\" \/>\r\n<link rel=\"canonical\" href=\"https:\/\/www.uqac.ca\/uqactualites\/2023\/04\/04\/luqac-et-de-laboratoire-vivant-inaugurent-le-village-relais\/\" \/>\r\n<meta property=\"og:locale\" content=\"fr_CA\" \/>\r\n<meta property=\"og:type\" content=\"article\" \/>\r\n<meta property=\"og:title\" content=\"L\u2019UQAC et le Laboratoire vivant inaugurent le Village Relais - UQACtualit\u00e9s\" \/>\r\n<meta property=\"og:description\" content=\"Gr\u00e2ce \u00e0 une importante mobilisation de sa communaut\u00e9 de m\u00eame qu\u2019\u00e0 l\u2019expertise des chercheuses et chercheurs, l\u2019Universit\u00e9 du Qu\u00e9bec \u00e0 Chicoutimi et le Laboratoire vivant sur la sant\u00e9 mentale en milieu universitaire inauguraient aujourd\u2019hui le tout nouveau Village Relais sur le campus de Saguenay. Inspir\u00e9e du concept des villages de p\u00eache, l\u2019installation temporaire se veut [&hellip;]\" \/>\r\n<meta property=\"og:url\" content=\"https:\/\/www.uqac.ca\/uqactualites\/2023\/04\/04\/luqac-et-de-laboratoire-vivant-inaugurent-le-village-relais\/\" \/>\r\n<meta property=\"og:site_name\" content=\"UQACtualit\u00e9s\" \/>\r\n<meta property=\"article:published_time\" content=\"2023-04-04T18:00:36+00:00\" \/>\r\n<meta property=\"og:image\" content=\"https:\/\/www.uqac.ca\/uqactualites\/wp-content\/uploads\/2023\/04\/MicrosoftTeams-image-102.jpg\" \/>\r\n\t<meta property=\"og:image:width\" content=\"1200\" \/>\r\n\t<meta property=\"og:image:height\" content=\"800\" \/>\r\n\t<meta property=\"og:image:type\" content=\"image\/jpeg\" \/>\r\n<meta name=\"author\" content=\"Service des communications et des relations publiques\" \/>\r\n<meta name=\"twitter:card\" content=\"summary_large_image\" \/>\r\n<meta name=\"twitter:label1\" content=\"\u00c9crit par\" \/>\n\t<meta name=\"twitter:data1\" content=\"Service des communications et des relations publiques\" \/>\n\t<meta name=\"twitter:label2\" content=\"Estimation du temps de lecture\" \/>\n\t<meta name=\"twitter:data2\" content=\"3 minutes\" \/>\r\n<script type=\"application\/ld+json\" class=\"yoast-schema-graph\">{\"@context\":\"https:\/\/schema.org\",\"@graph\":[{\"@type\":\"WebPage\",\"@id\":\"https:\/\/www.uqac.ca\/uqactualites\/2023\/04\/04\/luqac-et-de-laboratoire-vivant-inaugurent-le-village-relais\/\",\"url\":\"https:\/\/www.uqac.ca\/uqactualites\/2023\/04\/04\/luqac-et-de-laboratoire-vivant-inaugurent-le-village-relais\/\",\"name\":\"L\u2019UQAC et le Laboratoire vivant inaugurent le Village Relais - UQACtualit\u00e9s\",\"isPartOf\":{\"@id\":\"https:\/\/www.uqac.ca\/uqactualites\/#website\"},\"primaryImageOfPage\":{\"@id\":\"https:\/\/www.uqac.ca\/uqactualites\/2023\/04\/04\/luqac-et-de-laboratoire-vivant-inaugurent-le-village-relais\/#primaryimage\"},\"image\":{\"@id\":\"https:\/\/www.uqac.ca\/uqactualites\/2023\/04\/04\/luqac-et-de-laboratoire-vivant-inaugurent-le-village-relais\/#primaryimage\"},\"thumbnailUrl\":\"https:\/\/www.uqac.ca\/uqactualites\/wp-content\/uploads\/2023\/04\/MicrosoftTeams-image-102.jpg\",\"datePublished\":\"2023-04-04T18:00:36+00:00\",\"dateModified\":\"2023-04-04T18:00:36+00:00\",\"author\":{\"@id\":\"https:\/\/www.uqac.ca\/uqactualites\/#\/schema\/person\/366c45a0c4f0e677b41b4af5886e2018\"},\"breadcrumb\":{\"@id\":\"https:\/\/www.uqac.ca\/uqactualites\/2023\/04\/04\/luqac-et-de-laboratoire-vivant-inaugurent-le-village-relais\/#breadcrumb\"},\"inLanguage\":\"fr-CA\",\"potentialAction\":[{\"@type\":\"ReadAction\",\"target\":[\"https:\/\/www.uqac.ca\/uqactualites\/2023\/04\/04\/luqac-et-de-laboratoire-vivant-inaugurent-le-village-relais\/\"]}]},{\"@type\":\"ImageObject\",\"inLanguage\":\"fr-CA\",\"@id\":\"https:\/\/www.uqac.ca\/uqactualites\/2023\/04\/04\/luqac-et-de-laboratoire-vivant-inaugurent-le-village-relais\/#primaryimage\",\"url\":\"https:\/\/www.uqac.ca\/uqactualites\/wp-content\/uploads\/2023\/04\/MicrosoftTeams-image-102.jpg\",\"contentUrl\":\"https:\/\/www.uqac.ca\/uqactualites\/wp-content\/uploads\/2023\/04\/MicrosoftTeams-image-102.jpg\",\"width\":1200,\"height\":800},{\"@type\":\"BreadcrumbList\",\"@id\":\"https:\/\/www.uqac.ca\/uqactualites\/2023\/04\/04\/luqac-et-de-laboratoire-vivant-inaugurent-le-village-relais\/#breadcrumb\",\"itemListElement\":[{\"@type\":\"ListItem\",\"position\":1,\"name\":\"Home\",\"item\":\"https:\/\/www.uqac.ca\/uqactualites\/\"},{\"@type\":\"ListItem\",\"position\":2,\"name\":\"L\u2019UQAC et le Laboratoire vivant inaugurent le Village Relais\"}]},{\"@type\":\"WebSite\",\"@id\":\"https:\/\/www.uqac.ca\/uqactualites\/#website\",\"url\":\"https:\/\/www.uqac.ca\/uqactualites\/\",\"name\":\"UQACtualit\u00e9s\",\"description\":\"Le portail des nouvelles de l&#039;UQAC\",\"potentialAction\":[{\"@type\":\"SearchAction\",\"target\":{\"@type\":\"EntryPoint\",\"urlTemplate\":\"https:\/\/www.uqac.ca\/uqactualites\/?s={search_term_string}\"},\"query-input\":{\"@type\":\"PropertyValueSpecification\",\"valueRequired\":true,\"valueName\":\"search_term_string\"}}],\"inLanguage\":\"fr-CA\"},{\"@type\":\"Person\",\"@id\":\"https:\/\/www.uqac.ca\/uqactualites\/#\/schema\/person\/366c45a0c4f0e677b41b4af5886e2018\",\"name\":\"Service des communications et des relations publiques\",\"image\":{\"@type\":\"ImageObject\",\"inLanguage\":\"fr-CA\",\"@id\":\"https:\/\/www.uqac.ca\/uqactualites\/#\/schema\/person\/image\/\",\"url\":\"https:\/\/secure.gravatar.com\/avatar\/20fbbda8a292f59f2d3461a5b999c00b?s=96&d=mm&r=g\",\"contentUrl\":\"https:\/\/secure.gravatar.com\/avatar\/20fbbda8a292f59f2d3461a5b999c00b?s=96&d=mm&r=g\",\"caption\":\"Service des communications et des relations publiques\"},\"url\":\"https:\/\/www.uqac.ca\/uqactualites\/author\/bap\/\"}]}<\/script>\r\n<!-- \/ Yoast SEO plugin. -->","yoast_head_json":{"title":"L\u2019UQAC et le Laboratoire vivant inaugurent le Village Relais - UQACtualit\u00e9s","robots":{"index":"index","follow":"follow","max-snippet":"max-snippet:-1","max-image-preview":"max-image-preview:large","max-video-preview":"max-video-preview:-1"},"canonical":"https:\/\/www.uqac.ca\/uqactualites\/2023\/04\/04\/luqac-et-de-laboratoire-vivant-inaugurent-le-village-relais\/","og_locale":"fr_CA","og_type":"article","og_title":"L\u2019UQAC et le Laboratoire vivant inaugurent le Village Relais - UQACtualit\u00e9s","og_description":"Gr\u00e2ce \u00e0 une importante mobilisation de sa communaut\u00e9 de m\u00eame qu\u2019\u00e0 l\u2019expertise des chercheuses et chercheurs, l\u2019Universit\u00e9 du Qu\u00e9bec \u00e0 Chicoutimi et le Laboratoire vivant sur la sant\u00e9 mentale en milieu universitaire inauguraient aujourd\u2019hui le tout nouveau Village Relais sur le campus de Saguenay. Inspir\u00e9e du concept des villages de p\u00eache, l\u2019installation temporaire se veut [&hellip;]","og_url":"https:\/\/www.uqac.ca\/uqactualites\/2023\/04\/04\/luqac-et-de-laboratoire-vivant-inaugurent-le-village-relais\/","og_site_name":"UQACtualit\u00e9s","article_published_time":"2023-04-04T18:00:36+00:00","og_image":[{"width":1200,"height":800,"url":"https:\/\/www.uqac.ca\/uqactualites\/wp-content\/uploads\/2023\/04\/MicrosoftTeams-image-102.jpg","type":"image\/jpeg"}],"author":"Service des communications et des relations publiques","twitter_card":"summary_large_image","twitter_misc":{"\u00c9crit par":"Service des communications et des relations publiques","Estimation du temps de lecture":"3 minutes"},"schema":{"@context":"https:\/\/schema.org","@graph":[{"@type":"WebPage","@id":"https:\/\/www.uqac.ca\/uqactualites\/2023\/04\/04\/luqac-et-de-laboratoire-vivant-inaugurent-le-village-relais\/","url":"https:\/\/www.uqac.ca\/uqactualites\/2023\/04\/04\/luqac-et-de-laboratoire-vivant-inaugurent-le-village-relais\/","name":"L\u2019UQAC et le Laboratoire vivant inaugurent le Village Relais - UQACtualit\u00e9s","isPartOf":{"@id":"https:\/\/www.uqac.ca\/uqactualites\/#website"},"primaryImageOfPage":{"@id":"https:\/\/www.uqac.ca\/uqactualites\/2023\/04\/04\/luqac-et-de-laboratoire-vivant-inaugurent-le-village-relais\/#primaryimage"},"image":{"@id":"https:\/\/www.uqac.ca\/uqactualites\/2023\/04\/04\/luqac-et-de-laboratoire-vivant-inaugurent-le-village-relais\/#primaryimage"},"thumbnailUrl":"https:\/\/www.uqac.ca\/uqactualites\/wp-content\/uploads\/2023\/04\/MicrosoftTeams-image-102.jpg","datePublished":"2023-04-04T18:00:36+00:00","dateModified":"2023-04-04T18:00:36+00:00","author":{"@id":"https:\/\/www.uqac.ca\/uqactualites\/#\/schema\/person\/366c45a0c4f0e677b41b4af5886e2018"},"breadcrumb":{"@id":"https:\/\/www.uqac.ca\/uqactualites\/2023\/04\/04\/luqac-et-de-laboratoire-vivant-inaugurent-le-village-relais\/#breadcrumb"},"inLanguage":"fr-CA","potentialAction":[{"@type":"ReadAction","target":["https:\/\/www.uqac.ca\/uqactualites\/2023\/04\/04\/luqac-et-de-laboratoire-vivant-inaugurent-le-village-relais\/"]}]},{"@type":"ImageObject","inLanguage":"fr-CA","@id":"https:\/\/www.uqac.ca\/uqactualites\/2023\/04\/04\/luqac-et-de-laboratoire-vivant-inaugurent-le-village-relais\/#primaryimage","url":"https:\/\/www.uqac.ca\/uqactualites\/wp-content\/uploads\/2023\/04\/MicrosoftTeams-image-102.jpg","contentUrl":"https:\/\/www.uqac.ca\/uqactualites\/wp-content\/uploads\/2023\/04\/MicrosoftTeams-image-102.jpg","width":1200,"height":800},{"@type":"BreadcrumbList","@id":"https:\/\/www.uqac.ca\/uqactualites\/2023\/04\/04\/luqac-et-de-laboratoire-vivant-inaugurent-le-village-relais\/#breadcrumb","itemListElement":[{"@type":"ListItem","position":1,"name":"Home","item":"https:\/\/www.uqac.ca\/uqactualites\/"},{"@type":"ListItem","position":2,"name":"L\u2019UQAC et le Laboratoire vivant inaugurent le Village Relais"}]},{"@type":"WebSite","@id":"https:\/\/www.uqac.ca\/uqactualites\/#website","url":"https:\/\/www.uqac.ca\/uqactualites\/","name":"UQACtualit\u00e9s","description":"Le portail des nouvelles de l&#039;UQAC","potentialAction":[{"@type":"SearchAction","target":{"@type":"EntryPoint","urlTemplate":"https:\/\/www.uqac.ca\/uqactualites\/?s={search_term_string}"},"query-input":{"@type":"PropertyValueSpecification","valueRequired":true,"valueName":"search_term_string"}}],"inLanguage":"fr-CA"},{"@type":"Person","@id":"https:\/\/www.uqac.ca\/uqactualites\/#\/schema\/person\/366c45a0c4f0e677b41b4af5886e2018","name":"Service des communications et des relations publiques","image":{"@type":"ImageObject","inLanguage":"fr-CA","@id":"https:\/\/www.uqac.ca\/uqactualites\/#\/schema\/person\/image\/","url":"https:\/\/secure.gravatar.com\/avatar\/20fbbda8a292f59f2d3461a5b999c00b?s=96&d=mm&r=g","contentUrl":"https:\/\/secure.gravatar.com\/avatar\/20fbbda8a292f59f2d3461a5b999c00b?s=96&d=mm&r=g","caption":"Service des communications et des relations publiques"},"url":"https:\/\/www.uqac.ca\/uqactualites\/author\/bap\/"}]}},"_links":{"self":[{"href":"https:\/\/www.uqac.ca\/uqactualites\/wp-json\/wp\/v2\/posts\/43090"}],"collection":[{"href":"https:\/\/www.uqac.ca\/uqactualites\/wp-json\/wp\/v2\/posts"}],"about":[{"href":"https:\/\/www.uqac.ca\/uqactualites\/wp-json\/wp\/v2\/types\/post"}],"author":[{"embeddable":true,"href":"https:\/\/www.uqac.ca\/uqactualites\/wp-json\/wp\/v2\/users\/5"}],"replies":[{"embeddable":true,"href":"https:\/\/www.uqac.ca\/uqactualites\/wp-json\/wp\/v2\/comments?post=43090"}],"version-history":[{"count":0,"href":"https:\/\/www.uqac.ca\/uqactualites\/wp-json\/wp\/v2\/posts\/43090\/revisions"}],"wp:featuredmedia":[{"embeddable":true,"href":"https:\/\/www.uqac.ca\/uqactualites\/wp-json\/wp\/v2\/media\/43111"}],"wp:attachment":[{"href":"https:\/\/www.uqac.ca\/uqactualites\/wp-json\/wp\/v2\/media?parent=43090"}],"wp:term":[{"taxonomy":"category","embeddable":true,"href":"https:\/\/www.uqac.ca\/uqactualites\/wp-json\/wp\/v2\/categories?post=43090"},{"taxonomy":"post_tag","embeddable":true,"href":"https:\/\/www.uqac.ca\/uqactualites\/wp-json\/wp\/v2\/tags?post=43090"}],"curies":[{"name":"wp","href":"https:\/\/api.w.org\/{rel}","templated":true}]}}