{"id":43162,"date":"2023-04-19T16:47:16","date_gmt":"2023-04-19T20:47:16","guid":{"rendered":"https:\/\/www.uqac.ca\/?p=43162"},"modified":"2023-04-19T16:47:16","modified_gmt":"2023-04-19T20:47:16","slug":"20-etudiants-et-etudiantes-de-luqac-effectueront-un-stage-en-cooperation-internationale-au-senegal","status":"publish","type":"post","link":"https:\/\/www.uqac.ca\/uqactualites\/2023\/04\/19\/20-etudiants-et-etudiantes-de-luqac-effectueront-un-stage-en-cooperation-internationale-au-senegal\/","title":{"rendered":"20 \u00e9tudiants et \u00e9tudiantes de l\u2019UQAC effectueront un stage en coop\u00e9ration internationale au S\u00e9n\u00e9gal"},"content":{"rendered":"<p>Cet \u00e9t\u00e9, 20 \u00e9tudiants et \u00e9tudiantes issues de divers d\u00e9partements (<a href=\"https:\/\/www.uqac.ca\/departements\/dsh\/\">DSHS<\/a>, \u00a0<a href=\"https:\/\/www.uqac.ca\/dss\/\">DSS<\/a> et <a href=\"https:\/\/www.uqac.ca\/departements\/dse\/\">DSE<\/a>) partiront pour le S\u00e9n\u00e9gal afin d\u2019effectuer un stage en coop\u00e9ration internationale. Ce projet a lieu dans le cadre de deux cours offerts par l\u2019Unit\u00e9 d\u2019enseignement en sciences des soci\u00e9t\u00e9s et des territoires : <a href=\"https:\/\/programmes.uqac.ca\/4cop580\">4COP580 &#8211; Projet ou stage en coop\u00e9ration internationale (6.0 cr)<\/a> et <a href=\"https:\/\/programmes.uqac.ca\/4cop333\">4COP333 Stage en coop\u00e9ration internationale (3.0 cr)<\/a>. Il permettra aux stagiaires de d\u00e9velopper des habilet\u00e9s d\u2019intervention dans le cadre de projets de d\u00e9veloppement international dans les \u00celes du Saloum. De plus, ce stage est une opportunit\u00e9 de d\u00e9velopper des comp\u00e9tences en recherche-intervention en contexte socioculturel diff\u00e9rent.<\/p>\n<p>Dans le cadre d\u2019une entente de collaboration avec l\u2019UQAC, le <a href=\"https:\/\/www.centresolidarite.ca\/\">Centre de solidarit\u00e9 internationale du Saguenay\u2013Lac-Saint-Jean (CSI-SLSJ)<\/a> offre des formations pr\u00e9-d\u00e9part aux stagiaires afin de les pr\u00e9parer \u00e0 la r\u00e9alit\u00e9 du terrain les sensibiliser au monde de la coop\u00e9ration internationale, aux in\u00e9galit\u00e9s Nords-Suds, aux rapports de genre, aux pouvoirs et privil\u00e8ges, \u00e0 la coh\u00e9sion de groupe, \u00e0 la sant\u00e9 du voyageur et \u00e0 autant de mises en situation qui les outillent pour les stages.<\/p>\n<p>Le 16 mai prochain, le groupe de stagiaires s\u2019envolera vers Dakar, la capitale s\u00e9n\u00e9galaise. Apr\u00e8s deux journ\u00e9es d\u2019acclimatation et de rencontres avec divers partenaires \u00e0 l\u2019Universit\u00e9 de Dakar, il se dirigera vers le village de Dionewar, dans les \u00eeles du Saloum, o\u00f9 se d\u00e9roulent les stages. C\u2019est \u00e0 cet endroit que les stagiaires r\u00e9aliseront les mandats qui leur ont \u00e9t\u00e9 attribu\u00e9s selon leur discipline d\u2019\u00e9tudes. Les \u00e9tudiants et \u00e9tudiantes du cours de 3 cr\u00e9dits reviendront au Qu\u00e9bec le 23 juin apr\u00e8s un s\u00e9jour de 39 jours, alors que ceux du cours de 6 cr\u00e9dits seront de retour le 17 juillet, apr\u00e8s 63 jours de stage.<\/p>\n<p><strong>\u00ab <\/strong>Je suis ravie que nos stagiaires proviennent de plusieurs programmes de l\u2019UQAC (g\u00e9ographie, histoire, coop\u00e9ration internationale, sciences de l\u2019\u00e9ducation, travail social, physioth\u00e9rapie, psychologie). L\u2019interdisciplinarit\u00e9 est un atout majeur des stages qui comptent sur la collaboration de plusieurs partenaires\u00a0: Organismes de Coop\u00e9ration internationale, Universit\u00e9s, Minist\u00e8res, Repr\u00e9sentations diplomatiques et Communaut\u00e9s villageoises des \u00eeles du Saloum. En plus d\u2019\u00eatre une exp\u00e9rience unique \u00e0 l&rsquo;international, le stage est une opportunit\u00e9 de vivre et de s&rsquo;adapter dans d\u2019autres cultures du monde afin de d\u00e9velopper de nouvelles comp\u00e9tences et des habilet\u00e9s socioprofessionnelles qui leur seront utiles quand ils seront confront\u00e9s \u00e0 la diversit\u00e9 dans leur quotidien et dans leur emploi. C\u2019est aussi un appui consid\u00e9rable aux communaut\u00e9s villageoises qui contribue \u00e0 la visibilit\u00e9 et au rayonnement de l\u2019UQAC au S\u00e9n\u00e9gal. <strong>\u00bb<\/strong>, explique <a href=\"http:\/\/classiques.uqac.ca\/contemporains\/Fall_Marie\/Fall_Marie_bio\/auteure_photo.html\">Marie Fall<\/a>, responsable des stages et Professeure de g\u00e9ographie et coop\u00e9ration internationale au <a href=\"https:\/\/www.uqac.ca\/departements\/dsh\/\">D\u00e9partement des sciences humaines et sociales<\/a> de l\u2019UQAC.<\/p>\n<p>C\u2019est gr\u00e2ce \u00e0 de nombreuses bourses que ce stage en coop\u00e9ration internationale se concr\u00e9tisera le mois prochain. En effet,\u00a0les stagiaires ont obtenus 60 600$ en bourses dont 33\u00a0000 $ de l\u2019UQAC, 17100$ des <a href=\"https:\/\/www.lojiq.org\/ofqj\/\">Offices jeunesse internationaux du Qu\u00e9bec<\/a>; 2000$ du Comit\u00e9 de recherche du <a href=\"https:\/\/www.uqac.ca\/departements\/dsh\/\">D\u00e9partement des sciences humaines et sociales<\/a>, 8800$ du <a href=\"https:\/\/www.environnement.gouv.qc.ca\/programmes\/coop-climatique-internationale\/\">programme de coop\u00e9ration climatique internationale du Qu\u00e9bec<\/a> et 500$ de l\u2019Observatoire canadien sur les crises et l&rsquo;action humanitaires.<\/p>\n<p>De plus, les stagiaires m\u00e8nent actuellement une campagne de financement collaboratif sur la plateforme de la <a href=\"https:\/\/fuqac.ca\/\">Fondation UQAC (FUQAC)<\/a>. Il est encore possible de <a href=\"https:\/\/fuqac.ca\/nio-far\/?fbclid=IwAR2WwUAb0f6P5LWITVcST6JRH0kLDF9RdubzAdnopwq_OEvPomHR49f8A8M\">faire un don<\/a> afin d\u2019aider les \u00e9tudiants et les \u00e9tudiantes. Tous les fonds collect\u00e9s sont directement remis aux stagiaires pour les aider \u00e0 r\u00e9aliser leur projet et accomplir leur mandat.<\/p>\n<p><strong>\u00a0<\/strong><\/p>\n","protected":false},"excerpt":{"rendered":"<p>Cet \u00e9t\u00e9, 20 \u00e9tudiants et \u00e9tudiantes issues de divers d\u00e9partements (DSHS, \u00a0DSS et DSE) partiront pour le S\u00e9n\u00e9gal afin d\u2019effectuer un stage en coop\u00e9ration internationale. Ce projet a lieu dans le cadre de deux cours offerts par l\u2019Unit\u00e9 d\u2019enseignement en sciences des soci\u00e9t\u00e9s et des territoires : 4COP580 &#8211; Projet ou stage en coop\u00e9ration internationale [&hellip;]<\/p>\n","protected":false},"author":5,"featured_media":43163,"comment_status":"closed","ping_status":"closed","sticky":false,"template":"","format":"standard","meta":{"footnotes":""},"categories":[2],"tags":[5,22,23,49,50],"yoast_head":"<!-- This site is optimized with the Yoast SEO plugin v24.2 - https:\/\/yoast.com\/wordpress\/plugins\/seo\/ -->\r\n<title>20 \u00e9tudiants et \u00e9tudiantes de l\u2019UQAC effectueront un stage en coop\u00e9ration internationale au S\u00e9n\u00e9gal - UQACtualit\u00e9s<\/title>\r\n<meta name=\"robots\" content=\"index, follow, max-snippet:-1, max-image-preview:large, max-video-preview:-1\" \/>\r\n<link rel=\"canonical\" href=\"https:\/\/www.uqac.ca\/uqactualites\/2023\/04\/19\/20-etudiants-et-etudiantes-de-luqac-effectueront-un-stage-en-cooperation-internationale-au-senegal\/\" \/>\r\n<meta property=\"og:locale\" content=\"fr_CA\" \/>\r\n<meta property=\"og:type\" content=\"article\" \/>\r\n<meta property=\"og:title\" content=\"20 \u00e9tudiants et \u00e9tudiantes de l\u2019UQAC effectueront un stage en coop\u00e9ration internationale au S\u00e9n\u00e9gal - UQACtualit\u00e9s\" \/>\r\n<meta property=\"og:description\" content=\"Cet \u00e9t\u00e9, 20 \u00e9tudiants et \u00e9tudiantes issues de divers d\u00e9partements (DSHS, \u00a0DSS et DSE) partiront pour le S\u00e9n\u00e9gal afin d\u2019effectuer un stage en coop\u00e9ration internationale. Ce projet a lieu dans le cadre de deux cours offerts par l\u2019Unit\u00e9 d\u2019enseignement en sciences des soci\u00e9t\u00e9s et des territoires : 4COP580 &#8211; Projet ou stage en coop\u00e9ration internationale [&hellip;]\" \/>\r\n<meta property=\"og:url\" content=\"https:\/\/www.uqac.ca\/uqactualites\/2023\/04\/19\/20-etudiants-et-etudiantes-de-luqac-effectueront-un-stage-en-cooperation-internationale-au-senegal\/\" \/>\r\n<meta property=\"og:site_name\" content=\"UQACtualit\u00e9s\" \/>\r\n<meta property=\"article:published_time\" content=\"2023-04-19T20:47:16+00:00\" \/>\r\n<meta property=\"og:image\" content=\"https:\/\/www.uqac.ca\/uqactualites\/wp-content\/uploads\/2023\/04\/Equipe-2_Web.jpg\" \/>\r\n\t<meta property=\"og:image:width\" content=\"1000\" \/>\r\n\t<meta property=\"og:image:height\" content=\"511\" \/>\r\n\t<meta property=\"og:image:type\" content=\"image\/jpeg\" \/>\r\n<meta name=\"author\" content=\"Service des communications et des relations publiques\" \/>\r\n<meta name=\"twitter:card\" content=\"summary_large_image\" \/>\r\n<meta name=\"twitter:label1\" content=\"\u00c9crit par\" \/>\n\t<meta name=\"twitter:data1\" content=\"Service des communications et des relations publiques\" \/>\n\t<meta name=\"twitter:label2\" content=\"Estimation du temps de lecture\" \/>\n\t<meta name=\"twitter:data2\" content=\"3 minutes\" \/>\r\n<script type=\"application\/ld+json\" class=\"yoast-schema-graph\">{\"@context\":\"https:\/\/schema.org\",\"@graph\":[{\"@type\":\"WebPage\",\"@id\":\"https:\/\/www.uqac.ca\/uqactualites\/2023\/04\/19\/20-etudiants-et-etudiantes-de-luqac-effectueront-un-stage-en-cooperation-internationale-au-senegal\/\",\"url\":\"https:\/\/www.uqac.ca\/uqactualites\/2023\/04\/19\/20-etudiants-et-etudiantes-de-luqac-effectueront-un-stage-en-cooperation-internationale-au-senegal\/\",\"name\":\"20 \u00e9tudiants et \u00e9tudiantes de l\u2019UQAC effectueront un stage en coop\u00e9ration internationale au S\u00e9n\u00e9gal - UQACtualit\u00e9s\",\"isPartOf\":{\"@id\":\"https:\/\/www.uqac.ca\/uqactualites\/#website\"},\"primaryImageOfPage\":{\"@id\":\"https:\/\/www.uqac.ca\/uqactualites\/2023\/04\/19\/20-etudiants-et-etudiantes-de-luqac-effectueront-un-stage-en-cooperation-internationale-au-senegal\/#primaryimage\"},\"image\":{\"@id\":\"https:\/\/www.uqac.ca\/uqactualites\/2023\/04\/19\/20-etudiants-et-etudiantes-de-luqac-effectueront-un-stage-en-cooperation-internationale-au-senegal\/#primaryimage\"},\"thumbnailUrl\":\"https:\/\/www.uqac.ca\/uqactualites\/wp-content\/uploads\/2023\/04\/Equipe-2_Web.jpg\",\"datePublished\":\"2023-04-19T20:47:16+00:00\",\"dateModified\":\"2023-04-19T20:47:16+00:00\",\"author\":{\"@id\":\"https:\/\/www.uqac.ca\/uqactualites\/#\/schema\/person\/366c45a0c4f0e677b41b4af5886e2018\"},\"breadcrumb\":{\"@id\":\"https:\/\/www.uqac.ca\/uqactualites\/2023\/04\/19\/20-etudiants-et-etudiantes-de-luqac-effectueront-un-stage-en-cooperation-internationale-au-senegal\/#breadcrumb\"},\"inLanguage\":\"fr-CA\",\"potentialAction\":[{\"@type\":\"ReadAction\",\"target\":[\"https:\/\/www.uqac.ca\/uqactualites\/2023\/04\/19\/20-etudiants-et-etudiantes-de-luqac-effectueront-un-stage-en-cooperation-internationale-au-senegal\/\"]}]},{\"@type\":\"ImageObject\",\"inLanguage\":\"fr-CA\",\"@id\":\"https:\/\/www.uqac.ca\/uqactualites\/2023\/04\/19\/20-etudiants-et-etudiantes-de-luqac-effectueront-un-stage-en-cooperation-internationale-au-senegal\/#primaryimage\",\"url\":\"https:\/\/www.uqac.ca\/uqactualites\/wp-content\/uploads\/2023\/04\/Equipe-2_Web.jpg\",\"contentUrl\":\"https:\/\/www.uqac.ca\/uqactualites\/wp-content\/uploads\/2023\/04\/Equipe-2_Web.jpg\",\"width\":1000,\"height\":511},{\"@type\":\"BreadcrumbList\",\"@id\":\"https:\/\/www.uqac.ca\/uqactualites\/2023\/04\/19\/20-etudiants-et-etudiantes-de-luqac-effectueront-un-stage-en-cooperation-internationale-au-senegal\/#breadcrumb\",\"itemListElement\":[{\"@type\":\"ListItem\",\"position\":1,\"name\":\"Home\",\"item\":\"https:\/\/www.uqac.ca\/uqactualites\/\"},{\"@type\":\"ListItem\",\"position\":2,\"name\":\"20 \u00e9tudiants et \u00e9tudiantes de l\u2019UQAC effectueront un stage en coop\u00e9ration internationale au S\u00e9n\u00e9gal\"}]},{\"@type\":\"WebSite\",\"@id\":\"https:\/\/www.uqac.ca\/uqactualites\/#website\",\"url\":\"https:\/\/www.uqac.ca\/uqactualites\/\",\"name\":\"UQACtualit\u00e9s\",\"description\":\"Le portail des nouvelles de l&#039;UQAC\",\"potentialAction\":[{\"@type\":\"SearchAction\",\"target\":{\"@type\":\"EntryPoint\",\"urlTemplate\":\"https:\/\/www.uqac.ca\/uqactualites\/?s={search_term_string}\"},\"query-input\":{\"@type\":\"PropertyValueSpecification\",\"valueRequired\":true,\"valueName\":\"search_term_string\"}}],\"inLanguage\":\"fr-CA\"},{\"@type\":\"Person\",\"@id\":\"https:\/\/www.uqac.ca\/uqactualites\/#\/schema\/person\/366c45a0c4f0e677b41b4af5886e2018\",\"name\":\"Service des communications et des relations publiques\",\"image\":{\"@type\":\"ImageObject\",\"inLanguage\":\"fr-CA\",\"@id\":\"https:\/\/www.uqac.ca\/uqactualites\/#\/schema\/person\/image\/\",\"url\":\"https:\/\/secure.gravatar.com\/avatar\/20fbbda8a292f59f2d3461a5b999c00b?s=96&d=mm&r=g\",\"contentUrl\":\"https:\/\/secure.gravatar.com\/avatar\/20fbbda8a292f59f2d3461a5b999c00b?s=96&d=mm&r=g\",\"caption\":\"Service des communications et des relations publiques\"},\"url\":\"https:\/\/www.uqac.ca\/uqactualites\/author\/bap\/\"}]}<\/script>\r\n<!-- \/ Yoast SEO plugin. -->","yoast_head_json":{"title":"20 \u00e9tudiants et \u00e9tudiantes de l\u2019UQAC effectueront un stage en coop\u00e9ration internationale au S\u00e9n\u00e9gal - UQACtualit\u00e9s","robots":{"index":"index","follow":"follow","max-snippet":"max-snippet:-1","max-image-preview":"max-image-preview:large","max-video-preview":"max-video-preview:-1"},"canonical":"https:\/\/www.uqac.ca\/uqactualites\/2023\/04\/19\/20-etudiants-et-etudiantes-de-luqac-effectueront-un-stage-en-cooperation-internationale-au-senegal\/","og_locale":"fr_CA","og_type":"article","og_title":"20 \u00e9tudiants et \u00e9tudiantes de l\u2019UQAC effectueront un stage en coop\u00e9ration internationale au S\u00e9n\u00e9gal - UQACtualit\u00e9s","og_description":"Cet \u00e9t\u00e9, 20 \u00e9tudiants et \u00e9tudiantes issues de divers d\u00e9partements (DSHS, \u00a0DSS et DSE) partiront pour le S\u00e9n\u00e9gal afin d\u2019effectuer un stage en coop\u00e9ration internationale. Ce projet a lieu dans le cadre de deux cours offerts par l\u2019Unit\u00e9 d\u2019enseignement en sciences des soci\u00e9t\u00e9s et des territoires : 4COP580 &#8211; Projet ou stage en coop\u00e9ration internationale [&hellip;]","og_url":"https:\/\/www.uqac.ca\/uqactualites\/2023\/04\/19\/20-etudiants-et-etudiantes-de-luqac-effectueront-un-stage-en-cooperation-internationale-au-senegal\/","og_site_name":"UQACtualit\u00e9s","article_published_time":"2023-04-19T20:47:16+00:00","og_image":[{"width":1000,"height":511,"url":"https:\/\/www.uqac.ca\/uqactualites\/wp-content\/uploads\/2023\/04\/Equipe-2_Web.jpg","type":"image\/jpeg"}],"author":"Service des communications et des relations publiques","twitter_card":"summary_large_image","twitter_misc":{"\u00c9crit par":"Service des communications et des relations publiques","Estimation du temps de lecture":"3 minutes"},"schema":{"@context":"https:\/\/schema.org","@graph":[{"@type":"WebPage","@id":"https:\/\/www.uqac.ca\/uqactualites\/2023\/04\/19\/20-etudiants-et-etudiantes-de-luqac-effectueront-un-stage-en-cooperation-internationale-au-senegal\/","url":"https:\/\/www.uqac.ca\/uqactualites\/2023\/04\/19\/20-etudiants-et-etudiantes-de-luqac-effectueront-un-stage-en-cooperation-internationale-au-senegal\/","name":"20 \u00e9tudiants et \u00e9tudiantes de l\u2019UQAC effectueront un stage en coop\u00e9ration internationale au S\u00e9n\u00e9gal - UQACtualit\u00e9s","isPartOf":{"@id":"https:\/\/www.uqac.ca\/uqactualites\/#website"},"primaryImageOfPage":{"@id":"https:\/\/www.uqac.ca\/uqactualites\/2023\/04\/19\/20-etudiants-et-etudiantes-de-luqac-effectueront-un-stage-en-cooperation-internationale-au-senegal\/#primaryimage"},"image":{"@id":"https:\/\/www.uqac.ca\/uqactualites\/2023\/04\/19\/20-etudiants-et-etudiantes-de-luqac-effectueront-un-stage-en-cooperation-internationale-au-senegal\/#primaryimage"},"thumbnailUrl":"https:\/\/www.uqac.ca\/uqactualites\/wp-content\/uploads\/2023\/04\/Equipe-2_Web.jpg","datePublished":"2023-04-19T20:47:16+00:00","dateModified":"2023-04-19T20:47:16+00:00","author":{"@id":"https:\/\/www.uqac.ca\/uqactualites\/#\/schema\/person\/366c45a0c4f0e677b41b4af5886e2018"},"breadcrumb":{"@id":"https:\/\/www.uqac.ca\/uqactualites\/2023\/04\/19\/20-etudiants-et-etudiantes-de-luqac-effectueront-un-stage-en-cooperation-internationale-au-senegal\/#breadcrumb"},"inLanguage":"fr-CA","potentialAction":[{"@type":"ReadAction","target":["https:\/\/www.uqac.ca\/uqactualites\/2023\/04\/19\/20-etudiants-et-etudiantes-de-luqac-effectueront-un-stage-en-cooperation-internationale-au-senegal\/"]}]},{"@type":"ImageObject","inLanguage":"fr-CA","@id":"https:\/\/www.uqac.ca\/uqactualites\/2023\/04\/19\/20-etudiants-et-etudiantes-de-luqac-effectueront-un-stage-en-cooperation-internationale-au-senegal\/#primaryimage","url":"https:\/\/www.uqac.ca\/uqactualites\/wp-content\/uploads\/2023\/04\/Equipe-2_Web.jpg","contentUrl":"https:\/\/www.uqac.ca\/uqactualites\/wp-content\/uploads\/2023\/04\/Equipe-2_Web.jpg","width":1000,"height":511},{"@type":"BreadcrumbList","@id":"https:\/\/www.uqac.ca\/uqactualites\/2023\/04\/19\/20-etudiants-et-etudiantes-de-luqac-effectueront-un-stage-en-cooperation-internationale-au-senegal\/#breadcrumb","itemListElement":[{"@type":"ListItem","position":1,"name":"Home","item":"https:\/\/www.uqac.ca\/uqactualites\/"},{"@type":"ListItem","position":2,"name":"20 \u00e9tudiants et \u00e9tudiantes de l\u2019UQAC effectueront un stage en coop\u00e9ration internationale au S\u00e9n\u00e9gal"}]},{"@type":"WebSite","@id":"https:\/\/www.uqac.ca\/uqactualites\/#website","url":"https:\/\/www.uqac.ca\/uqactualites\/","name":"UQACtualit\u00e9s","description":"Le portail des nouvelles de l&#039;UQAC","potentialAction":[{"@type":"SearchAction","target":{"@type":"EntryPoint","urlTemplate":"https:\/\/www.uqac.ca\/uqactualites\/?s={search_term_string}"},"query-input":{"@type":"PropertyValueSpecification","valueRequired":true,"valueName":"search_term_string"}}],"inLanguage":"fr-CA"},{"@type":"Person","@id":"https:\/\/www.uqac.ca\/uqactualites\/#\/schema\/person\/366c45a0c4f0e677b41b4af5886e2018","name":"Service des communications et des relations publiques","image":{"@type":"ImageObject","inLanguage":"fr-CA","@id":"https:\/\/www.uqac.ca\/uqactualites\/#\/schema\/person\/image\/","url":"https:\/\/secure.gravatar.com\/avatar\/20fbbda8a292f59f2d3461a5b999c00b?s=96&d=mm&r=g","contentUrl":"https:\/\/secure.gravatar.com\/avatar\/20fbbda8a292f59f2d3461a5b999c00b?s=96&d=mm&r=g","caption":"Service des communications et des relations publiques"},"url":"https:\/\/www.uqac.ca\/uqactualites\/author\/bap\/"}]}},"_links":{"self":[{"href":"https:\/\/www.uqac.ca\/uqactualites\/wp-json\/wp\/v2\/posts\/43162"}],"collection":[{"href":"https:\/\/www.uqac.ca\/uqactualites\/wp-json\/wp\/v2\/posts"}],"about":[{"href":"https:\/\/www.uqac.ca\/uqactualites\/wp-json\/wp\/v2\/types\/post"}],"author":[{"embeddable":true,"href":"https:\/\/www.uqac.ca\/uqactualites\/wp-json\/wp\/v2\/users\/5"}],"replies":[{"embeddable":true,"href":"https:\/\/www.uqac.ca\/uqactualites\/wp-json\/wp\/v2\/comments?post=43162"}],"version-history":[{"count":0,"href":"https:\/\/www.uqac.ca\/uqactualites\/wp-json\/wp\/v2\/posts\/43162\/revisions"}],"wp:featuredmedia":[{"embeddable":true,"href":"https:\/\/www.uqac.ca\/uqactualites\/wp-json\/wp\/v2\/media\/43163"}],"wp:attachment":[{"href":"https:\/\/www.uqac.ca\/uqactualites\/wp-json\/wp\/v2\/media?parent=43162"}],"wp:term":[{"taxonomy":"category","embeddable":true,"href":"https:\/\/www.uqac.ca\/uqactualites\/wp-json\/wp\/v2\/categories?post=43162"},{"taxonomy":"post_tag","embeddable":true,"href":"https:\/\/www.uqac.ca\/uqactualites\/wp-json\/wp\/v2\/tags?post=43162"}],"curies":[{"name":"wp","href":"https:\/\/api.w.org\/{rel}","templated":true}]}}