{"id":43200,"date":"2023-04-20T12:00:48","date_gmt":"2023-04-20T16:00:48","guid":{"rendered":"https:\/\/www.uqac.ca\/?p=43200"},"modified":"2023-04-20T12:00:48","modified_gmt":"2023-04-20T16:00:48","slug":"luqac-celebre-ses-athletes","status":"publish","type":"post","link":"https:\/\/www.uqac.ca\/uqactualites\/2023\/04\/20\/luqac-celebre-ses-athletes\/","title":{"rendered":"L&rsquo;UQAC c\u00e9l\u00e8bre ses athl\u00e8tes : pr\u00e8s de 30 distinctions remises lors de la Soir\u00e9e reconnaissance des Inuk 2023"},"content":{"rendered":"<p>L&rsquo;excellence, l&rsquo;\u00e9thique sportive et l&rsquo;esprit d&rsquo;\u00e9quipe \u00e9taient \u00e0 l&rsquo;honneur lors de la plus r\u00e9cente \u00e9dition de la Soir\u00e9e Reconnaissance des Inuk, au cours de laquelle pas moins de 14 bourses et 15 prix ont \u00e9t\u00e9 remis aux \u00e9tudiantes et \u00e9tudiants athl\u00e8tes de l&rsquo;UQAC. Tenu le mercredi 19 avril sur la mezzanine du Pavillon sportif \u2013 d&rsquo;ailleurs enti\u00e8rement transform\u00e9e en salle de gala pour l&rsquo;occasion \u2013,\u00a0l&rsquo;\u00e9v\u00e9nement a r\u00e9uni pr\u00e8s d&rsquo;une centaine de convives venus c\u00e9l\u00e9brer le parcours exceptionnel de l&rsquo;\u00e9quipe universitaire au cours de la derni\u00e8re ann\u00e9e. C&rsquo;est ainsi entour\u00e9s de membres de la direction de l&rsquo;UQAC, de la Corporation d&rsquo;aide au Pavillon sportif (CAPS) et de la Fondation de l&rsquo;UQAC, mais \u00e9galement de donateurs et des \u00e9quipes d\u2019entra\u00eeneurs et du personnel de soutien, que nos athl\u00e8tes ont pu souligner la fin d&rsquo;une saison hautement satisfaisante.<\/p>\n<p>Voici les distinctions qui ont \u00e9t\u00e9 remises lors de la soir\u00e9e.<\/p>\n<p>&nbsp;<\/p>\n<hr \/>\n<p>&nbsp;<\/p>\n<div class=\"row\">\n<div class=\"col col-6-of-12 col-xs-4-of-4\">\n<h5>Bourses<\/h5>\n<p><span style=\"color: #6b8a00;\"><strong>Bourses CAPS (Corporation d\u2019aide au pavillon sportif)<\/strong><\/span><br \/>\n<span style=\"color: #808080;\">Remises aux \u00e9tudiants-athl\u00e8tes ayant \u00e9t\u00e9 le fer de lance des performances de leur \u00e9quipe<\/span><\/p>\n<ul>\n<li><strong>Simon Tremblay<br \/>\n<\/strong>\u00c9tudiant au Programme de formation m\u00e9dicale \u00e0 Saguenay \u00b7 Inuk cross-country<\/li>\n<li><strong>Gabriel Vanasse<br \/>\n<\/strong>\u00c9tudiant au <a href=\"https:\/\/www.uqac.ca\/programme\/6598-baccalaureat-en-sciences-readaptation\/\">baccalaur\u00e9at en sciences (r\u00e9adaptation)<\/a> \u00b7 Inuk cross-country et athl\u00e9tisme (demi-fond)<\/li>\n<\/ul>\n<hr \/>\n<p><span style=\"color: #6b8a00;\"><strong>Bourse Molson \u2013 Leadership (Fonds de d\u00e9veloppement)<\/strong><\/span><br \/>\n<span style=\"color: #808080;\">Remise \u00e0 l\u2019\u00e9tudiant-athl\u00e8te ayant regroup\u00e9 et uni l\u2019\u00e9quipe lors des entra\u00eenements et des comp\u00e9titions<\/span><\/p>\n<ul>\n<li><strong>Hugo Savinsky<br \/>\n<\/strong>\u00c9tudiant au <a href=\"https:\/\/www.uqac.ca\/programme\/7764-baccalaureat-en-administration\/\">baccalaur\u00e9at en administration<\/a> \u00b7 Inuk hockey<\/li>\n<\/ul>\n<hr \/>\n<p><span style=\"color: #6b8a00;\"><strong>Bourses Coca-Cola \u2013 Excellence (Fonds de d\u00e9veloppement)<\/strong><\/span><br \/>\n<span style=\"color: #808080;\">Remises aux \u00e9tudiants-athl\u00e8tes pour l&rsquo;ampleur de l\u2019am\u00e9lioration de leurs performances depuis la derni\u00e8re saison<\/span><\/p>\n<ul>\n<li><strong>Hugo St-Germain<br \/>\n<\/strong>\u00c9tudiant au <a href=\"https:\/\/www.uqac.ca\/programme\/6598-baccalaureat-en-sciences-readaptation\/\">baccalaur\u00e9at en sciences (r\u00e9adaptation)<\/a> \u00b7 Inuk hockey<\/li>\n<li><strong>Alexis Dufour<br \/>\n<\/strong>\u00c9tudiant au Programme de formation m\u00e9dicale \u00e0 Saguenay (PFMS) \u00b7 Inuk cross-country<\/li>\n<\/ul>\n<hr \/>\n<p><span style=\"color: #6b8a00;\"><strong>Bourses PEPSI \u2013 Contribution<\/strong> <strong>(Fonds de d\u00e9veloppement)<br \/>\n<\/strong><\/span><span style=\"color: #808080;\">Remises aux \u00e9tudiants-athl\u00e8tes pour l&rsquo;importance de leur r\u00f4le au sein de leur \u00e9quipe<\/span><\/p>\n<ul>\n<li><strong>Pier-Olivier Gilbert<br \/>\n<\/strong>\u00c9tudiant au <a href=\"https:\/\/www.uqac.ca\/programme\/7942-bacc-en-genie-geologique\/\">baccalaur\u00e9at en g\u00e9nie g\u00e9ologique<\/a> \u00b7 Inuk hockey<\/li>\n<li><strong>Mathieu Boulianne<br \/>\n<\/strong>\u00c9tudiant au <a href=\"https:\/\/www.uqac.ca\/programme\/7208-bac-ens-education-physique-et-a-la-sante\/\">baccalaur\u00e9at en enseignement de l&rsquo;\u00e9ducation physique et \u00e0 la sant\u00e9<\/a> \u00b7 Inuk hockey<\/li>\n<\/ul>\n<\/div>\n<div><\/div>\n<div><\/div>\n<div class=\"col col-6-of-12 col-xs-4-of-4\">\n<p>&nbsp;<\/p>\n<p><span style=\"color: #6b8a00;\"><strong>Bourses PEPSI \u2013 Recrues (Fonds de d\u00e9veloppement)<\/strong><\/span><br \/>\n<span style=\"color: #808080;\">Remises aux \u00e9tudiants-athl\u00e8tes pour l&rsquo;importance de leur r\u00f4le au sein de leur \u00e9quipe.<\/span><\/p>\n<ul>\n<li><strong>Marc-Alexandre Simard<br \/>\n<\/strong>\u00c9tudiant au <a href=\"https:\/\/www.uqac.ca\/programme\/7947-baccalaureat-en-genie-mecanique\/\">baccalaur\u00e9at en g\u00e9nie m\u00e9canique<\/a> \u00b7 Inuk hockey<\/li>\n<li><strong>Yohan Turgeon<br \/>\n<\/strong>\u00c9tudiant au <a href=\"https:\/\/www.uqac.ca\/programme\/7208-bac-ens-education-physique-et-a-la-sante\/\">baccalaur\u00e9at en enseignement de l&rsquo;\u00e9ducation physique et \u00e0 la sant\u00e9<\/a> \u00b7 Inuk hockey<\/li>\n<\/ul>\n<hr \/>\n<p><span style=\"color: #6b8a00;\"><strong>Bourses PEPSI \u2013 Excellence (Fonds de d\u00e9veloppement)<\/strong><\/span><br \/>\n<span style=\"color: #808080;\">Remises aux \u00e9tudiant(e)s-athl\u00e8tes ayant \u00e9t\u00e9 le fer de lance des performances de leur \u00e9quipe<\/span><\/p>\n<ul>\n<li><strong>M\u00e9lina Gagnon<br \/>\n<\/strong>\u00c9tudiante au <a href=\"https:\/\/www.uqac.ca\/programme\/7764-baccalaureat-en-administration\/\">baccalaur\u00e9at en administration<\/a> \u00b7 Inuk volleyball<\/li>\n<li><strong>Olivier Briand<br \/>\n<\/strong>\u00c9tudiant au <a href=\"https:\/\/www.uqac.ca\/programme\/7833-baccalaureat-en-informatique\/\">baccalaur\u00e9at en informatique<\/a> \u00b7 Inuk athl\u00e9tisme (lancer)<\/li>\n<li><strong>Myriam St-Hilaire<br \/>\n<\/strong>\u00c9tudiante au <a href=\"https:\/\/www.uqac.ca\/programme\/6598-baccalaureat-en-sciences-readaptation\/\">baccalaur\u00e9at en sciences (r\u00e9adaptation)<\/a> \u00b7\u00a0Inuk athl\u00e9tisme (lancer)<\/li>\n<li><strong>William Bolduc<br \/>\n<\/strong>\u00c9tudiant au <a href=\"https:\/\/www.uqac.ca\/programme\/7208-bac-ens-education-physique-et-a-la-sante\/\">baccalaur\u00e9at en enseignement de l&rsquo;\u00e9ducation physique et \u00e0 la sant\u00e9<\/a> \u00b7 Inuk cross-country<\/li>\n<\/ul>\n<hr \/>\n<p><span style=\"color: #6b8a00;\"><strong>Bourse du Syndicat des charg\u00e9(es) de cours de l&rsquo;UQAC<\/strong><\/span><br \/>\n<span style=\"color: #808080;\">Remise \u00e0 l\u2019\u00e9tudiant-athl\u00e8te pour l\u2019excellence de son dossier acad\u00e9mique, ses performances sportives et son implication au sein de son \u00e9quipe<\/span><\/p>\n<ul>\n<li><strong>Hugo Savinsky<br \/>\n<\/strong>\u00c9tudiant au <a href=\"https:\/\/www.uqac.ca\/programme\/7764-baccalaureat-en-administration\/\">baccalaur\u00e9at en administration<\/a> \u00b7 Inuk hockey<\/li>\n<\/ul>\n<\/div>\n<\/div>\n<p>&nbsp;<\/p>\n<hr \/>\n<p>&nbsp;<\/p>\n<h5>Prix de la Soir\u00e9e reconnaissance<\/h5>\n<div class=\"row\">\n<div class=\"col col-3-of-12 col-xs-4-of-4\"><\/div>\n<\/div>\n<div class=\"row\">\n<div class=\"col col-6-of-12 col-xs-4-of-4\">\n<p><span style=\"color: #6b8a00;\"><strong>Hockey<br \/>\n<img loading=\"lazy\" decoding=\"async\" class=\"wp-image-43235 alignnone\" src=\"https:\/\/www.uqac.ca\/uqactualites\/wp-content\/uploads\/2023\/04\/Pastille_hockey_Inuk-150x150.png\" alt=\"\" width=\"70\" height=\"70\" srcset=\"https:\/\/www.uqac.ca\/uqactualites\/wp-content\/uploads\/2023\/04\/Pastille_hockey_Inuk-150x150.png 150w, https:\/\/www.uqac.ca\/uqactualites\/wp-content\/uploads\/2023\/04\/Pastille_hockey_Inuk-300x300.png 300w, https:\/\/www.uqac.ca\/uqactualites\/wp-content\/uploads\/2023\/04\/Pastille_hockey_Inuk.png 500w\" sizes=\"(max-width: 70px) 100vw, 70px\" \/><br \/>\n<\/strong><\/span><\/p>\n<ul>\n<li>Joueur d\u00e9fensif\u00a0: <strong>Justin Trottier<\/strong>, \u00e9tudiant au\u00a0<a href=\"https:\/\/www.uqac.ca\/programme\/7208-bac-ens-education-physique-et-a-la-sante\/\">baccalaur\u00e9at en enseignement de l&rsquo;\u00e9ducation physique et \u00e0 la sant\u00e9<\/a><\/li>\n<li>Jouer par excellence\u00a0: <strong>Hugo Savinsky<\/strong>, \u00e9tudiant au <a href=\"https:\/\/www.uqac.ca\/programme\/7764-baccalaureat-en-administration\/\">baccalaur\u00e9at en administration<\/a><\/li>\n<li>Joueur offensif\u00a0: <strong>Karel Pelletie<\/strong>r, \u00e9tudiant au <a href=\"https:\/\/www.uqac.ca\/programme\/7208-bac-ens-education-physique-et-a-la-sante\/\">baccalaur\u00e9at en enseignement de l&rsquo;\u00e9ducation physique et \u00e0 la sant\u00e9<\/a><\/li>\n<li>\u00c9thique sportive:<strong> Hugo St-Germain<\/strong>, \u00e9tudiant au <a href=\"https:\/\/www.uqac.ca\/programme\/6598-baccalaureat-en-sciences-readaptation\/\">baccalaur\u00e9at en sciences (r\u00e9adaptation)<\/a><\/li>\n<\/ul>\n<p>&nbsp;<\/p>\n<p><span style=\"color: #6b8a00;\"><strong>Volleyball<br \/>\n<\/strong><\/span><img loading=\"lazy\" decoding=\"async\" class=\" wp-image-43236 alignnone\" src=\"https:\/\/www.uqac.ca\/uqactualites\/wp-content\/uploads\/2023\/04\/volleyballf-150x150.png\" alt=\"\" width=\"70\" height=\"70\" srcset=\"https:\/\/www.uqac.ca\/uqactualites\/wp-content\/uploads\/2023\/04\/volleyballf-150x150.png 150w, https:\/\/www.uqac.ca\/uqactualites\/wp-content\/uploads\/2023\/04\/volleyballf.png 300w\" sizes=\"(max-width: 70px) 100vw, 70px\" \/><\/p>\n<ul>\n<li>Performance d\u00e9fensive\u00a0: <strong>M\u00e9lina Gagnon<\/strong>, \u00e9tudiante au <a href=\"https:\/\/www.uqac.ca\/programme\/7764-baccalaureat-en-administration\/\">b<span class=\"ui-provider gq b c d e f g h i j k l m n o p q r s t u v w x y z ab ac ae af ag ah ai aj ak\" dir=\"ltr\">accalaur\u00e9at en administration<\/span><\/a><\/li>\n<li>Performance offensive\u00a0: <strong>\u00c9lodie Rousselle<\/strong>, \u00e9tudiante au <a href=\"https:\/\/www.uqac.ca\/programme\/7651-bacc-en-ens-secondaire-profil-francais\/\">baccalaur\u00e9at en enseignement secondaire &#8211; profil fran\u00e7ais<\/a><\/li>\n<li>Plus grande am\u00e9lioration\u00a0: <strong>No\u00e9mie Lacasse<\/strong>, \u00e9tudiante au Programme de formation m\u00e9dicale \u00e0 Saguenay<\/li>\n<li>\u00c9thique sportive\u00a0: <strong>M\u00e9gan Simard<\/strong><a href=\"https:\/\/www.uqac.ca\/programme\/7092-baccalaureat-en-psychologie\/\">, \u00e9tudiante au baccalaur\u00e9at en psychologie<\/a><\/li>\n<\/ul>\n<\/div>\n<div class=\"col col-6-of-12 col-xs-4-of-4\">\n<p><span style=\"color: #6b8a00;\"><strong>Athl\u00e9tisme<br \/>\n<\/strong><\/span><img loading=\"lazy\" decoding=\"async\" class=\" wp-image-43234 alignnone\" src=\"https:\/\/www.uqac.ca\/uqactualites\/wp-content\/uploads\/2023\/04\/athletismecrosscountry-150x150.png\" alt=\"\" width=\"70\" height=\"70\" srcset=\"https:\/\/www.uqac.ca\/uqactualites\/wp-content\/uploads\/2023\/04\/athletismecrosscountry-150x150.png 150w, https:\/\/www.uqac.ca\/uqactualites\/wp-content\/uploads\/2023\/04\/athletismecrosscountry.png 300w\" sizes=\"(max-width: 70px) 100vw, 70px\" \/><\/p>\n<ul>\n<li>Athl\u00e8te de l\u2019ann\u00e9e\u00a0: <strong>Olivier Briand<\/strong>,\u00a0\u00e9tudiant au <a href=\"https:\/\/www.uqac.ca\/programme\/7833-baccalaureat-en-informatique\/\">baccalaur\u00e9at en informatique<\/a>\u00a0&#8211; Inuk athl\u00e9tisme (lancer)<\/li>\n<li>\u00c9thique sportive\u00a0: <strong>Olivier Briand<\/strong>, \u00e9tudiant au <a href=\"https:\/\/www.uqac.ca\/programme\/7833-baccalaureat-en-informatique\/\">baccalaur\u00e9at en informatique<\/a>\u00a0&#8211; Inuk athl\u00e9tisme (lancer)<\/li>\n<li>Plus grande am\u00e9lioration\u00a0: <strong>Samuel Picotin<\/strong>, \u00e9tudiant au <a href=\"https:\/\/www.uqac.ca\/programme\/6598-baccalaureat-en-sciences-readaptation\/\">baccalaur\u00e9at en sciences (r\u00e9adaptation)<\/a>\u00a0&#8211; Inuk athl\u00e9tisme (lancer)<\/li>\n<\/ul>\n<p>&nbsp;<\/p>\n<p><span style=\"color: #6b8a00;\"><strong>Cross-country<br \/>\n<\/strong><\/span><img loading=\"lazy\" decoding=\"async\" class=\" wp-image-43234 alignnone\" src=\"https:\/\/www.uqac.ca\/uqactualites\/wp-content\/uploads\/2023\/04\/athletismecrosscountry-150x150.png\" alt=\"\" width=\"70\" height=\"70\" srcset=\"https:\/\/www.uqac.ca\/uqactualites\/wp-content\/uploads\/2023\/04\/athletismecrosscountry-150x150.png 150w, https:\/\/www.uqac.ca\/uqactualites\/wp-content\/uploads\/2023\/04\/athletismecrosscountry.png 300w\" sizes=\"(max-width: 70px) 100vw, 70px\" \/><\/p>\n<ul>\n<li>Performance de l\u2019ann\u00e9e\u00a0: <strong>Gabriel Vanasse<\/strong>, \u00e9tudiant au <a href=\"https:\/\/www.uqac.ca\/programme\/6598-baccalaureat-en-sciences-readaptation\/\">baccalaur\u00e9at en sciences (r\u00e9adaptation)<\/a> &#8211; Inuk demi-fond<\/li>\n<li>Recrue de l\u2019ann\u00e9e\u00a0: <strong>Th\u00e9o Detige<\/strong>, \u00e9tudiant \u00e0 la <a href=\"https:\/\/www.uqac.ca\/programme\/3595-m-en-etudes-et-interventions-regionales\/\">ma\u00eetrise en \u00e9tudes et interventions r\u00e9gionales<\/a><\/li>\n<li>Plus grande am\u00e9lioration\u00a0: <strong>Marianne Bogus<\/strong>, \u00e9tudiante au <a href=\"https:\/\/www.uqac.ca\/programme\/6598-baccalaureat-en-sciences-readaptation\/\">baccalaur\u00e9at en sciences (r\u00e9adaptation)<\/a><\/li>\n<li>\u00c9thique sportive\u00a0: <strong>Simon Tremblay<\/strong>, \u00e9tudiant au Programme de formation m\u00e9dicale \u00e0 Saguenay<\/li>\n<\/ul>\n<\/div>\n<\/div>\n<p>&nbsp;<\/p>\n<hr \/>\n<p>&nbsp;<\/p>\n<div id='gallery-1' class='gallery galleryid-43200 gallery-columns-3 gallery-size-medium'><figure class='gallery-item'>\n\t\t\t<div class='gallery-icon landscape'>\n\t\t\t\t<a href='https:\/\/www.uqac.ca\/uqactualites\/wp-content\/uploads\/2023\/04\/20230419_173311.jpg'><img loading=\"lazy\" decoding=\"async\" width=\"300\" height=\"170\" src=\"https:\/\/www.uqac.ca\/uqactualites\/wp-content\/uploads\/2023\/04\/20230419_173311-300x170.jpg\" class=\"attachment-medium size-medium\" alt=\"\" aria-describedby=\"gallery-1-43240\" srcset=\"https:\/\/www.uqac.ca\/uqactualites\/wp-content\/uploads\/2023\/04\/20230419_173311-300x170.jpg 300w, https:\/\/www.uqac.ca\/uqactualites\/wp-content\/uploads\/2023\/04\/20230419_173311-1024x581.jpg 1024w, https:\/\/www.uqac.ca\/uqactualites\/wp-content\/uploads\/2023\/04\/20230419_173311-768x436.jpg 768w, https:\/\/www.uqac.ca\/uqactualites\/wp-content\/uploads\/2023\/04\/20230419_173311-1536x871.jpg 1536w, https:\/\/www.uqac.ca\/uqactualites\/wp-content\/uploads\/2023\/04\/20230419_173311-2048x1162.jpg 2048w\" sizes=\"(max-width: 300px) 100vw, 300px\" \/><\/a>\n\t\t\t<\/div>\n\t\t\t\t<figcaption class='wp-caption-text gallery-caption' id='gallery-1-43240'>\n\t\t\t\t\u00c9tudiants-athl\u00e8tes \u00b7 Hockey masculin\n\t\t\t\t<\/figcaption><\/figure><figure class='gallery-item'>\n\t\t\t<div class='gallery-icon landscape'>\n\t\t\t\t<a href='https:\/\/www.uqac.ca\/uqactualites\/wp-content\/uploads\/2023\/04\/20230419_173131-scaled.jpg'><img loading=\"lazy\" decoding=\"async\" width=\"300\" height=\"184\" src=\"https:\/\/www.uqac.ca\/uqactualites\/wp-content\/uploads\/2023\/04\/20230419_173131-300x184.jpg\" class=\"attachment-medium size-medium\" alt=\"\" aria-describedby=\"gallery-1-43243\" srcset=\"https:\/\/www.uqac.ca\/uqactualites\/wp-content\/uploads\/2023\/04\/20230419_173131-300x184.jpg 300w, https:\/\/www.uqac.ca\/uqactualites\/wp-content\/uploads\/2023\/04\/20230419_173131-1024x627.jpg 1024w, https:\/\/www.uqac.ca\/uqactualites\/wp-content\/uploads\/2023\/04\/20230419_173131-768x470.jpg 768w, https:\/\/www.uqac.ca\/uqactualites\/wp-content\/uploads\/2023\/04\/20230419_173131-1536x940.jpg 1536w, https:\/\/www.uqac.ca\/uqactualites\/wp-content\/uploads\/2023\/04\/20230419_173131-2048x1253.jpg 2048w\" sizes=\"(max-width: 300px) 100vw, 300px\" \/><\/a>\n\t\t\t<\/div>\n\t\t\t\t<figcaption class='wp-caption-text gallery-caption' id='gallery-1-43243'>\n\t\t\t\t\u00c9tudiantes-athl\u00e8tes \u00b7 Volleyball f\u00e9minin\n\t\t\t\t<\/figcaption><\/figure><figure class='gallery-item'>\n\t\t\t<div class='gallery-icon landscape'>\n\t\t\t\t<a href='https:\/\/www.uqac.ca\/uqactualites\/wp-content\/uploads\/2023\/04\/20230419_173514-scaled.jpg'><img loading=\"lazy\" decoding=\"async\" width=\"300\" height=\"185\" src=\"https:\/\/www.uqac.ca\/uqactualites\/wp-content\/uploads\/2023\/04\/20230419_173514-300x185.jpg\" class=\"attachment-medium size-medium\" alt=\"\" aria-describedby=\"gallery-1-43245\" srcset=\"https:\/\/www.uqac.ca\/uqactualites\/wp-content\/uploads\/2023\/04\/20230419_173514-300x185.jpg 300w, https:\/\/www.uqac.ca\/uqactualites\/wp-content\/uploads\/2023\/04\/20230419_173514-1024x630.jpg 1024w, https:\/\/www.uqac.ca\/uqactualites\/wp-content\/uploads\/2023\/04\/20230419_173514-768x473.jpg 768w, https:\/\/www.uqac.ca\/uqactualites\/wp-content\/uploads\/2023\/04\/20230419_173514-1536x945.jpg 1536w, https:\/\/www.uqac.ca\/uqactualites\/wp-content\/uploads\/2023\/04\/20230419_173514-2048x1261.jpg 2048w\" sizes=\"(max-width: 300px) 100vw, 300px\" \/><\/a>\n\t\t\t<\/div>\n\t\t\t\t<figcaption class='wp-caption-text gallery-caption' id='gallery-1-43245'>\n\t\t\t\t\u00c9tudiant(e)s-athl\u00e8tes \u00b7 Athl\u00e9tisme et cross-country\n\t\t\t\t<\/figcaption><\/figure>\n\t\t<\/div>\n\n<p>&nbsp;<\/p>\n<p>&nbsp;<\/p>\n","protected":false},"excerpt":{"rendered":"<p>L&rsquo;excellence, l&rsquo;\u00e9thique sportive et l&rsquo;esprit d&rsquo;\u00e9quipe \u00e9taient \u00e0 l&rsquo;honneur lors de la plus r\u00e9cente \u00e9dition de la Soir\u00e9e Reconnaissance des Inuk, au cours de laquelle pas moins de 14 bourses et 15 prix ont \u00e9t\u00e9 remis aux \u00e9tudiantes et \u00e9tudiants athl\u00e8tes de l&rsquo;UQAC. Tenu le mercredi 19 avril sur la mezzanine du Pavillon sportif \u2013 [&hellip;]<\/p>\n","protected":false},"author":5,"featured_media":43242,"comment_status":"closed","ping_status":"closed","sticky":false,"template":"","format":"standard","meta":{"footnotes":""},"categories":[2,2773],"tags":[26],"yoast_head":"<!-- This site is optimized with the Yoast SEO plugin v24.2 - https:\/\/yoast.com\/wordpress\/plugins\/seo\/ -->\r\n<title>L&#039;UQAC c\u00e9l\u00e8bre ses athl\u00e8tes : pr\u00e8s de 30 distinctions remises lors de la Soir\u00e9e reconnaissance des Inuk 2023 - UQACtualit\u00e9s<\/title>\r\n<meta name=\"robots\" content=\"index, follow, max-snippet:-1, max-image-preview:large, max-video-preview:-1\" \/>\r\n<link rel=\"canonical\" href=\"https:\/\/www.uqac.ca\/uqactualites\/2023\/04\/20\/luqac-celebre-ses-athletes\/\" \/>\r\n<meta property=\"og:locale\" content=\"fr_CA\" \/>\r\n<meta property=\"og:type\" content=\"article\" \/>\r\n<meta property=\"og:title\" content=\"L&#039;UQAC c\u00e9l\u00e8bre ses athl\u00e8tes : pr\u00e8s de 30 distinctions remises lors de la Soir\u00e9e reconnaissance des Inuk 2023 - UQACtualit\u00e9s\" \/>\r\n<meta property=\"og:description\" content=\"L&rsquo;excellence, l&rsquo;\u00e9thique sportive et l&rsquo;esprit d&rsquo;\u00e9quipe \u00e9taient \u00e0 l&rsquo;honneur lors de la plus r\u00e9cente \u00e9dition de la Soir\u00e9e Reconnaissance des Inuk, au cours de laquelle pas moins de 14 bourses et 15 prix ont \u00e9t\u00e9 remis aux \u00e9tudiantes et \u00e9tudiants athl\u00e8tes de l&rsquo;UQAC. Tenu le mercredi 19 avril sur la mezzanine du Pavillon sportif \u2013 [&hellip;]\" \/>\r\n<meta property=\"og:url\" content=\"https:\/\/www.uqac.ca\/uqactualites\/2023\/04\/20\/luqac-celebre-ses-athletes\/\" \/>\r\n<meta property=\"og:site_name\" content=\"UQACtualit\u00e9s\" \/>\r\n<meta property=\"article:published_time\" content=\"2023-04-20T16:00:48+00:00\" \/>\r\n<meta property=\"og:image\" content=\"https:\/\/www.uqac.ca\/uqactualites\/wp-content\/uploads\/2023\/04\/20230419_174859-scaled.jpg\" \/>\r\n\t<meta property=\"og:image:width\" content=\"1920\" \/>\r\n\t<meta property=\"og:image:height\" content=\"2560\" \/>\r\n\t<meta property=\"og:image:type\" content=\"image\/jpeg\" \/>\r\n<meta name=\"author\" content=\"Service des communications et des relations publiques\" \/>\r\n<meta name=\"twitter:card\" content=\"summary_large_image\" \/>\r\n<meta name=\"twitter:label1\" content=\"\u00c9crit par\" \/>\n\t<meta name=\"twitter:data1\" content=\"Service des communications et des relations publiques\" \/>\n\t<meta name=\"twitter:label2\" content=\"Estimation du temps de lecture\" \/>\n\t<meta name=\"twitter:data2\" content=\"4 minutes\" \/>\r\n<script type=\"application\/ld+json\" class=\"yoast-schema-graph\">{\"@context\":\"https:\/\/schema.org\",\"@graph\":[{\"@type\":\"WebPage\",\"@id\":\"https:\/\/www.uqac.ca\/uqactualites\/2023\/04\/20\/luqac-celebre-ses-athletes\/\",\"url\":\"https:\/\/www.uqac.ca\/uqactualites\/2023\/04\/20\/luqac-celebre-ses-athletes\/\",\"name\":\"L'UQAC c\u00e9l\u00e8bre ses athl\u00e8tes : pr\u00e8s de 30 distinctions remises lors de la Soir\u00e9e reconnaissance des Inuk 2023 - UQACtualit\u00e9s\",\"isPartOf\":{\"@id\":\"https:\/\/www.uqac.ca\/uqactualites\/#website\"},\"primaryImageOfPage\":{\"@id\":\"https:\/\/www.uqac.ca\/uqactualites\/2023\/04\/20\/luqac-celebre-ses-athletes\/#primaryimage\"},\"image\":{\"@id\":\"https:\/\/www.uqac.ca\/uqactualites\/2023\/04\/20\/luqac-celebre-ses-athletes\/#primaryimage\"},\"thumbnailUrl\":\"https:\/\/www.uqac.ca\/uqactualites\/wp-content\/uploads\/2023\/04\/20230419_174859-scaled.jpg\",\"datePublished\":\"2023-04-20T16:00:48+00:00\",\"dateModified\":\"2023-04-20T16:00:48+00:00\",\"author\":{\"@id\":\"https:\/\/www.uqac.ca\/uqactualites\/#\/schema\/person\/366c45a0c4f0e677b41b4af5886e2018\"},\"breadcrumb\":{\"@id\":\"https:\/\/www.uqac.ca\/uqactualites\/2023\/04\/20\/luqac-celebre-ses-athletes\/#breadcrumb\"},\"inLanguage\":\"fr-CA\",\"potentialAction\":[{\"@type\":\"ReadAction\",\"target\":[\"https:\/\/www.uqac.ca\/uqactualites\/2023\/04\/20\/luqac-celebre-ses-athletes\/\"]}]},{\"@type\":\"ImageObject\",\"inLanguage\":\"fr-CA\",\"@id\":\"https:\/\/www.uqac.ca\/uqactualites\/2023\/04\/20\/luqac-celebre-ses-athletes\/#primaryimage\",\"url\":\"https:\/\/www.uqac.ca\/uqactualites\/wp-content\/uploads\/2023\/04\/20230419_174859-scaled.jpg\",\"contentUrl\":\"https:\/\/www.uqac.ca\/uqactualites\/wp-content\/uploads\/2023\/04\/20230419_174859-scaled.jpg\",\"width\":1920,\"height\":2560},{\"@type\":\"BreadcrumbList\",\"@id\":\"https:\/\/www.uqac.ca\/uqactualites\/2023\/04\/20\/luqac-celebre-ses-athletes\/#breadcrumb\",\"itemListElement\":[{\"@type\":\"ListItem\",\"position\":1,\"name\":\"Home\",\"item\":\"https:\/\/www.uqac.ca\/uqactualites\/\"},{\"@type\":\"ListItem\",\"position\":2,\"name\":\"L&rsquo;UQAC c\u00e9l\u00e8bre ses athl\u00e8tes : pr\u00e8s de 30 distinctions remises lors de la Soir\u00e9e reconnaissance des Inuk 2023\"}]},{\"@type\":\"WebSite\",\"@id\":\"https:\/\/www.uqac.ca\/uqactualites\/#website\",\"url\":\"https:\/\/www.uqac.ca\/uqactualites\/\",\"name\":\"UQACtualit\u00e9s\",\"description\":\"Le portail des nouvelles de l&#039;UQAC\",\"potentialAction\":[{\"@type\":\"SearchAction\",\"target\":{\"@type\":\"EntryPoint\",\"urlTemplate\":\"https:\/\/www.uqac.ca\/uqactualites\/?s={search_term_string}\"},\"query-input\":{\"@type\":\"PropertyValueSpecification\",\"valueRequired\":true,\"valueName\":\"search_term_string\"}}],\"inLanguage\":\"fr-CA\"},{\"@type\":\"Person\",\"@id\":\"https:\/\/www.uqac.ca\/uqactualites\/#\/schema\/person\/366c45a0c4f0e677b41b4af5886e2018\",\"name\":\"Service des communications et des relations publiques\",\"image\":{\"@type\":\"ImageObject\",\"inLanguage\":\"fr-CA\",\"@id\":\"https:\/\/www.uqac.ca\/uqactualites\/#\/schema\/person\/image\/\",\"url\":\"https:\/\/secure.gravatar.com\/avatar\/20fbbda8a292f59f2d3461a5b999c00b?s=96&d=mm&r=g\",\"contentUrl\":\"https:\/\/secure.gravatar.com\/avatar\/20fbbda8a292f59f2d3461a5b999c00b?s=96&d=mm&r=g\",\"caption\":\"Service des communications et des relations publiques\"},\"url\":\"https:\/\/www.uqac.ca\/uqactualites\/author\/bap\/\"}]}<\/script>\r\n<!-- \/ Yoast SEO plugin. -->","yoast_head_json":{"title":"L'UQAC c\u00e9l\u00e8bre ses athl\u00e8tes : pr\u00e8s de 30 distinctions remises lors de la Soir\u00e9e reconnaissance des Inuk 2023 - UQACtualit\u00e9s","robots":{"index":"index","follow":"follow","max-snippet":"max-snippet:-1","max-image-preview":"max-image-preview:large","max-video-preview":"max-video-preview:-1"},"canonical":"https:\/\/www.uqac.ca\/uqactualites\/2023\/04\/20\/luqac-celebre-ses-athletes\/","og_locale":"fr_CA","og_type":"article","og_title":"L'UQAC c\u00e9l\u00e8bre ses athl\u00e8tes : pr\u00e8s de 30 distinctions remises lors de la Soir\u00e9e reconnaissance des Inuk 2023 - UQACtualit\u00e9s","og_description":"L&rsquo;excellence, l&rsquo;\u00e9thique sportive et l&rsquo;esprit d&rsquo;\u00e9quipe \u00e9taient \u00e0 l&rsquo;honneur lors de la plus r\u00e9cente \u00e9dition de la Soir\u00e9e Reconnaissance des Inuk, au cours de laquelle pas moins de 14 bourses et 15 prix ont \u00e9t\u00e9 remis aux \u00e9tudiantes et \u00e9tudiants athl\u00e8tes de l&rsquo;UQAC. Tenu le mercredi 19 avril sur la mezzanine du Pavillon sportif \u2013 [&hellip;]","og_url":"https:\/\/www.uqac.ca\/uqactualites\/2023\/04\/20\/luqac-celebre-ses-athletes\/","og_site_name":"UQACtualit\u00e9s","article_published_time":"2023-04-20T16:00:48+00:00","og_image":[{"width":1920,"height":2560,"url":"https:\/\/www.uqac.ca\/uqactualites\/wp-content\/uploads\/2023\/04\/20230419_174859-scaled.jpg","type":"image\/jpeg"}],"author":"Service des communications et des relations publiques","twitter_card":"summary_large_image","twitter_misc":{"\u00c9crit par":"Service des communications et des relations publiques","Estimation du temps de lecture":"4 minutes"},"schema":{"@context":"https:\/\/schema.org","@graph":[{"@type":"WebPage","@id":"https:\/\/www.uqac.ca\/uqactualites\/2023\/04\/20\/luqac-celebre-ses-athletes\/","url":"https:\/\/www.uqac.ca\/uqactualites\/2023\/04\/20\/luqac-celebre-ses-athletes\/","name":"L'UQAC c\u00e9l\u00e8bre ses athl\u00e8tes : pr\u00e8s de 30 distinctions remises lors de la Soir\u00e9e reconnaissance des Inuk 2023 - UQACtualit\u00e9s","isPartOf":{"@id":"https:\/\/www.uqac.ca\/uqactualites\/#website"},"primaryImageOfPage":{"@id":"https:\/\/www.uqac.ca\/uqactualites\/2023\/04\/20\/luqac-celebre-ses-athletes\/#primaryimage"},"image":{"@id":"https:\/\/www.uqac.ca\/uqactualites\/2023\/04\/20\/luqac-celebre-ses-athletes\/#primaryimage"},"thumbnailUrl":"https:\/\/www.uqac.ca\/uqactualites\/wp-content\/uploads\/2023\/04\/20230419_174859-scaled.jpg","datePublished":"2023-04-20T16:00:48+00:00","dateModified":"2023-04-20T16:00:48+00:00","author":{"@id":"https:\/\/www.uqac.ca\/uqactualites\/#\/schema\/person\/366c45a0c4f0e677b41b4af5886e2018"},"breadcrumb":{"@id":"https:\/\/www.uqac.ca\/uqactualites\/2023\/04\/20\/luqac-celebre-ses-athletes\/#breadcrumb"},"inLanguage":"fr-CA","potentialAction":[{"@type":"ReadAction","target":["https:\/\/www.uqac.ca\/uqactualites\/2023\/04\/20\/luqac-celebre-ses-athletes\/"]}]},{"@type":"ImageObject","inLanguage":"fr-CA","@id":"https:\/\/www.uqac.ca\/uqactualites\/2023\/04\/20\/luqac-celebre-ses-athletes\/#primaryimage","url":"https:\/\/www.uqac.ca\/uqactualites\/wp-content\/uploads\/2023\/04\/20230419_174859-scaled.jpg","contentUrl":"https:\/\/www.uqac.ca\/uqactualites\/wp-content\/uploads\/2023\/04\/20230419_174859-scaled.jpg","width":1920,"height":2560},{"@type":"BreadcrumbList","@id":"https:\/\/www.uqac.ca\/uqactualites\/2023\/04\/20\/luqac-celebre-ses-athletes\/#breadcrumb","itemListElement":[{"@type":"ListItem","position":1,"name":"Home","item":"https:\/\/www.uqac.ca\/uqactualites\/"},{"@type":"ListItem","position":2,"name":"L&rsquo;UQAC c\u00e9l\u00e8bre ses athl\u00e8tes : pr\u00e8s de 30 distinctions remises lors de la Soir\u00e9e reconnaissance des Inuk 2023"}]},{"@type":"WebSite","@id":"https:\/\/www.uqac.ca\/uqactualites\/#website","url":"https:\/\/www.uqac.ca\/uqactualites\/","name":"UQACtualit\u00e9s","description":"Le portail des nouvelles de l&#039;UQAC","potentialAction":[{"@type":"SearchAction","target":{"@type":"EntryPoint","urlTemplate":"https:\/\/www.uqac.ca\/uqactualites\/?s={search_term_string}"},"query-input":{"@type":"PropertyValueSpecification","valueRequired":true,"valueName":"search_term_string"}}],"inLanguage":"fr-CA"},{"@type":"Person","@id":"https:\/\/www.uqac.ca\/uqactualites\/#\/schema\/person\/366c45a0c4f0e677b41b4af5886e2018","name":"Service des communications et des relations publiques","image":{"@type":"ImageObject","inLanguage":"fr-CA","@id":"https:\/\/www.uqac.ca\/uqactualites\/#\/schema\/person\/image\/","url":"https:\/\/secure.gravatar.com\/avatar\/20fbbda8a292f59f2d3461a5b999c00b?s=96&d=mm&r=g","contentUrl":"https:\/\/secure.gravatar.com\/avatar\/20fbbda8a292f59f2d3461a5b999c00b?s=96&d=mm&r=g","caption":"Service des communications et des relations publiques"},"url":"https:\/\/www.uqac.ca\/uqactualites\/author\/bap\/"}]}},"_links":{"self":[{"href":"https:\/\/www.uqac.ca\/uqactualites\/wp-json\/wp\/v2\/posts\/43200"}],"collection":[{"href":"https:\/\/www.uqac.ca\/uqactualites\/wp-json\/wp\/v2\/posts"}],"about":[{"href":"https:\/\/www.uqac.ca\/uqactualites\/wp-json\/wp\/v2\/types\/post"}],"author":[{"embeddable":true,"href":"https:\/\/www.uqac.ca\/uqactualites\/wp-json\/wp\/v2\/users\/5"}],"replies":[{"embeddable":true,"href":"https:\/\/www.uqac.ca\/uqactualites\/wp-json\/wp\/v2\/comments?post=43200"}],"version-history":[{"count":0,"href":"https:\/\/www.uqac.ca\/uqactualites\/wp-json\/wp\/v2\/posts\/43200\/revisions"}],"wp:featuredmedia":[{"embeddable":true,"href":"https:\/\/www.uqac.ca\/uqactualites\/wp-json\/wp\/v2\/media\/43242"}],"wp:attachment":[{"href":"https:\/\/www.uqac.ca\/uqactualites\/wp-json\/wp\/v2\/media?parent=43200"}],"wp:term":[{"taxonomy":"category","embeddable":true,"href":"https:\/\/www.uqac.ca\/uqactualites\/wp-json\/wp\/v2\/categories?post=43200"},{"taxonomy":"post_tag","embeddable":true,"href":"https:\/\/www.uqac.ca\/uqactualites\/wp-json\/wp\/v2\/tags?post=43200"}],"curies":[{"name":"wp","href":"https:\/\/api.w.org\/{rel}","templated":true}]}}