{"id":43203,"date":"2023-04-20T11:48:54","date_gmt":"2023-04-20T15:48:54","guid":{"rendered":"https:\/\/www.uqac.ca\/?p=43203"},"modified":"2023-04-20T11:48:54","modified_gmt":"2023-04-20T15:48:54","slug":"distribution-de-collations-des-actions-qui-font-du-bien","status":"publish","type":"post","link":"https:\/\/www.uqac.ca\/uqactualites\/2023\/04\/20\/distribution-de-collations-des-actions-qui-font-du-bien\/","title":{"rendered":"Distribution de collations : des actions qui font du bien"},"content":{"rendered":"<p>Mercredi 19, jeudi 20, mardi 25, mercredi 26 avril de 7h30 \u00e0 8h &amp; de 12h30 \u00e0 13h\u00a0aux portes Est et Ouest du pavillon principal, aura lieu une distribution de collation dans le but d\u2019aider les \u00e9tudiants et \u00e9tudiantes \u00e0 garder des saines habitudes de vie, plus particuli\u00e8rement en fin de trimestre.<\/p>\n<p>Initiative du Comit\u00e9 \u00e9tudiant d\u2019actions bienveillantes, en collaboration avec le Village relais, <a href=\"https:\/\/mageuqac.com\/\" target=\"_blank\" rel=\"noopener\">Mage-UQAC,\u00a0<\/a><a href=\"https:\/\/sae.uqac.ca\/\" target=\"_blank\" rel=\"noopener\">les services aux \u00e9tudiants<\/a>\u00a0et\u00a0<a href=\"https:\/\/santesaglac.gouv.qc.ca\/conseils-sante\/reseau-declaireurs\/\" target=\"_blank\" rel=\"noopener\">le r\u00e9seau des \u00c9claireurs du CIUSSS<\/a>\u00a0: l&rsquo;activit\u00e9 a pour but de sensibiliser les \u00e9tudiants \u00e0 l\u2019importance de prendre soin de soi, de s\u2019arr\u00eater et de valoriser des saines habitudes de vie.<\/p>\n<p>Intitul\u00e9 : Viens chercher ta collation, il s\u2019agit de la premi\u00e8re activit\u00e9 concr\u00e8te men\u00e9e par Le comit\u00e9 d\u2019actions bienveillantes, qui s\u2019est assur\u00e9 de l\u2019organisation des kiosques. Sur 4 jours \u00e0 raison de 2 p\u00e9riodes par jour, il sera propos\u00e9 aux \u00e9tudiants et \u00e9tudiantes de prendre une collation gratuite, question de les aider \u00e0 affronter la p\u00e9riode des examens et le grand stress qui vient avec.<\/p>\n","protected":false},"excerpt":{"rendered":"<p>Mercredi 19, jeudi 20, mardi 25, mercredi 26 avril de 7h30 \u00e0 8h &amp; de 12h30 \u00e0 13h\u00a0aux portes Est et Ouest du pavillon principal, aura lieu une distribution de collation dans le but d\u2019aider les \u00e9tudiants et \u00e9tudiantes \u00e0 garder des saines habitudes de vie, plus particuli\u00e8rement en fin de trimestre. Initiative du Comit\u00e9 [&hellip;]<\/p>\n","protected":false},"author":5,"featured_media":43207,"comment_status":"closed","ping_status":"closed","sticky":false,"template":"","format":"standard","meta":{"footnotes":""},"categories":[2],"tags":[],"yoast_head":"<!-- This site is optimized with the Yoast SEO plugin v24.2 - https:\/\/yoast.com\/wordpress\/plugins\/seo\/ -->\r\n<title>Distribution de collations : des actions qui font du bien - UQACtualit\u00e9s<\/title>\r\n<meta name=\"robots\" content=\"index, follow, max-snippet:-1, max-image-preview:large, max-video-preview:-1\" \/>\r\n<link rel=\"canonical\" href=\"https:\/\/www.uqac.ca\/uqactualites\/2023\/04\/20\/distribution-de-collations-des-actions-qui-font-du-bien\/\" \/>\r\n<meta property=\"og:locale\" content=\"fr_CA\" \/>\r\n<meta property=\"og:type\" content=\"article\" \/>\r\n<meta property=\"og:title\" content=\"Distribution de collations : des actions qui font du bien - UQACtualit\u00e9s\" \/>\r\n<meta property=\"og:description\" content=\"Mercredi 19, jeudi 20, mardi 25, mercredi 26 avril de 7h30 \u00e0 8h &amp; de 12h30 \u00e0 13h\u00a0aux portes Est et Ouest du pavillon principal, aura lieu une distribution de collation dans le but d\u2019aider les \u00e9tudiants et \u00e9tudiantes \u00e0 garder des saines habitudes de vie, plus particuli\u00e8rement en fin de trimestre. Initiative du Comit\u00e9 [&hellip;]\" \/>\r\n<meta property=\"og:url\" content=\"https:\/\/www.uqac.ca\/uqactualites\/2023\/04\/20\/distribution-de-collations-des-actions-qui-font-du-bien\/\" \/>\r\n<meta property=\"og:site_name\" content=\"UQACtualit\u00e9s\" \/>\r\n<meta property=\"article:published_time\" content=\"2023-04-20T15:48:54+00:00\" \/>\r\n<meta property=\"og:image\" content=\"https:\/\/www.uqac.ca\/uqactualites\/wp-content\/uploads\/2023\/04\/collation_image-3.jpg\" \/>\r\n\t<meta property=\"og:image:width\" content=\"2000\" \/>\r\n\t<meta property=\"og:image:height\" content=\"1500\" \/>\r\n\t<meta property=\"og:image:type\" content=\"image\/jpeg\" \/>\r\n<meta name=\"author\" content=\"Service des communications et des relations publiques\" \/>\r\n<meta name=\"twitter:card\" content=\"summary_large_image\" \/>\r\n<meta name=\"twitter:label1\" content=\"\u00c9crit par\" \/>\n\t<meta name=\"twitter:data1\" content=\"Service des communications et des relations publiques\" \/>\n\t<meta name=\"twitter:label2\" content=\"Estimation du temps de lecture\" \/>\n\t<meta name=\"twitter:data2\" content=\"1 minute\" \/>\r\n<script type=\"application\/ld+json\" class=\"yoast-schema-graph\">{\"@context\":\"https:\/\/schema.org\",\"@graph\":[{\"@type\":\"WebPage\",\"@id\":\"https:\/\/www.uqac.ca\/uqactualites\/2023\/04\/20\/distribution-de-collations-des-actions-qui-font-du-bien\/\",\"url\":\"https:\/\/www.uqac.ca\/uqactualites\/2023\/04\/20\/distribution-de-collations-des-actions-qui-font-du-bien\/\",\"name\":\"Distribution de collations : des actions qui font du bien - UQACtualit\u00e9s\",\"isPartOf\":{\"@id\":\"https:\/\/www.uqac.ca\/uqactualites\/#website\"},\"primaryImageOfPage\":{\"@id\":\"https:\/\/www.uqac.ca\/uqactualites\/2023\/04\/20\/distribution-de-collations-des-actions-qui-font-du-bien\/#primaryimage\"},\"image\":{\"@id\":\"https:\/\/www.uqac.ca\/uqactualites\/2023\/04\/20\/distribution-de-collations-des-actions-qui-font-du-bien\/#primaryimage\"},\"thumbnailUrl\":\"https:\/\/www.uqac.ca\/uqactualites\/wp-content\/uploads\/2023\/04\/collation_image-3.jpg\",\"datePublished\":\"2023-04-20T15:48:54+00:00\",\"dateModified\":\"2023-04-20T15:48:54+00:00\",\"author\":{\"@id\":\"https:\/\/www.uqac.ca\/uqactualites\/#\/schema\/person\/366c45a0c4f0e677b41b4af5886e2018\"},\"breadcrumb\":{\"@id\":\"https:\/\/www.uqac.ca\/uqactualites\/2023\/04\/20\/distribution-de-collations-des-actions-qui-font-du-bien\/#breadcrumb\"},\"inLanguage\":\"fr-CA\",\"potentialAction\":[{\"@type\":\"ReadAction\",\"target\":[\"https:\/\/www.uqac.ca\/uqactualites\/2023\/04\/20\/distribution-de-collations-des-actions-qui-font-du-bien\/\"]}]},{\"@type\":\"ImageObject\",\"inLanguage\":\"fr-CA\",\"@id\":\"https:\/\/www.uqac.ca\/uqactualites\/2023\/04\/20\/distribution-de-collations-des-actions-qui-font-du-bien\/#primaryimage\",\"url\":\"https:\/\/www.uqac.ca\/uqactualites\/wp-content\/uploads\/2023\/04\/collation_image-3.jpg\",\"contentUrl\":\"https:\/\/www.uqac.ca\/uqactualites\/wp-content\/uploads\/2023\/04\/collation_image-3.jpg\",\"width\":2000,\"height\":1500},{\"@type\":\"BreadcrumbList\",\"@id\":\"https:\/\/www.uqac.ca\/uqactualites\/2023\/04\/20\/distribution-de-collations-des-actions-qui-font-du-bien\/#breadcrumb\",\"itemListElement\":[{\"@type\":\"ListItem\",\"position\":1,\"name\":\"Home\",\"item\":\"https:\/\/www.uqac.ca\/uqactualites\/\"},{\"@type\":\"ListItem\",\"position\":2,\"name\":\"Distribution de collations : des actions qui font du bien\"}]},{\"@type\":\"WebSite\",\"@id\":\"https:\/\/www.uqac.ca\/uqactualites\/#website\",\"url\":\"https:\/\/www.uqac.ca\/uqactualites\/\",\"name\":\"UQACtualit\u00e9s\",\"description\":\"Le portail des nouvelles de l&#039;UQAC\",\"potentialAction\":[{\"@type\":\"SearchAction\",\"target\":{\"@type\":\"EntryPoint\",\"urlTemplate\":\"https:\/\/www.uqac.ca\/uqactualites\/?s={search_term_string}\"},\"query-input\":{\"@type\":\"PropertyValueSpecification\",\"valueRequired\":true,\"valueName\":\"search_term_string\"}}],\"inLanguage\":\"fr-CA\"},{\"@type\":\"Person\",\"@id\":\"https:\/\/www.uqac.ca\/uqactualites\/#\/schema\/person\/366c45a0c4f0e677b41b4af5886e2018\",\"name\":\"Service des communications et des relations publiques\",\"image\":{\"@type\":\"ImageObject\",\"inLanguage\":\"fr-CA\",\"@id\":\"https:\/\/www.uqac.ca\/uqactualites\/#\/schema\/person\/image\/\",\"url\":\"https:\/\/secure.gravatar.com\/avatar\/20fbbda8a292f59f2d3461a5b999c00b?s=96&d=mm&r=g\",\"contentUrl\":\"https:\/\/secure.gravatar.com\/avatar\/20fbbda8a292f59f2d3461a5b999c00b?s=96&d=mm&r=g\",\"caption\":\"Service des communications et des relations publiques\"},\"url\":\"https:\/\/www.uqac.ca\/uqactualites\/author\/bap\/\"}]}<\/script>\r\n<!-- \/ Yoast SEO plugin. -->","yoast_head_json":{"title":"Distribution de collations : des actions qui font du bien - UQACtualit\u00e9s","robots":{"index":"index","follow":"follow","max-snippet":"max-snippet:-1","max-image-preview":"max-image-preview:large","max-video-preview":"max-video-preview:-1"},"canonical":"https:\/\/www.uqac.ca\/uqactualites\/2023\/04\/20\/distribution-de-collations-des-actions-qui-font-du-bien\/","og_locale":"fr_CA","og_type":"article","og_title":"Distribution de collations : des actions qui font du bien - UQACtualit\u00e9s","og_description":"Mercredi 19, jeudi 20, mardi 25, mercredi 26 avril de 7h30 \u00e0 8h &amp; de 12h30 \u00e0 13h\u00a0aux portes Est et Ouest du pavillon principal, aura lieu une distribution de collation dans le but d\u2019aider les \u00e9tudiants et \u00e9tudiantes \u00e0 garder des saines habitudes de vie, plus particuli\u00e8rement en fin de trimestre. Initiative du Comit\u00e9 [&hellip;]","og_url":"https:\/\/www.uqac.ca\/uqactualites\/2023\/04\/20\/distribution-de-collations-des-actions-qui-font-du-bien\/","og_site_name":"UQACtualit\u00e9s","article_published_time":"2023-04-20T15:48:54+00:00","og_image":[{"width":2000,"height":1500,"url":"https:\/\/www.uqac.ca\/uqactualites\/wp-content\/uploads\/2023\/04\/collation_image-3.jpg","type":"image\/jpeg"}],"author":"Service des communications et des relations publiques","twitter_card":"summary_large_image","twitter_misc":{"\u00c9crit par":"Service des communications et des relations publiques","Estimation du temps de lecture":"1 minute"},"schema":{"@context":"https:\/\/schema.org","@graph":[{"@type":"WebPage","@id":"https:\/\/www.uqac.ca\/uqactualites\/2023\/04\/20\/distribution-de-collations-des-actions-qui-font-du-bien\/","url":"https:\/\/www.uqac.ca\/uqactualites\/2023\/04\/20\/distribution-de-collations-des-actions-qui-font-du-bien\/","name":"Distribution de collations : des actions qui font du bien - UQACtualit\u00e9s","isPartOf":{"@id":"https:\/\/www.uqac.ca\/uqactualites\/#website"},"primaryImageOfPage":{"@id":"https:\/\/www.uqac.ca\/uqactualites\/2023\/04\/20\/distribution-de-collations-des-actions-qui-font-du-bien\/#primaryimage"},"image":{"@id":"https:\/\/www.uqac.ca\/uqactualites\/2023\/04\/20\/distribution-de-collations-des-actions-qui-font-du-bien\/#primaryimage"},"thumbnailUrl":"https:\/\/www.uqac.ca\/uqactualites\/wp-content\/uploads\/2023\/04\/collation_image-3.jpg","datePublished":"2023-04-20T15:48:54+00:00","dateModified":"2023-04-20T15:48:54+00:00","author":{"@id":"https:\/\/www.uqac.ca\/uqactualites\/#\/schema\/person\/366c45a0c4f0e677b41b4af5886e2018"},"breadcrumb":{"@id":"https:\/\/www.uqac.ca\/uqactualites\/2023\/04\/20\/distribution-de-collations-des-actions-qui-font-du-bien\/#breadcrumb"},"inLanguage":"fr-CA","potentialAction":[{"@type":"ReadAction","target":["https:\/\/www.uqac.ca\/uqactualites\/2023\/04\/20\/distribution-de-collations-des-actions-qui-font-du-bien\/"]}]},{"@type":"ImageObject","inLanguage":"fr-CA","@id":"https:\/\/www.uqac.ca\/uqactualites\/2023\/04\/20\/distribution-de-collations-des-actions-qui-font-du-bien\/#primaryimage","url":"https:\/\/www.uqac.ca\/uqactualites\/wp-content\/uploads\/2023\/04\/collation_image-3.jpg","contentUrl":"https:\/\/www.uqac.ca\/uqactualites\/wp-content\/uploads\/2023\/04\/collation_image-3.jpg","width":2000,"height":1500},{"@type":"BreadcrumbList","@id":"https:\/\/www.uqac.ca\/uqactualites\/2023\/04\/20\/distribution-de-collations-des-actions-qui-font-du-bien\/#breadcrumb","itemListElement":[{"@type":"ListItem","position":1,"name":"Home","item":"https:\/\/www.uqac.ca\/uqactualites\/"},{"@type":"ListItem","position":2,"name":"Distribution de collations : des actions qui font du bien"}]},{"@type":"WebSite","@id":"https:\/\/www.uqac.ca\/uqactualites\/#website","url":"https:\/\/www.uqac.ca\/uqactualites\/","name":"UQACtualit\u00e9s","description":"Le portail des nouvelles de l&#039;UQAC","potentialAction":[{"@type":"SearchAction","target":{"@type":"EntryPoint","urlTemplate":"https:\/\/www.uqac.ca\/uqactualites\/?s={search_term_string}"},"query-input":{"@type":"PropertyValueSpecification","valueRequired":true,"valueName":"search_term_string"}}],"inLanguage":"fr-CA"},{"@type":"Person","@id":"https:\/\/www.uqac.ca\/uqactualites\/#\/schema\/person\/366c45a0c4f0e677b41b4af5886e2018","name":"Service des communications et des relations publiques","image":{"@type":"ImageObject","inLanguage":"fr-CA","@id":"https:\/\/www.uqac.ca\/uqactualites\/#\/schema\/person\/image\/","url":"https:\/\/secure.gravatar.com\/avatar\/20fbbda8a292f59f2d3461a5b999c00b?s=96&d=mm&r=g","contentUrl":"https:\/\/secure.gravatar.com\/avatar\/20fbbda8a292f59f2d3461a5b999c00b?s=96&d=mm&r=g","caption":"Service des communications et des relations publiques"},"url":"https:\/\/www.uqac.ca\/uqactualites\/author\/bap\/"}]}},"_links":{"self":[{"href":"https:\/\/www.uqac.ca\/uqactualites\/wp-json\/wp\/v2\/posts\/43203"}],"collection":[{"href":"https:\/\/www.uqac.ca\/uqactualites\/wp-json\/wp\/v2\/posts"}],"about":[{"href":"https:\/\/www.uqac.ca\/uqactualites\/wp-json\/wp\/v2\/types\/post"}],"author":[{"embeddable":true,"href":"https:\/\/www.uqac.ca\/uqactualites\/wp-json\/wp\/v2\/users\/5"}],"replies":[{"embeddable":true,"href":"https:\/\/www.uqac.ca\/uqactualites\/wp-json\/wp\/v2\/comments?post=43203"}],"version-history":[{"count":0,"href":"https:\/\/www.uqac.ca\/uqactualites\/wp-json\/wp\/v2\/posts\/43203\/revisions"}],"wp:featuredmedia":[{"embeddable":true,"href":"https:\/\/www.uqac.ca\/uqactualites\/wp-json\/wp\/v2\/media\/43207"}],"wp:attachment":[{"href":"https:\/\/www.uqac.ca\/uqactualites\/wp-json\/wp\/v2\/media?parent=43203"}],"wp:term":[{"taxonomy":"category","embeddable":true,"href":"https:\/\/www.uqac.ca\/uqactualites\/wp-json\/wp\/v2\/categories?post=43203"},{"taxonomy":"post_tag","embeddable":true,"href":"https:\/\/www.uqac.ca\/uqactualites\/wp-json\/wp\/v2\/tags?post=43203"}],"curies":[{"name":"wp","href":"https:\/\/api.w.org\/{rel}","templated":true}]}}