{"id":43306,"date":"2023-04-27T16:06:24","date_gmt":"2023-04-27T20:06:24","guid":{"rendered":"https:\/\/www.uqac.ca\/?p=43306"},"modified":"2024-08-07T16:26:51","modified_gmt":"2024-08-07T20:26:51","slug":"prix-au-stagiaires-en-enseignement-edition-hiver-2023","status":"publish","type":"post","link":"https:\/\/www.uqac.ca\/uqactualites\/2023\/04\/27\/prix-au-stagiaires-en-enseignement-edition-hiver-2023\/","title":{"rendered":"Remise de prix aux stagiaires en enseignement &#8211; \u00c9dition Hiver 2023"},"content":{"rendered":"<p>La 16e \u00e9dition de la remise de prix aux stagiaires en enseignement a permis de r\u00e9compenser sept \u00e9tudiantes passionn\u00e9es et engag\u00e9es.<\/p>\n<p>Depuis les 7 derni\u00e8res ann\u00e9es, le <a href=\"https:\/\/www.uqac.ca\/departements\/dse\/\" target=\"_blank\" rel=\"noopener\">D\u00e9partement des sciences de l\u2019\u00e9ducation<\/a>\u00a0remet chaque session cinq bourses d\u2019une valeur de 350\u00a0$ \u00e0 des \u00e9tudiantes ou des \u00e9tudiants s\u2019\u00e9tant d\u00e9marqu\u00e9s de fa\u00e7on exceptionnelle lors d\u2019un de leur stage en enseignement. Le <a href=\"http:\/\/scccuqac.ca\/\" target=\"_blank\" rel=\"noopener\">Syndicat des charg\u00e9es et des charg\u00e9s de cours de L\u2019UQAC (SCCC-UQAC)<\/a> offre aussi deux bourses du m\u00eame montant. \u00c0 ce jour, 98 bourses ont \u00e9t\u00e9 remises, pour un total de 34 300 $.<\/p>\n<p>Pour la session d\u2019hiver 2023, sept \u00e9tudiantes ont \u00e9t\u00e9 s\u00e9lectionn\u00e9es parmi les 35 candidatures qui ont \u00e9t\u00e9 soumises par l\u2019entremise des personnes responsables de la supervision des stages, en collaboration avec le personnel enseignant associ\u00e9 aux stagiaires. Les gagnantes sont (en ordre de gauche \u00e0 droite sur la photo)\u00a0:<\/p>\n<ul>\n<li>Laurie Harvey, \u00e9tudiante de 4e ann\u00e9e en enseignement en adaptation scolaire et sociale, qui a effectu\u00e9 son stage \u00e0 l\u2019\u00e9cole Saint-Denis avec Mme Julie Morency et qui a \u00e9t\u00e9 supervis\u00e9e par Mme Carole C\u00f4t\u00e9.<\/li>\n<li>No\u00e9mie St-Pierre, \u00e9tudiante de 1re ann\u00e9e en enseignement en adaptation scolaire et sociale, qui a effectu\u00e9 son stage \u00e0 l\u2019\u00e9cole Notre-Dame avec M. Maxime Boudreault et qui a \u00e9t\u00e9 supervis\u00e9e par Mme Maryse Feliziani.<\/li>\n<li>\u00c9milie Desjardins, \u00e9tudiante de 4e ann\u00e9e en enseignement en adaptation scolaire et sociale, qui a effectu\u00e9 son stage au s\u00e9minaire de Chicoutimi avec Mme M\u00e9lissa Simard et qui a \u00e9t\u00e9 supervis\u00e9e par Mme \u00c9lisabeth Boily.<\/li>\n<li>Marie-Pierre Fillion, \u00e9tudiante de 1re ann\u00e9e en \u00e9ducation pr\u00e9scolaire et enseignement primaire, qui a effectu\u00e9 son stage \u00e0 l\u2019\u00e9cole primaire Le Roseau avec Mme Catherine Gobeil et qui a \u00e9t\u00e9 supervis\u00e9e par Mme France Tremblay.<\/li>\n<li>Sarah Bellemare Ferland, \u00e9tudiante de 4e ann\u00e9e en \u00e9ducation pr\u00e9scolaire et enseignement primaire, qui a effectu\u00e9 son stage \u00e0 l\u2019\u00e9cole Ste-Bernadette avec Mme Marie-\u00c8ve Boivin et qui a \u00e9t\u00e9 supervis\u00e9e par Mme Francine Larouche.<\/li>\n<li>\u00c9lodie Cardinal, \u00e9tudiante de 4e ann\u00e9e en enseignement du fran\u00e7ais au secondaire, qui a effectu\u00e9 son stage \u00e0 la Polyvalente Arvida avec Mme Dominique Brassard et qui a \u00e9t\u00e9 supervis\u00e9e par M. St\u00e9phane Allaire.<\/li>\n<li>Fanie Paquet, \u00e9tudiante de 4e ann\u00e9e en enseignement de l\u2019anglais langue seconde, qui a effectu\u00e9 son stage \u00e0 l\u2019\u00e9cole secondaire des Grandes-Rivi\u00e8res avec Mme Tamara Thompson et qui a \u00e9t\u00e9 supervis\u00e9e par Mme M\u00e9lissa Th\u00e9riault.<\/li>\n<\/ul>\n<p>F\u00e9licitations aux \u00e9tudiantes, et merci \u00e0 tous les partenaires scolaires et universitaires qui permettent de reconna\u00eetre l\u2019excellence au sein de la communaut\u00e9 \u00e9tudiante de l\u2019enseignement.<\/p>\n","protected":false},"excerpt":{"rendered":"<p>La 16e \u00e9dition de la remise de prix aux stagiaires en enseignement a permis de r\u00e9compenser sept \u00e9tudiantes passionn\u00e9es et engag\u00e9es. Depuis les 7 derni\u00e8res ann\u00e9es, le D\u00e9partement des sciences de l\u2019\u00e9ducation\u00a0remet chaque session cinq bourses d\u2019une valeur de 350\u00a0$ \u00e0 des \u00e9tudiantes ou des \u00e9tudiants s\u2019\u00e9tant d\u00e9marqu\u00e9s de fa\u00e7on exceptionnelle lors d\u2019un de leur [&hellip;]<\/p>\n","protected":false},"author":5,"featured_media":43324,"comment_status":"closed","ping_status":"closed","sticky":false,"template":"","format":"standard","meta":{"footnotes":""},"categories":[2],"tags":[54,5,55],"yoast_head":"<!-- This site is optimized with the Yoast SEO plugin v24.2 - https:\/\/yoast.com\/wordpress\/plugins\/seo\/ -->\r\n<title>Remise de prix aux stagiaires en enseignement - \u00c9dition Hiver 2023 - UQACtualit\u00e9s<\/title>\r\n<meta name=\"description\" content=\"La 16e \u00e9dition de la remise de prix aux stagiaires en enseignement a permis de r\u00e9compenser sept \u00e9tudiantes passionn\u00e9es et engag\u00e9es.\" \/>\r\n<meta name=\"robots\" content=\"index, follow, max-snippet:-1, max-image-preview:large, max-video-preview:-1\" \/>\r\n<link rel=\"canonical\" href=\"https:\/\/www.uqac.ca\/uqactualites\/2023\/04\/27\/prix-au-stagiaires-en-enseignement-edition-hiver-2023\/\" \/>\r\n<meta property=\"og:locale\" content=\"fr_CA\" \/>\r\n<meta property=\"og:type\" content=\"article\" \/>\r\n<meta property=\"og:title\" content=\"Remise de prix aux stagiaires en enseignement - \u00c9dition Hiver 2023 - UQACtualit\u00e9s\" \/>\r\n<meta property=\"og:description\" content=\"La 16e \u00e9dition de la remise de prix aux stagiaires en enseignement a permis de r\u00e9compenser sept \u00e9tudiantes passionn\u00e9es et engag\u00e9es.\" \/>\r\n<meta property=\"og:url\" content=\"https:\/\/www.uqac.ca\/uqactualites\/2023\/04\/27\/prix-au-stagiaires-en-enseignement-edition-hiver-2023\/\" \/>\r\n<meta property=\"og:site_name\" content=\"UQACtualit\u00e9s\" \/>\r\n<meta property=\"article:published_time\" content=\"2023-04-27T20:06:24+00:00\" \/>\r\n<meta property=\"article:modified_time\" content=\"2024-08-07T20:26:51+00:00\" \/>\r\n<meta property=\"og:image\" content=\"https:\/\/www.uqac.ca\/uqactualites\/wp-content\/uploads\/2023\/04\/ducation-1-e1682625421692.png\" \/>\r\n\t<meta property=\"og:image:width\" content=\"1274\" \/>\r\n\t<meta property=\"og:image:height\" content=\"819\" \/>\r\n\t<meta property=\"og:image:type\" content=\"image\/png\" \/>\r\n<meta name=\"author\" content=\"Service des communications et des relations publiques\" \/>\r\n<meta name=\"twitter:card\" content=\"summary_large_image\" \/>\r\n<meta name=\"twitter:label1\" content=\"\u00c9crit par\" \/>\n\t<meta name=\"twitter:data1\" content=\"Service des communications et des relations publiques\" \/>\n\t<meta name=\"twitter:label2\" content=\"Estimation du temps de lecture\" \/>\n\t<meta name=\"twitter:data2\" content=\"3 minutes\" \/>\r\n<script type=\"application\/ld+json\" class=\"yoast-schema-graph\">{\"@context\":\"https:\/\/schema.org\",\"@graph\":[{\"@type\":\"WebPage\",\"@id\":\"https:\/\/www.uqac.ca\/uqactualites\/2023\/04\/27\/prix-au-stagiaires-en-enseignement-edition-hiver-2023\/\",\"url\":\"https:\/\/www.uqac.ca\/uqactualites\/2023\/04\/27\/prix-au-stagiaires-en-enseignement-edition-hiver-2023\/\",\"name\":\"Remise de prix aux stagiaires en enseignement - \u00c9dition Hiver 2023 - UQACtualit\u00e9s\",\"isPartOf\":{\"@id\":\"https:\/\/www.uqac.ca\/uqactualites\/#website\"},\"primaryImageOfPage\":{\"@id\":\"https:\/\/www.uqac.ca\/uqactualites\/2023\/04\/27\/prix-au-stagiaires-en-enseignement-edition-hiver-2023\/#primaryimage\"},\"image\":{\"@id\":\"https:\/\/www.uqac.ca\/uqactualites\/2023\/04\/27\/prix-au-stagiaires-en-enseignement-edition-hiver-2023\/#primaryimage\"},\"thumbnailUrl\":\"https:\/\/www.uqac.ca\/uqactualites\/wp-content\/uploads\/2023\/04\/ducation-1-e1682625421692.png\",\"datePublished\":\"2023-04-27T20:06:24+00:00\",\"dateModified\":\"2024-08-07T20:26:51+00:00\",\"author\":{\"@id\":\"https:\/\/www.uqac.ca\/uqactualites\/#\/schema\/person\/366c45a0c4f0e677b41b4af5886e2018\"},\"description\":\"La 16e \u00e9dition de la remise de prix aux stagiaires en enseignement a permis de r\u00e9compenser sept \u00e9tudiantes passionn\u00e9es et engag\u00e9es.\",\"breadcrumb\":{\"@id\":\"https:\/\/www.uqac.ca\/uqactualites\/2023\/04\/27\/prix-au-stagiaires-en-enseignement-edition-hiver-2023\/#breadcrumb\"},\"inLanguage\":\"fr-CA\",\"potentialAction\":[{\"@type\":\"ReadAction\",\"target\":[\"https:\/\/www.uqac.ca\/uqactualites\/2023\/04\/27\/prix-au-stagiaires-en-enseignement-edition-hiver-2023\/\"]}]},{\"@type\":\"ImageObject\",\"inLanguage\":\"fr-CA\",\"@id\":\"https:\/\/www.uqac.ca\/uqactualites\/2023\/04\/27\/prix-au-stagiaires-en-enseignement-edition-hiver-2023\/#primaryimage\",\"url\":\"https:\/\/www.uqac.ca\/uqactualites\/wp-content\/uploads\/2023\/04\/ducation-1-e1682625421692.png\",\"contentUrl\":\"https:\/\/www.uqac.ca\/uqactualites\/wp-content\/uploads\/2023\/04\/ducation-1-e1682625421692.png\",\"width\":1274,\"height\":819,\"caption\":\"stagiaires en enseignement\"},{\"@type\":\"BreadcrumbList\",\"@id\":\"https:\/\/www.uqac.ca\/uqactualites\/2023\/04\/27\/prix-au-stagiaires-en-enseignement-edition-hiver-2023\/#breadcrumb\",\"itemListElement\":[{\"@type\":\"ListItem\",\"position\":1,\"name\":\"Home\",\"item\":\"https:\/\/www.uqac.ca\/uqactualites\/\"},{\"@type\":\"ListItem\",\"position\":2,\"name\":\"Remise de prix aux stagiaires en enseignement &#8211; \u00c9dition Hiver 2023\"}]},{\"@type\":\"WebSite\",\"@id\":\"https:\/\/www.uqac.ca\/uqactualites\/#website\",\"url\":\"https:\/\/www.uqac.ca\/uqactualites\/\",\"name\":\"UQACtualit\u00e9s\",\"description\":\"Le portail des nouvelles de l&#039;UQAC\",\"potentialAction\":[{\"@type\":\"SearchAction\",\"target\":{\"@type\":\"EntryPoint\",\"urlTemplate\":\"https:\/\/www.uqac.ca\/uqactualites\/?s={search_term_string}\"},\"query-input\":{\"@type\":\"PropertyValueSpecification\",\"valueRequired\":true,\"valueName\":\"search_term_string\"}}],\"inLanguage\":\"fr-CA\"},{\"@type\":\"Person\",\"@id\":\"https:\/\/www.uqac.ca\/uqactualites\/#\/schema\/person\/366c45a0c4f0e677b41b4af5886e2018\",\"name\":\"Service des communications et des relations publiques\",\"image\":{\"@type\":\"ImageObject\",\"inLanguage\":\"fr-CA\",\"@id\":\"https:\/\/www.uqac.ca\/uqactualites\/#\/schema\/person\/image\/\",\"url\":\"https:\/\/secure.gravatar.com\/avatar\/20fbbda8a292f59f2d3461a5b999c00b?s=96&d=mm&r=g\",\"contentUrl\":\"https:\/\/secure.gravatar.com\/avatar\/20fbbda8a292f59f2d3461a5b999c00b?s=96&d=mm&r=g\",\"caption\":\"Service des communications et des relations publiques\"},\"url\":\"https:\/\/www.uqac.ca\/uqactualites\/author\/bap\/\"}]}<\/script>\r\n<!-- \/ Yoast SEO plugin. -->","yoast_head_json":{"title":"Remise de prix aux stagiaires en enseignement - \u00c9dition Hiver 2023 - UQACtualit\u00e9s","description":"La 16e \u00e9dition de la remise de prix aux stagiaires en enseignement a permis de r\u00e9compenser sept \u00e9tudiantes passionn\u00e9es et engag\u00e9es.","robots":{"index":"index","follow":"follow","max-snippet":"max-snippet:-1","max-image-preview":"max-image-preview:large","max-video-preview":"max-video-preview:-1"},"canonical":"https:\/\/www.uqac.ca\/uqactualites\/2023\/04\/27\/prix-au-stagiaires-en-enseignement-edition-hiver-2023\/","og_locale":"fr_CA","og_type":"article","og_title":"Remise de prix aux stagiaires en enseignement - \u00c9dition Hiver 2023 - UQACtualit\u00e9s","og_description":"La 16e \u00e9dition de la remise de prix aux stagiaires en enseignement a permis de r\u00e9compenser sept \u00e9tudiantes passionn\u00e9es et engag\u00e9es.","og_url":"https:\/\/www.uqac.ca\/uqactualites\/2023\/04\/27\/prix-au-stagiaires-en-enseignement-edition-hiver-2023\/","og_site_name":"UQACtualit\u00e9s","article_published_time":"2023-04-27T20:06:24+00:00","article_modified_time":"2024-08-07T20:26:51+00:00","og_image":[{"width":1274,"height":819,"url":"https:\/\/www.uqac.ca\/uqactualites\/wp-content\/uploads\/2023\/04\/ducation-1-e1682625421692.png","type":"image\/png"}],"author":"Service des communications et des relations publiques","twitter_card":"summary_large_image","twitter_misc":{"\u00c9crit par":"Service des communications et des relations publiques","Estimation du temps de lecture":"3 minutes"},"schema":{"@context":"https:\/\/schema.org","@graph":[{"@type":"WebPage","@id":"https:\/\/www.uqac.ca\/uqactualites\/2023\/04\/27\/prix-au-stagiaires-en-enseignement-edition-hiver-2023\/","url":"https:\/\/www.uqac.ca\/uqactualites\/2023\/04\/27\/prix-au-stagiaires-en-enseignement-edition-hiver-2023\/","name":"Remise de prix aux stagiaires en enseignement - \u00c9dition Hiver 2023 - UQACtualit\u00e9s","isPartOf":{"@id":"https:\/\/www.uqac.ca\/uqactualites\/#website"},"primaryImageOfPage":{"@id":"https:\/\/www.uqac.ca\/uqactualites\/2023\/04\/27\/prix-au-stagiaires-en-enseignement-edition-hiver-2023\/#primaryimage"},"image":{"@id":"https:\/\/www.uqac.ca\/uqactualites\/2023\/04\/27\/prix-au-stagiaires-en-enseignement-edition-hiver-2023\/#primaryimage"},"thumbnailUrl":"https:\/\/www.uqac.ca\/uqactualites\/wp-content\/uploads\/2023\/04\/ducation-1-e1682625421692.png","datePublished":"2023-04-27T20:06:24+00:00","dateModified":"2024-08-07T20:26:51+00:00","author":{"@id":"https:\/\/www.uqac.ca\/uqactualites\/#\/schema\/person\/366c45a0c4f0e677b41b4af5886e2018"},"description":"La 16e \u00e9dition de la remise de prix aux stagiaires en enseignement a permis de r\u00e9compenser sept \u00e9tudiantes passionn\u00e9es et engag\u00e9es.","breadcrumb":{"@id":"https:\/\/www.uqac.ca\/uqactualites\/2023\/04\/27\/prix-au-stagiaires-en-enseignement-edition-hiver-2023\/#breadcrumb"},"inLanguage":"fr-CA","potentialAction":[{"@type":"ReadAction","target":["https:\/\/www.uqac.ca\/uqactualites\/2023\/04\/27\/prix-au-stagiaires-en-enseignement-edition-hiver-2023\/"]}]},{"@type":"ImageObject","inLanguage":"fr-CA","@id":"https:\/\/www.uqac.ca\/uqactualites\/2023\/04\/27\/prix-au-stagiaires-en-enseignement-edition-hiver-2023\/#primaryimage","url":"https:\/\/www.uqac.ca\/uqactualites\/wp-content\/uploads\/2023\/04\/ducation-1-e1682625421692.png","contentUrl":"https:\/\/www.uqac.ca\/uqactualites\/wp-content\/uploads\/2023\/04\/ducation-1-e1682625421692.png","width":1274,"height":819,"caption":"stagiaires en enseignement"},{"@type":"BreadcrumbList","@id":"https:\/\/www.uqac.ca\/uqactualites\/2023\/04\/27\/prix-au-stagiaires-en-enseignement-edition-hiver-2023\/#breadcrumb","itemListElement":[{"@type":"ListItem","position":1,"name":"Home","item":"https:\/\/www.uqac.ca\/uqactualites\/"},{"@type":"ListItem","position":2,"name":"Remise de prix aux stagiaires en enseignement &#8211; \u00c9dition Hiver 2023"}]},{"@type":"WebSite","@id":"https:\/\/www.uqac.ca\/uqactualites\/#website","url":"https:\/\/www.uqac.ca\/uqactualites\/","name":"UQACtualit\u00e9s","description":"Le portail des nouvelles de l&#039;UQAC","potentialAction":[{"@type":"SearchAction","target":{"@type":"EntryPoint","urlTemplate":"https:\/\/www.uqac.ca\/uqactualites\/?s={search_term_string}"},"query-input":{"@type":"PropertyValueSpecification","valueRequired":true,"valueName":"search_term_string"}}],"inLanguage":"fr-CA"},{"@type":"Person","@id":"https:\/\/www.uqac.ca\/uqactualites\/#\/schema\/person\/366c45a0c4f0e677b41b4af5886e2018","name":"Service des communications et des relations publiques","image":{"@type":"ImageObject","inLanguage":"fr-CA","@id":"https:\/\/www.uqac.ca\/uqactualites\/#\/schema\/person\/image\/","url":"https:\/\/secure.gravatar.com\/avatar\/20fbbda8a292f59f2d3461a5b999c00b?s=96&d=mm&r=g","contentUrl":"https:\/\/secure.gravatar.com\/avatar\/20fbbda8a292f59f2d3461a5b999c00b?s=96&d=mm&r=g","caption":"Service des communications et des relations publiques"},"url":"https:\/\/www.uqac.ca\/uqactualites\/author\/bap\/"}]}},"_links":{"self":[{"href":"https:\/\/www.uqac.ca\/uqactualites\/wp-json\/wp\/v2\/posts\/43306"}],"collection":[{"href":"https:\/\/www.uqac.ca\/uqactualites\/wp-json\/wp\/v2\/posts"}],"about":[{"href":"https:\/\/www.uqac.ca\/uqactualites\/wp-json\/wp\/v2\/types\/post"}],"author":[{"embeddable":true,"href":"https:\/\/www.uqac.ca\/uqactualites\/wp-json\/wp\/v2\/users\/5"}],"replies":[{"embeddable":true,"href":"https:\/\/www.uqac.ca\/uqactualites\/wp-json\/wp\/v2\/comments?post=43306"}],"version-history":[{"count":1,"href":"https:\/\/www.uqac.ca\/uqactualites\/wp-json\/wp\/v2\/posts\/43306\/revisions"}],"predecessor-version":[{"id":48440,"href":"https:\/\/www.uqac.ca\/uqactualites\/wp-json\/wp\/v2\/posts\/43306\/revisions\/48440"}],"wp:featuredmedia":[{"embeddable":true,"href":"https:\/\/www.uqac.ca\/uqactualites\/wp-json\/wp\/v2\/media\/43324"}],"wp:attachment":[{"href":"https:\/\/www.uqac.ca\/uqactualites\/wp-json\/wp\/v2\/media?parent=43306"}],"wp:term":[{"taxonomy":"category","embeddable":true,"href":"https:\/\/www.uqac.ca\/uqactualites\/wp-json\/wp\/v2\/categories?post=43306"},{"taxonomy":"post_tag","embeddable":true,"href":"https:\/\/www.uqac.ca\/uqactualites\/wp-json\/wp\/v2\/tags?post=43306"}],"curies":[{"name":"wp","href":"https:\/\/api.w.org\/{rel}","templated":true}]}}