{"id":43338,"date":"2023-04-29T14:07:47","date_gmt":"2023-04-29T18:07:47","guid":{"rendered":"https:\/\/www.uqac.ca\/?p=43338"},"modified":"2024-08-07T16:10:05","modified_gmt":"2024-08-07T20:10:05","slug":"lheure-est-a-la-reussite-pour-les-finissantes-et-finissants-de-luqac","status":"publish","type":"post","link":"https:\/\/www.uqac.ca\/uqactualites\/2023\/04\/29\/lheure-est-a-la-reussite-pour-les-finissantes-et-finissants-de-luqac\/","title":{"rendered":"Collation des grades: l\u2019heure est \u00e0 la r\u00e9ussite pour les finissantes et finissants de l\u2019UQAC"},"content":{"rendered":"<p>Ce samedi 29 avril, l\u2019Universit\u00e9 du Qu\u00e9bec \u00e0 Chicoutimi souligne la r\u00e9ussite de 1\u00a0329\u00a0finissantes et finissants \u00e0 l\u2019occasion de deux c\u00e9r\u00e9monies de Collation des grades qui se tiendront respectivement \u00e0 9\u00a0h\u00a030 et 15\u00a0h au Pavillon sportif.<\/p>\n<p>Cette ann\u00e9e pour la Collation des grades, l\u2019UQAC accueille dans sa grande famille de dipl\u00f4m\u00e9es et dipl\u00f4m\u00e9s 884 bacheli\u00e8res et bacheliers, 395 ma\u00eetres et 50 docteures et docteurs. Les cohortes finissantes de l\u2019<a href=\"https:\/\/www.nad.ca\/fr\" target=\"_blank\" rel=\"noopener\">\u00c9cole NAD-UQAC<\/a> \u00e0 Montr\u00e9al et du Pavillon Alouette \u00e0 <a href=\"https:\/\/www.uqac.ca\/sept-iles\/\" target=\"_blank\" rel=\"noopener\">Sept-\u00celes<\/a> se joindront \u00e0 celles du campus principal \u00e0 Saguenay pour c\u00e9l\u00e9brer cette \u00e9tape ultime de leur parcours acad\u00e9mique.<\/p>\n<p>Comme le veut la tradition depuis maintenant 20 ans \u00e0 l\u2019UQAC, la cohorte \u00e9tudiante nouvellement dipl\u00f4m\u00e9e d\u00e9filera sur sc\u00e8ne pour recevoir son attestation de fin d\u2019\u00e9tudes des mains du recteur, de la vice-rectrice et des vice-recteurs devant le corps enseignant et les directions des programmes. Les parents et les proches des finissantes et des finissants, les ambassadrices et ambassadeurs ainsi que les dignitaires seront r\u00e9unis pour c\u00e9l\u00e9brer ce moment important que repr\u00e9sente l\u2019obtention d\u2019un dipl\u00f4me universitaire.<\/p>\n<p>Le recteur, Ghislain Samson, profitera cette ann\u00e9e de son allocution en ouverture de c\u00e9r\u00e9monie pour souligner le dynamisme de la vie \u00e9tudiante de l\u2019UQAC\u00a0: \u00ab\u00a0Notre universit\u00e9 est non seulement un lieu d\u2019apprentissage, mais elle est \u00e9galement le th\u00e9\u00e2tre, voire le laboratoire, de toute une programmation d\u2019activit\u00e9s organis\u00e9es par et pour la communaut\u00e9 \u00e9tudiante. Je tenais \u00e0 remercier tous ceux et celles qui contribuent \u00e0 fa\u00e7onner notre milieu de vie. L\u2019engagement accru de notre communaut\u00e9 \u00e9tudiante ajoute une couleur toute particuli\u00e8re et unique au parcours universitaire que propose notre institution o\u00f9 la dimension humaine est si importante\u00a0\u00bb.<\/p>\n<p>La communaut\u00e9 universitaire joint sa voix \u00e0 celle de la direction afin de f\u00e9liciter les dipl\u00f4m\u00e9es et dipl\u00f4m\u00e9s 2023 et de leur souhaiter la meilleure des chances pour l\u2019avenir.<\/p>\n","protected":false},"excerpt":{"rendered":"<p>Ce samedi 29 avril, l\u2019Universit\u00e9 du Qu\u00e9bec \u00e0 Chicoutimi souligne la r\u00e9ussite de 1\u00a0329\u00a0finissantes et finissants \u00e0 l\u2019occasion de deux c\u00e9r\u00e9monies de Collation des grades qui se tiendront respectivement \u00e0 9\u00a0h\u00a030 et 15\u00a0h au Pavillon sportif. Cette ann\u00e9e pour la Collation des grades, l\u2019UQAC accueille dans sa grande famille de dipl\u00f4m\u00e9es et dipl\u00f4m\u00e9s 884 bacheli\u00e8res [&hellip;]<\/p>\n","protected":false},"author":5,"featured_media":43356,"comment_status":"closed","ping_status":"closed","sticky":false,"template":"","format":"standard","meta":{"footnotes":""},"categories":[2,2772],"tags":[],"yoast_head":"<!-- This site is optimized with the Yoast SEO plugin v24.2 - https:\/\/yoast.com\/wordpress\/plugins\/seo\/ -->\r\n<title>Collation des grades: l\u2019heure est \u00e0 la r\u00e9ussite pour les finissantes et finissants de l\u2019UQAC - UQACtualit\u00e9s<\/title>\r\n<meta name=\"description\" content=\"L&#039;UQAC souligne la r\u00e9ussite de 1\u00a0329\u00a0finissant(e)s \u00e0 l\u2019occasion de 2 c\u00e9r\u00e9monies de Collation des grades qui se tiendront au Pavillon sportif.\" \/>\r\n<meta name=\"robots\" content=\"index, follow, max-snippet:-1, max-image-preview:large, max-video-preview:-1\" \/>\r\n<link rel=\"canonical\" href=\"https:\/\/www.uqac.ca\/uqactualites\/2023\/04\/29\/lheure-est-a-la-reussite-pour-les-finissantes-et-finissants-de-luqac\/\" \/>\r\n<meta property=\"og:locale\" content=\"fr_CA\" \/>\r\n<meta property=\"og:type\" content=\"article\" \/>\r\n<meta property=\"og:title\" content=\"Collation des grades: l\u2019heure est \u00e0 la r\u00e9ussite pour les finissantes et finissants de l\u2019UQAC - UQACtualit\u00e9s\" \/>\r\n<meta property=\"og:description\" content=\"L&#039;UQAC souligne la r\u00e9ussite de 1\u00a0329\u00a0finissant(e)s \u00e0 l\u2019occasion de 2 c\u00e9r\u00e9monies de Collation des grades qui se tiendront au Pavillon sportif.\" \/>\r\n<meta property=\"og:url\" content=\"https:\/\/www.uqac.ca\/uqactualites\/2023\/04\/29\/lheure-est-a-la-reussite-pour-les-finissantes-et-finissants-de-luqac\/\" \/>\r\n<meta property=\"og:site_name\" content=\"UQACtualit\u00e9s\" \/>\r\n<meta property=\"article:published_time\" content=\"2023-04-29T18:07:47+00:00\" \/>\r\n<meta property=\"article:modified_time\" content=\"2024-08-07T20:10:05+00:00\" \/>\r\n<meta property=\"og:image\" content=\"https:\/\/www.uqac.ca\/uqactualites\/wp-content\/uploads\/2023\/04\/cdg-mduhaime-h23-scaled.jpg\" \/>\r\n\t<meta property=\"og:image:width\" content=\"2560\" \/>\r\n\t<meta property=\"og:image:height\" content=\"1707\" \/>\r\n\t<meta property=\"og:image:type\" content=\"image\/jpeg\" \/>\r\n<meta name=\"author\" content=\"Service des communications et des relations publiques\" \/>\r\n<meta name=\"twitter:card\" content=\"summary_large_image\" \/>\r\n<meta name=\"twitter:label1\" content=\"\u00c9crit par\" \/>\n\t<meta name=\"twitter:data1\" content=\"Service des communications et des relations publiques\" \/>\n\t<meta name=\"twitter:label2\" content=\"Estimation du temps de lecture\" \/>\n\t<meta name=\"twitter:data2\" content=\"2 minutes\" \/>\r\n<script type=\"application\/ld+json\" class=\"yoast-schema-graph\">{\"@context\":\"https:\/\/schema.org\",\"@graph\":[{\"@type\":\"WebPage\",\"@id\":\"https:\/\/www.uqac.ca\/uqactualites\/2023\/04\/29\/lheure-est-a-la-reussite-pour-les-finissantes-et-finissants-de-luqac\/\",\"url\":\"https:\/\/www.uqac.ca\/uqactualites\/2023\/04\/29\/lheure-est-a-la-reussite-pour-les-finissantes-et-finissants-de-luqac\/\",\"name\":\"Collation des grades: l\u2019heure est \u00e0 la r\u00e9ussite pour les finissantes et finissants de l\u2019UQAC - UQACtualit\u00e9s\",\"isPartOf\":{\"@id\":\"https:\/\/www.uqac.ca\/uqactualites\/#website\"},\"primaryImageOfPage\":{\"@id\":\"https:\/\/www.uqac.ca\/uqactualites\/2023\/04\/29\/lheure-est-a-la-reussite-pour-les-finissantes-et-finissants-de-luqac\/#primaryimage\"},\"image\":{\"@id\":\"https:\/\/www.uqac.ca\/uqactualites\/2023\/04\/29\/lheure-est-a-la-reussite-pour-les-finissantes-et-finissants-de-luqac\/#primaryimage\"},\"thumbnailUrl\":\"https:\/\/www.uqac.ca\/uqactualites\/wp-content\/uploads\/2023\/04\/cdg-mduhaime-h23-scaled.jpg\",\"datePublished\":\"2023-04-29T18:07:47+00:00\",\"dateModified\":\"2024-08-07T20:10:05+00:00\",\"author\":{\"@id\":\"https:\/\/www.uqac.ca\/uqactualites\/#\/schema\/person\/366c45a0c4f0e677b41b4af5886e2018\"},\"description\":\"L'UQAC souligne la r\u00e9ussite de 1\u00a0329\u00a0finissant(e)s \u00e0 l\u2019occasion de 2 c\u00e9r\u00e9monies de Collation des grades qui se tiendront au Pavillon sportif.\",\"breadcrumb\":{\"@id\":\"https:\/\/www.uqac.ca\/uqactualites\/2023\/04\/29\/lheure-est-a-la-reussite-pour-les-finissantes-et-finissants-de-luqac\/#breadcrumb\"},\"inLanguage\":\"fr-CA\",\"potentialAction\":[{\"@type\":\"ReadAction\",\"target\":[\"https:\/\/www.uqac.ca\/uqactualites\/2023\/04\/29\/lheure-est-a-la-reussite-pour-les-finissantes-et-finissants-de-luqac\/\"]}]},{\"@type\":\"ImageObject\",\"inLanguage\":\"fr-CA\",\"@id\":\"https:\/\/www.uqac.ca\/uqactualites\/2023\/04\/29\/lheure-est-a-la-reussite-pour-les-finissantes-et-finissants-de-luqac\/#primaryimage\",\"url\":\"https:\/\/www.uqac.ca\/uqactualites\/wp-content\/uploads\/2023\/04\/cdg-mduhaime-h23-scaled.jpg\",\"contentUrl\":\"https:\/\/www.uqac.ca\/uqactualites\/wp-content\/uploads\/2023\/04\/cdg-mduhaime-h23-scaled.jpg\",\"width\":2560,\"height\":1707,\"caption\":\"Collation des grades\"},{\"@type\":\"BreadcrumbList\",\"@id\":\"https:\/\/www.uqac.ca\/uqactualites\/2023\/04\/29\/lheure-est-a-la-reussite-pour-les-finissantes-et-finissants-de-luqac\/#breadcrumb\",\"itemListElement\":[{\"@type\":\"ListItem\",\"position\":1,\"name\":\"Home\",\"item\":\"https:\/\/www.uqac.ca\/uqactualites\/\"},{\"@type\":\"ListItem\",\"position\":2,\"name\":\"Collation des grades: l\u2019heure est \u00e0 la r\u00e9ussite pour les finissantes et finissants de l\u2019UQAC\"}]},{\"@type\":\"WebSite\",\"@id\":\"https:\/\/www.uqac.ca\/uqactualites\/#website\",\"url\":\"https:\/\/www.uqac.ca\/uqactualites\/\",\"name\":\"UQACtualit\u00e9s\",\"description\":\"Le portail des nouvelles de l&#039;UQAC\",\"potentialAction\":[{\"@type\":\"SearchAction\",\"target\":{\"@type\":\"EntryPoint\",\"urlTemplate\":\"https:\/\/www.uqac.ca\/uqactualites\/?s={search_term_string}\"},\"query-input\":{\"@type\":\"PropertyValueSpecification\",\"valueRequired\":true,\"valueName\":\"search_term_string\"}}],\"inLanguage\":\"fr-CA\"},{\"@type\":\"Person\",\"@id\":\"https:\/\/www.uqac.ca\/uqactualites\/#\/schema\/person\/366c45a0c4f0e677b41b4af5886e2018\",\"name\":\"Service des communications et des relations publiques\",\"image\":{\"@type\":\"ImageObject\",\"inLanguage\":\"fr-CA\",\"@id\":\"https:\/\/www.uqac.ca\/uqactualites\/#\/schema\/person\/image\/\",\"url\":\"https:\/\/secure.gravatar.com\/avatar\/20fbbda8a292f59f2d3461a5b999c00b?s=96&d=mm&r=g\",\"contentUrl\":\"https:\/\/secure.gravatar.com\/avatar\/20fbbda8a292f59f2d3461a5b999c00b?s=96&d=mm&r=g\",\"caption\":\"Service des communications et des relations publiques\"},\"url\":\"https:\/\/www.uqac.ca\/uqactualites\/author\/bap\/\"}]}<\/script>\r\n<!-- \/ Yoast SEO plugin. -->","yoast_head_json":{"title":"Collation des grades: l\u2019heure est \u00e0 la r\u00e9ussite pour les finissantes et finissants de l\u2019UQAC - UQACtualit\u00e9s","description":"L'UQAC souligne la r\u00e9ussite de 1\u00a0329\u00a0finissant(e)s \u00e0 l\u2019occasion de 2 c\u00e9r\u00e9monies de Collation des grades qui se tiendront au Pavillon sportif.","robots":{"index":"index","follow":"follow","max-snippet":"max-snippet:-1","max-image-preview":"max-image-preview:large","max-video-preview":"max-video-preview:-1"},"canonical":"https:\/\/www.uqac.ca\/uqactualites\/2023\/04\/29\/lheure-est-a-la-reussite-pour-les-finissantes-et-finissants-de-luqac\/","og_locale":"fr_CA","og_type":"article","og_title":"Collation des grades: l\u2019heure est \u00e0 la r\u00e9ussite pour les finissantes et finissants de l\u2019UQAC - UQACtualit\u00e9s","og_description":"L'UQAC souligne la r\u00e9ussite de 1\u00a0329\u00a0finissant(e)s \u00e0 l\u2019occasion de 2 c\u00e9r\u00e9monies de Collation des grades qui se tiendront au Pavillon sportif.","og_url":"https:\/\/www.uqac.ca\/uqactualites\/2023\/04\/29\/lheure-est-a-la-reussite-pour-les-finissantes-et-finissants-de-luqac\/","og_site_name":"UQACtualit\u00e9s","article_published_time":"2023-04-29T18:07:47+00:00","article_modified_time":"2024-08-07T20:10:05+00:00","og_image":[{"width":2560,"height":1707,"url":"https:\/\/www.uqac.ca\/uqactualites\/wp-content\/uploads\/2023\/04\/cdg-mduhaime-h23-scaled.jpg","type":"image\/jpeg"}],"author":"Service des communications et des relations publiques","twitter_card":"summary_large_image","twitter_misc":{"\u00c9crit par":"Service des communications et des relations publiques","Estimation du temps de lecture":"2 minutes"},"schema":{"@context":"https:\/\/schema.org","@graph":[{"@type":"WebPage","@id":"https:\/\/www.uqac.ca\/uqactualites\/2023\/04\/29\/lheure-est-a-la-reussite-pour-les-finissantes-et-finissants-de-luqac\/","url":"https:\/\/www.uqac.ca\/uqactualites\/2023\/04\/29\/lheure-est-a-la-reussite-pour-les-finissantes-et-finissants-de-luqac\/","name":"Collation des grades: l\u2019heure est \u00e0 la r\u00e9ussite pour les finissantes et finissants de l\u2019UQAC - UQACtualit\u00e9s","isPartOf":{"@id":"https:\/\/www.uqac.ca\/uqactualites\/#website"},"primaryImageOfPage":{"@id":"https:\/\/www.uqac.ca\/uqactualites\/2023\/04\/29\/lheure-est-a-la-reussite-pour-les-finissantes-et-finissants-de-luqac\/#primaryimage"},"image":{"@id":"https:\/\/www.uqac.ca\/uqactualites\/2023\/04\/29\/lheure-est-a-la-reussite-pour-les-finissantes-et-finissants-de-luqac\/#primaryimage"},"thumbnailUrl":"https:\/\/www.uqac.ca\/uqactualites\/wp-content\/uploads\/2023\/04\/cdg-mduhaime-h23-scaled.jpg","datePublished":"2023-04-29T18:07:47+00:00","dateModified":"2024-08-07T20:10:05+00:00","author":{"@id":"https:\/\/www.uqac.ca\/uqactualites\/#\/schema\/person\/366c45a0c4f0e677b41b4af5886e2018"},"description":"L'UQAC souligne la r\u00e9ussite de 1\u00a0329\u00a0finissant(e)s \u00e0 l\u2019occasion de 2 c\u00e9r\u00e9monies de Collation des grades qui se tiendront au Pavillon sportif.","breadcrumb":{"@id":"https:\/\/www.uqac.ca\/uqactualites\/2023\/04\/29\/lheure-est-a-la-reussite-pour-les-finissantes-et-finissants-de-luqac\/#breadcrumb"},"inLanguage":"fr-CA","potentialAction":[{"@type":"ReadAction","target":["https:\/\/www.uqac.ca\/uqactualites\/2023\/04\/29\/lheure-est-a-la-reussite-pour-les-finissantes-et-finissants-de-luqac\/"]}]},{"@type":"ImageObject","inLanguage":"fr-CA","@id":"https:\/\/www.uqac.ca\/uqactualites\/2023\/04\/29\/lheure-est-a-la-reussite-pour-les-finissantes-et-finissants-de-luqac\/#primaryimage","url":"https:\/\/www.uqac.ca\/uqactualites\/wp-content\/uploads\/2023\/04\/cdg-mduhaime-h23-scaled.jpg","contentUrl":"https:\/\/www.uqac.ca\/uqactualites\/wp-content\/uploads\/2023\/04\/cdg-mduhaime-h23-scaled.jpg","width":2560,"height":1707,"caption":"Collation des grades"},{"@type":"BreadcrumbList","@id":"https:\/\/www.uqac.ca\/uqactualites\/2023\/04\/29\/lheure-est-a-la-reussite-pour-les-finissantes-et-finissants-de-luqac\/#breadcrumb","itemListElement":[{"@type":"ListItem","position":1,"name":"Home","item":"https:\/\/www.uqac.ca\/uqactualites\/"},{"@type":"ListItem","position":2,"name":"Collation des grades: l\u2019heure est \u00e0 la r\u00e9ussite pour les finissantes et finissants de l\u2019UQAC"}]},{"@type":"WebSite","@id":"https:\/\/www.uqac.ca\/uqactualites\/#website","url":"https:\/\/www.uqac.ca\/uqactualites\/","name":"UQACtualit\u00e9s","description":"Le portail des nouvelles de l&#039;UQAC","potentialAction":[{"@type":"SearchAction","target":{"@type":"EntryPoint","urlTemplate":"https:\/\/www.uqac.ca\/uqactualites\/?s={search_term_string}"},"query-input":{"@type":"PropertyValueSpecification","valueRequired":true,"valueName":"search_term_string"}}],"inLanguage":"fr-CA"},{"@type":"Person","@id":"https:\/\/www.uqac.ca\/uqactualites\/#\/schema\/person\/366c45a0c4f0e677b41b4af5886e2018","name":"Service des communications et des relations publiques","image":{"@type":"ImageObject","inLanguage":"fr-CA","@id":"https:\/\/www.uqac.ca\/uqactualites\/#\/schema\/person\/image\/","url":"https:\/\/secure.gravatar.com\/avatar\/20fbbda8a292f59f2d3461a5b999c00b?s=96&d=mm&r=g","contentUrl":"https:\/\/secure.gravatar.com\/avatar\/20fbbda8a292f59f2d3461a5b999c00b?s=96&d=mm&r=g","caption":"Service des communications et des relations publiques"},"url":"https:\/\/www.uqac.ca\/uqactualites\/author\/bap\/"}]}},"_links":{"self":[{"href":"https:\/\/www.uqac.ca\/uqactualites\/wp-json\/wp\/v2\/posts\/43338"}],"collection":[{"href":"https:\/\/www.uqac.ca\/uqactualites\/wp-json\/wp\/v2\/posts"}],"about":[{"href":"https:\/\/www.uqac.ca\/uqactualites\/wp-json\/wp\/v2\/types\/post"}],"author":[{"embeddable":true,"href":"https:\/\/www.uqac.ca\/uqactualites\/wp-json\/wp\/v2\/users\/5"}],"replies":[{"embeddable":true,"href":"https:\/\/www.uqac.ca\/uqactualites\/wp-json\/wp\/v2\/comments?post=43338"}],"version-history":[{"count":3,"href":"https:\/\/www.uqac.ca\/uqactualites\/wp-json\/wp\/v2\/posts\/43338\/revisions"}],"predecessor-version":[{"id":48433,"href":"https:\/\/www.uqac.ca\/uqactualites\/wp-json\/wp\/v2\/posts\/43338\/revisions\/48433"}],"wp:featuredmedia":[{"embeddable":true,"href":"https:\/\/www.uqac.ca\/uqactualites\/wp-json\/wp\/v2\/media\/43356"}],"wp:attachment":[{"href":"https:\/\/www.uqac.ca\/uqactualites\/wp-json\/wp\/v2\/media?parent=43338"}],"wp:term":[{"taxonomy":"category","embeddable":true,"href":"https:\/\/www.uqac.ca\/uqactualites\/wp-json\/wp\/v2\/categories?post=43338"},{"taxonomy":"post_tag","embeddable":true,"href":"https:\/\/www.uqac.ca\/uqactualites\/wp-json\/wp\/v2\/tags?post=43338"}],"curies":[{"name":"wp","href":"https:\/\/api.w.org\/{rel}","templated":true}]}}