{"id":43387,"date":"2023-05-02T09:28:05","date_gmt":"2023-05-02T13:28:05","guid":{"rendered":"https:\/\/www.uqac.ca\/?p=43387"},"modified":"2024-08-07T15:25:24","modified_gmt":"2024-08-07T19:25:24","slug":"les-etudiants-et-etudiantes-de-geographie-de-luqac-apprennent-la-geographie-par-les-pieds","status":"publish","type":"post","link":"https:\/\/www.uqac.ca\/uqactualites\/2023\/05\/02\/les-etudiants-et-etudiantes-de-geographie-de-luqac-apprennent-la-geographie-par-les-pieds\/","title":{"rendered":"Les \u00e9tudiants et \u00e9tudiantes de l\u2019UQAC apprennent la g\u00e9ographie&#8230; par les pieds!"},"content":{"rendered":"<p style=\"text-align: justify; text-justify: inter-ideograph;\">Le 15 et 16 avril dernier, un groupe d\u2019\u00e9tudiants et d&rsquo;\u00e9tudiantes en g\u00e9ographie de l\u2019UQAC a effectu\u00e9 une sortie dans le Bas Saguenay dans le cadre du cours \u00ab <a href=\"https:\/\/programmes.uqac.ca\/4geo317\" target=\"_blank\" rel=\"noopener\">Hydrog\u00e9omorphologie des eaux douces<\/a> \u00bb. La th\u00e9matique de la sortie \u00e9tait l\u2019analyse des formes et des processus de rivi\u00e8res, dans une perspective de gestion territoriale. Huit sites diff\u00e9rents ont \u00e9t\u00e9 visit\u00e9s dans les municipalit\u00e9s de La Baie, l\u2019Anse-St-Jean et Petit-Saguenay, permettant de traiter de cas concrets li\u00e9s \u00e0 la gestion des cours d\u2019eau : d\u00e9mant\u00e8lement d\u2019enrochements, gestion de barrages, projets de restauration de milieux humides et hydriques, analyse des risques d\u2019inondation et de la dynamique de mobilit\u00e9, etc. \u00c0 chaque site, les \u00e9tudiants et \u00e9tudiantes ont \u00e9t\u00e9 amen\u00e9s \u00e0 analyser les nombreux enjeux, proposer des solutions durables et effectuer des prises de mesures. Ceux-ci ont explor\u00e9 le territoire hydrique du Bas Saguenay sur la neige en raquettes, \u00e0 pied dans les sentiers de terre battue ou bien les deux pieds dans l\u2019eau.<\/p>\n<p style=\"text-align: justify; text-justify: inter-ideograph;\">Cette sortie sur deux jours s\u2019inscrit dans une offre de cours diversifi\u00e9e du <a href=\"https:\/\/www.uqac.ca\/programme\/7688-baccalaureat-en-geographie-et-en-amenagement-durable\/\" target=\"_blank\" rel=\"noopener\">baccalaur\u00e9at en g\u00e9ographie<\/a> de l\u2019UQAC. Accompagn\u00e9s d\u2019une \u00e9quipe de professeurs et professeurs et de professionnels et professionnelles hors pair et accessibles, les \u00e9tudiants et \u00e9tudiantes en g\u00e9ographie d\u00e9veloppent un sens aiguis\u00e9 de l\u2019observation, des comp\u00e9tences dans la collecte et le traitement des donn\u00e9es, et des capacit\u00e9s d\u2019analyse et de concertation qui en font des professionnels et professionnelles recherch\u00e9s sur le march\u00e9 du travail, autant dans les instances de gouvernance r\u00e9gionale, les minist\u00e8res que dans les instances de coop\u00e9ration internationale. Et tout cela dans un lieu d\u2019\u00e9tude nich\u00e9 dans un territoire riche et diversifi\u00e9 qu\u2019est celui du Saguenay-Lac-Saint-Jean.<\/p>\n","protected":false},"excerpt":{"rendered":"<p>Le 15 et 16 avril dernier, un groupe d\u2019\u00e9tudiants et d&rsquo;\u00e9tudiantes en g\u00e9ographie de l\u2019UQAC a effectu\u00e9 une sortie dans le Bas Saguenay dans le cadre du cours \u00ab Hydrog\u00e9omorphologie des eaux douces \u00bb. La th\u00e9matique de la sortie \u00e9tait l\u2019analyse des formes et des processus de rivi\u00e8res, dans une perspective de gestion territoriale. Huit [&hellip;]<\/p>\n","protected":false},"author":5,"featured_media":43391,"comment_status":"closed","ping_status":"closed","sticky":false,"template":"","format":"standard","meta":{"footnotes":""},"categories":[2],"tags":[],"yoast_head":"<!-- This site is optimized with the Yoast SEO plugin v24.2 - https:\/\/yoast.com\/wordpress\/plugins\/seo\/ -->\r\n<title>Les \u00e9tudiants et \u00e9tudiantes de l\u2019UQAC apprennent la g\u00e9ographie... par les pieds! - UQACtualit\u00e9s<\/title>\r\n<meta name=\"description\" content=\"Des \u00e9tudiant(e)s de l\u2019UQAC ont effectu\u00e9 une sortie dans le Bas Saguenay dans le cadre du cours \u00ab Hydrog\u00e9omorphologie des eaux douces \u00bb.\" \/>\r\n<meta name=\"robots\" content=\"index, follow, max-snippet:-1, max-image-preview:large, max-video-preview:-1\" \/>\r\n<link rel=\"canonical\" href=\"https:\/\/www.uqac.ca\/uqactualites\/2023\/05\/02\/les-etudiants-et-etudiantes-de-geographie-de-luqac-apprennent-la-geographie-par-les-pieds\/\" \/>\r\n<meta property=\"og:locale\" content=\"fr_CA\" \/>\r\n<meta property=\"og:type\" content=\"article\" \/>\r\n<meta property=\"og:title\" content=\"Les \u00e9tudiants et \u00e9tudiantes de l\u2019UQAC apprennent la g\u00e9ographie... par les pieds! - UQACtualit\u00e9s\" \/>\r\n<meta property=\"og:description\" content=\"Des \u00e9tudiant(e)s de l\u2019UQAC ont effectu\u00e9 une sortie dans le Bas Saguenay dans le cadre du cours \u00ab Hydrog\u00e9omorphologie des eaux douces \u00bb.\" \/>\r\n<meta property=\"og:url\" content=\"https:\/\/www.uqac.ca\/uqactualites\/2023\/05\/02\/les-etudiants-et-etudiantes-de-geographie-de-luqac-apprennent-la-geographie-par-les-pieds\/\" \/>\r\n<meta property=\"og:site_name\" content=\"UQACtualit\u00e9s\" \/>\r\n<meta property=\"article:published_time\" content=\"2023-05-02T13:28:05+00:00\" \/>\r\n<meta property=\"article:modified_time\" content=\"2024-08-07T19:25:24+00:00\" \/>\r\n<meta property=\"og:image\" content=\"https:\/\/www.uqac.ca\/uqactualites\/wp-content\/uploads\/2023\/05\/343419584_967515587756412_4746519457475957000_n.jpg\" \/>\r\n\t<meta property=\"og:image:width\" content=\"1210\" \/>\r\n\t<meta property=\"og:image:height\" content=\"681\" \/>\r\n\t<meta property=\"og:image:type\" content=\"image\/jpeg\" \/>\r\n<meta name=\"author\" content=\"Service des communications et des relations publiques\" \/>\r\n<meta name=\"twitter:card\" content=\"summary_large_image\" \/>\r\n<meta name=\"twitter:label1\" content=\"\u00c9crit par\" \/>\n\t<meta name=\"twitter:data1\" content=\"Service des communications et des relations publiques\" \/>\n\t<meta name=\"twitter:label2\" content=\"Estimation du temps de lecture\" \/>\n\t<meta name=\"twitter:data2\" content=\"2 minutes\" \/>\r\n<script type=\"application\/ld+json\" class=\"yoast-schema-graph\">{\"@context\":\"https:\/\/schema.org\",\"@graph\":[{\"@type\":\"WebPage\",\"@id\":\"https:\/\/www.uqac.ca\/uqactualites\/2023\/05\/02\/les-etudiants-et-etudiantes-de-geographie-de-luqac-apprennent-la-geographie-par-les-pieds\/\",\"url\":\"https:\/\/www.uqac.ca\/uqactualites\/2023\/05\/02\/les-etudiants-et-etudiantes-de-geographie-de-luqac-apprennent-la-geographie-par-les-pieds\/\",\"name\":\"Les \u00e9tudiants et \u00e9tudiantes de l\u2019UQAC apprennent la g\u00e9ographie... par les pieds! - UQACtualit\u00e9s\",\"isPartOf\":{\"@id\":\"https:\/\/www.uqac.ca\/uqactualites\/#website\"},\"primaryImageOfPage\":{\"@id\":\"https:\/\/www.uqac.ca\/uqactualites\/2023\/05\/02\/les-etudiants-et-etudiantes-de-geographie-de-luqac-apprennent-la-geographie-par-les-pieds\/#primaryimage\"},\"image\":{\"@id\":\"https:\/\/www.uqac.ca\/uqactualites\/2023\/05\/02\/les-etudiants-et-etudiantes-de-geographie-de-luqac-apprennent-la-geographie-par-les-pieds\/#primaryimage\"},\"thumbnailUrl\":\"https:\/\/www.uqac.ca\/uqactualites\/wp-content\/uploads\/2023\/05\/343419584_967515587756412_4746519457475957000_n.jpg\",\"datePublished\":\"2023-05-02T13:28:05+00:00\",\"dateModified\":\"2024-08-07T19:25:24+00:00\",\"author\":{\"@id\":\"https:\/\/www.uqac.ca\/uqactualites\/#\/schema\/person\/366c45a0c4f0e677b41b4af5886e2018\"},\"description\":\"Des \u00e9tudiant(e)s de l\u2019UQAC ont effectu\u00e9 une sortie dans le Bas Saguenay dans le cadre du cours \u00ab Hydrog\u00e9omorphologie des eaux douces \u00bb.\",\"breadcrumb\":{\"@id\":\"https:\/\/www.uqac.ca\/uqactualites\/2023\/05\/02\/les-etudiants-et-etudiantes-de-geographie-de-luqac-apprennent-la-geographie-par-les-pieds\/#breadcrumb\"},\"inLanguage\":\"fr-CA\",\"potentialAction\":[{\"@type\":\"ReadAction\",\"target\":[\"https:\/\/www.uqac.ca\/uqactualites\/2023\/05\/02\/les-etudiants-et-etudiantes-de-geographie-de-luqac-apprennent-la-geographie-par-les-pieds\/\"]}]},{\"@type\":\"ImageObject\",\"inLanguage\":\"fr-CA\",\"@id\":\"https:\/\/www.uqac.ca\/uqactualites\/2023\/05\/02\/les-etudiants-et-etudiantes-de-geographie-de-luqac-apprennent-la-geographie-par-les-pieds\/#primaryimage\",\"url\":\"https:\/\/www.uqac.ca\/uqactualites\/wp-content\/uploads\/2023\/05\/343419584_967515587756412_4746519457475957000_n.jpg\",\"contentUrl\":\"https:\/\/www.uqac.ca\/uqactualites\/wp-content\/uploads\/2023\/05\/343419584_967515587756412_4746519457475957000_n.jpg\",\"width\":1210,\"height\":681,\"caption\":\"Bas Saguenay\"},{\"@type\":\"BreadcrumbList\",\"@id\":\"https:\/\/www.uqac.ca\/uqactualites\/2023\/05\/02\/les-etudiants-et-etudiantes-de-geographie-de-luqac-apprennent-la-geographie-par-les-pieds\/#breadcrumb\",\"itemListElement\":[{\"@type\":\"ListItem\",\"position\":1,\"name\":\"Home\",\"item\":\"https:\/\/www.uqac.ca\/uqactualites\/\"},{\"@type\":\"ListItem\",\"position\":2,\"name\":\"Les \u00e9tudiants et \u00e9tudiantes de l\u2019UQAC apprennent la g\u00e9ographie&#8230; par les pieds!\"}]},{\"@type\":\"WebSite\",\"@id\":\"https:\/\/www.uqac.ca\/uqactualites\/#website\",\"url\":\"https:\/\/www.uqac.ca\/uqactualites\/\",\"name\":\"UQACtualit\u00e9s\",\"description\":\"Le portail des nouvelles de l&#039;UQAC\",\"potentialAction\":[{\"@type\":\"SearchAction\",\"target\":{\"@type\":\"EntryPoint\",\"urlTemplate\":\"https:\/\/www.uqac.ca\/uqactualites\/?s={search_term_string}\"},\"query-input\":{\"@type\":\"PropertyValueSpecification\",\"valueRequired\":true,\"valueName\":\"search_term_string\"}}],\"inLanguage\":\"fr-CA\"},{\"@type\":\"Person\",\"@id\":\"https:\/\/www.uqac.ca\/uqactualites\/#\/schema\/person\/366c45a0c4f0e677b41b4af5886e2018\",\"name\":\"Service des communications et des relations publiques\",\"image\":{\"@type\":\"ImageObject\",\"inLanguage\":\"fr-CA\",\"@id\":\"https:\/\/www.uqac.ca\/uqactualites\/#\/schema\/person\/image\/\",\"url\":\"https:\/\/secure.gravatar.com\/avatar\/20fbbda8a292f59f2d3461a5b999c00b?s=96&d=mm&r=g\",\"contentUrl\":\"https:\/\/secure.gravatar.com\/avatar\/20fbbda8a292f59f2d3461a5b999c00b?s=96&d=mm&r=g\",\"caption\":\"Service des communications et des relations publiques\"},\"url\":\"https:\/\/www.uqac.ca\/uqactualites\/author\/bap\/\"}]}<\/script>\r\n<!-- \/ Yoast SEO plugin. -->","yoast_head_json":{"title":"Les \u00e9tudiants et \u00e9tudiantes de l\u2019UQAC apprennent la g\u00e9ographie... par les pieds! - UQACtualit\u00e9s","description":"Des \u00e9tudiant(e)s de l\u2019UQAC ont effectu\u00e9 une sortie dans le Bas Saguenay dans le cadre du cours \u00ab Hydrog\u00e9omorphologie des eaux douces \u00bb.","robots":{"index":"index","follow":"follow","max-snippet":"max-snippet:-1","max-image-preview":"max-image-preview:large","max-video-preview":"max-video-preview:-1"},"canonical":"https:\/\/www.uqac.ca\/uqactualites\/2023\/05\/02\/les-etudiants-et-etudiantes-de-geographie-de-luqac-apprennent-la-geographie-par-les-pieds\/","og_locale":"fr_CA","og_type":"article","og_title":"Les \u00e9tudiants et \u00e9tudiantes de l\u2019UQAC apprennent la g\u00e9ographie... par les pieds! - UQACtualit\u00e9s","og_description":"Des \u00e9tudiant(e)s de l\u2019UQAC ont effectu\u00e9 une sortie dans le Bas Saguenay dans le cadre du cours \u00ab Hydrog\u00e9omorphologie des eaux douces \u00bb.","og_url":"https:\/\/www.uqac.ca\/uqactualites\/2023\/05\/02\/les-etudiants-et-etudiantes-de-geographie-de-luqac-apprennent-la-geographie-par-les-pieds\/","og_site_name":"UQACtualit\u00e9s","article_published_time":"2023-05-02T13:28:05+00:00","article_modified_time":"2024-08-07T19:25:24+00:00","og_image":[{"width":1210,"height":681,"url":"https:\/\/www.uqac.ca\/uqactualites\/wp-content\/uploads\/2023\/05\/343419584_967515587756412_4746519457475957000_n.jpg","type":"image\/jpeg"}],"author":"Service des communications et des relations publiques","twitter_card":"summary_large_image","twitter_misc":{"\u00c9crit par":"Service des communications et des relations publiques","Estimation du temps de lecture":"2 minutes"},"schema":{"@context":"https:\/\/schema.org","@graph":[{"@type":"WebPage","@id":"https:\/\/www.uqac.ca\/uqactualites\/2023\/05\/02\/les-etudiants-et-etudiantes-de-geographie-de-luqac-apprennent-la-geographie-par-les-pieds\/","url":"https:\/\/www.uqac.ca\/uqactualites\/2023\/05\/02\/les-etudiants-et-etudiantes-de-geographie-de-luqac-apprennent-la-geographie-par-les-pieds\/","name":"Les \u00e9tudiants et \u00e9tudiantes de l\u2019UQAC apprennent la g\u00e9ographie... par les pieds! - UQACtualit\u00e9s","isPartOf":{"@id":"https:\/\/www.uqac.ca\/uqactualites\/#website"},"primaryImageOfPage":{"@id":"https:\/\/www.uqac.ca\/uqactualites\/2023\/05\/02\/les-etudiants-et-etudiantes-de-geographie-de-luqac-apprennent-la-geographie-par-les-pieds\/#primaryimage"},"image":{"@id":"https:\/\/www.uqac.ca\/uqactualites\/2023\/05\/02\/les-etudiants-et-etudiantes-de-geographie-de-luqac-apprennent-la-geographie-par-les-pieds\/#primaryimage"},"thumbnailUrl":"https:\/\/www.uqac.ca\/uqactualites\/wp-content\/uploads\/2023\/05\/343419584_967515587756412_4746519457475957000_n.jpg","datePublished":"2023-05-02T13:28:05+00:00","dateModified":"2024-08-07T19:25:24+00:00","author":{"@id":"https:\/\/www.uqac.ca\/uqactualites\/#\/schema\/person\/366c45a0c4f0e677b41b4af5886e2018"},"description":"Des \u00e9tudiant(e)s de l\u2019UQAC ont effectu\u00e9 une sortie dans le Bas Saguenay dans le cadre du cours \u00ab Hydrog\u00e9omorphologie des eaux douces \u00bb.","breadcrumb":{"@id":"https:\/\/www.uqac.ca\/uqactualites\/2023\/05\/02\/les-etudiants-et-etudiantes-de-geographie-de-luqac-apprennent-la-geographie-par-les-pieds\/#breadcrumb"},"inLanguage":"fr-CA","potentialAction":[{"@type":"ReadAction","target":["https:\/\/www.uqac.ca\/uqactualites\/2023\/05\/02\/les-etudiants-et-etudiantes-de-geographie-de-luqac-apprennent-la-geographie-par-les-pieds\/"]}]},{"@type":"ImageObject","inLanguage":"fr-CA","@id":"https:\/\/www.uqac.ca\/uqactualites\/2023\/05\/02\/les-etudiants-et-etudiantes-de-geographie-de-luqac-apprennent-la-geographie-par-les-pieds\/#primaryimage","url":"https:\/\/www.uqac.ca\/uqactualites\/wp-content\/uploads\/2023\/05\/343419584_967515587756412_4746519457475957000_n.jpg","contentUrl":"https:\/\/www.uqac.ca\/uqactualites\/wp-content\/uploads\/2023\/05\/343419584_967515587756412_4746519457475957000_n.jpg","width":1210,"height":681,"caption":"Bas Saguenay"},{"@type":"BreadcrumbList","@id":"https:\/\/www.uqac.ca\/uqactualites\/2023\/05\/02\/les-etudiants-et-etudiantes-de-geographie-de-luqac-apprennent-la-geographie-par-les-pieds\/#breadcrumb","itemListElement":[{"@type":"ListItem","position":1,"name":"Home","item":"https:\/\/www.uqac.ca\/uqactualites\/"},{"@type":"ListItem","position":2,"name":"Les \u00e9tudiants et \u00e9tudiantes de l\u2019UQAC apprennent la g\u00e9ographie&#8230; par les pieds!"}]},{"@type":"WebSite","@id":"https:\/\/www.uqac.ca\/uqactualites\/#website","url":"https:\/\/www.uqac.ca\/uqactualites\/","name":"UQACtualit\u00e9s","description":"Le portail des nouvelles de l&#039;UQAC","potentialAction":[{"@type":"SearchAction","target":{"@type":"EntryPoint","urlTemplate":"https:\/\/www.uqac.ca\/uqactualites\/?s={search_term_string}"},"query-input":{"@type":"PropertyValueSpecification","valueRequired":true,"valueName":"search_term_string"}}],"inLanguage":"fr-CA"},{"@type":"Person","@id":"https:\/\/www.uqac.ca\/uqactualites\/#\/schema\/person\/366c45a0c4f0e677b41b4af5886e2018","name":"Service des communications et des relations publiques","image":{"@type":"ImageObject","inLanguage":"fr-CA","@id":"https:\/\/www.uqac.ca\/uqactualites\/#\/schema\/person\/image\/","url":"https:\/\/secure.gravatar.com\/avatar\/20fbbda8a292f59f2d3461a5b999c00b?s=96&d=mm&r=g","contentUrl":"https:\/\/secure.gravatar.com\/avatar\/20fbbda8a292f59f2d3461a5b999c00b?s=96&d=mm&r=g","caption":"Service des communications et des relations publiques"},"url":"https:\/\/www.uqac.ca\/uqactualites\/author\/bap\/"}]}},"_links":{"self":[{"href":"https:\/\/www.uqac.ca\/uqactualites\/wp-json\/wp\/v2\/posts\/43387"}],"collection":[{"href":"https:\/\/www.uqac.ca\/uqactualites\/wp-json\/wp\/v2\/posts"}],"about":[{"href":"https:\/\/www.uqac.ca\/uqactualites\/wp-json\/wp\/v2\/types\/post"}],"author":[{"embeddable":true,"href":"https:\/\/www.uqac.ca\/uqactualites\/wp-json\/wp\/v2\/users\/5"}],"replies":[{"embeddable":true,"href":"https:\/\/www.uqac.ca\/uqactualites\/wp-json\/wp\/v2\/comments?post=43387"}],"version-history":[{"count":3,"href":"https:\/\/www.uqac.ca\/uqactualites\/wp-json\/wp\/v2\/posts\/43387\/revisions"}],"predecessor-version":[{"id":48424,"href":"https:\/\/www.uqac.ca\/uqactualites\/wp-json\/wp\/v2\/posts\/43387\/revisions\/48424"}],"wp:featuredmedia":[{"embeddable":true,"href":"https:\/\/www.uqac.ca\/uqactualites\/wp-json\/wp\/v2\/media\/43391"}],"wp:attachment":[{"href":"https:\/\/www.uqac.ca\/uqactualites\/wp-json\/wp\/v2\/media?parent=43387"}],"wp:term":[{"taxonomy":"category","embeddable":true,"href":"https:\/\/www.uqac.ca\/uqactualites\/wp-json\/wp\/v2\/categories?post=43387"},{"taxonomy":"post_tag","embeddable":true,"href":"https:\/\/www.uqac.ca\/uqactualites\/wp-json\/wp\/v2\/tags?post=43387"}],"curies":[{"name":"wp","href":"https:\/\/api.w.org\/{rel}","templated":true}]}}