{"id":43420,"date":"2023-05-05T09:39:55","date_gmt":"2023-05-05T13:39:55","guid":{"rendered":"https:\/\/www.uqac.ca\/?p=43420"},"modified":"2024-08-07T11:34:57","modified_gmt":"2024-08-07T15:34:57","slug":"portes-ouvertes-sur-la-science-a-luqac","status":"publish","type":"post","link":"https:\/\/www.uqac.ca\/uqactualites\/2023\/05\/05\/portes-ouvertes-sur-la-science-a-luqac\/","title":{"rendered":"Portes ouvertes sur la science \u00e0 l\u2019UQAC"},"content":{"rendered":"<p>Aujourd\u2019hui a lieu la toute premi\u00e8re \u00e9dition de la Journ\u00e9e de la recherche de la cr\u00e9ation de l\u2019<a href=\"https:\/\/www.uqac.ca\/\" target=\"_blank\" rel=\"noopener\">Universit\u00e9 du Qu\u00e9bec \u00e0 Chicoutimi<\/a>. Entre 11 h et 15 h, partenaires, futurs \u00e9tudiants, futures \u00e9tudiantes et grand public sont invit\u00e9s \u00e0 venir d\u00e9couvrir les projets et les infrastructures de recherche de l\u2019institution.<\/p>\n<p>La programmation de la journ\u00e9e se d\u00e9finit par les cinq axes de recherche suivants\u00a0:<\/p>\n<ul>\n<li>\u00c9cosyst\u00e8mes num\u00e9riques<\/li>\n<li>Environnement et changements climatiques<\/li>\n<li>Humanit\u00e9s, cultures, communaut\u00e9s et organisation en transition<\/li>\n<li>Ressources naturelles et mat\u00e9riaux innovants<\/li>\n<li>Sant\u00e9 durable<\/li>\n<\/ul>\n<p>Selon l\u2019axe choisi, une visite guid\u00e9e sera offerte pour faire d\u00e9couvrir les projets de recherche et de cr\u00e9ation qui animent la communaut\u00e9 universitaire, les infrastructures et les expertises des professeurs-chercheurs et des professeures-chercheuses.<\/p>\n<p>Il sera possible de faire une visite du campus en montant \u00e0 bord d\u2019une navette guid\u00e9e.<\/p>\n<p>Pour consulter les points d\u2019int\u00e9r\u00eat de la journ\u00e9e\u00a0: \u00a0<a href=\"https:\/\/can01.safelinks.protection.outlook.com\/?url=https%3A%2F%2Fwww.uqac.ca%2Fjrc%2Fwp-content%2Fuploads%2F2023%2F05%2FPlanCampusJourneeRCH23-1.pdf&amp;data=05%7C01%7Cmfaudet%40uqac.ca%7Cd1f23a7237ea4aaee1b108db4d6b75ef%7Cc97978b1bd4c44b59bbb20215efdf611%7C1%7C0%7C638188896194688448%7CUnknown%7CTWFpbGZsb3d8eyJWIjoiMC4wLjAwMDAiLCJQIjoiV2luMzIiLCJBTiI6Ik1haWwiLCJXVCI6Mn0%3D%7C3000%7C%7C%7C&amp;sdata=NINzR2lmjZB46PjMP13n7YlF9J03Q3f6u6MOC5xhnXs%3D&amp;reserved=0\">www.uqac.ca\/jrc\/wp-content\/uploads\/2023\/05\/PlanCampusJourneeRCH23-1.pdf<\/a><\/p>\n<p>&nbsp;<\/p>\n","protected":false},"excerpt":{"rendered":"<p>Aujourd\u2019hui a lieu la toute premi\u00e8re \u00e9dition de la Journ\u00e9e de la recherche de la cr\u00e9ation de l\u2019Universit\u00e9 du Qu\u00e9bec \u00e0 Chicoutimi. Entre 11 h et 15 h, partenaires, futurs \u00e9tudiants, futures \u00e9tudiantes et grand public sont invit\u00e9s \u00e0 venir d\u00e9couvrir les projets et les infrastructures de recherche de l\u2019institution. La programmation de la journ\u00e9e [&hellip;]<\/p>\n","protected":false},"author":5,"featured_media":43426,"comment_status":"closed","ping_status":"closed","sticky":false,"template":"","format":"standard","meta":{"footnotes":""},"categories":[61,4],"tags":[20,60,5,3,22,23],"yoast_head":"<!-- This site is optimized with the Yoast SEO plugin v24.2 - https:\/\/yoast.com\/wordpress\/plugins\/seo\/ -->\r\n<title>Portes ouvertes sur la science \u00e0 l\u2019UQAC - UQACtualit\u00e9s<\/title>\r\n<meta name=\"description\" content=\"Aujourd\u2019hui a lieu la toute premi\u00e8re \u00e9dition de la Journ\u00e9e de la recherche de la cr\u00e9ation de l\u2019Universit\u00e9 du Qu\u00e9bec \u00e0 Chicoutimi.\" \/>\r\n<meta name=\"robots\" content=\"index, follow, max-snippet:-1, max-image-preview:large, max-video-preview:-1\" \/>\r\n<link rel=\"canonical\" href=\"https:\/\/www.uqac.ca\/uqactualites\/2023\/05\/05\/portes-ouvertes-sur-la-science-a-luqac\/\" \/>\r\n<meta property=\"og:locale\" content=\"fr_CA\" \/>\r\n<meta property=\"og:type\" content=\"article\" \/>\r\n<meta property=\"og:title\" content=\"Portes ouvertes sur la science \u00e0 l\u2019UQAC - UQACtualit\u00e9s\" \/>\r\n<meta property=\"og:description\" content=\"Aujourd\u2019hui a lieu la toute premi\u00e8re \u00e9dition de la Journ\u00e9e de la recherche de la cr\u00e9ation de l\u2019Universit\u00e9 du Qu\u00e9bec \u00e0 Chicoutimi.\" \/>\r\n<meta property=\"og:url\" content=\"https:\/\/www.uqac.ca\/uqactualites\/2023\/05\/05\/portes-ouvertes-sur-la-science-a-luqac\/\" \/>\r\n<meta property=\"og:site_name\" content=\"UQACtualit\u00e9s\" \/>\r\n<meta property=\"article:published_time\" content=\"2023-05-05T13:39:55+00:00\" \/>\r\n<meta property=\"article:modified_time\" content=\"2024-08-07T15:34:57+00:00\" \/>\r\n<meta property=\"og:image\" content=\"https:\/\/www.uqac.ca\/uqactualites\/wp-content\/uploads\/2023\/05\/JRC_staillo_H23-4-1.jpg\" \/>\r\n\t<meta property=\"og:image:width\" content=\"2400\" \/>\r\n\t<meta property=\"og:image:height\" content=\"1601\" \/>\r\n\t<meta property=\"og:image:type\" content=\"image\/jpeg\" \/>\r\n<meta name=\"author\" content=\"Service des communications et des relations publiques\" \/>\r\n<meta name=\"twitter:card\" content=\"summary_large_image\" \/>\r\n<meta name=\"twitter:label1\" content=\"\u00c9crit par\" \/>\n\t<meta name=\"twitter:data1\" content=\"Service des communications et des relations publiques\" \/>\n\t<meta name=\"twitter:label2\" content=\"Estimation du temps de lecture\" \/>\n\t<meta name=\"twitter:data2\" content=\"1 minute\" \/>\r\n<script type=\"application\/ld+json\" class=\"yoast-schema-graph\">{\"@context\":\"https:\/\/schema.org\",\"@graph\":[{\"@type\":\"WebPage\",\"@id\":\"https:\/\/www.uqac.ca\/uqactualites\/2023\/05\/05\/portes-ouvertes-sur-la-science-a-luqac\/\",\"url\":\"https:\/\/www.uqac.ca\/uqactualites\/2023\/05\/05\/portes-ouvertes-sur-la-science-a-luqac\/\",\"name\":\"Portes ouvertes sur la science \u00e0 l\u2019UQAC - UQACtualit\u00e9s\",\"isPartOf\":{\"@id\":\"https:\/\/www.uqac.ca\/uqactualites\/#website\"},\"primaryImageOfPage\":{\"@id\":\"https:\/\/www.uqac.ca\/uqactualites\/2023\/05\/05\/portes-ouvertes-sur-la-science-a-luqac\/#primaryimage\"},\"image\":{\"@id\":\"https:\/\/www.uqac.ca\/uqactualites\/2023\/05\/05\/portes-ouvertes-sur-la-science-a-luqac\/#primaryimage\"},\"thumbnailUrl\":\"https:\/\/www.uqac.ca\/uqactualites\/wp-content\/uploads\/2023\/05\/JRC_staillo_H23-4-1.jpg\",\"datePublished\":\"2023-05-05T13:39:55+00:00\",\"dateModified\":\"2024-08-07T15:34:57+00:00\",\"author\":{\"@id\":\"https:\/\/www.uqac.ca\/uqactualites\/#\/schema\/person\/366c45a0c4f0e677b41b4af5886e2018\"},\"description\":\"Aujourd\u2019hui a lieu la toute premi\u00e8re \u00e9dition de la Journ\u00e9e de la recherche de la cr\u00e9ation de l\u2019Universit\u00e9 du Qu\u00e9bec \u00e0 Chicoutimi.\",\"breadcrumb\":{\"@id\":\"https:\/\/www.uqac.ca\/uqactualites\/2023\/05\/05\/portes-ouvertes-sur-la-science-a-luqac\/#breadcrumb\"},\"inLanguage\":\"fr-CA\",\"potentialAction\":[{\"@type\":\"ReadAction\",\"target\":[\"https:\/\/www.uqac.ca\/uqactualites\/2023\/05\/05\/portes-ouvertes-sur-la-science-a-luqac\/\"]}]},{\"@type\":\"ImageObject\",\"inLanguage\":\"fr-CA\",\"@id\":\"https:\/\/www.uqac.ca\/uqactualites\/2023\/05\/05\/portes-ouvertes-sur-la-science-a-luqac\/#primaryimage\",\"url\":\"https:\/\/www.uqac.ca\/uqactualites\/wp-content\/uploads\/2023\/05\/JRC_staillo_H23-4-1.jpg\",\"contentUrl\":\"https:\/\/www.uqac.ca\/uqactualites\/wp-content\/uploads\/2023\/05\/JRC_staillo_H23-4-1.jpg\",\"width\":2400,\"height\":1601,\"caption\":\"Journ\u00e9e de la recherche et de la cr\u00e9ation\"},{\"@type\":\"BreadcrumbList\",\"@id\":\"https:\/\/www.uqac.ca\/uqactualites\/2023\/05\/05\/portes-ouvertes-sur-la-science-a-luqac\/#breadcrumb\",\"itemListElement\":[{\"@type\":\"ListItem\",\"position\":1,\"name\":\"Home\",\"item\":\"https:\/\/www.uqac.ca\/uqactualites\/\"},{\"@type\":\"ListItem\",\"position\":2,\"name\":\"Portes ouvertes sur la science \u00e0 l\u2019UQAC\"}]},{\"@type\":\"WebSite\",\"@id\":\"https:\/\/www.uqac.ca\/uqactualites\/#website\",\"url\":\"https:\/\/www.uqac.ca\/uqactualites\/\",\"name\":\"UQACtualit\u00e9s\",\"description\":\"Le portail des nouvelles de l&#039;UQAC\",\"potentialAction\":[{\"@type\":\"SearchAction\",\"target\":{\"@type\":\"EntryPoint\",\"urlTemplate\":\"https:\/\/www.uqac.ca\/uqactualites\/?s={search_term_string}\"},\"query-input\":{\"@type\":\"PropertyValueSpecification\",\"valueRequired\":true,\"valueName\":\"search_term_string\"}}],\"inLanguage\":\"fr-CA\"},{\"@type\":\"Person\",\"@id\":\"https:\/\/www.uqac.ca\/uqactualites\/#\/schema\/person\/366c45a0c4f0e677b41b4af5886e2018\",\"name\":\"Service des communications et des relations publiques\",\"image\":{\"@type\":\"ImageObject\",\"inLanguage\":\"fr-CA\",\"@id\":\"https:\/\/www.uqac.ca\/uqactualites\/#\/schema\/person\/image\/\",\"url\":\"https:\/\/secure.gravatar.com\/avatar\/20fbbda8a292f59f2d3461a5b999c00b?s=96&d=mm&r=g\",\"contentUrl\":\"https:\/\/secure.gravatar.com\/avatar\/20fbbda8a292f59f2d3461a5b999c00b?s=96&d=mm&r=g\",\"caption\":\"Service des communications et des relations publiques\"},\"url\":\"https:\/\/www.uqac.ca\/uqactualites\/author\/bap\/\"}]}<\/script>\r\n<!-- \/ Yoast SEO plugin. -->","yoast_head_json":{"title":"Portes ouvertes sur la science \u00e0 l\u2019UQAC - UQACtualit\u00e9s","description":"Aujourd\u2019hui a lieu la toute premi\u00e8re \u00e9dition de la Journ\u00e9e de la recherche de la cr\u00e9ation de l\u2019Universit\u00e9 du Qu\u00e9bec \u00e0 Chicoutimi.","robots":{"index":"index","follow":"follow","max-snippet":"max-snippet:-1","max-image-preview":"max-image-preview:large","max-video-preview":"max-video-preview:-1"},"canonical":"https:\/\/www.uqac.ca\/uqactualites\/2023\/05\/05\/portes-ouvertes-sur-la-science-a-luqac\/","og_locale":"fr_CA","og_type":"article","og_title":"Portes ouvertes sur la science \u00e0 l\u2019UQAC - UQACtualit\u00e9s","og_description":"Aujourd\u2019hui a lieu la toute premi\u00e8re \u00e9dition de la Journ\u00e9e de la recherche de la cr\u00e9ation de l\u2019Universit\u00e9 du Qu\u00e9bec \u00e0 Chicoutimi.","og_url":"https:\/\/www.uqac.ca\/uqactualites\/2023\/05\/05\/portes-ouvertes-sur-la-science-a-luqac\/","og_site_name":"UQACtualit\u00e9s","article_published_time":"2023-05-05T13:39:55+00:00","article_modified_time":"2024-08-07T15:34:57+00:00","og_image":[{"width":2400,"height":1601,"url":"https:\/\/www.uqac.ca\/uqactualites\/wp-content\/uploads\/2023\/05\/JRC_staillo_H23-4-1.jpg","type":"image\/jpeg"}],"author":"Service des communications et des relations publiques","twitter_card":"summary_large_image","twitter_misc":{"\u00c9crit par":"Service des communications et des relations publiques","Estimation du temps de lecture":"1 minute"},"schema":{"@context":"https:\/\/schema.org","@graph":[{"@type":"WebPage","@id":"https:\/\/www.uqac.ca\/uqactualites\/2023\/05\/05\/portes-ouvertes-sur-la-science-a-luqac\/","url":"https:\/\/www.uqac.ca\/uqactualites\/2023\/05\/05\/portes-ouvertes-sur-la-science-a-luqac\/","name":"Portes ouvertes sur la science \u00e0 l\u2019UQAC - UQACtualit\u00e9s","isPartOf":{"@id":"https:\/\/www.uqac.ca\/uqactualites\/#website"},"primaryImageOfPage":{"@id":"https:\/\/www.uqac.ca\/uqactualites\/2023\/05\/05\/portes-ouvertes-sur-la-science-a-luqac\/#primaryimage"},"image":{"@id":"https:\/\/www.uqac.ca\/uqactualites\/2023\/05\/05\/portes-ouvertes-sur-la-science-a-luqac\/#primaryimage"},"thumbnailUrl":"https:\/\/www.uqac.ca\/uqactualites\/wp-content\/uploads\/2023\/05\/JRC_staillo_H23-4-1.jpg","datePublished":"2023-05-05T13:39:55+00:00","dateModified":"2024-08-07T15:34:57+00:00","author":{"@id":"https:\/\/www.uqac.ca\/uqactualites\/#\/schema\/person\/366c45a0c4f0e677b41b4af5886e2018"},"description":"Aujourd\u2019hui a lieu la toute premi\u00e8re \u00e9dition de la Journ\u00e9e de la recherche de la cr\u00e9ation de l\u2019Universit\u00e9 du Qu\u00e9bec \u00e0 Chicoutimi.","breadcrumb":{"@id":"https:\/\/www.uqac.ca\/uqactualites\/2023\/05\/05\/portes-ouvertes-sur-la-science-a-luqac\/#breadcrumb"},"inLanguage":"fr-CA","potentialAction":[{"@type":"ReadAction","target":["https:\/\/www.uqac.ca\/uqactualites\/2023\/05\/05\/portes-ouvertes-sur-la-science-a-luqac\/"]}]},{"@type":"ImageObject","inLanguage":"fr-CA","@id":"https:\/\/www.uqac.ca\/uqactualites\/2023\/05\/05\/portes-ouvertes-sur-la-science-a-luqac\/#primaryimage","url":"https:\/\/www.uqac.ca\/uqactualites\/wp-content\/uploads\/2023\/05\/JRC_staillo_H23-4-1.jpg","contentUrl":"https:\/\/www.uqac.ca\/uqactualites\/wp-content\/uploads\/2023\/05\/JRC_staillo_H23-4-1.jpg","width":2400,"height":1601,"caption":"Journ\u00e9e de la recherche et de la cr\u00e9ation"},{"@type":"BreadcrumbList","@id":"https:\/\/www.uqac.ca\/uqactualites\/2023\/05\/05\/portes-ouvertes-sur-la-science-a-luqac\/#breadcrumb","itemListElement":[{"@type":"ListItem","position":1,"name":"Home","item":"https:\/\/www.uqac.ca\/uqactualites\/"},{"@type":"ListItem","position":2,"name":"Portes ouvertes sur la science \u00e0 l\u2019UQAC"}]},{"@type":"WebSite","@id":"https:\/\/www.uqac.ca\/uqactualites\/#website","url":"https:\/\/www.uqac.ca\/uqactualites\/","name":"UQACtualit\u00e9s","description":"Le portail des nouvelles de l&#039;UQAC","potentialAction":[{"@type":"SearchAction","target":{"@type":"EntryPoint","urlTemplate":"https:\/\/www.uqac.ca\/uqactualites\/?s={search_term_string}"},"query-input":{"@type":"PropertyValueSpecification","valueRequired":true,"valueName":"search_term_string"}}],"inLanguage":"fr-CA"},{"@type":"Person","@id":"https:\/\/www.uqac.ca\/uqactualites\/#\/schema\/person\/366c45a0c4f0e677b41b4af5886e2018","name":"Service des communications et des relations publiques","image":{"@type":"ImageObject","inLanguage":"fr-CA","@id":"https:\/\/www.uqac.ca\/uqactualites\/#\/schema\/person\/image\/","url":"https:\/\/secure.gravatar.com\/avatar\/20fbbda8a292f59f2d3461a5b999c00b?s=96&d=mm&r=g","contentUrl":"https:\/\/secure.gravatar.com\/avatar\/20fbbda8a292f59f2d3461a5b999c00b?s=96&d=mm&r=g","caption":"Service des communications et des relations publiques"},"url":"https:\/\/www.uqac.ca\/uqactualites\/author\/bap\/"}]}},"_links":{"self":[{"href":"https:\/\/www.uqac.ca\/uqactualites\/wp-json\/wp\/v2\/posts\/43420"}],"collection":[{"href":"https:\/\/www.uqac.ca\/uqactualites\/wp-json\/wp\/v2\/posts"}],"about":[{"href":"https:\/\/www.uqac.ca\/uqactualites\/wp-json\/wp\/v2\/types\/post"}],"author":[{"embeddable":true,"href":"https:\/\/www.uqac.ca\/uqactualites\/wp-json\/wp\/v2\/users\/5"}],"replies":[{"embeddable":true,"href":"https:\/\/www.uqac.ca\/uqactualites\/wp-json\/wp\/v2\/comments?post=43420"}],"version-history":[{"count":3,"href":"https:\/\/www.uqac.ca\/uqactualites\/wp-json\/wp\/v2\/posts\/43420\/revisions"}],"predecessor-version":[{"id":48412,"href":"https:\/\/www.uqac.ca\/uqactualites\/wp-json\/wp\/v2\/posts\/43420\/revisions\/48412"}],"wp:featuredmedia":[{"embeddable":true,"href":"https:\/\/www.uqac.ca\/uqactualites\/wp-json\/wp\/v2\/media\/43426"}],"wp:attachment":[{"href":"https:\/\/www.uqac.ca\/uqactualites\/wp-json\/wp\/v2\/media?parent=43420"}],"wp:term":[{"taxonomy":"category","embeddable":true,"href":"https:\/\/www.uqac.ca\/uqactualites\/wp-json\/wp\/v2\/categories?post=43420"},{"taxonomy":"post_tag","embeddable":true,"href":"https:\/\/www.uqac.ca\/uqactualites\/wp-json\/wp\/v2\/tags?post=43420"}],"curies":[{"name":"wp","href":"https:\/\/api.w.org\/{rel}","templated":true}]}}