{"id":43504,"date":"2023-05-16T11:52:03","date_gmt":"2023-05-16T15:52:03","guid":{"rendered":"https:\/\/www.uqac.ca\/?p=43504"},"modified":"2024-08-07T11:14:43","modified_gmt":"2024-08-07T15:14:43","slug":"revue-organisations-et-territoires-lancement-du-premier-numero-de-lannee-2023","status":"publish","type":"post","link":"https:\/\/www.uqac.ca\/uqactualites\/2023\/05\/16\/revue-organisations-et-territoires-lancement-du-premier-numero-de-lannee-2023\/","title":{"rendered":"Revue Organisations et Territoires : lancement du premier num\u00e9ro de l\u2019ann\u00e9e 2023"},"content":{"rendered":"<p>La revue Organisations et Territoires est de retour avec la mise en ligne d\u2019un tout nouveau num\u00e9ro (<a href=\"https:\/\/revues.uqac.ca\/index.php\/revueot\/issue\/view\/94\" target=\"_blank\" rel=\"noopener\">Vol. 32 No 1<\/a>). Cette premi\u00e8re publication de l\u2019ann\u00e9e 2023 contient la suite des deux dossiers sp\u00e9ciaux parus dans le dernier num\u00e9ro en 2022 (<a href=\"https:\/\/revues.uqac.ca\/index.php\/revueot\/issue\/view\/93\" target=\"_blank\" rel=\"noopener\">Vol. 31, No 3<\/a>). Le premier dossier porte sur les enjeux contemporains de la s\u00e9curit\u00e9 alimentaire, tandis que le second se penche sur les dispositifs d\u2019accompagnement et d\u2019appui financier \u00e0 l\u2019entrepreneuriat et aux PME en contexte africain francophone.<\/p>\n<p>La revue propose \u00e9galement trois entretiens avec des personnes \u0153uvrant dans des organisations du secteur agroalimentaire: Lise Tremblay, directrice g\u00e9n\u00e9rale de la F\u00e9d\u00e9ration de l\u2019Union des producteurs agricoles du Saguenay-Lac-Saint-Jean, Isabelle T. Rivard, directrice du Cr\u00e9neau d\u2019excellence agroalimentaire Agrobor\u00e9al au Saguenay-Lac-Saint-Jean et Sonia Racine, cofondatrice et conseill\u00e8re en mobilisation des connaissances chez Communagir.<\/p>\n<h6>\u00c0 propos de la revue Organisations et Territoires<\/h6>\n<p style=\"text-align: left;\">La revue Organisations et Territoires est une publication cr\u00e9\u00e9e par le <a href=\"https:\/\/www.uqac.ca\/departements\/dsea\/\" target=\"_blank\" rel=\"noopener\">D\u00e9partement des sciences \u00e9conomiques et administratives (DSEA)<\/a> de l\u2019UQAC. Au fil des ann\u00e9es, le <a href=\"https:\/\/crdt.ca\/\" target=\"_blank\" rel=\"noopener\">Centre de recherche sur le d\u00e9veloppement territorial (CRDT)<\/a> est devenu un partenaire \u00e0 part enti\u00e8re du projet. La revue s\u2019oriente autour d\u2019enjeux sp\u00e9cifiques des sciences de la gestion. Les territoires locaux, ruraux, r\u00e9gionaux et urbains constituent un champ privil\u00e9gi\u00e9 d\u2019application des r\u00e9flexions des auteurs sur les organisations puisqu\u2019ils repr\u00e9sentent une assise tr\u00e8s importante des facteurs sociaux, culturels, politiques, \u00e9cologiques et \u00e9conomiques qui soutiennent les organisations. L\u2019objectif de la revue est de pr\u00e9senter des enjeux des sciences de la gestion et soulever des d\u00e9bats \u00e0 travers des articles utiles, int\u00e9ressants, intelligibles et parfois percutants.<\/p>\n<p>Le Vol. 32 No 1 (2023) d\u2019Organisations et Territoires est disponible gratuitement en format num\u00e9rique \u00e0 partir du <a href=\"https:\/\/revues.uqac.ca\/index.php\/revueot\/index\" target=\"_blank\" rel=\"noopener\">site Web de la revue<\/a>.<\/p>\n","protected":false},"excerpt":{"rendered":"<p>La revue Organisations et Territoires est de retour avec la mise en ligne d\u2019un tout nouveau num\u00e9ro (Vol. 32 No 1). Cette premi\u00e8re publication de l\u2019ann\u00e9e 2023 contient la suite des deux dossiers sp\u00e9ciaux parus dans le dernier num\u00e9ro en 2022 (Vol. 31, No 3). Le premier dossier porte sur les enjeux contemporains de la [&hellip;]<\/p>\n","protected":false},"author":5,"featured_media":43505,"comment_status":"closed","ping_status":"closed","sticky":false,"template":"","format":"standard","meta":{"footnotes":""},"categories":[2],"tags":[8,66,41],"yoast_head":"<!-- This site is optimized with the Yoast SEO plugin v24.2 - https:\/\/yoast.com\/wordpress\/plugins\/seo\/ -->\r\n<title>Revue Organisations et Territoires : lancement du premier num\u00e9ro de l\u2019ann\u00e9e 2023 - UQACtualit\u00e9s<\/title>\r\n<meta name=\"description\" content=\"La revue de r\u00e9flexion sur la gestion Organisations et Territoires est de retour avec la mise en ligne d\u2019un tout nouveau num\u00e9ro.\" \/>\r\n<meta name=\"robots\" content=\"index, follow, max-snippet:-1, max-image-preview:large, max-video-preview:-1\" \/>\r\n<link rel=\"canonical\" href=\"https:\/\/www.uqac.ca\/uqactualites\/2023\/05\/16\/revue-organisations-et-territoires-lancement-du-premier-numero-de-lannee-2023\/\" \/>\r\n<meta property=\"og:locale\" content=\"fr_CA\" \/>\r\n<meta property=\"og:type\" content=\"article\" \/>\r\n<meta property=\"og:title\" content=\"Revue Organisations et Territoires : lancement du premier num\u00e9ro de l\u2019ann\u00e9e 2023 - UQACtualit\u00e9s\" \/>\r\n<meta property=\"og:description\" content=\"La revue de r\u00e9flexion sur la gestion Organisations et Territoires est de retour avec la mise en ligne d\u2019un tout nouveau num\u00e9ro.\" \/>\r\n<meta property=\"og:url\" content=\"https:\/\/www.uqac.ca\/uqactualites\/2023\/05\/16\/revue-organisations-et-territoires-lancement-du-premier-numero-de-lannee-2023\/\" \/>\r\n<meta property=\"og:site_name\" content=\"UQACtualit\u00e9s\" \/>\r\n<meta property=\"article:published_time\" content=\"2023-05-16T15:52:03+00:00\" \/>\r\n<meta property=\"article:modified_time\" content=\"2024-08-07T15:14:43+00:00\" \/>\r\n<meta property=\"og:image\" content=\"https:\/\/www.uqac.ca\/uqactualites\/wp-content\/uploads\/2023\/05\/cover_issue_94_fr_CA-scaled.jpg\" \/>\r\n\t<meta property=\"og:image:width\" content=\"1978\" \/>\r\n\t<meta property=\"og:image:height\" content=\"2560\" \/>\r\n\t<meta property=\"og:image:type\" content=\"image\/jpeg\" \/>\r\n<meta name=\"author\" content=\"Service des communications et des relations publiques\" \/>\r\n<meta name=\"twitter:card\" content=\"summary_large_image\" \/>\r\n<meta name=\"twitter:label1\" content=\"\u00c9crit par\" \/>\n\t<meta name=\"twitter:data1\" content=\"Service des communications et des relations publiques\" \/>\n\t<meta name=\"twitter:label2\" content=\"Estimation du temps de lecture\" \/>\n\t<meta name=\"twitter:data2\" content=\"2 minutes\" \/>\r\n<script type=\"application\/ld+json\" class=\"yoast-schema-graph\">{\"@context\":\"https:\/\/schema.org\",\"@graph\":[{\"@type\":\"WebPage\",\"@id\":\"https:\/\/www.uqac.ca\/uqactualites\/2023\/05\/16\/revue-organisations-et-territoires-lancement-du-premier-numero-de-lannee-2023\/\",\"url\":\"https:\/\/www.uqac.ca\/uqactualites\/2023\/05\/16\/revue-organisations-et-territoires-lancement-du-premier-numero-de-lannee-2023\/\",\"name\":\"Revue Organisations et Territoires : lancement du premier num\u00e9ro de l\u2019ann\u00e9e 2023 - UQACtualit\u00e9s\",\"isPartOf\":{\"@id\":\"https:\/\/www.uqac.ca\/uqactualites\/#website\"},\"primaryImageOfPage\":{\"@id\":\"https:\/\/www.uqac.ca\/uqactualites\/2023\/05\/16\/revue-organisations-et-territoires-lancement-du-premier-numero-de-lannee-2023\/#primaryimage\"},\"image\":{\"@id\":\"https:\/\/www.uqac.ca\/uqactualites\/2023\/05\/16\/revue-organisations-et-territoires-lancement-du-premier-numero-de-lannee-2023\/#primaryimage\"},\"thumbnailUrl\":\"https:\/\/www.uqac.ca\/uqactualites\/wp-content\/uploads\/2023\/05\/cover_issue_94_fr_CA-scaled.jpg\",\"datePublished\":\"2023-05-16T15:52:03+00:00\",\"dateModified\":\"2024-08-07T15:14:43+00:00\",\"author\":{\"@id\":\"https:\/\/www.uqac.ca\/uqactualites\/#\/schema\/person\/366c45a0c4f0e677b41b4af5886e2018\"},\"description\":\"La revue de r\u00e9flexion sur la gestion Organisations et Territoires est de retour avec la mise en ligne d\u2019un tout nouveau num\u00e9ro.\",\"breadcrumb\":{\"@id\":\"https:\/\/www.uqac.ca\/uqactualites\/2023\/05\/16\/revue-organisations-et-territoires-lancement-du-premier-numero-de-lannee-2023\/#breadcrumb\"},\"inLanguage\":\"fr-CA\",\"potentialAction\":[{\"@type\":\"ReadAction\",\"target\":[\"https:\/\/www.uqac.ca\/uqactualites\/2023\/05\/16\/revue-organisations-et-territoires-lancement-du-premier-numero-de-lannee-2023\/\"]}]},{\"@type\":\"ImageObject\",\"inLanguage\":\"fr-CA\",\"@id\":\"https:\/\/www.uqac.ca\/uqactualites\/2023\/05\/16\/revue-organisations-et-territoires-lancement-du-premier-numero-de-lannee-2023\/#primaryimage\",\"url\":\"https:\/\/www.uqac.ca\/uqactualites\/wp-content\/uploads\/2023\/05\/cover_issue_94_fr_CA-scaled.jpg\",\"contentUrl\":\"https:\/\/www.uqac.ca\/uqactualites\/wp-content\/uploads\/2023\/05\/cover_issue_94_fr_CA-scaled.jpg\",\"width\":1978,\"height\":2560,\"caption\":\"Organisations et Territoires\"},{\"@type\":\"BreadcrumbList\",\"@id\":\"https:\/\/www.uqac.ca\/uqactualites\/2023\/05\/16\/revue-organisations-et-territoires-lancement-du-premier-numero-de-lannee-2023\/#breadcrumb\",\"itemListElement\":[{\"@type\":\"ListItem\",\"position\":1,\"name\":\"Home\",\"item\":\"https:\/\/www.uqac.ca\/uqactualites\/\"},{\"@type\":\"ListItem\",\"position\":2,\"name\":\"Revue Organisations et Territoires : lancement du premier num\u00e9ro de l\u2019ann\u00e9e 2023\"}]},{\"@type\":\"WebSite\",\"@id\":\"https:\/\/www.uqac.ca\/uqactualites\/#website\",\"url\":\"https:\/\/www.uqac.ca\/uqactualites\/\",\"name\":\"UQACtualit\u00e9s\",\"description\":\"Le portail des nouvelles de l&#039;UQAC\",\"potentialAction\":[{\"@type\":\"SearchAction\",\"target\":{\"@type\":\"EntryPoint\",\"urlTemplate\":\"https:\/\/www.uqac.ca\/uqactualites\/?s={search_term_string}\"},\"query-input\":{\"@type\":\"PropertyValueSpecification\",\"valueRequired\":true,\"valueName\":\"search_term_string\"}}],\"inLanguage\":\"fr-CA\"},{\"@type\":\"Person\",\"@id\":\"https:\/\/www.uqac.ca\/uqactualites\/#\/schema\/person\/366c45a0c4f0e677b41b4af5886e2018\",\"name\":\"Service des communications et des relations publiques\",\"image\":{\"@type\":\"ImageObject\",\"inLanguage\":\"fr-CA\",\"@id\":\"https:\/\/www.uqac.ca\/uqactualites\/#\/schema\/person\/image\/\",\"url\":\"https:\/\/secure.gravatar.com\/avatar\/20fbbda8a292f59f2d3461a5b999c00b?s=96&d=mm&r=g\",\"contentUrl\":\"https:\/\/secure.gravatar.com\/avatar\/20fbbda8a292f59f2d3461a5b999c00b?s=96&d=mm&r=g\",\"caption\":\"Service des communications et des relations publiques\"},\"url\":\"https:\/\/www.uqac.ca\/uqactualites\/author\/bap\/\"}]}<\/script>\r\n<!-- \/ Yoast SEO plugin. -->","yoast_head_json":{"title":"Revue Organisations et Territoires : lancement du premier num\u00e9ro de l\u2019ann\u00e9e 2023 - UQACtualit\u00e9s","description":"La revue de r\u00e9flexion sur la gestion Organisations et Territoires est de retour avec la mise en ligne d\u2019un tout nouveau num\u00e9ro.","robots":{"index":"index","follow":"follow","max-snippet":"max-snippet:-1","max-image-preview":"max-image-preview:large","max-video-preview":"max-video-preview:-1"},"canonical":"https:\/\/www.uqac.ca\/uqactualites\/2023\/05\/16\/revue-organisations-et-territoires-lancement-du-premier-numero-de-lannee-2023\/","og_locale":"fr_CA","og_type":"article","og_title":"Revue Organisations et Territoires : lancement du premier num\u00e9ro de l\u2019ann\u00e9e 2023 - UQACtualit\u00e9s","og_description":"La revue de r\u00e9flexion sur la gestion Organisations et Territoires est de retour avec la mise en ligne d\u2019un tout nouveau num\u00e9ro.","og_url":"https:\/\/www.uqac.ca\/uqactualites\/2023\/05\/16\/revue-organisations-et-territoires-lancement-du-premier-numero-de-lannee-2023\/","og_site_name":"UQACtualit\u00e9s","article_published_time":"2023-05-16T15:52:03+00:00","article_modified_time":"2024-08-07T15:14:43+00:00","og_image":[{"width":1978,"height":2560,"url":"https:\/\/www.uqac.ca\/uqactualites\/wp-content\/uploads\/2023\/05\/cover_issue_94_fr_CA-scaled.jpg","type":"image\/jpeg"}],"author":"Service des communications et des relations publiques","twitter_card":"summary_large_image","twitter_misc":{"\u00c9crit par":"Service des communications et des relations publiques","Estimation du temps de lecture":"2 minutes"},"schema":{"@context":"https:\/\/schema.org","@graph":[{"@type":"WebPage","@id":"https:\/\/www.uqac.ca\/uqactualites\/2023\/05\/16\/revue-organisations-et-territoires-lancement-du-premier-numero-de-lannee-2023\/","url":"https:\/\/www.uqac.ca\/uqactualites\/2023\/05\/16\/revue-organisations-et-territoires-lancement-du-premier-numero-de-lannee-2023\/","name":"Revue Organisations et Territoires : lancement du premier num\u00e9ro de l\u2019ann\u00e9e 2023 - UQACtualit\u00e9s","isPartOf":{"@id":"https:\/\/www.uqac.ca\/uqactualites\/#website"},"primaryImageOfPage":{"@id":"https:\/\/www.uqac.ca\/uqactualites\/2023\/05\/16\/revue-organisations-et-territoires-lancement-du-premier-numero-de-lannee-2023\/#primaryimage"},"image":{"@id":"https:\/\/www.uqac.ca\/uqactualites\/2023\/05\/16\/revue-organisations-et-territoires-lancement-du-premier-numero-de-lannee-2023\/#primaryimage"},"thumbnailUrl":"https:\/\/www.uqac.ca\/uqactualites\/wp-content\/uploads\/2023\/05\/cover_issue_94_fr_CA-scaled.jpg","datePublished":"2023-05-16T15:52:03+00:00","dateModified":"2024-08-07T15:14:43+00:00","author":{"@id":"https:\/\/www.uqac.ca\/uqactualites\/#\/schema\/person\/366c45a0c4f0e677b41b4af5886e2018"},"description":"La revue de r\u00e9flexion sur la gestion Organisations et Territoires est de retour avec la mise en ligne d\u2019un tout nouveau num\u00e9ro.","breadcrumb":{"@id":"https:\/\/www.uqac.ca\/uqactualites\/2023\/05\/16\/revue-organisations-et-territoires-lancement-du-premier-numero-de-lannee-2023\/#breadcrumb"},"inLanguage":"fr-CA","potentialAction":[{"@type":"ReadAction","target":["https:\/\/www.uqac.ca\/uqactualites\/2023\/05\/16\/revue-organisations-et-territoires-lancement-du-premier-numero-de-lannee-2023\/"]}]},{"@type":"ImageObject","inLanguage":"fr-CA","@id":"https:\/\/www.uqac.ca\/uqactualites\/2023\/05\/16\/revue-organisations-et-territoires-lancement-du-premier-numero-de-lannee-2023\/#primaryimage","url":"https:\/\/www.uqac.ca\/uqactualites\/wp-content\/uploads\/2023\/05\/cover_issue_94_fr_CA-scaled.jpg","contentUrl":"https:\/\/www.uqac.ca\/uqactualites\/wp-content\/uploads\/2023\/05\/cover_issue_94_fr_CA-scaled.jpg","width":1978,"height":2560,"caption":"Organisations et Territoires"},{"@type":"BreadcrumbList","@id":"https:\/\/www.uqac.ca\/uqactualites\/2023\/05\/16\/revue-organisations-et-territoires-lancement-du-premier-numero-de-lannee-2023\/#breadcrumb","itemListElement":[{"@type":"ListItem","position":1,"name":"Home","item":"https:\/\/www.uqac.ca\/uqactualites\/"},{"@type":"ListItem","position":2,"name":"Revue Organisations et Territoires : lancement du premier num\u00e9ro de l\u2019ann\u00e9e 2023"}]},{"@type":"WebSite","@id":"https:\/\/www.uqac.ca\/uqactualites\/#website","url":"https:\/\/www.uqac.ca\/uqactualites\/","name":"UQACtualit\u00e9s","description":"Le portail des nouvelles de l&#039;UQAC","potentialAction":[{"@type":"SearchAction","target":{"@type":"EntryPoint","urlTemplate":"https:\/\/www.uqac.ca\/uqactualites\/?s={search_term_string}"},"query-input":{"@type":"PropertyValueSpecification","valueRequired":true,"valueName":"search_term_string"}}],"inLanguage":"fr-CA"},{"@type":"Person","@id":"https:\/\/www.uqac.ca\/uqactualites\/#\/schema\/person\/366c45a0c4f0e677b41b4af5886e2018","name":"Service des communications et des relations publiques","image":{"@type":"ImageObject","inLanguage":"fr-CA","@id":"https:\/\/www.uqac.ca\/uqactualites\/#\/schema\/person\/image\/","url":"https:\/\/secure.gravatar.com\/avatar\/20fbbda8a292f59f2d3461a5b999c00b?s=96&d=mm&r=g","contentUrl":"https:\/\/secure.gravatar.com\/avatar\/20fbbda8a292f59f2d3461a5b999c00b?s=96&d=mm&r=g","caption":"Service des communications et des relations publiques"},"url":"https:\/\/www.uqac.ca\/uqactualites\/author\/bap\/"}]}},"_links":{"self":[{"href":"https:\/\/www.uqac.ca\/uqactualites\/wp-json\/wp\/v2\/posts\/43504"}],"collection":[{"href":"https:\/\/www.uqac.ca\/uqactualites\/wp-json\/wp\/v2\/posts"}],"about":[{"href":"https:\/\/www.uqac.ca\/uqactualites\/wp-json\/wp\/v2\/types\/post"}],"author":[{"embeddable":true,"href":"https:\/\/www.uqac.ca\/uqactualites\/wp-json\/wp\/v2\/users\/5"}],"replies":[{"embeddable":true,"href":"https:\/\/www.uqac.ca\/uqactualites\/wp-json\/wp\/v2\/comments?post=43504"}],"version-history":[{"count":1,"href":"https:\/\/www.uqac.ca\/uqactualites\/wp-json\/wp\/v2\/posts\/43504\/revisions"}],"predecessor-version":[{"id":48405,"href":"https:\/\/www.uqac.ca\/uqactualites\/wp-json\/wp\/v2\/posts\/43504\/revisions\/48405"}],"wp:featuredmedia":[{"embeddable":true,"href":"https:\/\/www.uqac.ca\/uqactualites\/wp-json\/wp\/v2\/media\/43505"}],"wp:attachment":[{"href":"https:\/\/www.uqac.ca\/uqactualites\/wp-json\/wp\/v2\/media?parent=43504"}],"wp:term":[{"taxonomy":"category","embeddable":true,"href":"https:\/\/www.uqac.ca\/uqactualites\/wp-json\/wp\/v2\/categories?post=43504"},{"taxonomy":"post_tag","embeddable":true,"href":"https:\/\/www.uqac.ca\/uqactualites\/wp-json\/wp\/v2\/tags?post=43504"}],"curies":[{"name":"wp","href":"https:\/\/api.w.org\/{rel}","templated":true}]}}