{"id":43634,"date":"2023-06-08T11:25:22","date_gmt":"2023-06-08T15:25:22","guid":{"rendered":"https:\/\/www.uqac.ca\/?p=43634"},"modified":"2024-08-07T11:26:18","modified_gmt":"2024-08-07T15:26:18","slug":"10-nouvelles-personnes-rejoignent-le-corps-professoral-de-luqac","status":"publish","type":"post","link":"https:\/\/www.uqac.ca\/uqactualites\/2023\/06\/08\/10-nouvelles-personnes-rejoignent-le-corps-professoral-de-luqac\/","title":{"rendered":"10 nouvelles personnes rejoignent le corps professoral de l\u2019UQAC"},"content":{"rendered":"<p>Jeudi dernier, l\u2019UQAC a accueilli les nouvelles professeures et les nouveaux professeurs de l\u2019Universit\u00e9. <a href=\"https:\/\/www.uqac.ca\/portfolio\/etiennehebert\/enseignement\/\" target=\"_blank\" rel=\"noopener\">\u00c9tienne H\u00e9bert<\/a>, vice-recteur aux \u00e9tudes, \u00e0 la formation et \u00e0 la r\u00e9ussite ainsi que <a href=\"https:\/\/www.uqac.ca\/portfolio\/danieltremblay\/\" target=\"_blank\" rel=\"noopener\">Daniel Tremblay<\/a>, doyen des affaires d\u00e9partementales par int\u00e9rim \u00e9taient heureux d\u2019accueillir ces nouvelles recrues du corps professoral, qui par leur expertise, permettront d\u2019enrichir les divers d\u00e9partements de l\u2019institution.<\/p>\n<p>Cette journ\u00e9e a aussi \u00e9t\u00e9 une occasion pour eux de se familiariser avec le D\u00e9canat des \u00e9tudes, le <a href=\"https:\/\/international.uqac.ca\/nous-joindre\/\" target=\"_blank\" rel=\"noopener\">Bureau de l\u2019International<\/a>, le Bureau du registraire, la biblioth\u00e8que Paul-\u00c9mile-Boulet ainsi que plusieurs autres secteurs et services de l\u2019Universit\u00e9.<\/p>\n<p>C&rsquo;est un total de dix professeures et professeurs qui se joignent \u00e0 l&rsquo;UQAC. D&rsquo;ailleurs, la plupart d&rsquo;entre eux sont entr\u00e9s en fonction le 1<sup>er<\/sup> juin dernier\u00a0:<\/p>\n<p><strong>D\u00e9partement des sciences de la sant\u00e9 <\/strong><\/p>\n<ul>\n<li>J\u00e9r\u00e9mie Beaudin, sciences infirmi\u00e8res<\/li>\n<li>Isabelle Gaudet, psychologie<\/li>\n<\/ul>\n<p><strong>D\u00e9partement d\u2019informatique et de math\u00e9matique<\/strong><\/p>\n<ul>\n<li>Hamdi Ben Abdessalem, informatique<\/li>\n<li>Alain Ploix, informatique<\/li>\n<li>Damien Brun, informatique<\/li>\n<\/ul>\n<p><strong>D\u00e9partement des sciences appliqu\u00e9es<\/strong><\/p>\n<ul>\n<li>Maxime Claprood, g\u00e9nie civil (hydrologie\/hydraulique)<\/li>\n<\/ul>\n<p><strong>D\u00e9partement des sciences \u00e9conomiques et administratives<\/strong><\/p>\n<ul>\n<li>Rodrigue Ebata, droit<\/li>\n<\/ul>\n<p><strong>D\u00e9partement des sciences humaines et sociales<\/strong><\/p>\n<ul>\n<li>Arnaud Montreuil, histoire (histoire sociale)<\/li>\n<\/ul>\n<p><strong>D\u00e9partement des sciences de l\u2019\u00e9ducation<\/strong><\/p>\n<ul>\n<li>Laurie Pageau, enseignement (univers social)<\/li>\n<\/ul>\n<p><strong>\u00c9cole NAD-UQAC<\/strong><\/p>\n<ul>\n<li>Laura Iseut Lafrance St-Martin, th\u00e9orie et pratique de la cr\u00e9ation de jeux vid\u00e9o<\/li>\n<\/ul>\n<p><strong>Sur la photo (de gauche \u00e0 droite)<\/strong>\u00a0: \u00c9tienne H\u00e9bert, vice-recteur aux \u00e9tudes, \u00e0 la formation et \u00e0 la r\u00e9ussite, Alain Ploix, professeur, Arnaud Montreuil, professeur, J\u00e9r\u00e9mie Beaudin, professeur, Hamdi Ben Abdessalem, professeur, Isabelle Gaudet, professeure, Maxime Claprood, professeur, Laurie Pageau, professeure, et Daniel Tremblay, doyen des affaires d\u00e9partementales par int\u00e9rim<\/p>\n","protected":false},"excerpt":{"rendered":"<p>Jeudi dernier, l\u2019UQAC a accueilli les nouvelles professeures et les nouveaux professeurs de l\u2019Universit\u00e9. \u00c9tienne H\u00e9bert, vice-recteur aux \u00e9tudes, \u00e0 la formation et \u00e0 la r\u00e9ussite ainsi que Daniel Tremblay, doyen des affaires d\u00e9partementales par int\u00e9rim \u00e9taient heureux d\u2019accueillir ces nouvelles recrues du corps professoral, qui par leur expertise, permettront d\u2019enrichir les divers d\u00e9partements de [&hellip;]<\/p>\n","protected":false},"author":5,"featured_media":43635,"comment_status":"closed","ping_status":"closed","sticky":false,"template":"","format":"standard","meta":{"footnotes":""},"categories":[2,61],"tags":[20,21,5,8,22,23,63],"yoast_head":"<!-- This site is optimized with the Yoast SEO plugin v24.2 - https:\/\/yoast.com\/wordpress\/plugins\/seo\/ -->\r\n<title>10 nouvelles personnes rejoignent le corps professoral de l\u2019UQAC - UQACtualit\u00e9s<\/title>\r\n<meta name=\"description\" content=\"C&#039;est un total de dix professeures et professeurs qui se joignent \u00e0 l&#039;UQAC. D&#039;ailleurs, la plupart sont entr\u00e9s en fonction le 1er juin 2023.\" \/>\r\n<meta name=\"robots\" content=\"index, follow, max-snippet:-1, max-image-preview:large, max-video-preview:-1\" \/>\r\n<link rel=\"canonical\" href=\"https:\/\/www.uqac.ca\/uqactualites\/2023\/06\/08\/10-nouvelles-personnes-rejoignent-le-corps-professoral-de-luqac\/\" \/>\r\n<meta property=\"og:locale\" content=\"fr_CA\" \/>\r\n<meta property=\"og:type\" content=\"article\" \/>\r\n<meta property=\"og:title\" content=\"10 nouvelles personnes rejoignent le corps professoral de l\u2019UQAC - UQACtualit\u00e9s\" \/>\r\n<meta property=\"og:description\" content=\"C&#039;est un total de dix professeures et professeurs qui se joignent \u00e0 l&#039;UQAC. D&#039;ailleurs, la plupart sont entr\u00e9s en fonction le 1er juin 2023.\" \/>\r\n<meta property=\"og:url\" content=\"https:\/\/www.uqac.ca\/uqactualites\/2023\/06\/08\/10-nouvelles-personnes-rejoignent-le-corps-professoral-de-luqac\/\" \/>\r\n<meta property=\"og:site_name\" content=\"UQACtualit\u00e9s\" \/>\r\n<meta property=\"article:published_time\" content=\"2023-06-08T15:25:22+00:00\" \/>\r\n<meta property=\"article:modified_time\" content=\"2024-08-07T15:26:18+00:00\" \/>\r\n<meta property=\"og:image\" content=\"https:\/\/www.uqac.ca\/uqactualites\/wp-content\/uploads\/2023\/06\/nouveaux-profs-h23-mduhaime.jpg\" \/>\r\n\t<meta property=\"og:image:width\" content=\"1200\" \/>\r\n\t<meta property=\"og:image:height\" content=\"596\" \/>\r\n\t<meta property=\"og:image:type\" content=\"image\/jpeg\" \/>\r\n<meta name=\"author\" content=\"Service des communications et des relations publiques\" \/>\r\n<meta name=\"twitter:card\" content=\"summary_large_image\" \/>\r\n<meta name=\"twitter:label1\" content=\"\u00c9crit par\" \/>\n\t<meta name=\"twitter:data1\" content=\"Service des communications et des relations publiques\" \/>\n\t<meta name=\"twitter:label2\" content=\"Estimation du temps de lecture\" \/>\n\t<meta name=\"twitter:data2\" content=\"2 minutes\" \/>\r\n<script type=\"application\/ld+json\" class=\"yoast-schema-graph\">{\"@context\":\"https:\/\/schema.org\",\"@graph\":[{\"@type\":\"WebPage\",\"@id\":\"https:\/\/www.uqac.ca\/uqactualites\/2023\/06\/08\/10-nouvelles-personnes-rejoignent-le-corps-professoral-de-luqac\/\",\"url\":\"https:\/\/www.uqac.ca\/uqactualites\/2023\/06\/08\/10-nouvelles-personnes-rejoignent-le-corps-professoral-de-luqac\/\",\"name\":\"10 nouvelles personnes rejoignent le corps professoral de l\u2019UQAC - UQACtualit\u00e9s\",\"isPartOf\":{\"@id\":\"https:\/\/www.uqac.ca\/uqactualites\/#website\"},\"primaryImageOfPage\":{\"@id\":\"https:\/\/www.uqac.ca\/uqactualites\/2023\/06\/08\/10-nouvelles-personnes-rejoignent-le-corps-professoral-de-luqac\/#primaryimage\"},\"image\":{\"@id\":\"https:\/\/www.uqac.ca\/uqactualites\/2023\/06\/08\/10-nouvelles-personnes-rejoignent-le-corps-professoral-de-luqac\/#primaryimage\"},\"thumbnailUrl\":\"https:\/\/www.uqac.ca\/uqactualites\/wp-content\/uploads\/2023\/06\/nouveaux-profs-h23-mduhaime.jpg\",\"datePublished\":\"2023-06-08T15:25:22+00:00\",\"dateModified\":\"2024-08-07T15:26:18+00:00\",\"author\":{\"@id\":\"https:\/\/www.uqac.ca\/uqactualites\/#\/schema\/person\/366c45a0c4f0e677b41b4af5886e2018\"},\"description\":\"C'est un total de dix professeures et professeurs qui se joignent \u00e0 l'UQAC. D'ailleurs, la plupart sont entr\u00e9s en fonction le 1er juin 2023.\",\"breadcrumb\":{\"@id\":\"https:\/\/www.uqac.ca\/uqactualites\/2023\/06\/08\/10-nouvelles-personnes-rejoignent-le-corps-professoral-de-luqac\/#breadcrumb\"},\"inLanguage\":\"fr-CA\",\"potentialAction\":[{\"@type\":\"ReadAction\",\"target\":[\"https:\/\/www.uqac.ca\/uqactualites\/2023\/06\/08\/10-nouvelles-personnes-rejoignent-le-corps-professoral-de-luqac\/\"]}]},{\"@type\":\"ImageObject\",\"inLanguage\":\"fr-CA\",\"@id\":\"https:\/\/www.uqac.ca\/uqactualites\/2023\/06\/08\/10-nouvelles-personnes-rejoignent-le-corps-professoral-de-luqac\/#primaryimage\",\"url\":\"https:\/\/www.uqac.ca\/uqactualites\/wp-content\/uploads\/2023\/06\/nouveaux-profs-h23-mduhaime.jpg\",\"contentUrl\":\"https:\/\/www.uqac.ca\/uqactualites\/wp-content\/uploads\/2023\/06\/nouveaux-profs-h23-mduhaime.jpg\",\"width\":1200,\"height\":596,\"caption\":\"professeurs\"},{\"@type\":\"BreadcrumbList\",\"@id\":\"https:\/\/www.uqac.ca\/uqactualites\/2023\/06\/08\/10-nouvelles-personnes-rejoignent-le-corps-professoral-de-luqac\/#breadcrumb\",\"itemListElement\":[{\"@type\":\"ListItem\",\"position\":1,\"name\":\"Home\",\"item\":\"https:\/\/www.uqac.ca\/uqactualites\/\"},{\"@type\":\"ListItem\",\"position\":2,\"name\":\"10 nouvelles personnes rejoignent le corps professoral de l\u2019UQAC\"}]},{\"@type\":\"WebSite\",\"@id\":\"https:\/\/www.uqac.ca\/uqactualites\/#website\",\"url\":\"https:\/\/www.uqac.ca\/uqactualites\/\",\"name\":\"UQACtualit\u00e9s\",\"description\":\"Le portail des nouvelles de l&#039;UQAC\",\"potentialAction\":[{\"@type\":\"SearchAction\",\"target\":{\"@type\":\"EntryPoint\",\"urlTemplate\":\"https:\/\/www.uqac.ca\/uqactualites\/?s={search_term_string}\"},\"query-input\":{\"@type\":\"PropertyValueSpecification\",\"valueRequired\":true,\"valueName\":\"search_term_string\"}}],\"inLanguage\":\"fr-CA\"},{\"@type\":\"Person\",\"@id\":\"https:\/\/www.uqac.ca\/uqactualites\/#\/schema\/person\/366c45a0c4f0e677b41b4af5886e2018\",\"name\":\"Service des communications et des relations publiques\",\"image\":{\"@type\":\"ImageObject\",\"inLanguage\":\"fr-CA\",\"@id\":\"https:\/\/www.uqac.ca\/uqactualites\/#\/schema\/person\/image\/\",\"url\":\"https:\/\/secure.gravatar.com\/avatar\/20fbbda8a292f59f2d3461a5b999c00b?s=96&d=mm&r=g\",\"contentUrl\":\"https:\/\/secure.gravatar.com\/avatar\/20fbbda8a292f59f2d3461a5b999c00b?s=96&d=mm&r=g\",\"caption\":\"Service des communications et des relations publiques\"},\"url\":\"https:\/\/www.uqac.ca\/uqactualites\/author\/bap\/\"}]}<\/script>\r\n<!-- \/ Yoast SEO plugin. -->","yoast_head_json":{"title":"10 nouvelles personnes rejoignent le corps professoral de l\u2019UQAC - UQACtualit\u00e9s","description":"C'est un total de dix professeures et professeurs qui se joignent \u00e0 l'UQAC. D'ailleurs, la plupart sont entr\u00e9s en fonction le 1er juin 2023.","robots":{"index":"index","follow":"follow","max-snippet":"max-snippet:-1","max-image-preview":"max-image-preview:large","max-video-preview":"max-video-preview:-1"},"canonical":"https:\/\/www.uqac.ca\/uqactualites\/2023\/06\/08\/10-nouvelles-personnes-rejoignent-le-corps-professoral-de-luqac\/","og_locale":"fr_CA","og_type":"article","og_title":"10 nouvelles personnes rejoignent le corps professoral de l\u2019UQAC - UQACtualit\u00e9s","og_description":"C'est un total de dix professeures et professeurs qui se joignent \u00e0 l'UQAC. D'ailleurs, la plupart sont entr\u00e9s en fonction le 1er juin 2023.","og_url":"https:\/\/www.uqac.ca\/uqactualites\/2023\/06\/08\/10-nouvelles-personnes-rejoignent-le-corps-professoral-de-luqac\/","og_site_name":"UQACtualit\u00e9s","article_published_time":"2023-06-08T15:25:22+00:00","article_modified_time":"2024-08-07T15:26:18+00:00","og_image":[{"width":1200,"height":596,"url":"https:\/\/www.uqac.ca\/uqactualites\/wp-content\/uploads\/2023\/06\/nouveaux-profs-h23-mduhaime.jpg","type":"image\/jpeg"}],"author":"Service des communications et des relations publiques","twitter_card":"summary_large_image","twitter_misc":{"\u00c9crit par":"Service des communications et des relations publiques","Estimation du temps de lecture":"2 minutes"},"schema":{"@context":"https:\/\/schema.org","@graph":[{"@type":"WebPage","@id":"https:\/\/www.uqac.ca\/uqactualites\/2023\/06\/08\/10-nouvelles-personnes-rejoignent-le-corps-professoral-de-luqac\/","url":"https:\/\/www.uqac.ca\/uqactualites\/2023\/06\/08\/10-nouvelles-personnes-rejoignent-le-corps-professoral-de-luqac\/","name":"10 nouvelles personnes rejoignent le corps professoral de l\u2019UQAC - UQACtualit\u00e9s","isPartOf":{"@id":"https:\/\/www.uqac.ca\/uqactualites\/#website"},"primaryImageOfPage":{"@id":"https:\/\/www.uqac.ca\/uqactualites\/2023\/06\/08\/10-nouvelles-personnes-rejoignent-le-corps-professoral-de-luqac\/#primaryimage"},"image":{"@id":"https:\/\/www.uqac.ca\/uqactualites\/2023\/06\/08\/10-nouvelles-personnes-rejoignent-le-corps-professoral-de-luqac\/#primaryimage"},"thumbnailUrl":"https:\/\/www.uqac.ca\/uqactualites\/wp-content\/uploads\/2023\/06\/nouveaux-profs-h23-mduhaime.jpg","datePublished":"2023-06-08T15:25:22+00:00","dateModified":"2024-08-07T15:26:18+00:00","author":{"@id":"https:\/\/www.uqac.ca\/uqactualites\/#\/schema\/person\/366c45a0c4f0e677b41b4af5886e2018"},"description":"C'est un total de dix professeures et professeurs qui se joignent \u00e0 l'UQAC. D'ailleurs, la plupart sont entr\u00e9s en fonction le 1er juin 2023.","breadcrumb":{"@id":"https:\/\/www.uqac.ca\/uqactualites\/2023\/06\/08\/10-nouvelles-personnes-rejoignent-le-corps-professoral-de-luqac\/#breadcrumb"},"inLanguage":"fr-CA","potentialAction":[{"@type":"ReadAction","target":["https:\/\/www.uqac.ca\/uqactualites\/2023\/06\/08\/10-nouvelles-personnes-rejoignent-le-corps-professoral-de-luqac\/"]}]},{"@type":"ImageObject","inLanguage":"fr-CA","@id":"https:\/\/www.uqac.ca\/uqactualites\/2023\/06\/08\/10-nouvelles-personnes-rejoignent-le-corps-professoral-de-luqac\/#primaryimage","url":"https:\/\/www.uqac.ca\/uqactualites\/wp-content\/uploads\/2023\/06\/nouveaux-profs-h23-mduhaime.jpg","contentUrl":"https:\/\/www.uqac.ca\/uqactualites\/wp-content\/uploads\/2023\/06\/nouveaux-profs-h23-mduhaime.jpg","width":1200,"height":596,"caption":"professeurs"},{"@type":"BreadcrumbList","@id":"https:\/\/www.uqac.ca\/uqactualites\/2023\/06\/08\/10-nouvelles-personnes-rejoignent-le-corps-professoral-de-luqac\/#breadcrumb","itemListElement":[{"@type":"ListItem","position":1,"name":"Home","item":"https:\/\/www.uqac.ca\/uqactualites\/"},{"@type":"ListItem","position":2,"name":"10 nouvelles personnes rejoignent le corps professoral de l\u2019UQAC"}]},{"@type":"WebSite","@id":"https:\/\/www.uqac.ca\/uqactualites\/#website","url":"https:\/\/www.uqac.ca\/uqactualites\/","name":"UQACtualit\u00e9s","description":"Le portail des nouvelles de l&#039;UQAC","potentialAction":[{"@type":"SearchAction","target":{"@type":"EntryPoint","urlTemplate":"https:\/\/www.uqac.ca\/uqactualites\/?s={search_term_string}"},"query-input":{"@type":"PropertyValueSpecification","valueRequired":true,"valueName":"search_term_string"}}],"inLanguage":"fr-CA"},{"@type":"Person","@id":"https:\/\/www.uqac.ca\/uqactualites\/#\/schema\/person\/366c45a0c4f0e677b41b4af5886e2018","name":"Service des communications et des relations publiques","image":{"@type":"ImageObject","inLanguage":"fr-CA","@id":"https:\/\/www.uqac.ca\/uqactualites\/#\/schema\/person\/image\/","url":"https:\/\/secure.gravatar.com\/avatar\/20fbbda8a292f59f2d3461a5b999c00b?s=96&d=mm&r=g","contentUrl":"https:\/\/secure.gravatar.com\/avatar\/20fbbda8a292f59f2d3461a5b999c00b?s=96&d=mm&r=g","caption":"Service des communications et des relations publiques"},"url":"https:\/\/www.uqac.ca\/uqactualites\/author\/bap\/"}]}},"_links":{"self":[{"href":"https:\/\/www.uqac.ca\/uqactualites\/wp-json\/wp\/v2\/posts\/43634"}],"collection":[{"href":"https:\/\/www.uqac.ca\/uqactualites\/wp-json\/wp\/v2\/posts"}],"about":[{"href":"https:\/\/www.uqac.ca\/uqactualites\/wp-json\/wp\/v2\/types\/post"}],"author":[{"embeddable":true,"href":"https:\/\/www.uqac.ca\/uqactualites\/wp-json\/wp\/v2\/users\/5"}],"replies":[{"embeddable":true,"href":"https:\/\/www.uqac.ca\/uqactualites\/wp-json\/wp\/v2\/comments?post=43634"}],"version-history":[{"count":3,"href":"https:\/\/www.uqac.ca\/uqactualites\/wp-json\/wp\/v2\/posts\/43634\/revisions"}],"predecessor-version":[{"id":48385,"href":"https:\/\/www.uqac.ca\/uqactualites\/wp-json\/wp\/v2\/posts\/43634\/revisions\/48385"}],"wp:featuredmedia":[{"embeddable":true,"href":"https:\/\/www.uqac.ca\/uqactualites\/wp-json\/wp\/v2\/media\/43635"}],"wp:attachment":[{"href":"https:\/\/www.uqac.ca\/uqactualites\/wp-json\/wp\/v2\/media?parent=43634"}],"wp:term":[{"taxonomy":"category","embeddable":true,"href":"https:\/\/www.uqac.ca\/uqactualites\/wp-json\/wp\/v2\/categories?post=43634"},{"taxonomy":"post_tag","embeddable":true,"href":"https:\/\/www.uqac.ca\/uqactualites\/wp-json\/wp\/v2\/tags?post=43634"}],"curies":[{"name":"wp","href":"https:\/\/api.w.org\/{rel}","templated":true}]}}