{"id":43803,"date":"2023-07-20T09:19:42","date_gmt":"2023-07-20T13:19:42","guid":{"rendered":"https:\/\/www.uqac.ca\/?p=43803"},"modified":"2024-08-06T15:03:16","modified_gmt":"2024-08-06T19:03:16","slug":"portrait-arnaud-montreuil-nouveau-professeur-en-histoire","status":"publish","type":"post","link":"https:\/\/www.uqac.ca\/uqactualites\/2023\/07\/20\/portrait-arnaud-montreuil-nouveau-professeur-en-histoire\/","title":{"rendered":"Arnaud Montreuil, nouveau professeur en histoire"},"content":{"rendered":"<p>Arnaud Montreuil a r\u00e9cemment rejoint le <a href=\"https:\/\/www.uqac.ca\/departements\/dsh\/\" target=\"_blank\" rel=\"noopener\">D\u00e9partement des sciences humaines et sociales<\/a> en tant que professeur d&rsquo;histoire sociale et de recherche historique. Nous lui souhaitons la bienvenue ainsi qu&rsquo;une longue carri\u00e8re au sein de notre universit\u00e9!<\/p>\n<p>Titulaire d\u2019un doctorat en histoire de Paris 1 Panth\u00e9on-Sorbonne et de l\u2019Universit\u00e9 d\u2019Ottawa, Arnaud Montreuil a aussi \u00e9t\u00e9 charg\u00e9 de cours \u00e0 l\u2019Universit\u00e9 d\u2019Ottawa et \u00e0 l\u2019Universit\u00e9 Laval avant d\u2019int\u00e9grer les rangs de l\u2019UQAC.\u00a0Ses recherches portent sur la sociologie historique des groupes dominants dans l\u2019Europe m\u00e9di\u00e9vale. Le professeur Montreuil s\u2019int\u00e9resse aussi \u00e0 l\u2019histoire seigneuriale dans la longue dur\u00e9e, et plus largement aux caract\u00e8res m\u00e9di\u00e9vaux des soci\u00e9t\u00e9s coloniales nord-am\u00e9ricaines.<\/p>\n<p>Sa th\u00e8se, soutenue en septembre 2022 et intitul\u00e9e <em>\u00c9crire, d\u00e9crire et saisir l\u2019adoubement chevaleresque\u00a0: une histoire de l\u2019hippotogen\u00e8se dans l\u2019Europe du Nord-Ouest, le Midi de la France et l\u2019Italie centro-septentrionale (v.1175 \u2013 v.1300)<\/em>, a derni\u00e8rement \u00e9t\u00e9 r\u00e9compens\u00e9e du prix Boyle 2023 de la Soci\u00e9t\u00e9 canadienne des m\u00e9di\u00e9vistes. <a href=\"https:\/\/www.uqac.ca\/blog\/2023\/06\/06\/le-professeur-arnaud-montreuil-remporte-le-prix-leonard-boyle-2023-de-la-societe-canadienne-des-medievistes\/\">E<\/a><a href=\"https:\/\/www.uqac.ca\/blog\/2023\/06\/06\/le-professeur-arnaud-montreuil-remporte-le-prix-leonard-boyle-2023-de-la-societe-canadienne-des-medievistes\/\">n savoir plus <\/a><\/p>\n<h4>Portrait de professeur en bref<\/h4>\n<p><strong>Champs d\u2019int\u00e9r\u00eat et expertises de recherche<\/strong><\/p>\n<ul>\n<li>Histoire m\u00e9di\u00e9vale<\/li>\n<li>Litt\u00e9rature m\u00e9di\u00e9vale<\/li>\n<li>Linguistique historique<\/li>\n<li>Sociologie de la communication<\/li>\n<li>Histoire seigneuriale<\/li>\n<\/ul>\n<p><strong>Cours enseign\u00e9s \u00e0 l&rsquo;UQAC<\/strong><\/p>\n<ul>\n<li><a href=\"https:\/\/programmes.uqac.ca\/4his344\" target=\"_blank\" rel=\"noopener\"><em>3HIS344 Initiation \u00e0 la recherche historique<\/em><\/a>\n<ul>\n<li>Baccalaur\u00e9at en histoire<\/li>\n<\/ul>\n<\/li>\n<\/ul>\n<ul>\n<li><a href=\"https:\/\/programmes.uqac.ca\/4his460\" target=\"_blank\" rel=\"noopener\"><em>4HIS460 Le Moyen-\u00c2ge en Occident<\/em><\/a>\n<ul>\n<li>Baccalaur\u00e9at en enseignement secondaire &#8211; profil univers social<\/li>\n<li>Baccalaur\u00e9at en histoire<\/li>\n<\/ul>\n<\/li>\n<\/ul>\n<p>&nbsp;<\/p>\n","protected":false},"excerpt":{"rendered":"<p>Arnaud Montreuil a r\u00e9cemment rejoint le D\u00e9partement des sciences humaines et sociales en tant que professeur d&rsquo;histoire sociale et de recherche historique. Nous lui souhaitons la bienvenue ainsi qu&rsquo;une longue carri\u00e8re au sein de notre universit\u00e9! Titulaire d\u2019un doctorat en histoire de Paris 1 Panth\u00e9on-Sorbonne et de l\u2019Universit\u00e9 d\u2019Ottawa, Arnaud Montreuil a aussi \u00e9t\u00e9 charg\u00e9 [&hellip;]<\/p>\n","protected":false},"author":5,"featured_media":44011,"comment_status":"closed","ping_status":"closed","sticky":false,"template":"","format":"standard","meta":{"footnotes":""},"categories":[2846,248],"tags":[22,565],"yoast_head":"<!-- This site is optimized with the Yoast SEO plugin v24.2 - https:\/\/yoast.com\/wordpress\/plugins\/seo\/ -->\r\n<title>Arnaud Montreuil, nouveau professeur en histoire - UQACtualit\u00e9s<\/title>\r\n<meta name=\"description\" content=\"Arnaud Montreuil a r\u00e9cemment rejoint l&#039;UQAC en tant que professeur d&#039;histoire sociale et de recherche historique.\" \/>\r\n<meta name=\"robots\" content=\"index, follow, max-snippet:-1, max-image-preview:large, max-video-preview:-1\" \/>\r\n<link rel=\"canonical\" href=\"https:\/\/www.uqac.ca\/uqactualites\/2023\/07\/20\/portrait-arnaud-montreuil-nouveau-professeur-en-histoire\/\" \/>\r\n<meta property=\"og:locale\" content=\"fr_CA\" \/>\r\n<meta property=\"og:type\" content=\"article\" \/>\r\n<meta property=\"og:title\" content=\"Arnaud Montreuil, nouveau professeur en histoire - UQACtualit\u00e9s\" \/>\r\n<meta property=\"og:description\" content=\"Arnaud Montreuil a r\u00e9cemment rejoint l&#039;UQAC en tant que professeur d&#039;histoire sociale et de recherche historique.\" \/>\r\n<meta property=\"og:url\" content=\"https:\/\/www.uqac.ca\/uqactualites\/2023\/07\/20\/portrait-arnaud-montreuil-nouveau-professeur-en-histoire\/\" \/>\r\n<meta property=\"og:site_name\" content=\"UQACtualit\u00e9s\" \/>\r\n<meta property=\"article:published_time\" content=\"2023-07-20T13:19:42+00:00\" \/>\r\n<meta property=\"article:modified_time\" content=\"2024-08-06T19:03:16+00:00\" \/>\r\n<meta property=\"og:image\" content=\"https:\/\/www.uqac.ca\/uqactualites\/wp-content\/uploads\/2023\/07\/Arnaud-Montreuil_staillo_E23-3-1024x683.jpg\" \/>\r\n\t<meta property=\"og:image:width\" content=\"1024\" \/>\r\n\t<meta property=\"og:image:height\" content=\"683\" \/>\r\n\t<meta property=\"og:image:type\" content=\"image\/jpeg\" \/>\r\n<meta name=\"author\" content=\"Service des communications et des relations publiques\" \/>\r\n<meta name=\"twitter:card\" content=\"summary_large_image\" \/>\r\n<meta name=\"twitter:label1\" content=\"\u00c9crit par\" \/>\n\t<meta name=\"twitter:data1\" content=\"Service des communications et des relations publiques\" \/>\n\t<meta name=\"twitter:label2\" content=\"Estimation du temps de lecture\" \/>\n\t<meta name=\"twitter:data2\" content=\"2 minutes\" \/>\r\n<script type=\"application\/ld+json\" class=\"yoast-schema-graph\">{\"@context\":\"https:\/\/schema.org\",\"@graph\":[{\"@type\":\"WebPage\",\"@id\":\"https:\/\/www.uqac.ca\/uqactualites\/2023\/07\/20\/portrait-arnaud-montreuil-nouveau-professeur-en-histoire\/\",\"url\":\"https:\/\/www.uqac.ca\/uqactualites\/2023\/07\/20\/portrait-arnaud-montreuil-nouveau-professeur-en-histoire\/\",\"name\":\"Arnaud Montreuil, nouveau professeur en histoire - UQACtualit\u00e9s\",\"isPartOf\":{\"@id\":\"https:\/\/www.uqac.ca\/uqactualites\/#website\"},\"primaryImageOfPage\":{\"@id\":\"https:\/\/www.uqac.ca\/uqactualites\/2023\/07\/20\/portrait-arnaud-montreuil-nouveau-professeur-en-histoire\/#primaryimage\"},\"image\":{\"@id\":\"https:\/\/www.uqac.ca\/uqactualites\/2023\/07\/20\/portrait-arnaud-montreuil-nouveau-professeur-en-histoire\/#primaryimage\"},\"thumbnailUrl\":\"https:\/\/www.uqac.ca\/uqactualites\/wp-content\/uploads\/2023\/07\/Arnaud-Montreuil_staillo_E23-3.jpg\",\"datePublished\":\"2023-07-20T13:19:42+00:00\",\"dateModified\":\"2024-08-06T19:03:16+00:00\",\"author\":{\"@id\":\"https:\/\/www.uqac.ca\/uqactualites\/#\/schema\/person\/366c45a0c4f0e677b41b4af5886e2018\"},\"description\":\"Arnaud Montreuil a r\u00e9cemment rejoint l'UQAC en tant que professeur d'histoire sociale et de recherche historique.\",\"breadcrumb\":{\"@id\":\"https:\/\/www.uqac.ca\/uqactualites\/2023\/07\/20\/portrait-arnaud-montreuil-nouveau-professeur-en-histoire\/#breadcrumb\"},\"inLanguage\":\"fr-CA\",\"potentialAction\":[{\"@type\":\"ReadAction\",\"target\":[\"https:\/\/www.uqac.ca\/uqactualites\/2023\/07\/20\/portrait-arnaud-montreuil-nouveau-professeur-en-histoire\/\"]}]},{\"@type\":\"ImageObject\",\"inLanguage\":\"fr-CA\",\"@id\":\"https:\/\/www.uqac.ca\/uqactualites\/2023\/07\/20\/portrait-arnaud-montreuil-nouveau-professeur-en-histoire\/#primaryimage\",\"url\":\"https:\/\/www.uqac.ca\/uqactualites\/wp-content\/uploads\/2023\/07\/Arnaud-Montreuil_staillo_E23-3.jpg\",\"contentUrl\":\"https:\/\/www.uqac.ca\/uqactualites\/wp-content\/uploads\/2023\/07\/Arnaud-Montreuil_staillo_E23-3.jpg\",\"width\":2048,\"height\":1366,\"caption\":\"Arnaud Montreuil\"},{\"@type\":\"BreadcrumbList\",\"@id\":\"https:\/\/www.uqac.ca\/uqactualites\/2023\/07\/20\/portrait-arnaud-montreuil-nouveau-professeur-en-histoire\/#breadcrumb\",\"itemListElement\":[{\"@type\":\"ListItem\",\"position\":1,\"name\":\"Home\",\"item\":\"https:\/\/www.uqac.ca\/uqactualites\/\"},{\"@type\":\"ListItem\",\"position\":2,\"name\":\"Arnaud Montreuil, nouveau professeur en histoire\"}]},{\"@type\":\"WebSite\",\"@id\":\"https:\/\/www.uqac.ca\/uqactualites\/#website\",\"url\":\"https:\/\/www.uqac.ca\/uqactualites\/\",\"name\":\"UQACtualit\u00e9s\",\"description\":\"Le portail des nouvelles de l&#039;UQAC\",\"potentialAction\":[{\"@type\":\"SearchAction\",\"target\":{\"@type\":\"EntryPoint\",\"urlTemplate\":\"https:\/\/www.uqac.ca\/uqactualites\/?s={search_term_string}\"},\"query-input\":{\"@type\":\"PropertyValueSpecification\",\"valueRequired\":true,\"valueName\":\"search_term_string\"}}],\"inLanguage\":\"fr-CA\"},{\"@type\":\"Person\",\"@id\":\"https:\/\/www.uqac.ca\/uqactualites\/#\/schema\/person\/366c45a0c4f0e677b41b4af5886e2018\",\"name\":\"Service des communications et des relations publiques\",\"image\":{\"@type\":\"ImageObject\",\"inLanguage\":\"fr-CA\",\"@id\":\"https:\/\/www.uqac.ca\/uqactualites\/#\/schema\/person\/image\/\",\"url\":\"https:\/\/secure.gravatar.com\/avatar\/20fbbda8a292f59f2d3461a5b999c00b?s=96&d=mm&r=g\",\"contentUrl\":\"https:\/\/secure.gravatar.com\/avatar\/20fbbda8a292f59f2d3461a5b999c00b?s=96&d=mm&r=g\",\"caption\":\"Service des communications et des relations publiques\"},\"url\":\"https:\/\/www.uqac.ca\/uqactualites\/author\/bap\/\"}]}<\/script>\r\n<!-- \/ Yoast SEO plugin. -->","yoast_head_json":{"title":"Arnaud Montreuil, nouveau professeur en histoire - UQACtualit\u00e9s","description":"Arnaud Montreuil a r\u00e9cemment rejoint l'UQAC en tant que professeur d'histoire sociale et de recherche historique.","robots":{"index":"index","follow":"follow","max-snippet":"max-snippet:-1","max-image-preview":"max-image-preview:large","max-video-preview":"max-video-preview:-1"},"canonical":"https:\/\/www.uqac.ca\/uqactualites\/2023\/07\/20\/portrait-arnaud-montreuil-nouveau-professeur-en-histoire\/","og_locale":"fr_CA","og_type":"article","og_title":"Arnaud Montreuil, nouveau professeur en histoire - UQACtualit\u00e9s","og_description":"Arnaud Montreuil a r\u00e9cemment rejoint l'UQAC en tant que professeur d'histoire sociale et de recherche historique.","og_url":"https:\/\/www.uqac.ca\/uqactualites\/2023\/07\/20\/portrait-arnaud-montreuil-nouveau-professeur-en-histoire\/","og_site_name":"UQACtualit\u00e9s","article_published_time":"2023-07-20T13:19:42+00:00","article_modified_time":"2024-08-06T19:03:16+00:00","og_image":[{"width":1024,"height":683,"url":"https:\/\/www.uqac.ca\/uqactualites\/wp-content\/uploads\/2023\/07\/Arnaud-Montreuil_staillo_E23-3-1024x683.jpg","type":"image\/jpeg"}],"author":"Service des communications et des relations publiques","twitter_card":"summary_large_image","twitter_misc":{"\u00c9crit par":"Service des communications et des relations publiques","Estimation du temps de lecture":"2 minutes"},"schema":{"@context":"https:\/\/schema.org","@graph":[{"@type":"WebPage","@id":"https:\/\/www.uqac.ca\/uqactualites\/2023\/07\/20\/portrait-arnaud-montreuil-nouveau-professeur-en-histoire\/","url":"https:\/\/www.uqac.ca\/uqactualites\/2023\/07\/20\/portrait-arnaud-montreuil-nouveau-professeur-en-histoire\/","name":"Arnaud Montreuil, nouveau professeur en histoire - UQACtualit\u00e9s","isPartOf":{"@id":"https:\/\/www.uqac.ca\/uqactualites\/#website"},"primaryImageOfPage":{"@id":"https:\/\/www.uqac.ca\/uqactualites\/2023\/07\/20\/portrait-arnaud-montreuil-nouveau-professeur-en-histoire\/#primaryimage"},"image":{"@id":"https:\/\/www.uqac.ca\/uqactualites\/2023\/07\/20\/portrait-arnaud-montreuil-nouveau-professeur-en-histoire\/#primaryimage"},"thumbnailUrl":"https:\/\/www.uqac.ca\/uqactualites\/wp-content\/uploads\/2023\/07\/Arnaud-Montreuil_staillo_E23-3.jpg","datePublished":"2023-07-20T13:19:42+00:00","dateModified":"2024-08-06T19:03:16+00:00","author":{"@id":"https:\/\/www.uqac.ca\/uqactualites\/#\/schema\/person\/366c45a0c4f0e677b41b4af5886e2018"},"description":"Arnaud Montreuil a r\u00e9cemment rejoint l'UQAC en tant que professeur d'histoire sociale et de recherche historique.","breadcrumb":{"@id":"https:\/\/www.uqac.ca\/uqactualites\/2023\/07\/20\/portrait-arnaud-montreuil-nouveau-professeur-en-histoire\/#breadcrumb"},"inLanguage":"fr-CA","potentialAction":[{"@type":"ReadAction","target":["https:\/\/www.uqac.ca\/uqactualites\/2023\/07\/20\/portrait-arnaud-montreuil-nouveau-professeur-en-histoire\/"]}]},{"@type":"ImageObject","inLanguage":"fr-CA","@id":"https:\/\/www.uqac.ca\/uqactualites\/2023\/07\/20\/portrait-arnaud-montreuil-nouveau-professeur-en-histoire\/#primaryimage","url":"https:\/\/www.uqac.ca\/uqactualites\/wp-content\/uploads\/2023\/07\/Arnaud-Montreuil_staillo_E23-3.jpg","contentUrl":"https:\/\/www.uqac.ca\/uqactualites\/wp-content\/uploads\/2023\/07\/Arnaud-Montreuil_staillo_E23-3.jpg","width":2048,"height":1366,"caption":"Arnaud Montreuil"},{"@type":"BreadcrumbList","@id":"https:\/\/www.uqac.ca\/uqactualites\/2023\/07\/20\/portrait-arnaud-montreuil-nouveau-professeur-en-histoire\/#breadcrumb","itemListElement":[{"@type":"ListItem","position":1,"name":"Home","item":"https:\/\/www.uqac.ca\/uqactualites\/"},{"@type":"ListItem","position":2,"name":"Arnaud Montreuil, nouveau professeur en histoire"}]},{"@type":"WebSite","@id":"https:\/\/www.uqac.ca\/uqactualites\/#website","url":"https:\/\/www.uqac.ca\/uqactualites\/","name":"UQACtualit\u00e9s","description":"Le portail des nouvelles de l&#039;UQAC","potentialAction":[{"@type":"SearchAction","target":{"@type":"EntryPoint","urlTemplate":"https:\/\/www.uqac.ca\/uqactualites\/?s={search_term_string}"},"query-input":{"@type":"PropertyValueSpecification","valueRequired":true,"valueName":"search_term_string"}}],"inLanguage":"fr-CA"},{"@type":"Person","@id":"https:\/\/www.uqac.ca\/uqactualites\/#\/schema\/person\/366c45a0c4f0e677b41b4af5886e2018","name":"Service des communications et des relations publiques","image":{"@type":"ImageObject","inLanguage":"fr-CA","@id":"https:\/\/www.uqac.ca\/uqactualites\/#\/schema\/person\/image\/","url":"https:\/\/secure.gravatar.com\/avatar\/20fbbda8a292f59f2d3461a5b999c00b?s=96&d=mm&r=g","contentUrl":"https:\/\/secure.gravatar.com\/avatar\/20fbbda8a292f59f2d3461a5b999c00b?s=96&d=mm&r=g","caption":"Service des communications et des relations publiques"},"url":"https:\/\/www.uqac.ca\/uqactualites\/author\/bap\/"}]}},"_links":{"self":[{"href":"https:\/\/www.uqac.ca\/uqactualites\/wp-json\/wp\/v2\/posts\/43803"}],"collection":[{"href":"https:\/\/www.uqac.ca\/uqactualites\/wp-json\/wp\/v2\/posts"}],"about":[{"href":"https:\/\/www.uqac.ca\/uqactualites\/wp-json\/wp\/v2\/types\/post"}],"author":[{"embeddable":true,"href":"https:\/\/www.uqac.ca\/uqactualites\/wp-json\/wp\/v2\/users\/5"}],"replies":[{"embeddable":true,"href":"https:\/\/www.uqac.ca\/uqactualites\/wp-json\/wp\/v2\/comments?post=43803"}],"version-history":[{"count":3,"href":"https:\/\/www.uqac.ca\/uqactualites\/wp-json\/wp\/v2\/posts\/43803\/revisions"}],"predecessor-version":[{"id":48328,"href":"https:\/\/www.uqac.ca\/uqactualites\/wp-json\/wp\/v2\/posts\/43803\/revisions\/48328"}],"wp:featuredmedia":[{"embeddable":true,"href":"https:\/\/www.uqac.ca\/uqactualites\/wp-json\/wp\/v2\/media\/44011"}],"wp:attachment":[{"href":"https:\/\/www.uqac.ca\/uqactualites\/wp-json\/wp\/v2\/media?parent=43803"}],"wp:term":[{"taxonomy":"category","embeddable":true,"href":"https:\/\/www.uqac.ca\/uqactualites\/wp-json\/wp\/v2\/categories?post=43803"},{"taxonomy":"post_tag","embeddable":true,"href":"https:\/\/www.uqac.ca\/uqactualites\/wp-json\/wp\/v2\/tags?post=43803"}],"curies":[{"name":"wp","href":"https:\/\/api.w.org\/{rel}","templated":true}]}}