{"id":43963,"date":"2023-06-08T16:04:16","date_gmt":"2023-06-08T20:04:16","guid":{"rendered":"https:\/\/www.uqac.ca\/?p=43640"},"modified":"2024-08-07T09:42:13","modified_gmt":"2024-08-07T13:42:13","slug":"des-representants-dhydro-quebec-rendent-visite-a-luqac","status":"publish","type":"post","link":"https:\/\/www.uqac.ca\/uqactualites\/2023\/06\/08\/des-representants-dhydro-quebec-rendent-visite-a-luqac\/","title":{"rendered":"Des repr\u00e9sentants d\u2019Hydro-Qu\u00e9bec rendent visite \u00e0 l\u2019UQAC"},"content":{"rendered":"<p>Le 31 mai dernier, le comit\u00e9 de gestion de la direction Expertise et soutien technique \u2013 S\u00e9curit\u00e9 des barrages et infrastructures d\u2019Hydro-Qu\u00e9bec, \u00e9tait pr\u00e9sent dans leur bureau \u00e0 Chicoutimi. La trentaine de membres du comit\u00e9 ont donc profit\u00e9 de leur pr\u00e9sence dans la r\u00e9gion pour rencontrer le professeur du <a href=\"https:\/\/www.uqac.ca\/dsa\/\" target=\"_blank\" rel=\"noopener\">D\u00e9partement des sciences appliqu\u00e9e<\/a> Ali Saeidi \u00e0 l\u2019UQAC et visiter l&rsquo;installation l&rsquo;\u00e9vacuateur de crue de l&rsquo;UQAC, qui est un mod\u00e8le r\u00e9duit (1\/40) de l&rsquo;\u00e9vacuateur de l\u2019am\u00e9nagement Romaine-4 d\u2019Hydro-Qu\u00e9bec.<\/p>\n<p><strong>\u00c0 propos de l\u2019\u00c9vacuateur<\/strong><\/p>\n<p>L\u2019\u00e9vacuateur de crue \u00e0 \u00e9chelle semi-r\u00e9elle, n\u00e9 d\u2019un partenariat entre Hydro-Qu\u00e9bec et l\u2019UQAC, a \u00e9t\u00e9 inaugur\u00e9 en mai 2022. L\u2019infrastructure de recherche d\u2019une valeur de plus d\u20191M $ permet d\u2019effectuer des pr\u00e9visions de l\u2019\u00e9rodabilit\u00e9 des \u00e9vacuateurs de crues d\u2019am\u00e9nagements hydro\u00e9lectriques. C\u2019est un outil important pour l\u2019\u00e9quipe du professeur Saeidi et leurs recherches, qui sont d\u2019un grand int\u00e9r\u00eat pour le fournisseur national d&rsquo;hydro\u00e9lectricit\u00e9. De plus, il joue un r\u00f4le central dans la formation des \u00e9tudiantes et des \u00e9tudiants.<\/p>\n","protected":false},"excerpt":{"rendered":"<p>Le 31 mai dernier, le comit\u00e9 de gestion de la direction Expertise et soutien technique \u2013 S\u00e9curit\u00e9 des barrages et infrastructures d\u2019Hydro-Qu\u00e9bec, \u00e9tait pr\u00e9sent dans leur bureau \u00e0 Chicoutimi. La trentaine de membres du comit\u00e9 ont donc profit\u00e9 de leur pr\u00e9sence dans la r\u00e9gion pour rencontrer le professeur du D\u00e9partement des sciences appliqu\u00e9e Ali Saeidi [&hellip;]<\/p>\n","protected":false},"author":5,"featured_media":43964,"comment_status":"closed","ping_status":"closed","sticky":false,"template":"","format":"standard","meta":{"footnotes":""},"categories":[2],"tags":[21,1036],"yoast_head":"<!-- This site is optimized with the Yoast SEO plugin v24.2 - https:\/\/yoast.com\/wordpress\/plugins\/seo\/ -->\r\n<title>Des repr\u00e9sentants d\u2019Hydro-Qu\u00e9bec rendent visite \u00e0 l\u2019UQAC - UQACtualit\u00e9s<\/title>\r\n<meta name=\"description\" content=\"La trentaine de membres du comit\u00e9 ont profit\u00e9 de leur pr\u00e9sence dans la r\u00e9gion pour visiter l&#039;installation de l&#039;\u00c9vacuateur UQAC-Hydro-Qu\u00e9bec.\" \/>\r\n<meta name=\"robots\" content=\"index, follow, max-snippet:-1, max-image-preview:large, max-video-preview:-1\" \/>\r\n<link rel=\"canonical\" href=\"https:\/\/www.uqac.ca\/uqactualites\/2023\/06\/08\/des-representants-dhydro-quebec-rendent-visite-a-luqac\/\" \/>\r\n<meta property=\"og:locale\" content=\"fr_CA\" \/>\r\n<meta property=\"og:type\" content=\"article\" \/>\r\n<meta property=\"og:title\" content=\"Des repr\u00e9sentants d\u2019Hydro-Qu\u00e9bec rendent visite \u00e0 l\u2019UQAC - UQACtualit\u00e9s\" \/>\r\n<meta property=\"og:description\" content=\"La trentaine de membres du comit\u00e9 ont profit\u00e9 de leur pr\u00e9sence dans la r\u00e9gion pour visiter l&#039;installation de l&#039;\u00c9vacuateur UQAC-Hydro-Qu\u00e9bec.\" \/>\r\n<meta property=\"og:url\" content=\"https:\/\/www.uqac.ca\/uqactualites\/2023\/06\/08\/des-representants-dhydro-quebec-rendent-visite-a-luqac\/\" \/>\r\n<meta property=\"og:site_name\" content=\"UQACtualit\u00e9s\" \/>\r\n<meta property=\"article:published_time\" content=\"2023-06-08T20:04:16+00:00\" \/>\r\n<meta property=\"article:modified_time\" content=\"2024-08-07T13:42:13+00:00\" \/>\r\n<meta property=\"og:image\" content=\"https:\/\/www.uqac.ca\/uqactualites\/wp-content\/uploads\/2023\/06\/Saedi-HQ-h23-mduhaime-002.jpg\" \/>\r\n\t<meta property=\"og:image:width\" content=\"1800\" \/>\r\n\t<meta property=\"og:image:height\" content=\"1200\" \/>\r\n\t<meta property=\"og:image:type\" content=\"image\/jpeg\" \/>\r\n<meta name=\"author\" content=\"Service des communications et des relations publiques\" \/>\r\n<meta name=\"twitter:card\" content=\"summary_large_image\" \/>\r\n<meta name=\"twitter:label1\" content=\"\u00c9crit par\" \/>\n\t<meta name=\"twitter:data1\" content=\"Service des communications et des relations publiques\" \/>\n\t<meta name=\"twitter:label2\" content=\"Estimation du temps de lecture\" \/>\n\t<meta name=\"twitter:data2\" content=\"2 minutes\" \/>\r\n<script type=\"application\/ld+json\" class=\"yoast-schema-graph\">{\"@context\":\"https:\/\/schema.org\",\"@graph\":[{\"@type\":\"WebPage\",\"@id\":\"https:\/\/www.uqac.ca\/uqactualites\/2023\/06\/08\/des-representants-dhydro-quebec-rendent-visite-a-luqac\/\",\"url\":\"https:\/\/www.uqac.ca\/uqactualites\/2023\/06\/08\/des-representants-dhydro-quebec-rendent-visite-a-luqac\/\",\"name\":\"Des repr\u00e9sentants d\u2019Hydro-Qu\u00e9bec rendent visite \u00e0 l\u2019UQAC - UQACtualit\u00e9s\",\"isPartOf\":{\"@id\":\"https:\/\/www.uqac.ca\/uqactualites\/#website\"},\"primaryImageOfPage\":{\"@id\":\"https:\/\/www.uqac.ca\/uqactualites\/2023\/06\/08\/des-representants-dhydro-quebec-rendent-visite-a-luqac\/#primaryimage\"},\"image\":{\"@id\":\"https:\/\/www.uqac.ca\/uqactualites\/2023\/06\/08\/des-representants-dhydro-quebec-rendent-visite-a-luqac\/#primaryimage\"},\"thumbnailUrl\":\"https:\/\/www.uqac.ca\/uqactualites\/wp-content\/uploads\/2023\/06\/Saedi-HQ-h23-mduhaime-002.jpg\",\"datePublished\":\"2023-06-08T20:04:16+00:00\",\"dateModified\":\"2024-08-07T13:42:13+00:00\",\"author\":{\"@id\":\"https:\/\/www.uqac.ca\/uqactualites\/#\/schema\/person\/366c45a0c4f0e677b41b4af5886e2018\"},\"description\":\"La trentaine de membres du comit\u00e9 ont profit\u00e9 de leur pr\u00e9sence dans la r\u00e9gion pour visiter l'installation de l'\u00c9vacuateur UQAC-Hydro-Qu\u00e9bec.\",\"breadcrumb\":{\"@id\":\"https:\/\/www.uqac.ca\/uqactualites\/2023\/06\/08\/des-representants-dhydro-quebec-rendent-visite-a-luqac\/#breadcrumb\"},\"inLanguage\":\"fr-CA\",\"potentialAction\":[{\"@type\":\"ReadAction\",\"target\":[\"https:\/\/www.uqac.ca\/uqactualites\/2023\/06\/08\/des-representants-dhydro-quebec-rendent-visite-a-luqac\/\"]}]},{\"@type\":\"ImageObject\",\"inLanguage\":\"fr-CA\",\"@id\":\"https:\/\/www.uqac.ca\/uqactualites\/2023\/06\/08\/des-representants-dhydro-quebec-rendent-visite-a-luqac\/#primaryimage\",\"url\":\"https:\/\/www.uqac.ca\/uqactualites\/wp-content\/uploads\/2023\/06\/Saedi-HQ-h23-mduhaime-002.jpg\",\"contentUrl\":\"https:\/\/www.uqac.ca\/uqactualites\/wp-content\/uploads\/2023\/06\/Saedi-HQ-h23-mduhaime-002.jpg\",\"width\":1800,\"height\":1200,\"caption\":\"Hydro-Qu\u00e9bec\"},{\"@type\":\"BreadcrumbList\",\"@id\":\"https:\/\/www.uqac.ca\/uqactualites\/2023\/06\/08\/des-representants-dhydro-quebec-rendent-visite-a-luqac\/#breadcrumb\",\"itemListElement\":[{\"@type\":\"ListItem\",\"position\":1,\"name\":\"Home\",\"item\":\"https:\/\/www.uqac.ca\/uqactualites\/\"},{\"@type\":\"ListItem\",\"position\":2,\"name\":\"Des repr\u00e9sentants d\u2019Hydro-Qu\u00e9bec rendent visite \u00e0 l\u2019UQAC\"}]},{\"@type\":\"WebSite\",\"@id\":\"https:\/\/www.uqac.ca\/uqactualites\/#website\",\"url\":\"https:\/\/www.uqac.ca\/uqactualites\/\",\"name\":\"UQACtualit\u00e9s\",\"description\":\"Le portail des nouvelles de l&#039;UQAC\",\"potentialAction\":[{\"@type\":\"SearchAction\",\"target\":{\"@type\":\"EntryPoint\",\"urlTemplate\":\"https:\/\/www.uqac.ca\/uqactualites\/?s={search_term_string}\"},\"query-input\":{\"@type\":\"PropertyValueSpecification\",\"valueRequired\":true,\"valueName\":\"search_term_string\"}}],\"inLanguage\":\"fr-CA\"},{\"@type\":\"Person\",\"@id\":\"https:\/\/www.uqac.ca\/uqactualites\/#\/schema\/person\/366c45a0c4f0e677b41b4af5886e2018\",\"name\":\"Service des communications et des relations publiques\",\"image\":{\"@type\":\"ImageObject\",\"inLanguage\":\"fr-CA\",\"@id\":\"https:\/\/www.uqac.ca\/uqactualites\/#\/schema\/person\/image\/\",\"url\":\"https:\/\/secure.gravatar.com\/avatar\/20fbbda8a292f59f2d3461a5b999c00b?s=96&d=mm&r=g\",\"contentUrl\":\"https:\/\/secure.gravatar.com\/avatar\/20fbbda8a292f59f2d3461a5b999c00b?s=96&d=mm&r=g\",\"caption\":\"Service des communications et des relations publiques\"},\"url\":\"https:\/\/www.uqac.ca\/uqactualites\/author\/bap\/\"}]}<\/script>\r\n<!-- \/ Yoast SEO plugin. -->","yoast_head_json":{"title":"Des repr\u00e9sentants d\u2019Hydro-Qu\u00e9bec rendent visite \u00e0 l\u2019UQAC - UQACtualit\u00e9s","description":"La trentaine de membres du comit\u00e9 ont profit\u00e9 de leur pr\u00e9sence dans la r\u00e9gion pour visiter l'installation de l'\u00c9vacuateur UQAC-Hydro-Qu\u00e9bec.","robots":{"index":"index","follow":"follow","max-snippet":"max-snippet:-1","max-image-preview":"max-image-preview:large","max-video-preview":"max-video-preview:-1"},"canonical":"https:\/\/www.uqac.ca\/uqactualites\/2023\/06\/08\/des-representants-dhydro-quebec-rendent-visite-a-luqac\/","og_locale":"fr_CA","og_type":"article","og_title":"Des repr\u00e9sentants d\u2019Hydro-Qu\u00e9bec rendent visite \u00e0 l\u2019UQAC - UQACtualit\u00e9s","og_description":"La trentaine de membres du comit\u00e9 ont profit\u00e9 de leur pr\u00e9sence dans la r\u00e9gion pour visiter l'installation de l'\u00c9vacuateur UQAC-Hydro-Qu\u00e9bec.","og_url":"https:\/\/www.uqac.ca\/uqactualites\/2023\/06\/08\/des-representants-dhydro-quebec-rendent-visite-a-luqac\/","og_site_name":"UQACtualit\u00e9s","article_published_time":"2023-06-08T20:04:16+00:00","article_modified_time":"2024-08-07T13:42:13+00:00","og_image":[{"width":1800,"height":1200,"url":"https:\/\/www.uqac.ca\/uqactualites\/wp-content\/uploads\/2023\/06\/Saedi-HQ-h23-mduhaime-002.jpg","type":"image\/jpeg"}],"author":"Service des communications et des relations publiques","twitter_card":"summary_large_image","twitter_misc":{"\u00c9crit par":"Service des communications et des relations publiques","Estimation du temps de lecture":"2 minutes"},"schema":{"@context":"https:\/\/schema.org","@graph":[{"@type":"WebPage","@id":"https:\/\/www.uqac.ca\/uqactualites\/2023\/06\/08\/des-representants-dhydro-quebec-rendent-visite-a-luqac\/","url":"https:\/\/www.uqac.ca\/uqactualites\/2023\/06\/08\/des-representants-dhydro-quebec-rendent-visite-a-luqac\/","name":"Des repr\u00e9sentants d\u2019Hydro-Qu\u00e9bec rendent visite \u00e0 l\u2019UQAC - UQACtualit\u00e9s","isPartOf":{"@id":"https:\/\/www.uqac.ca\/uqactualites\/#website"},"primaryImageOfPage":{"@id":"https:\/\/www.uqac.ca\/uqactualites\/2023\/06\/08\/des-representants-dhydro-quebec-rendent-visite-a-luqac\/#primaryimage"},"image":{"@id":"https:\/\/www.uqac.ca\/uqactualites\/2023\/06\/08\/des-representants-dhydro-quebec-rendent-visite-a-luqac\/#primaryimage"},"thumbnailUrl":"https:\/\/www.uqac.ca\/uqactualites\/wp-content\/uploads\/2023\/06\/Saedi-HQ-h23-mduhaime-002.jpg","datePublished":"2023-06-08T20:04:16+00:00","dateModified":"2024-08-07T13:42:13+00:00","author":{"@id":"https:\/\/www.uqac.ca\/uqactualites\/#\/schema\/person\/366c45a0c4f0e677b41b4af5886e2018"},"description":"La trentaine de membres du comit\u00e9 ont profit\u00e9 de leur pr\u00e9sence dans la r\u00e9gion pour visiter l'installation de l'\u00c9vacuateur UQAC-Hydro-Qu\u00e9bec.","breadcrumb":{"@id":"https:\/\/www.uqac.ca\/uqactualites\/2023\/06\/08\/des-representants-dhydro-quebec-rendent-visite-a-luqac\/#breadcrumb"},"inLanguage":"fr-CA","potentialAction":[{"@type":"ReadAction","target":["https:\/\/www.uqac.ca\/uqactualites\/2023\/06\/08\/des-representants-dhydro-quebec-rendent-visite-a-luqac\/"]}]},{"@type":"ImageObject","inLanguage":"fr-CA","@id":"https:\/\/www.uqac.ca\/uqactualites\/2023\/06\/08\/des-representants-dhydro-quebec-rendent-visite-a-luqac\/#primaryimage","url":"https:\/\/www.uqac.ca\/uqactualites\/wp-content\/uploads\/2023\/06\/Saedi-HQ-h23-mduhaime-002.jpg","contentUrl":"https:\/\/www.uqac.ca\/uqactualites\/wp-content\/uploads\/2023\/06\/Saedi-HQ-h23-mduhaime-002.jpg","width":1800,"height":1200,"caption":"Hydro-Qu\u00e9bec"},{"@type":"BreadcrumbList","@id":"https:\/\/www.uqac.ca\/uqactualites\/2023\/06\/08\/des-representants-dhydro-quebec-rendent-visite-a-luqac\/#breadcrumb","itemListElement":[{"@type":"ListItem","position":1,"name":"Home","item":"https:\/\/www.uqac.ca\/uqactualites\/"},{"@type":"ListItem","position":2,"name":"Des repr\u00e9sentants d\u2019Hydro-Qu\u00e9bec rendent visite \u00e0 l\u2019UQAC"}]},{"@type":"WebSite","@id":"https:\/\/www.uqac.ca\/uqactualites\/#website","url":"https:\/\/www.uqac.ca\/uqactualites\/","name":"UQACtualit\u00e9s","description":"Le portail des nouvelles de l&#039;UQAC","potentialAction":[{"@type":"SearchAction","target":{"@type":"EntryPoint","urlTemplate":"https:\/\/www.uqac.ca\/uqactualites\/?s={search_term_string}"},"query-input":{"@type":"PropertyValueSpecification","valueRequired":true,"valueName":"search_term_string"}}],"inLanguage":"fr-CA"},{"@type":"Person","@id":"https:\/\/www.uqac.ca\/uqactualites\/#\/schema\/person\/366c45a0c4f0e677b41b4af5886e2018","name":"Service des communications et des relations publiques","image":{"@type":"ImageObject","inLanguage":"fr-CA","@id":"https:\/\/www.uqac.ca\/uqactualites\/#\/schema\/person\/image\/","url":"https:\/\/secure.gravatar.com\/avatar\/20fbbda8a292f59f2d3461a5b999c00b?s=96&d=mm&r=g","contentUrl":"https:\/\/secure.gravatar.com\/avatar\/20fbbda8a292f59f2d3461a5b999c00b?s=96&d=mm&r=g","caption":"Service des communications et des relations publiques"},"url":"https:\/\/www.uqac.ca\/uqactualites\/author\/bap\/"}]}},"_links":{"self":[{"href":"https:\/\/www.uqac.ca\/uqactualites\/wp-json\/wp\/v2\/posts\/43963"}],"collection":[{"href":"https:\/\/www.uqac.ca\/uqactualites\/wp-json\/wp\/v2\/posts"}],"about":[{"href":"https:\/\/www.uqac.ca\/uqactualites\/wp-json\/wp\/v2\/types\/post"}],"author":[{"embeddable":true,"href":"https:\/\/www.uqac.ca\/uqactualites\/wp-json\/wp\/v2\/users\/5"}],"replies":[{"embeddable":true,"href":"https:\/\/www.uqac.ca\/uqactualites\/wp-json\/wp\/v2\/comments?post=43963"}],"version-history":[{"count":2,"href":"https:\/\/www.uqac.ca\/uqactualites\/wp-json\/wp\/v2\/posts\/43963\/revisions"}],"predecessor-version":[{"id":48382,"href":"https:\/\/www.uqac.ca\/uqactualites\/wp-json\/wp\/v2\/posts\/43963\/revisions\/48382"}],"wp:featuredmedia":[{"embeddable":true,"href":"https:\/\/www.uqac.ca\/uqactualites\/wp-json\/wp\/v2\/media\/43964"}],"wp:attachment":[{"href":"https:\/\/www.uqac.ca\/uqactualites\/wp-json\/wp\/v2\/media?parent=43963"}],"wp:term":[{"taxonomy":"category","embeddable":true,"href":"https:\/\/www.uqac.ca\/uqactualites\/wp-json\/wp\/v2\/categories?post=43963"},{"taxonomy":"post_tag","embeddable":true,"href":"https:\/\/www.uqac.ca\/uqactualites\/wp-json\/wp\/v2\/tags?post=43963"}],"curies":[{"name":"wp","href":"https:\/\/api.w.org\/{rel}","templated":true}]}}