{"id":43968,"date":"2023-06-13T15:46:48","date_gmt":"2023-06-13T19:46:48","guid":{"rendered":"https:\/\/www.uqac.ca\/?p=43684"},"modified":"2024-08-07T09:03:30","modified_gmt":"2024-08-07T13:03:30","slug":"manu-tranquard-est-nomme-doyen-des-etudes","status":"publish","type":"post","link":"https:\/\/www.uqac.ca\/uqactualites\/2023\/06\/13\/manu-tranquard-est-nomme-doyen-des-etudes\/","title":{"rendered":"Manu Tranquard est nomm\u00e9 doyen des \u00e9tudes"},"content":{"rendered":"<p>Le Conseil d\u2019administration de l\u2019Universit\u00e9 du Qu\u00e9bec \u00e0 Chicoutimi est heureux d\u2019annoncer la nomination de <a href=\"https:\/\/www.uqac.ca\/portfolio\/manutranquard\/\" target=\"_blank\" rel=\"noopener\">Manu Tranquard<\/a> au poste de doyen des \u00e9tudes pour un mandat d\u2019une dur\u00e9e de 4 ans.<\/p>\n<p>Professeur \u00e0 l\u2019UQAC depuis 2009 et actuellement directeur du D\u00e9partement des sciences humaines et sociales, Manu Tranquard est d\u00e9tenteur d\u2019un doctorat en d\u00e9veloppement r\u00e9gional et d\u2019une ma\u00eetrise en droit des techniques de communication. Sur le plan de la recherche, il s\u2019int\u00e9resse tout particuli\u00e8rement \u00e0 l\u2019autonomie avanc\u00e9e en r\u00e9gion isol\u00e9e et plus sp\u00e9cifiquement \u00e0 la survie en for\u00eat bor\u00e9ale, une expertise qui lui est d\u2019ailleurs reconnue au niveau international.<\/p>\n<p>Au fil des ann\u00e9es, le professeur Tranquard a cumul\u00e9 plusieurs fonctions de gestion au sein de l\u2019institution notamment, \u00e0 titre de responsable de programmes et responsable de l\u2019Unit\u00e9 d\u2019enseignement en intervention plein air. Il occupe pr\u00e9sentement le poste de responsable du <a href=\"https:\/\/lerpa.uqac.ca\/\" target=\"_blank\" rel=\"noopener\">Laboratoire d\u2019expertise et de recherche en plein air (LERPA)<\/a>.<\/p>\n<p>Tr\u00e8s engag\u00e9 tant en enseignement qu\u2019en recherche, celui qui occupera le poste de doyen des \u00e9tudes a enseign\u00e9 une vari\u00e9t\u00e9 et un nombre impressionnant de cours depuis les 14 derni\u00e8res ann\u00e9es en plus de diriger plusieurs projets de recherche structurants pour le secteur de l\u2019intervention plein air, de publier une quarantaine d\u2019articles et de r\u00e9aliser une dizaine de conf\u00e9rences \u00e0 l\u2019international.<\/p>\n<p>La date d\u2019entr\u00e9e en poste de Manu Tranquard \u00e0 titre de doyen des \u00e9tudes est le 14 juin prochain.<\/p>\n<p>Nous lui souhaitons tout le succ\u00e8s escompt\u00e9 dans ses nouvelles fonctions!<\/p>\n","protected":false},"excerpt":{"rendered":"<p>Le Conseil d\u2019administration de l\u2019Universit\u00e9 du Qu\u00e9bec \u00e0 Chicoutimi est heureux d\u2019annoncer la nomination de Manu Tranquard au poste de doyen des \u00e9tudes pour un mandat d\u2019une dur\u00e9e de 4 ans. Professeur \u00e0 l\u2019UQAC depuis 2009 et actuellement directeur du D\u00e9partement des sciences humaines et sociales, Manu Tranquard est d\u00e9tenteur d\u2019un doctorat en d\u00e9veloppement r\u00e9gional [&hellip;]<\/p>\n","protected":false},"author":5,"featured_media":43969,"comment_status":"closed","ping_status":"closed","sticky":false,"template":"","format":"standard","meta":{"footnotes":""},"categories":[2,15],"tags":[],"yoast_head":"<!-- This site is optimized with the Yoast SEO plugin v24.2 - https:\/\/yoast.com\/wordpress\/plugins\/seo\/ -->\r\n<title>Manu Tranquard est nomm\u00e9 doyen des \u00e9tudes - UQACtualit\u00e9s<\/title>\r\n<meta name=\"description\" content=\"Le CA de l&#039;UQAC annonce la nomination de Manu Tranquard au poste de doyen des \u00e9tudes pour un mandat d\u2019une dur\u00e9e de 4 ans.\" \/>\r\n<meta name=\"robots\" content=\"index, follow, max-snippet:-1, max-image-preview:large, max-video-preview:-1\" \/>\r\n<link rel=\"canonical\" href=\"https:\/\/www.uqac.ca\/uqactualites\/2023\/06\/13\/manu-tranquard-est-nomme-doyen-des-etudes\/\" \/>\r\n<meta property=\"og:locale\" content=\"fr_CA\" \/>\r\n<meta property=\"og:type\" content=\"article\" \/>\r\n<meta property=\"og:title\" content=\"Manu Tranquard est nomm\u00e9 doyen des \u00e9tudes - UQACtualit\u00e9s\" \/>\r\n<meta property=\"og:description\" content=\"Le CA de l&#039;UQAC annonce la nomination de Manu Tranquard au poste de doyen des \u00e9tudes pour un mandat d\u2019une dur\u00e9e de 4 ans.\" \/>\r\n<meta property=\"og:url\" content=\"https:\/\/www.uqac.ca\/uqactualites\/2023\/06\/13\/manu-tranquard-est-nomme-doyen-des-etudes\/\" \/>\r\n<meta property=\"og:site_name\" content=\"UQACtualit\u00e9s\" \/>\r\n<meta property=\"article:published_time\" content=\"2023-06-13T19:46:48+00:00\" \/>\r\n<meta property=\"article:modified_time\" content=\"2024-08-07T13:03:30+00:00\" \/>\r\n<meta property=\"og:image\" content=\"https:\/\/www.uqac.ca\/uqactualites\/wp-content\/uploads\/2023\/06\/@ctu_ManuTranquard.jpg\" \/>\r\n\t<meta property=\"og:image:width\" content=\"994\" \/>\r\n\t<meta property=\"og:image:height\" content=\"677\" \/>\r\n\t<meta property=\"og:image:type\" content=\"image\/jpeg\" \/>\r\n<meta name=\"author\" content=\"Service des communications et des relations publiques\" \/>\r\n<meta name=\"twitter:card\" content=\"summary_large_image\" \/>\r\n<meta name=\"twitter:label1\" content=\"\u00c9crit par\" \/>\n\t<meta name=\"twitter:data1\" content=\"Service des communications et des relations publiques\" \/>\n\t<meta name=\"twitter:label2\" content=\"Estimation du temps de lecture\" \/>\n\t<meta name=\"twitter:data2\" content=\"2 minutes\" \/>\r\n<script type=\"application\/ld+json\" class=\"yoast-schema-graph\">{\"@context\":\"https:\/\/schema.org\",\"@graph\":[{\"@type\":\"WebPage\",\"@id\":\"https:\/\/www.uqac.ca\/uqactualites\/2023\/06\/13\/manu-tranquard-est-nomme-doyen-des-etudes\/\",\"url\":\"https:\/\/www.uqac.ca\/uqactualites\/2023\/06\/13\/manu-tranquard-est-nomme-doyen-des-etudes\/\",\"name\":\"Manu Tranquard est nomm\u00e9 doyen des \u00e9tudes - UQACtualit\u00e9s\",\"isPartOf\":{\"@id\":\"https:\/\/www.uqac.ca\/uqactualites\/#website\"},\"primaryImageOfPage\":{\"@id\":\"https:\/\/www.uqac.ca\/uqactualites\/2023\/06\/13\/manu-tranquard-est-nomme-doyen-des-etudes\/#primaryimage\"},\"image\":{\"@id\":\"https:\/\/www.uqac.ca\/uqactualites\/2023\/06\/13\/manu-tranquard-est-nomme-doyen-des-etudes\/#primaryimage\"},\"thumbnailUrl\":\"https:\/\/www.uqac.ca\/uqactualites\/wp-content\/uploads\/2023\/06\/@ctu_ManuTranquard.jpg\",\"datePublished\":\"2023-06-13T19:46:48+00:00\",\"dateModified\":\"2024-08-07T13:03:30+00:00\",\"author\":{\"@id\":\"https:\/\/www.uqac.ca\/uqactualites\/#\/schema\/person\/366c45a0c4f0e677b41b4af5886e2018\"},\"description\":\"Le CA de l'UQAC annonce la nomination de Manu Tranquard au poste de doyen des \u00e9tudes pour un mandat d\u2019une dur\u00e9e de 4 ans.\",\"breadcrumb\":{\"@id\":\"https:\/\/www.uqac.ca\/uqactualites\/2023\/06\/13\/manu-tranquard-est-nomme-doyen-des-etudes\/#breadcrumb\"},\"inLanguage\":\"fr-CA\",\"potentialAction\":[{\"@type\":\"ReadAction\",\"target\":[\"https:\/\/www.uqac.ca\/uqactualites\/2023\/06\/13\/manu-tranquard-est-nomme-doyen-des-etudes\/\"]}]},{\"@type\":\"ImageObject\",\"inLanguage\":\"fr-CA\",\"@id\":\"https:\/\/www.uqac.ca\/uqactualites\/2023\/06\/13\/manu-tranquard-est-nomme-doyen-des-etudes\/#primaryimage\",\"url\":\"https:\/\/www.uqac.ca\/uqactualites\/wp-content\/uploads\/2023\/06\/@ctu_ManuTranquard.jpg\",\"contentUrl\":\"https:\/\/www.uqac.ca\/uqactualites\/wp-content\/uploads\/2023\/06\/@ctu_ManuTranquard.jpg\",\"width\":994,\"height\":677,\"caption\":\"doyen des \u00e9tudes\"},{\"@type\":\"BreadcrumbList\",\"@id\":\"https:\/\/www.uqac.ca\/uqactualites\/2023\/06\/13\/manu-tranquard-est-nomme-doyen-des-etudes\/#breadcrumb\",\"itemListElement\":[{\"@type\":\"ListItem\",\"position\":1,\"name\":\"Home\",\"item\":\"https:\/\/www.uqac.ca\/uqactualites\/\"},{\"@type\":\"ListItem\",\"position\":2,\"name\":\"Manu Tranquard est nomm\u00e9 doyen des \u00e9tudes\"}]},{\"@type\":\"WebSite\",\"@id\":\"https:\/\/www.uqac.ca\/uqactualites\/#website\",\"url\":\"https:\/\/www.uqac.ca\/uqactualites\/\",\"name\":\"UQACtualit\u00e9s\",\"description\":\"Le portail des nouvelles de l&#039;UQAC\",\"potentialAction\":[{\"@type\":\"SearchAction\",\"target\":{\"@type\":\"EntryPoint\",\"urlTemplate\":\"https:\/\/www.uqac.ca\/uqactualites\/?s={search_term_string}\"},\"query-input\":{\"@type\":\"PropertyValueSpecification\",\"valueRequired\":true,\"valueName\":\"search_term_string\"}}],\"inLanguage\":\"fr-CA\"},{\"@type\":\"Person\",\"@id\":\"https:\/\/www.uqac.ca\/uqactualites\/#\/schema\/person\/366c45a0c4f0e677b41b4af5886e2018\",\"name\":\"Service des communications et des relations publiques\",\"image\":{\"@type\":\"ImageObject\",\"inLanguage\":\"fr-CA\",\"@id\":\"https:\/\/www.uqac.ca\/uqactualites\/#\/schema\/person\/image\/\",\"url\":\"https:\/\/secure.gravatar.com\/avatar\/20fbbda8a292f59f2d3461a5b999c00b?s=96&d=mm&r=g\",\"contentUrl\":\"https:\/\/secure.gravatar.com\/avatar\/20fbbda8a292f59f2d3461a5b999c00b?s=96&d=mm&r=g\",\"caption\":\"Service des communications et des relations publiques\"},\"url\":\"https:\/\/www.uqac.ca\/uqactualites\/author\/bap\/\"}]}<\/script>\r\n<!-- \/ Yoast SEO plugin. -->","yoast_head_json":{"title":"Manu Tranquard est nomm\u00e9 doyen des \u00e9tudes - UQACtualit\u00e9s","description":"Le CA de l'UQAC annonce la nomination de Manu Tranquard au poste de doyen des \u00e9tudes pour un mandat d\u2019une dur\u00e9e de 4 ans.","robots":{"index":"index","follow":"follow","max-snippet":"max-snippet:-1","max-image-preview":"max-image-preview:large","max-video-preview":"max-video-preview:-1"},"canonical":"https:\/\/www.uqac.ca\/uqactualites\/2023\/06\/13\/manu-tranquard-est-nomme-doyen-des-etudes\/","og_locale":"fr_CA","og_type":"article","og_title":"Manu Tranquard est nomm\u00e9 doyen des \u00e9tudes - UQACtualit\u00e9s","og_description":"Le CA de l'UQAC annonce la nomination de Manu Tranquard au poste de doyen des \u00e9tudes pour un mandat d\u2019une dur\u00e9e de 4 ans.","og_url":"https:\/\/www.uqac.ca\/uqactualites\/2023\/06\/13\/manu-tranquard-est-nomme-doyen-des-etudes\/","og_site_name":"UQACtualit\u00e9s","article_published_time":"2023-06-13T19:46:48+00:00","article_modified_time":"2024-08-07T13:03:30+00:00","og_image":[{"width":994,"height":677,"url":"https:\/\/www.uqac.ca\/uqactualites\/wp-content\/uploads\/2023\/06\/@ctu_ManuTranquard.jpg","type":"image\/jpeg"}],"author":"Service des communications et des relations publiques","twitter_card":"summary_large_image","twitter_misc":{"\u00c9crit par":"Service des communications et des relations publiques","Estimation du temps de lecture":"2 minutes"},"schema":{"@context":"https:\/\/schema.org","@graph":[{"@type":"WebPage","@id":"https:\/\/www.uqac.ca\/uqactualites\/2023\/06\/13\/manu-tranquard-est-nomme-doyen-des-etudes\/","url":"https:\/\/www.uqac.ca\/uqactualites\/2023\/06\/13\/manu-tranquard-est-nomme-doyen-des-etudes\/","name":"Manu Tranquard est nomm\u00e9 doyen des \u00e9tudes - UQACtualit\u00e9s","isPartOf":{"@id":"https:\/\/www.uqac.ca\/uqactualites\/#website"},"primaryImageOfPage":{"@id":"https:\/\/www.uqac.ca\/uqactualites\/2023\/06\/13\/manu-tranquard-est-nomme-doyen-des-etudes\/#primaryimage"},"image":{"@id":"https:\/\/www.uqac.ca\/uqactualites\/2023\/06\/13\/manu-tranquard-est-nomme-doyen-des-etudes\/#primaryimage"},"thumbnailUrl":"https:\/\/www.uqac.ca\/uqactualites\/wp-content\/uploads\/2023\/06\/@ctu_ManuTranquard.jpg","datePublished":"2023-06-13T19:46:48+00:00","dateModified":"2024-08-07T13:03:30+00:00","author":{"@id":"https:\/\/www.uqac.ca\/uqactualites\/#\/schema\/person\/366c45a0c4f0e677b41b4af5886e2018"},"description":"Le CA de l'UQAC annonce la nomination de Manu Tranquard au poste de doyen des \u00e9tudes pour un mandat d\u2019une dur\u00e9e de 4 ans.","breadcrumb":{"@id":"https:\/\/www.uqac.ca\/uqactualites\/2023\/06\/13\/manu-tranquard-est-nomme-doyen-des-etudes\/#breadcrumb"},"inLanguage":"fr-CA","potentialAction":[{"@type":"ReadAction","target":["https:\/\/www.uqac.ca\/uqactualites\/2023\/06\/13\/manu-tranquard-est-nomme-doyen-des-etudes\/"]}]},{"@type":"ImageObject","inLanguage":"fr-CA","@id":"https:\/\/www.uqac.ca\/uqactualites\/2023\/06\/13\/manu-tranquard-est-nomme-doyen-des-etudes\/#primaryimage","url":"https:\/\/www.uqac.ca\/uqactualites\/wp-content\/uploads\/2023\/06\/@ctu_ManuTranquard.jpg","contentUrl":"https:\/\/www.uqac.ca\/uqactualites\/wp-content\/uploads\/2023\/06\/@ctu_ManuTranquard.jpg","width":994,"height":677,"caption":"doyen des \u00e9tudes"},{"@type":"BreadcrumbList","@id":"https:\/\/www.uqac.ca\/uqactualites\/2023\/06\/13\/manu-tranquard-est-nomme-doyen-des-etudes\/#breadcrumb","itemListElement":[{"@type":"ListItem","position":1,"name":"Home","item":"https:\/\/www.uqac.ca\/uqactualites\/"},{"@type":"ListItem","position":2,"name":"Manu Tranquard est nomm\u00e9 doyen des \u00e9tudes"}]},{"@type":"WebSite","@id":"https:\/\/www.uqac.ca\/uqactualites\/#website","url":"https:\/\/www.uqac.ca\/uqactualites\/","name":"UQACtualit\u00e9s","description":"Le portail des nouvelles de l&#039;UQAC","potentialAction":[{"@type":"SearchAction","target":{"@type":"EntryPoint","urlTemplate":"https:\/\/www.uqac.ca\/uqactualites\/?s={search_term_string}"},"query-input":{"@type":"PropertyValueSpecification","valueRequired":true,"valueName":"search_term_string"}}],"inLanguage":"fr-CA"},{"@type":"Person","@id":"https:\/\/www.uqac.ca\/uqactualites\/#\/schema\/person\/366c45a0c4f0e677b41b4af5886e2018","name":"Service des communications et des relations publiques","image":{"@type":"ImageObject","inLanguage":"fr-CA","@id":"https:\/\/www.uqac.ca\/uqactualites\/#\/schema\/person\/image\/","url":"https:\/\/secure.gravatar.com\/avatar\/20fbbda8a292f59f2d3461a5b999c00b?s=96&d=mm&r=g","contentUrl":"https:\/\/secure.gravatar.com\/avatar\/20fbbda8a292f59f2d3461a5b999c00b?s=96&d=mm&r=g","caption":"Service des communications et des relations publiques"},"url":"https:\/\/www.uqac.ca\/uqactualites\/author\/bap\/"}]}},"_links":{"self":[{"href":"https:\/\/www.uqac.ca\/uqactualites\/wp-json\/wp\/v2\/posts\/43968"}],"collection":[{"href":"https:\/\/www.uqac.ca\/uqactualites\/wp-json\/wp\/v2\/posts"}],"about":[{"href":"https:\/\/www.uqac.ca\/uqactualites\/wp-json\/wp\/v2\/types\/post"}],"author":[{"embeddable":true,"href":"https:\/\/www.uqac.ca\/uqactualites\/wp-json\/wp\/v2\/users\/5"}],"replies":[{"embeddable":true,"href":"https:\/\/www.uqac.ca\/uqactualites\/wp-json\/wp\/v2\/comments?post=43968"}],"version-history":[{"count":4,"href":"https:\/\/www.uqac.ca\/uqactualites\/wp-json\/wp\/v2\/posts\/43968\/revisions"}],"predecessor-version":[{"id":48373,"href":"https:\/\/www.uqac.ca\/uqactualites\/wp-json\/wp\/v2\/posts\/43968\/revisions\/48373"}],"wp:featuredmedia":[{"embeddable":true,"href":"https:\/\/www.uqac.ca\/uqactualites\/wp-json\/wp\/v2\/media\/43969"}],"wp:attachment":[{"href":"https:\/\/www.uqac.ca\/uqactualites\/wp-json\/wp\/v2\/media?parent=43968"}],"wp:term":[{"taxonomy":"category","embeddable":true,"href":"https:\/\/www.uqac.ca\/uqactualites\/wp-json\/wp\/v2\/categories?post=43968"},{"taxonomy":"post_tag","embeddable":true,"href":"https:\/\/www.uqac.ca\/uqactualites\/wp-json\/wp\/v2\/tags?post=43968"}],"curies":[{"name":"wp","href":"https:\/\/api.w.org\/{rel}","templated":true}]}}