{"id":43970,"date":"2023-06-14T11:15:28","date_gmt":"2023-06-14T15:15:28","guid":{"rendered":"https:\/\/www.uqac.ca\/?p=43688"},"modified":"2024-08-07T09:41:38","modified_gmt":"2024-08-07T13:41:38","slug":"la-professeure-eve-pouliot-presente-ses-travaux-de-recherche-a-ottawa","status":"publish","type":"post","link":"https:\/\/www.uqac.ca\/uqactualites\/2023\/06\/14\/la-professeure-eve-pouliot-presente-ses-travaux-de-recherche-a-ottawa\/","title":{"rendered":"La professeure Eve Pouliot pr\u00e9sente ses travaux de recherche \u00e0 Ottawa"},"content":{"rendered":"<p>Eve Pouliot, professeure titulaire au\u00a0<a href=\"https:\/\/www.uqac.ca\/departements\/dsh\/\" target=\"_blank\" rel=\"noopener\">D\u00e9partement des sciences humaines et sociales (DSHS)<\/a>, fait partie des 15 chercheuses et chercheurs universitaires mis en valeur dans la campagne <a href=\"https:\/\/www.sshrc-crsh.gc.ca\/society-societe\/real_insight-comprehension_veritable\/index-fra.aspx\" target=\"_blank\" rel=\"noopener\"><em>Compr\u00e9hension v\u00e9ritable \u2013 Impact v\u00e9ritable \u2013 Intention v\u00e9ritable<\/em><\/a> du <a href=\"https:\/\/www.sshrc-crsh.gc.ca\/home-accueil-fra.aspx\" target=\"_blank\" rel=\"noopener\">Conseil de recherches en sciences humaines (CRSH)<\/a>.<\/p>\n<p>L\u2019honorable Anthony Rota, pr\u00e9sident de la Chambre des communes, a invit\u00e9 le CRSH \u00e0 copr\u00e9senter une vitrine de la recherche sur la Colline du Parlement afin d&rsquo;aider \u00e0 promouvoir les travaux importants des sp\u00e9cialistes mis de l\u2019avant par l\u2019organisme subventionnaire canadien. La chercheuse de l\u2019UQAC a eu la chance de participer \u00e0 cet \u00e9v\u00e9nement \u00e0 Ottawa la semaine derni\u00e8re.<\/p>\n<p>La <a href=\"https:\/\/www.uqac.ca\/portfolio\/evepouliot\/enseignement\/\" target=\"_blank\" rel=\"noopener\">professeure<\/a> Eve Pouliot a \u00e9t\u00e9 s\u00e9lectionn\u00e9e par le CRSH pour l\u2019impact de ses travaux sur la sant\u00e9 mentale des jeunes dans des contextes d\u2019adversit\u00e9. La chercheuse dirige actuellement trois projets de recherche en Outaouais, dont une \u00e9tude men\u00e9e dans deux \u00e9coles secondaires pour documenter le v\u00e9cu d\u2019\u00e9l\u00e8ves expos\u00e9s \u00e0 un cumul d\u2019\u00e9v\u00e9nements stressants, incluant des inondations et des tornades pendant la pand\u00e9mie. Cette recherche est effectu\u00e9e en collaboration avec la professeure du DSHS, <a href=\"https:\/\/www.uqac.ca\/portfolio\/daniellemaltais\/?msclkid=e6398e0ec65e11ec94c8d5581ad71372\" target=\"_blank\" rel=\"noopener\">Danielle Maltais<\/a>, ainsi qu&rsquo;avec les professeures de l&rsquo;Universit\u00e9 du Qu\u00e9bec en Outaouais (UQO), Christine Gervais et Kristel Tardif-Grenier.<\/p>\n<hr \/>\n<p><strong>\u00c0 propos de la campagne <em>Compr\u00e9hension v\u00e9ritable \u2013 Impact v\u00e9ritable \u2013 Intention v\u00e9ritable<\/em><\/strong><\/p>\n<p>La campagne <em>Compr\u00e9hension v\u00e9ritable \u2013 Impact v\u00e9ritable \u2013 Intention v\u00e9ritable<\/em> a pour objectif de faire conna\u00eetre, \u00e0 travers le marketing num\u00e9rique, les travaux en sciences humaines financ\u00e9s par l\u2019organisme subventionnaire f\u00e9d\u00e9ral qui traitent de sujets pr\u00e9occupants pour la population canadienne. Ces recherches promues par le CRSH portent notamment sur la vuln\u00e9rabilit\u00e9 \u00e9conomique, les changements climatiques, la pand\u00e9mie, la cybers\u00e9curit\u00e9 et la r\u00e9conciliation avec les peuples autochtones. La campagne cherche \u00e9galement \u00e0 souligner l\u2019impact positif des recherches canadiennes en sciences humaines et d\u00e9montrer qu\u2019elles contribuent \u00e0 fa\u00e7onner un avenir favorable pour les Canadiennes et Canadiens.<\/p>\n<p>Cr\u00e9dit photo: CRSH<\/p>\n","protected":false},"excerpt":{"rendered":"<p>Eve Pouliot, professeure titulaire au\u00a0D\u00e9partement des sciences humaines et sociales (DSHS), fait partie des 15 chercheuses et chercheurs universitaires mis en valeur dans la campagne Compr\u00e9hension v\u00e9ritable \u2013 Impact v\u00e9ritable \u2013 Intention v\u00e9ritable du Conseil de recherches en sciences humaines (CRSH). L\u2019honorable Anthony Rota, pr\u00e9sident de la Chambre des communes, a invit\u00e9 le CRSH \u00e0 [&hellip;]<\/p>\n","protected":false},"author":5,"featured_media":43971,"comment_status":"closed","ping_status":"closed","sticky":false,"template":"","format":"standard","meta":{"footnotes":""},"categories":[2,4],"tags":[22,16],"yoast_head":"<!-- This site is optimized with the Yoast SEO plugin v24.2 - https:\/\/yoast.com\/wordpress\/plugins\/seo\/ -->\r\n<title>La professeure Eve Pouliot pr\u00e9sente ses travaux de recherche \u00e0 Ottawa - UQACtualit\u00e9s<\/title>\r\n<meta name=\"description\" content=\"La professeure Eve Pouliot fait partie des 15 expert(e)s mis en valeur dans la campagne du Conseil de recherches en sciences humaines.\" \/>\r\n<meta name=\"robots\" content=\"index, follow, max-snippet:-1, max-image-preview:large, max-video-preview:-1\" \/>\r\n<link rel=\"canonical\" href=\"https:\/\/www.uqac.ca\/uqactualites\/2023\/06\/14\/la-professeure-eve-pouliot-presente-ses-travaux-de-recherche-a-ottawa\/\" \/>\r\n<meta property=\"og:locale\" content=\"fr_CA\" \/>\r\n<meta property=\"og:type\" content=\"article\" \/>\r\n<meta property=\"og:title\" content=\"La professeure Eve Pouliot pr\u00e9sente ses travaux de recherche \u00e0 Ottawa - UQACtualit\u00e9s\" \/>\r\n<meta property=\"og:description\" content=\"La professeure Eve Pouliot fait partie des 15 expert(e)s mis en valeur dans la campagne du Conseil de recherches en sciences humaines.\" \/>\r\n<meta property=\"og:url\" content=\"https:\/\/www.uqac.ca\/uqactualites\/2023\/06\/14\/la-professeure-eve-pouliot-presente-ses-travaux-de-recherche-a-ottawa\/\" \/>\r\n<meta property=\"og:site_name\" content=\"UQACtualit\u00e9s\" \/>\r\n<meta property=\"article:published_time\" content=\"2023-06-14T15:15:28+00:00\" \/>\r\n<meta property=\"article:modified_time\" content=\"2024-08-07T13:41:38+00:00\" \/>\r\n<meta property=\"og:image\" content=\"https:\/\/www.uqac.ca\/uqactualites\/wp-content\/uploads\/2023\/06\/Photo_CRSH_Parlement.jpg\" \/>\r\n\t<meta property=\"og:image:width\" content=\"1080\" \/>\r\n\t<meta property=\"og:image:height\" content=\"566\" \/>\r\n\t<meta property=\"og:image:type\" content=\"image\/jpeg\" \/>\r\n<meta name=\"author\" content=\"Service des communications et des relations publiques\" \/>\r\n<meta name=\"twitter:card\" content=\"summary_large_image\" \/>\r\n<meta name=\"twitter:label1\" content=\"\u00c9crit par\" \/>\n\t<meta name=\"twitter:data1\" content=\"Service des communications et des relations publiques\" \/>\n\t<meta name=\"twitter:label2\" content=\"Estimation du temps de lecture\" \/>\n\t<meta name=\"twitter:data2\" content=\"2 minutes\" \/>\r\n<script type=\"application\/ld+json\" class=\"yoast-schema-graph\">{\"@context\":\"https:\/\/schema.org\",\"@graph\":[{\"@type\":\"WebPage\",\"@id\":\"https:\/\/www.uqac.ca\/uqactualites\/2023\/06\/14\/la-professeure-eve-pouliot-presente-ses-travaux-de-recherche-a-ottawa\/\",\"url\":\"https:\/\/www.uqac.ca\/uqactualites\/2023\/06\/14\/la-professeure-eve-pouliot-presente-ses-travaux-de-recherche-a-ottawa\/\",\"name\":\"La professeure Eve Pouliot pr\u00e9sente ses travaux de recherche \u00e0 Ottawa - UQACtualit\u00e9s\",\"isPartOf\":{\"@id\":\"https:\/\/www.uqac.ca\/uqactualites\/#website\"},\"primaryImageOfPage\":{\"@id\":\"https:\/\/www.uqac.ca\/uqactualites\/2023\/06\/14\/la-professeure-eve-pouliot-presente-ses-travaux-de-recherche-a-ottawa\/#primaryimage\"},\"image\":{\"@id\":\"https:\/\/www.uqac.ca\/uqactualites\/2023\/06\/14\/la-professeure-eve-pouliot-presente-ses-travaux-de-recherche-a-ottawa\/#primaryimage\"},\"thumbnailUrl\":\"https:\/\/www.uqac.ca\/uqactualites\/wp-content\/uploads\/2023\/06\/Photo_CRSH_Parlement.jpg\",\"datePublished\":\"2023-06-14T15:15:28+00:00\",\"dateModified\":\"2024-08-07T13:41:38+00:00\",\"author\":{\"@id\":\"https:\/\/www.uqac.ca\/uqactualites\/#\/schema\/person\/366c45a0c4f0e677b41b4af5886e2018\"},\"description\":\"La professeure Eve Pouliot fait partie des 15 expert(e)s mis en valeur dans la campagne du Conseil de recherches en sciences humaines.\",\"breadcrumb\":{\"@id\":\"https:\/\/www.uqac.ca\/uqactualites\/2023\/06\/14\/la-professeure-eve-pouliot-presente-ses-travaux-de-recherche-a-ottawa\/#breadcrumb\"},\"inLanguage\":\"fr-CA\",\"potentialAction\":[{\"@type\":\"ReadAction\",\"target\":[\"https:\/\/www.uqac.ca\/uqactualites\/2023\/06\/14\/la-professeure-eve-pouliot-presente-ses-travaux-de-recherche-a-ottawa\/\"]}]},{\"@type\":\"ImageObject\",\"inLanguage\":\"fr-CA\",\"@id\":\"https:\/\/www.uqac.ca\/uqactualites\/2023\/06\/14\/la-professeure-eve-pouliot-presente-ses-travaux-de-recherche-a-ottawa\/#primaryimage\",\"url\":\"https:\/\/www.uqac.ca\/uqactualites\/wp-content\/uploads\/2023\/06\/Photo_CRSH_Parlement.jpg\",\"contentUrl\":\"https:\/\/www.uqac.ca\/uqactualites\/wp-content\/uploads\/2023\/06\/Photo_CRSH_Parlement.jpg\",\"width\":1080,\"height\":566,\"caption\":\"Eve Pouliot\"},{\"@type\":\"BreadcrumbList\",\"@id\":\"https:\/\/www.uqac.ca\/uqactualites\/2023\/06\/14\/la-professeure-eve-pouliot-presente-ses-travaux-de-recherche-a-ottawa\/#breadcrumb\",\"itemListElement\":[{\"@type\":\"ListItem\",\"position\":1,\"name\":\"Home\",\"item\":\"https:\/\/www.uqac.ca\/uqactualites\/\"},{\"@type\":\"ListItem\",\"position\":2,\"name\":\"La professeure Eve Pouliot pr\u00e9sente ses travaux de recherche \u00e0 Ottawa\"}]},{\"@type\":\"WebSite\",\"@id\":\"https:\/\/www.uqac.ca\/uqactualites\/#website\",\"url\":\"https:\/\/www.uqac.ca\/uqactualites\/\",\"name\":\"UQACtualit\u00e9s\",\"description\":\"Le portail des nouvelles de l&#039;UQAC\",\"potentialAction\":[{\"@type\":\"SearchAction\",\"target\":{\"@type\":\"EntryPoint\",\"urlTemplate\":\"https:\/\/www.uqac.ca\/uqactualites\/?s={search_term_string}\"},\"query-input\":{\"@type\":\"PropertyValueSpecification\",\"valueRequired\":true,\"valueName\":\"search_term_string\"}}],\"inLanguage\":\"fr-CA\"},{\"@type\":\"Person\",\"@id\":\"https:\/\/www.uqac.ca\/uqactualites\/#\/schema\/person\/366c45a0c4f0e677b41b4af5886e2018\",\"name\":\"Service des communications et des relations publiques\",\"image\":{\"@type\":\"ImageObject\",\"inLanguage\":\"fr-CA\",\"@id\":\"https:\/\/www.uqac.ca\/uqactualites\/#\/schema\/person\/image\/\",\"url\":\"https:\/\/secure.gravatar.com\/avatar\/20fbbda8a292f59f2d3461a5b999c00b?s=96&d=mm&r=g\",\"contentUrl\":\"https:\/\/secure.gravatar.com\/avatar\/20fbbda8a292f59f2d3461a5b999c00b?s=96&d=mm&r=g\",\"caption\":\"Service des communications et des relations publiques\"},\"url\":\"https:\/\/www.uqac.ca\/uqactualites\/author\/bap\/\"}]}<\/script>\r\n<!-- \/ Yoast SEO plugin. -->","yoast_head_json":{"title":"La professeure Eve Pouliot pr\u00e9sente ses travaux de recherche \u00e0 Ottawa - UQACtualit\u00e9s","description":"La professeure Eve Pouliot fait partie des 15 expert(e)s mis en valeur dans la campagne du Conseil de recherches en sciences humaines.","robots":{"index":"index","follow":"follow","max-snippet":"max-snippet:-1","max-image-preview":"max-image-preview:large","max-video-preview":"max-video-preview:-1"},"canonical":"https:\/\/www.uqac.ca\/uqactualites\/2023\/06\/14\/la-professeure-eve-pouliot-presente-ses-travaux-de-recherche-a-ottawa\/","og_locale":"fr_CA","og_type":"article","og_title":"La professeure Eve Pouliot pr\u00e9sente ses travaux de recherche \u00e0 Ottawa - UQACtualit\u00e9s","og_description":"La professeure Eve Pouliot fait partie des 15 expert(e)s mis en valeur dans la campagne du Conseil de recherches en sciences humaines.","og_url":"https:\/\/www.uqac.ca\/uqactualites\/2023\/06\/14\/la-professeure-eve-pouliot-presente-ses-travaux-de-recherche-a-ottawa\/","og_site_name":"UQACtualit\u00e9s","article_published_time":"2023-06-14T15:15:28+00:00","article_modified_time":"2024-08-07T13:41:38+00:00","og_image":[{"width":1080,"height":566,"url":"https:\/\/www.uqac.ca\/uqactualites\/wp-content\/uploads\/2023\/06\/Photo_CRSH_Parlement.jpg","type":"image\/jpeg"}],"author":"Service des communications et des relations publiques","twitter_card":"summary_large_image","twitter_misc":{"\u00c9crit par":"Service des communications et des relations publiques","Estimation du temps de lecture":"2 minutes"},"schema":{"@context":"https:\/\/schema.org","@graph":[{"@type":"WebPage","@id":"https:\/\/www.uqac.ca\/uqactualites\/2023\/06\/14\/la-professeure-eve-pouliot-presente-ses-travaux-de-recherche-a-ottawa\/","url":"https:\/\/www.uqac.ca\/uqactualites\/2023\/06\/14\/la-professeure-eve-pouliot-presente-ses-travaux-de-recherche-a-ottawa\/","name":"La professeure Eve Pouliot pr\u00e9sente ses travaux de recherche \u00e0 Ottawa - UQACtualit\u00e9s","isPartOf":{"@id":"https:\/\/www.uqac.ca\/uqactualites\/#website"},"primaryImageOfPage":{"@id":"https:\/\/www.uqac.ca\/uqactualites\/2023\/06\/14\/la-professeure-eve-pouliot-presente-ses-travaux-de-recherche-a-ottawa\/#primaryimage"},"image":{"@id":"https:\/\/www.uqac.ca\/uqactualites\/2023\/06\/14\/la-professeure-eve-pouliot-presente-ses-travaux-de-recherche-a-ottawa\/#primaryimage"},"thumbnailUrl":"https:\/\/www.uqac.ca\/uqactualites\/wp-content\/uploads\/2023\/06\/Photo_CRSH_Parlement.jpg","datePublished":"2023-06-14T15:15:28+00:00","dateModified":"2024-08-07T13:41:38+00:00","author":{"@id":"https:\/\/www.uqac.ca\/uqactualites\/#\/schema\/person\/366c45a0c4f0e677b41b4af5886e2018"},"description":"La professeure Eve Pouliot fait partie des 15 expert(e)s mis en valeur dans la campagne du Conseil de recherches en sciences humaines.","breadcrumb":{"@id":"https:\/\/www.uqac.ca\/uqactualites\/2023\/06\/14\/la-professeure-eve-pouliot-presente-ses-travaux-de-recherche-a-ottawa\/#breadcrumb"},"inLanguage":"fr-CA","potentialAction":[{"@type":"ReadAction","target":["https:\/\/www.uqac.ca\/uqactualites\/2023\/06\/14\/la-professeure-eve-pouliot-presente-ses-travaux-de-recherche-a-ottawa\/"]}]},{"@type":"ImageObject","inLanguage":"fr-CA","@id":"https:\/\/www.uqac.ca\/uqactualites\/2023\/06\/14\/la-professeure-eve-pouliot-presente-ses-travaux-de-recherche-a-ottawa\/#primaryimage","url":"https:\/\/www.uqac.ca\/uqactualites\/wp-content\/uploads\/2023\/06\/Photo_CRSH_Parlement.jpg","contentUrl":"https:\/\/www.uqac.ca\/uqactualites\/wp-content\/uploads\/2023\/06\/Photo_CRSH_Parlement.jpg","width":1080,"height":566,"caption":"Eve Pouliot"},{"@type":"BreadcrumbList","@id":"https:\/\/www.uqac.ca\/uqactualites\/2023\/06\/14\/la-professeure-eve-pouliot-presente-ses-travaux-de-recherche-a-ottawa\/#breadcrumb","itemListElement":[{"@type":"ListItem","position":1,"name":"Home","item":"https:\/\/www.uqac.ca\/uqactualites\/"},{"@type":"ListItem","position":2,"name":"La professeure Eve Pouliot pr\u00e9sente ses travaux de recherche \u00e0 Ottawa"}]},{"@type":"WebSite","@id":"https:\/\/www.uqac.ca\/uqactualites\/#website","url":"https:\/\/www.uqac.ca\/uqactualites\/","name":"UQACtualit\u00e9s","description":"Le portail des nouvelles de l&#039;UQAC","potentialAction":[{"@type":"SearchAction","target":{"@type":"EntryPoint","urlTemplate":"https:\/\/www.uqac.ca\/uqactualites\/?s={search_term_string}"},"query-input":{"@type":"PropertyValueSpecification","valueRequired":true,"valueName":"search_term_string"}}],"inLanguage":"fr-CA"},{"@type":"Person","@id":"https:\/\/www.uqac.ca\/uqactualites\/#\/schema\/person\/366c45a0c4f0e677b41b4af5886e2018","name":"Service des communications et des relations publiques","image":{"@type":"ImageObject","inLanguage":"fr-CA","@id":"https:\/\/www.uqac.ca\/uqactualites\/#\/schema\/person\/image\/","url":"https:\/\/secure.gravatar.com\/avatar\/20fbbda8a292f59f2d3461a5b999c00b?s=96&d=mm&r=g","contentUrl":"https:\/\/secure.gravatar.com\/avatar\/20fbbda8a292f59f2d3461a5b999c00b?s=96&d=mm&r=g","caption":"Service des communications et des relations publiques"},"url":"https:\/\/www.uqac.ca\/uqactualites\/author\/bap\/"}]}},"_links":{"self":[{"href":"https:\/\/www.uqac.ca\/uqactualites\/wp-json\/wp\/v2\/posts\/43970"}],"collection":[{"href":"https:\/\/www.uqac.ca\/uqactualites\/wp-json\/wp\/v2\/posts"}],"about":[{"href":"https:\/\/www.uqac.ca\/uqactualites\/wp-json\/wp\/v2\/types\/post"}],"author":[{"embeddable":true,"href":"https:\/\/www.uqac.ca\/uqactualites\/wp-json\/wp\/v2\/users\/5"}],"replies":[{"embeddable":true,"href":"https:\/\/www.uqac.ca\/uqactualites\/wp-json\/wp\/v2\/comments?post=43970"}],"version-history":[{"count":5,"href":"https:\/\/www.uqac.ca\/uqactualites\/wp-json\/wp\/v2\/posts\/43970\/revisions"}],"predecessor-version":[{"id":48369,"href":"https:\/\/www.uqac.ca\/uqactualites\/wp-json\/wp\/v2\/posts\/43970\/revisions\/48369"}],"wp:featuredmedia":[{"embeddable":true,"href":"https:\/\/www.uqac.ca\/uqactualites\/wp-json\/wp\/v2\/media\/43971"}],"wp:attachment":[{"href":"https:\/\/www.uqac.ca\/uqactualites\/wp-json\/wp\/v2\/media?parent=43970"}],"wp:term":[{"taxonomy":"category","embeddable":true,"href":"https:\/\/www.uqac.ca\/uqactualites\/wp-json\/wp\/v2\/categories?post=43970"},{"taxonomy":"post_tag","embeddable":true,"href":"https:\/\/www.uqac.ca\/uqactualites\/wp-json\/wp\/v2\/tags?post=43970"}],"curies":[{"name":"wp","href":"https:\/\/api.w.org\/{rel}","templated":true}]}}