{"id":43981,"date":"2023-06-20T11:53:40","date_gmt":"2023-06-20T15:53:40","guid":{"rendered":"https:\/\/www.uqac.ca\/?p=43777"},"modified":"2024-08-07T09:39:19","modified_gmt":"2024-08-07T13:39:19","slug":"le-professeur-jean-perron-est-recipiendaire-du-prix-gisele-lamoureux-du-frqnt","status":"publish","type":"post","link":"https:\/\/www.uqac.ca\/uqactualites\/2023\/06\/20\/le-professeur-jean-perron-est-recipiendaire-du-prix-gisele-lamoureux-du-frqnt\/","title":{"rendered":"Le professeur Jean Perron est r\u00e9cipiendaire du Prix Gis\u00e8le-Lamoureux du FRQNT."},"content":{"rendered":"<p>Le 14 juin dernier, le scientifique en chef du Qu\u00e9bec R\u00e9mi Quirion annon\u00e7ait les r\u00e9cipiendaires de trois prix d\u00e9cern\u00e9s par les\u00a0<a href=\"https:\/\/frq.gouv.qc.ca\/\" target=\"_blank\" rel=\"noopener\">Fonds de recherche du Qu\u00e9bec (FRQ)<\/a> pour des publications en fran\u00e7ais. Le prix Gis\u00e8le-Lamoureux, remis par le <a href=\"https:\/\/frq.gouv.qc.ca\/nature-et-technologies\/\" target=\"_blank\" rel=\"noopener\">Fonds Nature et technologies (FRQNT)<\/a>, a \u00e9t\u00e9 d\u00e9cern\u00e9 au professeur du <a href=\"https:\/\/www.uqac.ca\/dsa\/\" target=\"_blank\" rel=\"noopener\">D\u00e9partement des sciences appliqu\u00e9es (DSA)<\/a> Jean Perron, pour le livre\u00a0<em>Analyse des syst\u00e8mes et matrice d&rsquo;\u00e9tat &#8211; Exercices multi-physiques <\/em>dont il est co-auteur avec le charg\u00e9 cours et doctorant au DSA, Fr\u00e9d\u00e9rick Munger.<\/p>\n<p>Ce prix, qui a pour objectif de promouvoir et de faire rayonner les publications de recherche en fran\u00e7ais, vise \u00e9galement \u00e0 encourager leur libre acc\u00e8s, ainsi qu\u2019\u00e0 faire reconna\u00eetre leur pertinence sociale et les retomb\u00e9es qu\u2019elles suscitent.<\/p>\n<p>L\u2019ouvrage de Jean Perron et de Fr\u00e9d\u00e9rick Munger, \u00e9dit\u00e9 par l\u2019UQAC, a \u00e9t\u00e9 d\u00e9pos\u00e9 en acc\u00e8s libre sur la base de donn\u00e9es <a href=\"https:\/\/constellation.uqac.ca\/\" target=\"_blank\" rel=\"noopener\">UQAC Constellation<\/a>.<\/p>\n<p><a href=\"https:\/\/constellation.uqac.ca\/id\/eprint\/8346\/1\/ANALYSE%20DES%20SYST%C3%88MES%20ET%20MATRICES%20D'%C3%89TAT%20-%20EXERCICES%20MULTI-PHYSIQUES.pdf\" target=\"_blank\" rel=\"noopener\">Acc\u00e9der au livre<\/a><\/p>\n","protected":false},"excerpt":{"rendered":"<p>Le 14 juin dernier, le scientifique en chef du Qu\u00e9bec R\u00e9mi Quirion annon\u00e7ait les r\u00e9cipiendaires de trois prix d\u00e9cern\u00e9s par les\u00a0Fonds de recherche du Qu\u00e9bec (FRQ) pour des publications en fran\u00e7ais. Le prix Gis\u00e8le-Lamoureux, remis par le Fonds Nature et technologies (FRQNT), a \u00e9t\u00e9 d\u00e9cern\u00e9 au professeur du D\u00e9partement des sciences appliqu\u00e9es (DSA) Jean Perron, [&hellip;]<\/p>\n","protected":false},"author":5,"featured_media":43982,"comment_status":"closed","ping_status":"closed","sticky":false,"template":"","format":"standard","meta":{"footnotes":""},"categories":[2],"tags":[336,21,1423,65],"yoast_head":"<!-- This site is optimized with the Yoast SEO plugin v24.2 - https:\/\/yoast.com\/wordpress\/plugins\/seo\/ -->\r\n<title>Le professeur Jean Perron est r\u00e9cipiendaire du Prix Gis\u00e8le-Lamoureux du FRQNT. - UQACtualit\u00e9s<\/title>\r\n<meta name=\"description\" content=\"Le prix Gis\u00e8le-Lamoureux, remis par le Fonds Nature et technologies, a \u00e9t\u00e9 d\u00e9cern\u00e9 au professeur de l&#039;UQAC Jean Perron.\" \/>\r\n<meta name=\"robots\" content=\"index, follow, max-snippet:-1, max-image-preview:large, max-video-preview:-1\" \/>\r\n<link rel=\"canonical\" href=\"https:\/\/www.uqac.ca\/uqactualites\/2023\/06\/20\/le-professeur-jean-perron-est-recipiendaire-du-prix-gisele-lamoureux-du-frqnt\/\" \/>\r\n<meta property=\"og:locale\" content=\"fr_CA\" \/>\r\n<meta property=\"og:type\" content=\"article\" \/>\r\n<meta property=\"og:title\" content=\"Le professeur Jean Perron est r\u00e9cipiendaire du Prix Gis\u00e8le-Lamoureux du FRQNT. - UQACtualit\u00e9s\" \/>\r\n<meta property=\"og:description\" content=\"Le prix Gis\u00e8le-Lamoureux, remis par le Fonds Nature et technologies, a \u00e9t\u00e9 d\u00e9cern\u00e9 au professeur de l&#039;UQAC Jean Perron.\" \/>\r\n<meta property=\"og:url\" content=\"https:\/\/www.uqac.ca\/uqactualites\/2023\/06\/20\/le-professeur-jean-perron-est-recipiendaire-du-prix-gisele-lamoureux-du-frqnt\/\" \/>\r\n<meta property=\"og:site_name\" content=\"UQACtualit\u00e9s\" \/>\r\n<meta property=\"article:published_time\" content=\"2023-06-20T15:53:40+00:00\" \/>\r\n<meta property=\"article:modified_time\" content=\"2024-08-07T13:39:19+00:00\" \/>\r\n<meta property=\"og:image\" content=\"https:\/\/www.uqac.ca\/uqactualites\/wp-content\/uploads\/2023\/06\/FRQNT.jpg\" \/>\r\n\t<meta property=\"og:image:width\" content=\"1408\" \/>\r\n\t<meta property=\"og:image:height\" content=\"803\" \/>\r\n\t<meta property=\"og:image:type\" content=\"image\/jpeg\" \/>\r\n<meta name=\"author\" content=\"Service des communications et des relations publiques\" \/>\r\n<meta name=\"twitter:card\" content=\"summary_large_image\" \/>\r\n<meta name=\"twitter:label1\" content=\"\u00c9crit par\" \/>\n\t<meta name=\"twitter:data1\" content=\"Service des communications et des relations publiques\" \/>\n\t<meta name=\"twitter:label2\" content=\"Estimation du temps de lecture\" \/>\n\t<meta name=\"twitter:data2\" content=\"1 minute\" \/>\r\n<script type=\"application\/ld+json\" class=\"yoast-schema-graph\">{\"@context\":\"https:\/\/schema.org\",\"@graph\":[{\"@type\":\"WebPage\",\"@id\":\"https:\/\/www.uqac.ca\/uqactualites\/2023\/06\/20\/le-professeur-jean-perron-est-recipiendaire-du-prix-gisele-lamoureux-du-frqnt\/\",\"url\":\"https:\/\/www.uqac.ca\/uqactualites\/2023\/06\/20\/le-professeur-jean-perron-est-recipiendaire-du-prix-gisele-lamoureux-du-frqnt\/\",\"name\":\"Le professeur Jean Perron est r\u00e9cipiendaire du Prix Gis\u00e8le-Lamoureux du FRQNT. - UQACtualit\u00e9s\",\"isPartOf\":{\"@id\":\"https:\/\/www.uqac.ca\/uqactualites\/#website\"},\"primaryImageOfPage\":{\"@id\":\"https:\/\/www.uqac.ca\/uqactualites\/2023\/06\/20\/le-professeur-jean-perron-est-recipiendaire-du-prix-gisele-lamoureux-du-frqnt\/#primaryimage\"},\"image\":{\"@id\":\"https:\/\/www.uqac.ca\/uqactualites\/2023\/06\/20\/le-professeur-jean-perron-est-recipiendaire-du-prix-gisele-lamoureux-du-frqnt\/#primaryimage\"},\"thumbnailUrl\":\"https:\/\/www.uqac.ca\/uqactualites\/wp-content\/uploads\/2023\/06\/FRQNT.jpg\",\"datePublished\":\"2023-06-20T15:53:40+00:00\",\"dateModified\":\"2024-08-07T13:39:19+00:00\",\"author\":{\"@id\":\"https:\/\/www.uqac.ca\/uqactualites\/#\/schema\/person\/366c45a0c4f0e677b41b4af5886e2018\"},\"description\":\"Le prix Gis\u00e8le-Lamoureux, remis par le Fonds Nature et technologies, a \u00e9t\u00e9 d\u00e9cern\u00e9 au professeur de l'UQAC Jean Perron.\",\"breadcrumb\":{\"@id\":\"https:\/\/www.uqac.ca\/uqactualites\/2023\/06\/20\/le-professeur-jean-perron-est-recipiendaire-du-prix-gisele-lamoureux-du-frqnt\/#breadcrumb\"},\"inLanguage\":\"fr-CA\",\"potentialAction\":[{\"@type\":\"ReadAction\",\"target\":[\"https:\/\/www.uqac.ca\/uqactualites\/2023\/06\/20\/le-professeur-jean-perron-est-recipiendaire-du-prix-gisele-lamoureux-du-frqnt\/\"]}]},{\"@type\":\"ImageObject\",\"inLanguage\":\"fr-CA\",\"@id\":\"https:\/\/www.uqac.ca\/uqactualites\/2023\/06\/20\/le-professeur-jean-perron-est-recipiendaire-du-prix-gisele-lamoureux-du-frqnt\/#primaryimage\",\"url\":\"https:\/\/www.uqac.ca\/uqactualites\/wp-content\/uploads\/2023\/06\/FRQNT.jpg\",\"contentUrl\":\"https:\/\/www.uqac.ca\/uqactualites\/wp-content\/uploads\/2023\/06\/FRQNT.jpg\",\"width\":1408,\"height\":803,\"caption\":\"Jean Perron\"},{\"@type\":\"BreadcrumbList\",\"@id\":\"https:\/\/www.uqac.ca\/uqactualites\/2023\/06\/20\/le-professeur-jean-perron-est-recipiendaire-du-prix-gisele-lamoureux-du-frqnt\/#breadcrumb\",\"itemListElement\":[{\"@type\":\"ListItem\",\"position\":1,\"name\":\"Home\",\"item\":\"https:\/\/www.uqac.ca\/uqactualites\/\"},{\"@type\":\"ListItem\",\"position\":2,\"name\":\"Le professeur Jean Perron est r\u00e9cipiendaire du Prix Gis\u00e8le-Lamoureux du FRQNT.\"}]},{\"@type\":\"WebSite\",\"@id\":\"https:\/\/www.uqac.ca\/uqactualites\/#website\",\"url\":\"https:\/\/www.uqac.ca\/uqactualites\/\",\"name\":\"UQACtualit\u00e9s\",\"description\":\"Le portail des nouvelles de l&#039;UQAC\",\"potentialAction\":[{\"@type\":\"SearchAction\",\"target\":{\"@type\":\"EntryPoint\",\"urlTemplate\":\"https:\/\/www.uqac.ca\/uqactualites\/?s={search_term_string}\"},\"query-input\":{\"@type\":\"PropertyValueSpecification\",\"valueRequired\":true,\"valueName\":\"search_term_string\"}}],\"inLanguage\":\"fr-CA\"},{\"@type\":\"Person\",\"@id\":\"https:\/\/www.uqac.ca\/uqactualites\/#\/schema\/person\/366c45a0c4f0e677b41b4af5886e2018\",\"name\":\"Service des communications et des relations publiques\",\"image\":{\"@type\":\"ImageObject\",\"inLanguage\":\"fr-CA\",\"@id\":\"https:\/\/www.uqac.ca\/uqactualites\/#\/schema\/person\/image\/\",\"url\":\"https:\/\/secure.gravatar.com\/avatar\/20fbbda8a292f59f2d3461a5b999c00b?s=96&d=mm&r=g\",\"contentUrl\":\"https:\/\/secure.gravatar.com\/avatar\/20fbbda8a292f59f2d3461a5b999c00b?s=96&d=mm&r=g\",\"caption\":\"Service des communications et des relations publiques\"},\"url\":\"https:\/\/www.uqac.ca\/uqactualites\/author\/bap\/\"}]}<\/script>\r\n<!-- \/ Yoast SEO plugin. -->","yoast_head_json":{"title":"Le professeur Jean Perron est r\u00e9cipiendaire du Prix Gis\u00e8le-Lamoureux du FRQNT. - UQACtualit\u00e9s","description":"Le prix Gis\u00e8le-Lamoureux, remis par le Fonds Nature et technologies, a \u00e9t\u00e9 d\u00e9cern\u00e9 au professeur de l'UQAC Jean Perron.","robots":{"index":"index","follow":"follow","max-snippet":"max-snippet:-1","max-image-preview":"max-image-preview:large","max-video-preview":"max-video-preview:-1"},"canonical":"https:\/\/www.uqac.ca\/uqactualites\/2023\/06\/20\/le-professeur-jean-perron-est-recipiendaire-du-prix-gisele-lamoureux-du-frqnt\/","og_locale":"fr_CA","og_type":"article","og_title":"Le professeur Jean Perron est r\u00e9cipiendaire du Prix Gis\u00e8le-Lamoureux du FRQNT. - UQACtualit\u00e9s","og_description":"Le prix Gis\u00e8le-Lamoureux, remis par le Fonds Nature et technologies, a \u00e9t\u00e9 d\u00e9cern\u00e9 au professeur de l'UQAC Jean Perron.","og_url":"https:\/\/www.uqac.ca\/uqactualites\/2023\/06\/20\/le-professeur-jean-perron-est-recipiendaire-du-prix-gisele-lamoureux-du-frqnt\/","og_site_name":"UQACtualit\u00e9s","article_published_time":"2023-06-20T15:53:40+00:00","article_modified_time":"2024-08-07T13:39:19+00:00","og_image":[{"width":1408,"height":803,"url":"https:\/\/www.uqac.ca\/uqactualites\/wp-content\/uploads\/2023\/06\/FRQNT.jpg","type":"image\/jpeg"}],"author":"Service des communications et des relations publiques","twitter_card":"summary_large_image","twitter_misc":{"\u00c9crit par":"Service des communications et des relations publiques","Estimation du temps de lecture":"1 minute"},"schema":{"@context":"https:\/\/schema.org","@graph":[{"@type":"WebPage","@id":"https:\/\/www.uqac.ca\/uqactualites\/2023\/06\/20\/le-professeur-jean-perron-est-recipiendaire-du-prix-gisele-lamoureux-du-frqnt\/","url":"https:\/\/www.uqac.ca\/uqactualites\/2023\/06\/20\/le-professeur-jean-perron-est-recipiendaire-du-prix-gisele-lamoureux-du-frqnt\/","name":"Le professeur Jean Perron est r\u00e9cipiendaire du Prix Gis\u00e8le-Lamoureux du FRQNT. - UQACtualit\u00e9s","isPartOf":{"@id":"https:\/\/www.uqac.ca\/uqactualites\/#website"},"primaryImageOfPage":{"@id":"https:\/\/www.uqac.ca\/uqactualites\/2023\/06\/20\/le-professeur-jean-perron-est-recipiendaire-du-prix-gisele-lamoureux-du-frqnt\/#primaryimage"},"image":{"@id":"https:\/\/www.uqac.ca\/uqactualites\/2023\/06\/20\/le-professeur-jean-perron-est-recipiendaire-du-prix-gisele-lamoureux-du-frqnt\/#primaryimage"},"thumbnailUrl":"https:\/\/www.uqac.ca\/uqactualites\/wp-content\/uploads\/2023\/06\/FRQNT.jpg","datePublished":"2023-06-20T15:53:40+00:00","dateModified":"2024-08-07T13:39:19+00:00","author":{"@id":"https:\/\/www.uqac.ca\/uqactualites\/#\/schema\/person\/366c45a0c4f0e677b41b4af5886e2018"},"description":"Le prix Gis\u00e8le-Lamoureux, remis par le Fonds Nature et technologies, a \u00e9t\u00e9 d\u00e9cern\u00e9 au professeur de l'UQAC Jean Perron.","breadcrumb":{"@id":"https:\/\/www.uqac.ca\/uqactualites\/2023\/06\/20\/le-professeur-jean-perron-est-recipiendaire-du-prix-gisele-lamoureux-du-frqnt\/#breadcrumb"},"inLanguage":"fr-CA","potentialAction":[{"@type":"ReadAction","target":["https:\/\/www.uqac.ca\/uqactualites\/2023\/06\/20\/le-professeur-jean-perron-est-recipiendaire-du-prix-gisele-lamoureux-du-frqnt\/"]}]},{"@type":"ImageObject","inLanguage":"fr-CA","@id":"https:\/\/www.uqac.ca\/uqactualites\/2023\/06\/20\/le-professeur-jean-perron-est-recipiendaire-du-prix-gisele-lamoureux-du-frqnt\/#primaryimage","url":"https:\/\/www.uqac.ca\/uqactualites\/wp-content\/uploads\/2023\/06\/FRQNT.jpg","contentUrl":"https:\/\/www.uqac.ca\/uqactualites\/wp-content\/uploads\/2023\/06\/FRQNT.jpg","width":1408,"height":803,"caption":"Jean Perron"},{"@type":"BreadcrumbList","@id":"https:\/\/www.uqac.ca\/uqactualites\/2023\/06\/20\/le-professeur-jean-perron-est-recipiendaire-du-prix-gisele-lamoureux-du-frqnt\/#breadcrumb","itemListElement":[{"@type":"ListItem","position":1,"name":"Home","item":"https:\/\/www.uqac.ca\/uqactualites\/"},{"@type":"ListItem","position":2,"name":"Le professeur Jean Perron est r\u00e9cipiendaire du Prix Gis\u00e8le-Lamoureux du FRQNT."}]},{"@type":"WebSite","@id":"https:\/\/www.uqac.ca\/uqactualites\/#website","url":"https:\/\/www.uqac.ca\/uqactualites\/","name":"UQACtualit\u00e9s","description":"Le portail des nouvelles de l&#039;UQAC","potentialAction":[{"@type":"SearchAction","target":{"@type":"EntryPoint","urlTemplate":"https:\/\/www.uqac.ca\/uqactualites\/?s={search_term_string}"},"query-input":{"@type":"PropertyValueSpecification","valueRequired":true,"valueName":"search_term_string"}}],"inLanguage":"fr-CA"},{"@type":"Person","@id":"https:\/\/www.uqac.ca\/uqactualites\/#\/schema\/person\/366c45a0c4f0e677b41b4af5886e2018","name":"Service des communications et des relations publiques","image":{"@type":"ImageObject","inLanguage":"fr-CA","@id":"https:\/\/www.uqac.ca\/uqactualites\/#\/schema\/person\/image\/","url":"https:\/\/secure.gravatar.com\/avatar\/20fbbda8a292f59f2d3461a5b999c00b?s=96&d=mm&r=g","contentUrl":"https:\/\/secure.gravatar.com\/avatar\/20fbbda8a292f59f2d3461a5b999c00b?s=96&d=mm&r=g","caption":"Service des communications et des relations publiques"},"url":"https:\/\/www.uqac.ca\/uqactualites\/author\/bap\/"}]}},"_links":{"self":[{"href":"https:\/\/www.uqac.ca\/uqactualites\/wp-json\/wp\/v2\/posts\/43981"}],"collection":[{"href":"https:\/\/www.uqac.ca\/uqactualites\/wp-json\/wp\/v2\/posts"}],"about":[{"href":"https:\/\/www.uqac.ca\/uqactualites\/wp-json\/wp\/v2\/types\/post"}],"author":[{"embeddable":true,"href":"https:\/\/www.uqac.ca\/uqactualites\/wp-json\/wp\/v2\/users\/5"}],"replies":[{"embeddable":true,"href":"https:\/\/www.uqac.ca\/uqactualites\/wp-json\/wp\/v2\/comments?post=43981"}],"version-history":[{"count":2,"href":"https:\/\/www.uqac.ca\/uqactualites\/wp-json\/wp\/v2\/posts\/43981\/revisions"}],"predecessor-version":[{"id":48358,"href":"https:\/\/www.uqac.ca\/uqactualites\/wp-json\/wp\/v2\/posts\/43981\/revisions\/48358"}],"wp:featuredmedia":[{"embeddable":true,"href":"https:\/\/www.uqac.ca\/uqactualites\/wp-json\/wp\/v2\/media\/43982"}],"wp:attachment":[{"href":"https:\/\/www.uqac.ca\/uqactualites\/wp-json\/wp\/v2\/media?parent=43981"}],"wp:term":[{"taxonomy":"category","embeddable":true,"href":"https:\/\/www.uqac.ca\/uqactualites\/wp-json\/wp\/v2\/categories?post=43981"},{"taxonomy":"post_tag","embeddable":true,"href":"https:\/\/www.uqac.ca\/uqactualites\/wp-json\/wp\/v2\/tags?post=43981"}],"curies":[{"name":"wp","href":"https:\/\/api.w.org\/{rel}","templated":true}]}}