{"id":43985,"date":"2023-08-04T08:52:00","date_gmt":"2023-08-04T12:52:00","guid":{"rendered":"https:\/\/www.uqac.ca\/?p=43805"},"modified":"2024-08-06T14:06:46","modified_gmt":"2024-08-06T18:06:46","slug":"portrait-jeremie-beaudin-nouveau-professeur-en-sciences-infirmieres","status":"publish","type":"post","link":"https:\/\/www.uqac.ca\/uqactualites\/2023\/08\/04\/portrait-jeremie-beaudin-nouveau-professeur-en-sciences-infirmieres\/","title":{"rendered":"J\u00e9r\u00e9mie Beaudin, nouveau professeur en sciences infirmi\u00e8res"},"content":{"rendered":"<p>Charg\u00e9 de cours et superviseur \u00e0 l&rsquo;UQAC depuis 2017, J\u00e9r\u00e9mie Beaudin a r\u00e9cemment rejoint le <a href=\"https:\/\/www.uqac.ca\/dss\/\" target=\"_blank\" rel=\"noopener\">D\u00e9partement des sciences de la sant\u00e9<\/a> en tant que professeur.<\/p>\n<p>Infirmier depuis une dizaine d\u2019ann\u00e9es, J\u00e9r\u00e9mie Beaudin a d\u00e9velopp\u00e9 une expertise diversifi\u00e9e en sant\u00e9 communautaire, notamment dans les domaines des maladies chroniques et de la sant\u00e9 mentale. Les int\u00e9r\u00eats de recherche du professeur sont fortement li\u00e9s \u00e0 sa pratique clinique et \u00e0 ses ambitions d\u2019am\u00e9liorer la pratique infirmi\u00e8re pour la sant\u00e9 mentale en premi\u00e8re ligne.<\/p>\n<p>Apr\u00e8s plusieurs ann\u00e9es \u00e0 s&rsquo;\u00eatre impliqu\u00e9 aupr\u00e8s de la rel\u00e8ve infirmi\u00e8re, J\u00e9r\u00e9mie Beaudin a d\u00e9cid\u00e9 de poursuivre des \u00e9tudes sup\u00e9rieures, motiv\u00e9 par le d\u00e9sir de contribuer davantage au d\u00e9veloppement des infirmi\u00e8res et des infirmiers de demain. D\u00e9tenteur d\u2019un baccalaur\u00e9at et d\u2019une ma\u00eetrise en sciences infirmi\u00e8res, il termine actuellement un doctorat de recherche en sciences de la sant\u00e9 (concentration sciences infirmi\u00e8res) \u00e0 l\u2019Universit\u00e9 de Sherbrooke.<\/p>\n<p>&nbsp;<\/p>\n<h4>Portrait de professeur en bref<\/h4>\n<p><strong>Champs d\u2019int\u00e9r\u00eat et expertises de recherche<\/strong><\/p>\n<ul>\n<li>Optimisation des pratiques infirmi\u00e8res de premi\u00e8re ligne<\/li>\n<li>Formation de la rel\u00e8ve infirmi\u00e8re<\/li>\n<li>Pr\u00e9vention et promotion de la sant\u00e9 physique et mentale<\/li>\n<li>Recherche qualitative<\/li>\n<li>Soutien \u00e0 l\u2019autogestion des maladies chroniques et troubles mentaux courants en premi\u00e8re ligne<\/li>\n<\/ul>\n<p><strong>Cours enseign\u00e9s \u00e0 l&rsquo;UQAC<\/strong><\/p>\n<ul>\n<li><a href=\"https:\/\/programmes.uqac.ca\/ssoi409\" target=\"_blank\" rel=\"noopener\"><em>SSOI409 Pratique infirmi\u00e8re en collectivit\u00e9<\/em><\/a>\n<ul>\n<li>Baccalaur\u00e9at en sciences infirmi\u00e8res<\/li>\n<\/ul>\n<\/li>\n<\/ul>\n<ul>\n<li><a href=\"https:\/\/programmes.uqac.ca\/ssoi318\">SSOI318<em> \u00c9ducation \u00e0 la sant\u00e9 et approche interculturelle<\/em><\/a>\n<ul>\n<li>Baccalaur\u00e9at en sciences (r\u00e9adaptation)<\/li>\n<li>Baccalaur\u00e9at en sciences infirmi\u00e8res<\/li>\n<\/ul>\n<\/li>\n<\/ul>\n<p><a href=\"https:\/\/www.linkedin.com\/in\/j\u00e9r\u00e9mie-beaudin-b7b224225\/\" target=\"_blank\" rel=\"noopener\"><strong>Page LinkedIn du professeur<\/strong><\/a><\/p>\n","protected":false},"excerpt":{"rendered":"<p>Charg\u00e9 de cours et superviseur \u00e0 l&rsquo;UQAC depuis 2017, J\u00e9r\u00e9mie Beaudin a r\u00e9cemment rejoint le D\u00e9partement des sciences de la sant\u00e9 en tant que professeur. Infirmier depuis une dizaine d\u2019ann\u00e9es, J\u00e9r\u00e9mie Beaudin a d\u00e9velopp\u00e9 une expertise diversifi\u00e9e en sant\u00e9 communautaire, notamment dans les domaines des maladies chroniques et de la sant\u00e9 mentale. Les int\u00e9r\u00eats de [&hellip;]<\/p>\n","protected":false},"author":5,"featured_media":44041,"comment_status":"closed","ping_status":"closed","sticky":false,"template":"","format":"standard","meta":{"footnotes":""},"categories":[2846,248],"tags":[23,565],"yoast_head":"<!-- This site is optimized with the Yoast SEO plugin v24.2 - https:\/\/yoast.com\/wordpress\/plugins\/seo\/ -->\r\n<title>J\u00e9r\u00e9mie Beaudin, nouveau professeur en sciences infirmi\u00e8res - UQACtualit\u00e9s<\/title>\r\n<meta name=\"description\" content=\"Auparavant charg\u00e9 de cours et superviseur \u00e0 l&#039;UQAC, J\u00e9r\u00e9mie Beaudin a rejoint le D\u00e9partement des sciences de la sant\u00e9 en tant que professeur.\" \/>\r\n<meta name=\"robots\" content=\"index, follow, max-snippet:-1, max-image-preview:large, max-video-preview:-1\" \/>\r\n<link rel=\"canonical\" href=\"https:\/\/www.uqac.ca\/uqactualites\/2023\/08\/04\/portrait-jeremie-beaudin-nouveau-professeur-en-sciences-infirmieres\/\" \/>\r\n<meta property=\"og:locale\" content=\"fr_CA\" \/>\r\n<meta property=\"og:type\" content=\"article\" \/>\r\n<meta property=\"og:title\" content=\"J\u00e9r\u00e9mie Beaudin, nouveau professeur en sciences infirmi\u00e8res - UQACtualit\u00e9s\" \/>\r\n<meta property=\"og:description\" content=\"Auparavant charg\u00e9 de cours et superviseur \u00e0 l&#039;UQAC, J\u00e9r\u00e9mie Beaudin a rejoint le D\u00e9partement des sciences de la sant\u00e9 en tant que professeur.\" \/>\r\n<meta property=\"og:url\" content=\"https:\/\/www.uqac.ca\/uqactualites\/2023\/08\/04\/portrait-jeremie-beaudin-nouveau-professeur-en-sciences-infirmieres\/\" \/>\r\n<meta property=\"og:site_name\" content=\"UQACtualit\u00e9s\" \/>\r\n<meta property=\"article:published_time\" content=\"2023-08-04T12:52:00+00:00\" \/>\r\n<meta property=\"article:modified_time\" content=\"2024-08-06T18:06:46+00:00\" \/>\r\n<meta property=\"og:image\" content=\"https:\/\/www.uqac.ca\/uqactualites\/wp-content\/uploads\/2023\/07\/Jeremie-Beaudin_staillo_E23-scaled.jpg\" \/>\r\n\t<meta property=\"og:image:width\" content=\"2560\" \/>\r\n\t<meta property=\"og:image:height\" content=\"1707\" \/>\r\n\t<meta property=\"og:image:type\" content=\"image\/jpeg\" \/>\r\n<meta name=\"author\" content=\"Service des communications et des relations publiques\" \/>\r\n<meta name=\"twitter:card\" content=\"summary_large_image\" \/>\r\n<meta name=\"twitter:label1\" content=\"\u00c9crit par\" \/>\n\t<meta name=\"twitter:data1\" content=\"Service des communications et des relations publiques\" \/>\n\t<meta name=\"twitter:label2\" content=\"Estimation du temps de lecture\" \/>\n\t<meta name=\"twitter:data2\" content=\"2 minutes\" \/>\r\n<script type=\"application\/ld+json\" class=\"yoast-schema-graph\">{\"@context\":\"https:\/\/schema.org\",\"@graph\":[{\"@type\":\"WebPage\",\"@id\":\"https:\/\/www.uqac.ca\/uqactualites\/2023\/08\/04\/portrait-jeremie-beaudin-nouveau-professeur-en-sciences-infirmieres\/\",\"url\":\"https:\/\/www.uqac.ca\/uqactualites\/2023\/08\/04\/portrait-jeremie-beaudin-nouveau-professeur-en-sciences-infirmieres\/\",\"name\":\"J\u00e9r\u00e9mie Beaudin, nouveau professeur en sciences infirmi\u00e8res - UQACtualit\u00e9s\",\"isPartOf\":{\"@id\":\"https:\/\/www.uqac.ca\/uqactualites\/#website\"},\"primaryImageOfPage\":{\"@id\":\"https:\/\/www.uqac.ca\/uqactualites\/2023\/08\/04\/portrait-jeremie-beaudin-nouveau-professeur-en-sciences-infirmieres\/#primaryimage\"},\"image\":{\"@id\":\"https:\/\/www.uqac.ca\/uqactualites\/2023\/08\/04\/portrait-jeremie-beaudin-nouveau-professeur-en-sciences-infirmieres\/#primaryimage\"},\"thumbnailUrl\":\"https:\/\/www.uqac.ca\/uqactualites\/wp-content\/uploads\/2023\/07\/Jeremie-Beaudin_staillo_E23-scaled.jpg\",\"datePublished\":\"2023-08-04T12:52:00+00:00\",\"dateModified\":\"2024-08-06T18:06:46+00:00\",\"author\":{\"@id\":\"https:\/\/www.uqac.ca\/uqactualites\/#\/schema\/person\/366c45a0c4f0e677b41b4af5886e2018\"},\"description\":\"Auparavant charg\u00e9 de cours et superviseur \u00e0 l'UQAC, J\u00e9r\u00e9mie Beaudin a rejoint le D\u00e9partement des sciences de la sant\u00e9 en tant que professeur.\",\"breadcrumb\":{\"@id\":\"https:\/\/www.uqac.ca\/uqactualites\/2023\/08\/04\/portrait-jeremie-beaudin-nouveau-professeur-en-sciences-infirmieres\/#breadcrumb\"},\"inLanguage\":\"fr-CA\",\"potentialAction\":[{\"@type\":\"ReadAction\",\"target\":[\"https:\/\/www.uqac.ca\/uqactualites\/2023\/08\/04\/portrait-jeremie-beaudin-nouveau-professeur-en-sciences-infirmieres\/\"]}]},{\"@type\":\"ImageObject\",\"inLanguage\":\"fr-CA\",\"@id\":\"https:\/\/www.uqac.ca\/uqactualites\/2023\/08\/04\/portrait-jeremie-beaudin-nouveau-professeur-en-sciences-infirmieres\/#primaryimage\",\"url\":\"https:\/\/www.uqac.ca\/uqactualites\/wp-content\/uploads\/2023\/07\/Jeremie-Beaudin_staillo_E23-scaled.jpg\",\"contentUrl\":\"https:\/\/www.uqac.ca\/uqactualites\/wp-content\/uploads\/2023\/07\/Jeremie-Beaudin_staillo_E23-scaled.jpg\",\"width\":2560,\"height\":1707,\"caption\":\"J\u00e9r\u00e9mie Beaudin\"},{\"@type\":\"BreadcrumbList\",\"@id\":\"https:\/\/www.uqac.ca\/uqactualites\/2023\/08\/04\/portrait-jeremie-beaudin-nouveau-professeur-en-sciences-infirmieres\/#breadcrumb\",\"itemListElement\":[{\"@type\":\"ListItem\",\"position\":1,\"name\":\"Home\",\"item\":\"https:\/\/www.uqac.ca\/uqactualites\/\"},{\"@type\":\"ListItem\",\"position\":2,\"name\":\"J\u00e9r\u00e9mie Beaudin, nouveau professeur en sciences infirmi\u00e8res\"}]},{\"@type\":\"WebSite\",\"@id\":\"https:\/\/www.uqac.ca\/uqactualites\/#website\",\"url\":\"https:\/\/www.uqac.ca\/uqactualites\/\",\"name\":\"UQACtualit\u00e9s\",\"description\":\"Le portail des nouvelles de l&#039;UQAC\",\"potentialAction\":[{\"@type\":\"SearchAction\",\"target\":{\"@type\":\"EntryPoint\",\"urlTemplate\":\"https:\/\/www.uqac.ca\/uqactualites\/?s={search_term_string}\"},\"query-input\":{\"@type\":\"PropertyValueSpecification\",\"valueRequired\":true,\"valueName\":\"search_term_string\"}}],\"inLanguage\":\"fr-CA\"},{\"@type\":\"Person\",\"@id\":\"https:\/\/www.uqac.ca\/uqactualites\/#\/schema\/person\/366c45a0c4f0e677b41b4af5886e2018\",\"name\":\"Service des communications et des relations publiques\",\"image\":{\"@type\":\"ImageObject\",\"inLanguage\":\"fr-CA\",\"@id\":\"https:\/\/www.uqac.ca\/uqactualites\/#\/schema\/person\/image\/\",\"url\":\"https:\/\/secure.gravatar.com\/avatar\/20fbbda8a292f59f2d3461a5b999c00b?s=96&d=mm&r=g\",\"contentUrl\":\"https:\/\/secure.gravatar.com\/avatar\/20fbbda8a292f59f2d3461a5b999c00b?s=96&d=mm&r=g\",\"caption\":\"Service des communications et des relations publiques\"},\"url\":\"https:\/\/www.uqac.ca\/uqactualites\/author\/bap\/\"}]}<\/script>\r\n<!-- \/ Yoast SEO plugin. -->","yoast_head_json":{"title":"J\u00e9r\u00e9mie Beaudin, nouveau professeur en sciences infirmi\u00e8res - UQACtualit\u00e9s","description":"Auparavant charg\u00e9 de cours et superviseur \u00e0 l'UQAC, J\u00e9r\u00e9mie Beaudin a rejoint le D\u00e9partement des sciences de la sant\u00e9 en tant que professeur.","robots":{"index":"index","follow":"follow","max-snippet":"max-snippet:-1","max-image-preview":"max-image-preview:large","max-video-preview":"max-video-preview:-1"},"canonical":"https:\/\/www.uqac.ca\/uqactualites\/2023\/08\/04\/portrait-jeremie-beaudin-nouveau-professeur-en-sciences-infirmieres\/","og_locale":"fr_CA","og_type":"article","og_title":"J\u00e9r\u00e9mie Beaudin, nouveau professeur en sciences infirmi\u00e8res - UQACtualit\u00e9s","og_description":"Auparavant charg\u00e9 de cours et superviseur \u00e0 l'UQAC, J\u00e9r\u00e9mie Beaudin a rejoint le D\u00e9partement des sciences de la sant\u00e9 en tant que professeur.","og_url":"https:\/\/www.uqac.ca\/uqactualites\/2023\/08\/04\/portrait-jeremie-beaudin-nouveau-professeur-en-sciences-infirmieres\/","og_site_name":"UQACtualit\u00e9s","article_published_time":"2023-08-04T12:52:00+00:00","article_modified_time":"2024-08-06T18:06:46+00:00","og_image":[{"width":2560,"height":1707,"url":"https:\/\/www.uqac.ca\/uqactualites\/wp-content\/uploads\/2023\/07\/Jeremie-Beaudin_staillo_E23-scaled.jpg","type":"image\/jpeg"}],"author":"Service des communications et des relations publiques","twitter_card":"summary_large_image","twitter_misc":{"\u00c9crit par":"Service des communications et des relations publiques","Estimation du temps de lecture":"2 minutes"},"schema":{"@context":"https:\/\/schema.org","@graph":[{"@type":"WebPage","@id":"https:\/\/www.uqac.ca\/uqactualites\/2023\/08\/04\/portrait-jeremie-beaudin-nouveau-professeur-en-sciences-infirmieres\/","url":"https:\/\/www.uqac.ca\/uqactualites\/2023\/08\/04\/portrait-jeremie-beaudin-nouveau-professeur-en-sciences-infirmieres\/","name":"J\u00e9r\u00e9mie Beaudin, nouveau professeur en sciences infirmi\u00e8res - UQACtualit\u00e9s","isPartOf":{"@id":"https:\/\/www.uqac.ca\/uqactualites\/#website"},"primaryImageOfPage":{"@id":"https:\/\/www.uqac.ca\/uqactualites\/2023\/08\/04\/portrait-jeremie-beaudin-nouveau-professeur-en-sciences-infirmieres\/#primaryimage"},"image":{"@id":"https:\/\/www.uqac.ca\/uqactualites\/2023\/08\/04\/portrait-jeremie-beaudin-nouveau-professeur-en-sciences-infirmieres\/#primaryimage"},"thumbnailUrl":"https:\/\/www.uqac.ca\/uqactualites\/wp-content\/uploads\/2023\/07\/Jeremie-Beaudin_staillo_E23-scaled.jpg","datePublished":"2023-08-04T12:52:00+00:00","dateModified":"2024-08-06T18:06:46+00:00","author":{"@id":"https:\/\/www.uqac.ca\/uqactualites\/#\/schema\/person\/366c45a0c4f0e677b41b4af5886e2018"},"description":"Auparavant charg\u00e9 de cours et superviseur \u00e0 l'UQAC, J\u00e9r\u00e9mie Beaudin a rejoint le D\u00e9partement des sciences de la sant\u00e9 en tant que professeur.","breadcrumb":{"@id":"https:\/\/www.uqac.ca\/uqactualites\/2023\/08\/04\/portrait-jeremie-beaudin-nouveau-professeur-en-sciences-infirmieres\/#breadcrumb"},"inLanguage":"fr-CA","potentialAction":[{"@type":"ReadAction","target":["https:\/\/www.uqac.ca\/uqactualites\/2023\/08\/04\/portrait-jeremie-beaudin-nouveau-professeur-en-sciences-infirmieres\/"]}]},{"@type":"ImageObject","inLanguage":"fr-CA","@id":"https:\/\/www.uqac.ca\/uqactualites\/2023\/08\/04\/portrait-jeremie-beaudin-nouveau-professeur-en-sciences-infirmieres\/#primaryimage","url":"https:\/\/www.uqac.ca\/uqactualites\/wp-content\/uploads\/2023\/07\/Jeremie-Beaudin_staillo_E23-scaled.jpg","contentUrl":"https:\/\/www.uqac.ca\/uqactualites\/wp-content\/uploads\/2023\/07\/Jeremie-Beaudin_staillo_E23-scaled.jpg","width":2560,"height":1707,"caption":"J\u00e9r\u00e9mie Beaudin"},{"@type":"BreadcrumbList","@id":"https:\/\/www.uqac.ca\/uqactualites\/2023\/08\/04\/portrait-jeremie-beaudin-nouveau-professeur-en-sciences-infirmieres\/#breadcrumb","itemListElement":[{"@type":"ListItem","position":1,"name":"Home","item":"https:\/\/www.uqac.ca\/uqactualites\/"},{"@type":"ListItem","position":2,"name":"J\u00e9r\u00e9mie Beaudin, nouveau professeur en sciences infirmi\u00e8res"}]},{"@type":"WebSite","@id":"https:\/\/www.uqac.ca\/uqactualites\/#website","url":"https:\/\/www.uqac.ca\/uqactualites\/","name":"UQACtualit\u00e9s","description":"Le portail des nouvelles de l&#039;UQAC","potentialAction":[{"@type":"SearchAction","target":{"@type":"EntryPoint","urlTemplate":"https:\/\/www.uqac.ca\/uqactualites\/?s={search_term_string}"},"query-input":{"@type":"PropertyValueSpecification","valueRequired":true,"valueName":"search_term_string"}}],"inLanguage":"fr-CA"},{"@type":"Person","@id":"https:\/\/www.uqac.ca\/uqactualites\/#\/schema\/person\/366c45a0c4f0e677b41b4af5886e2018","name":"Service des communications et des relations publiques","image":{"@type":"ImageObject","inLanguage":"fr-CA","@id":"https:\/\/www.uqac.ca\/uqactualites\/#\/schema\/person\/image\/","url":"https:\/\/secure.gravatar.com\/avatar\/20fbbda8a292f59f2d3461a5b999c00b?s=96&d=mm&r=g","contentUrl":"https:\/\/secure.gravatar.com\/avatar\/20fbbda8a292f59f2d3461a5b999c00b?s=96&d=mm&r=g","caption":"Service des communications et des relations publiques"},"url":"https:\/\/www.uqac.ca\/uqactualites\/author\/bap\/"}]}},"_links":{"self":[{"href":"https:\/\/www.uqac.ca\/uqactualites\/wp-json\/wp\/v2\/posts\/43985"}],"collection":[{"href":"https:\/\/www.uqac.ca\/uqactualites\/wp-json\/wp\/v2\/posts"}],"about":[{"href":"https:\/\/www.uqac.ca\/uqactualites\/wp-json\/wp\/v2\/types\/post"}],"author":[{"embeddable":true,"href":"https:\/\/www.uqac.ca\/uqactualites\/wp-json\/wp\/v2\/users\/5"}],"replies":[{"embeddable":true,"href":"https:\/\/www.uqac.ca\/uqactualites\/wp-json\/wp\/v2\/comments?post=43985"}],"version-history":[{"count":3,"href":"https:\/\/www.uqac.ca\/uqactualites\/wp-json\/wp\/v2\/posts\/43985\/revisions"}],"predecessor-version":[{"id":48321,"href":"https:\/\/www.uqac.ca\/uqactualites\/wp-json\/wp\/v2\/posts\/43985\/revisions\/48321"}],"wp:featuredmedia":[{"embeddable":true,"href":"https:\/\/www.uqac.ca\/uqactualites\/wp-json\/wp\/v2\/media\/44041"}],"wp:attachment":[{"href":"https:\/\/www.uqac.ca\/uqactualites\/wp-json\/wp\/v2\/media?parent=43985"}],"wp:term":[{"taxonomy":"category","embeddable":true,"href":"https:\/\/www.uqac.ca\/uqactualites\/wp-json\/wp\/v2\/categories?post=43985"},{"taxonomy":"post_tag","embeddable":true,"href":"https:\/\/www.uqac.ca\/uqactualites\/wp-json\/wp\/v2\/tags?post=43985"}],"curies":[{"name":"wp","href":"https:\/\/api.w.org\/{rel}","templated":true}]}}