{"id":43986,"date":"2023-06-22T09:32:05","date_gmt":"2023-06-22T13:32:05","guid":{"rendered":"https:\/\/www.uqac.ca\/?p=43808"},"modified":"2024-08-06T15:58:59","modified_gmt":"2024-08-06T19:58:59","slug":"important-financement-au-departement-des-sciences-fondamentales-pour-predire-levolution-des-forets","status":"publish","type":"post","link":"https:\/\/www.uqac.ca\/uqactualites\/2023\/06\/22\/important-financement-au-departement-des-sciences-fondamentales-pour-predire-levolution-des-forets\/","title":{"rendered":"Important financement au D\u00e9partement des sciences fondamentales pour pr\u00e9dire l\u2019\u00e9volution des for\u00eats"},"content":{"rendered":"<p><a href=\"http:\/\/www.uqac.ca\/portfolio\/yanboucher\/\" target=\"_blank\" rel=\"noopener\">Yan Boucher<\/a>, professeur en \u00e9cologie et en am\u00e9nagement forestier au <a href=\"https:\/\/www.uqac.ca\/departements\/dsf\/\">D\u00e9partement des sciences fondamentales<\/a>, obtient une subvention de 2,25 M$ dans le cadre du programme <a href=\"https:\/\/www.nserc-crsng.gc.ca\/innovate-innover\/alliance-alliance\/index_fra.asp\">CRSNG-Alliance<\/a> du gouvernement f\u00e9d\u00e9ral. Cette initiative a pour objectif de pr\u00e9dire l\u2019\u00e9volution de la composition des for\u00eats dans le contexte des changements climatiques.<\/p>\n<p>En collaboration avec des coll\u00e8gues universitaires provenant de 8 universit\u00e9s canadiennes, de chercheuses et chercheurs des gouvernements provinciaux de l\u2019est du Canada (Ontario, Qu\u00e9bec, Nouveau-Brunswick et Nouvelle-\u00c9cosse) ainsi que de plusieurs personnes \u0153uvrant dans le milieu de la conservation et dans l\u2019industrie foresti\u00e8re, Yan Boucher dirigera une \u00e9quipe de recherche qui r\u00e9alisera des projets originaux afin de pr\u00e9dire la composition future des paysages forestiers. Les recherches mettront \u00e0 profit les inventaires forestiers historiques r\u00e9alis\u00e9s depuis le d\u00e9but du XX<sup>e<\/sup> si\u00e8cle afin de calibrer un mod\u00e8le de pr\u00e9vision de la composition foresti\u00e8re sous l\u2019action de l\u2019am\u00e9nagement forestier et des changements climatiques.<\/p>\n<p>Depuis plus de 20 ans, Yan Boucher m\u00e8ne des travaux sur la reconstitution de la structure et de la composition foresti\u00e8re \u00e0 partir des outils de l\u2019\u00e9cologie historique dans la perspective d\u2019\u00e9valuer les trajectoires \u00e0 long terme des for\u00eats sous l\u2019action des changements globaux.<\/p>\n","protected":false},"excerpt":{"rendered":"<p>Yan Boucher, professeur en \u00e9cologie et en am\u00e9nagement forestier au D\u00e9partement des sciences fondamentales, obtient une subvention de 2,25 M$ dans le cadre du programme CRSNG-Alliance du gouvernement f\u00e9d\u00e9ral. Cette initiative a pour objectif de pr\u00e9dire l\u2019\u00e9volution de la composition des for\u00eats dans le contexte des changements climatiques. En collaboration avec des coll\u00e8gues universitaires provenant [&hellip;]<\/p>\n","protected":false},"author":5,"featured_media":40625,"comment_status":"closed","ping_status":"closed","sticky":false,"template":"","format":"standard","meta":{"footnotes":""},"categories":[2],"tags":[6,3,1106],"yoast_head":"<!-- This site is optimized with the Yoast SEO plugin v24.2 - https:\/\/yoast.com\/wordpress\/plugins\/seo\/ -->\r\n<title>Important financement au D\u00e9partement des sciences fondamentales pour pr\u00e9dire l\u2019\u00e9volution des for\u00eats - UQACtualit\u00e9s<\/title>\r\n<meta name=\"description\" content=\"Yan Boucher, professeur au D\u00e9partement des sciences fondamentales, obtient une subvention dans le cadre du programme CRSNG-Alliance.\" \/>\r\n<meta name=\"robots\" content=\"index, follow, max-snippet:-1, max-image-preview:large, max-video-preview:-1\" \/>\r\n<link rel=\"canonical\" href=\"https:\/\/www.uqac.ca\/uqactualites\/2023\/06\/22\/important-financement-au-departement-des-sciences-fondamentales-pour-predire-levolution-des-forets\/\" \/>\r\n<meta property=\"og:locale\" content=\"fr_CA\" \/>\r\n<meta property=\"og:type\" content=\"article\" \/>\r\n<meta property=\"og:title\" content=\"Important financement au D\u00e9partement des sciences fondamentales pour pr\u00e9dire l\u2019\u00e9volution des for\u00eats - UQACtualit\u00e9s\" \/>\r\n<meta property=\"og:description\" content=\"Yan Boucher, professeur au D\u00e9partement des sciences fondamentales, obtient une subvention dans le cadre du programme CRSNG-Alliance.\" \/>\r\n<meta property=\"og:url\" content=\"https:\/\/www.uqac.ca\/uqactualites\/2023\/06\/22\/important-financement-au-departement-des-sciences-fondamentales-pour-predire-levolution-des-forets\/\" \/>\r\n<meta property=\"og:site_name\" content=\"UQACtualit\u00e9s\" \/>\r\n<meta property=\"article:published_time\" content=\"2023-06-22T13:32:05+00:00\" \/>\r\n<meta property=\"article:modified_time\" content=\"2024-08-06T19:58:59+00:00\" \/>\r\n<meta property=\"og:image\" content=\"https:\/\/www.uqac.ca\/uqactualites\/wp-content\/uploads\/2021\/10\/Yan_Boucher2.jpg\" \/>\r\n\t<meta property=\"og:image:width\" content=\"1773\" \/>\r\n\t<meta property=\"og:image:height\" content=\"1182\" \/>\r\n\t<meta property=\"og:image:type\" content=\"image\/jpeg\" \/>\r\n<meta name=\"author\" content=\"Service des communications et des relations publiques\" \/>\r\n<meta name=\"twitter:card\" content=\"summary_large_image\" \/>\r\n<meta name=\"twitter:label1\" content=\"\u00c9crit par\" \/>\n\t<meta name=\"twitter:data1\" content=\"Service des communications et des relations publiques\" \/>\n\t<meta name=\"twitter:label2\" content=\"Estimation du temps de lecture\" \/>\n\t<meta name=\"twitter:data2\" content=\"2 minutes\" \/>\r\n<script type=\"application\/ld+json\" class=\"yoast-schema-graph\">{\"@context\":\"https:\/\/schema.org\",\"@graph\":[{\"@type\":\"WebPage\",\"@id\":\"https:\/\/www.uqac.ca\/uqactualites\/2023\/06\/22\/important-financement-au-departement-des-sciences-fondamentales-pour-predire-levolution-des-forets\/\",\"url\":\"https:\/\/www.uqac.ca\/uqactualites\/2023\/06\/22\/important-financement-au-departement-des-sciences-fondamentales-pour-predire-levolution-des-forets\/\",\"name\":\"Important financement au D\u00e9partement des sciences fondamentales pour pr\u00e9dire l\u2019\u00e9volution des for\u00eats - UQACtualit\u00e9s\",\"isPartOf\":{\"@id\":\"https:\/\/www.uqac.ca\/uqactualites\/#website\"},\"primaryImageOfPage\":{\"@id\":\"https:\/\/www.uqac.ca\/uqactualites\/2023\/06\/22\/important-financement-au-departement-des-sciences-fondamentales-pour-predire-levolution-des-forets\/#primaryimage\"},\"image\":{\"@id\":\"https:\/\/www.uqac.ca\/uqactualites\/2023\/06\/22\/important-financement-au-departement-des-sciences-fondamentales-pour-predire-levolution-des-forets\/#primaryimage\"},\"thumbnailUrl\":\"https:\/\/www.uqac.ca\/uqactualites\/wp-content\/uploads\/2021\/10\/Yan_Boucher2.jpg\",\"datePublished\":\"2023-06-22T13:32:05+00:00\",\"dateModified\":\"2024-08-06T19:58:59+00:00\",\"author\":{\"@id\":\"https:\/\/www.uqac.ca\/uqactualites\/#\/schema\/person\/366c45a0c4f0e677b41b4af5886e2018\"},\"description\":\"Yan Boucher, professeur au D\u00e9partement des sciences fondamentales, obtient une subvention dans le cadre du programme CRSNG-Alliance.\",\"breadcrumb\":{\"@id\":\"https:\/\/www.uqac.ca\/uqactualites\/2023\/06\/22\/important-financement-au-departement-des-sciences-fondamentales-pour-predire-levolution-des-forets\/#breadcrumb\"},\"inLanguage\":\"fr-CA\",\"potentialAction\":[{\"@type\":\"ReadAction\",\"target\":[\"https:\/\/www.uqac.ca\/uqactualites\/2023\/06\/22\/important-financement-au-departement-des-sciences-fondamentales-pour-predire-levolution-des-forets\/\"]}]},{\"@type\":\"ImageObject\",\"inLanguage\":\"fr-CA\",\"@id\":\"https:\/\/www.uqac.ca\/uqactualites\/2023\/06\/22\/important-financement-au-departement-des-sciences-fondamentales-pour-predire-levolution-des-forets\/#primaryimage\",\"url\":\"https:\/\/www.uqac.ca\/uqactualites\/wp-content\/uploads\/2021\/10\/Yan_Boucher2.jpg\",\"contentUrl\":\"https:\/\/www.uqac.ca\/uqactualites\/wp-content\/uploads\/2021\/10\/Yan_Boucher2.jpg\",\"width\":1773,\"height\":1182,\"caption\":\"Yan Boucher \u00e9cosyst\u00e8mes\"},{\"@type\":\"BreadcrumbList\",\"@id\":\"https:\/\/www.uqac.ca\/uqactualites\/2023\/06\/22\/important-financement-au-departement-des-sciences-fondamentales-pour-predire-levolution-des-forets\/#breadcrumb\",\"itemListElement\":[{\"@type\":\"ListItem\",\"position\":1,\"name\":\"Home\",\"item\":\"https:\/\/www.uqac.ca\/uqactualites\/\"},{\"@type\":\"ListItem\",\"position\":2,\"name\":\"Important financement au D\u00e9partement des sciences fondamentales pour pr\u00e9dire l\u2019\u00e9volution des for\u00eats\"}]},{\"@type\":\"WebSite\",\"@id\":\"https:\/\/www.uqac.ca\/uqactualites\/#website\",\"url\":\"https:\/\/www.uqac.ca\/uqactualites\/\",\"name\":\"UQACtualit\u00e9s\",\"description\":\"Le portail des nouvelles de l&#039;UQAC\",\"potentialAction\":[{\"@type\":\"SearchAction\",\"target\":{\"@type\":\"EntryPoint\",\"urlTemplate\":\"https:\/\/www.uqac.ca\/uqactualites\/?s={search_term_string}\"},\"query-input\":{\"@type\":\"PropertyValueSpecification\",\"valueRequired\":true,\"valueName\":\"search_term_string\"}}],\"inLanguage\":\"fr-CA\"},{\"@type\":\"Person\",\"@id\":\"https:\/\/www.uqac.ca\/uqactualites\/#\/schema\/person\/366c45a0c4f0e677b41b4af5886e2018\",\"name\":\"Service des communications et des relations publiques\",\"image\":{\"@type\":\"ImageObject\",\"inLanguage\":\"fr-CA\",\"@id\":\"https:\/\/www.uqac.ca\/uqactualites\/#\/schema\/person\/image\/\",\"url\":\"https:\/\/secure.gravatar.com\/avatar\/20fbbda8a292f59f2d3461a5b999c00b?s=96&d=mm&r=g\",\"contentUrl\":\"https:\/\/secure.gravatar.com\/avatar\/20fbbda8a292f59f2d3461a5b999c00b?s=96&d=mm&r=g\",\"caption\":\"Service des communications et des relations publiques\"},\"url\":\"https:\/\/www.uqac.ca\/uqactualites\/author\/bap\/\"}]}<\/script>\r\n<!-- \/ Yoast SEO plugin. -->","yoast_head_json":{"title":"Important financement au D\u00e9partement des sciences fondamentales pour pr\u00e9dire l\u2019\u00e9volution des for\u00eats - UQACtualit\u00e9s","description":"Yan Boucher, professeur au D\u00e9partement des sciences fondamentales, obtient une subvention dans le cadre du programme CRSNG-Alliance.","robots":{"index":"index","follow":"follow","max-snippet":"max-snippet:-1","max-image-preview":"max-image-preview:large","max-video-preview":"max-video-preview:-1"},"canonical":"https:\/\/www.uqac.ca\/uqactualites\/2023\/06\/22\/important-financement-au-departement-des-sciences-fondamentales-pour-predire-levolution-des-forets\/","og_locale":"fr_CA","og_type":"article","og_title":"Important financement au D\u00e9partement des sciences fondamentales pour pr\u00e9dire l\u2019\u00e9volution des for\u00eats - UQACtualit\u00e9s","og_description":"Yan Boucher, professeur au D\u00e9partement des sciences fondamentales, obtient une subvention dans le cadre du programme CRSNG-Alliance.","og_url":"https:\/\/www.uqac.ca\/uqactualites\/2023\/06\/22\/important-financement-au-departement-des-sciences-fondamentales-pour-predire-levolution-des-forets\/","og_site_name":"UQACtualit\u00e9s","article_published_time":"2023-06-22T13:32:05+00:00","article_modified_time":"2024-08-06T19:58:59+00:00","og_image":[{"width":1773,"height":1182,"url":"https:\/\/www.uqac.ca\/uqactualites\/wp-content\/uploads\/2021\/10\/Yan_Boucher2.jpg","type":"image\/jpeg"}],"author":"Service des communications et des relations publiques","twitter_card":"summary_large_image","twitter_misc":{"\u00c9crit par":"Service des communications et des relations publiques","Estimation du temps de lecture":"2 minutes"},"schema":{"@context":"https:\/\/schema.org","@graph":[{"@type":"WebPage","@id":"https:\/\/www.uqac.ca\/uqactualites\/2023\/06\/22\/important-financement-au-departement-des-sciences-fondamentales-pour-predire-levolution-des-forets\/","url":"https:\/\/www.uqac.ca\/uqactualites\/2023\/06\/22\/important-financement-au-departement-des-sciences-fondamentales-pour-predire-levolution-des-forets\/","name":"Important financement au D\u00e9partement des sciences fondamentales pour pr\u00e9dire l\u2019\u00e9volution des for\u00eats - UQACtualit\u00e9s","isPartOf":{"@id":"https:\/\/www.uqac.ca\/uqactualites\/#website"},"primaryImageOfPage":{"@id":"https:\/\/www.uqac.ca\/uqactualites\/2023\/06\/22\/important-financement-au-departement-des-sciences-fondamentales-pour-predire-levolution-des-forets\/#primaryimage"},"image":{"@id":"https:\/\/www.uqac.ca\/uqactualites\/2023\/06\/22\/important-financement-au-departement-des-sciences-fondamentales-pour-predire-levolution-des-forets\/#primaryimage"},"thumbnailUrl":"https:\/\/www.uqac.ca\/uqactualites\/wp-content\/uploads\/2021\/10\/Yan_Boucher2.jpg","datePublished":"2023-06-22T13:32:05+00:00","dateModified":"2024-08-06T19:58:59+00:00","author":{"@id":"https:\/\/www.uqac.ca\/uqactualites\/#\/schema\/person\/366c45a0c4f0e677b41b4af5886e2018"},"description":"Yan Boucher, professeur au D\u00e9partement des sciences fondamentales, obtient une subvention dans le cadre du programme CRSNG-Alliance.","breadcrumb":{"@id":"https:\/\/www.uqac.ca\/uqactualites\/2023\/06\/22\/important-financement-au-departement-des-sciences-fondamentales-pour-predire-levolution-des-forets\/#breadcrumb"},"inLanguage":"fr-CA","potentialAction":[{"@type":"ReadAction","target":["https:\/\/www.uqac.ca\/uqactualites\/2023\/06\/22\/important-financement-au-departement-des-sciences-fondamentales-pour-predire-levolution-des-forets\/"]}]},{"@type":"ImageObject","inLanguage":"fr-CA","@id":"https:\/\/www.uqac.ca\/uqactualites\/2023\/06\/22\/important-financement-au-departement-des-sciences-fondamentales-pour-predire-levolution-des-forets\/#primaryimage","url":"https:\/\/www.uqac.ca\/uqactualites\/wp-content\/uploads\/2021\/10\/Yan_Boucher2.jpg","contentUrl":"https:\/\/www.uqac.ca\/uqactualites\/wp-content\/uploads\/2021\/10\/Yan_Boucher2.jpg","width":1773,"height":1182,"caption":"Yan Boucher \u00e9cosyst\u00e8mes"},{"@type":"BreadcrumbList","@id":"https:\/\/www.uqac.ca\/uqactualites\/2023\/06\/22\/important-financement-au-departement-des-sciences-fondamentales-pour-predire-levolution-des-forets\/#breadcrumb","itemListElement":[{"@type":"ListItem","position":1,"name":"Home","item":"https:\/\/www.uqac.ca\/uqactualites\/"},{"@type":"ListItem","position":2,"name":"Important financement au D\u00e9partement des sciences fondamentales pour pr\u00e9dire l\u2019\u00e9volution des for\u00eats"}]},{"@type":"WebSite","@id":"https:\/\/www.uqac.ca\/uqactualites\/#website","url":"https:\/\/www.uqac.ca\/uqactualites\/","name":"UQACtualit\u00e9s","description":"Le portail des nouvelles de l&#039;UQAC","potentialAction":[{"@type":"SearchAction","target":{"@type":"EntryPoint","urlTemplate":"https:\/\/www.uqac.ca\/uqactualites\/?s={search_term_string}"},"query-input":{"@type":"PropertyValueSpecification","valueRequired":true,"valueName":"search_term_string"}}],"inLanguage":"fr-CA"},{"@type":"Person","@id":"https:\/\/www.uqac.ca\/uqactualites\/#\/schema\/person\/366c45a0c4f0e677b41b4af5886e2018","name":"Service des communications et des relations publiques","image":{"@type":"ImageObject","inLanguage":"fr-CA","@id":"https:\/\/www.uqac.ca\/uqactualites\/#\/schema\/person\/image\/","url":"https:\/\/secure.gravatar.com\/avatar\/20fbbda8a292f59f2d3461a5b999c00b?s=96&d=mm&r=g","contentUrl":"https:\/\/secure.gravatar.com\/avatar\/20fbbda8a292f59f2d3461a5b999c00b?s=96&d=mm&r=g","caption":"Service des communications et des relations publiques"},"url":"https:\/\/www.uqac.ca\/uqactualites\/author\/bap\/"}]}},"_links":{"self":[{"href":"https:\/\/www.uqac.ca\/uqactualites\/wp-json\/wp\/v2\/posts\/43986"}],"collection":[{"href":"https:\/\/www.uqac.ca\/uqactualites\/wp-json\/wp\/v2\/posts"}],"about":[{"href":"https:\/\/www.uqac.ca\/uqactualites\/wp-json\/wp\/v2\/types\/post"}],"author":[{"embeddable":true,"href":"https:\/\/www.uqac.ca\/uqactualites\/wp-json\/wp\/v2\/users\/5"}],"replies":[{"embeddable":true,"href":"https:\/\/www.uqac.ca\/uqactualites\/wp-json\/wp\/v2\/comments?post=43986"}],"version-history":[{"count":2,"href":"https:\/\/www.uqac.ca\/uqactualites\/wp-json\/wp\/v2\/posts\/43986\/revisions"}],"predecessor-version":[{"id":48353,"href":"https:\/\/www.uqac.ca\/uqactualites\/wp-json\/wp\/v2\/posts\/43986\/revisions\/48353"}],"wp:featuredmedia":[{"embeddable":true,"href":"https:\/\/www.uqac.ca\/uqactualites\/wp-json\/wp\/v2\/media\/40625"}],"wp:attachment":[{"href":"https:\/\/www.uqac.ca\/uqactualites\/wp-json\/wp\/v2\/media?parent=43986"}],"wp:term":[{"taxonomy":"category","embeddable":true,"href":"https:\/\/www.uqac.ca\/uqactualites\/wp-json\/wp\/v2\/categories?post=43986"},{"taxonomy":"post_tag","embeddable":true,"href":"https:\/\/www.uqac.ca\/uqactualites\/wp-json\/wp\/v2\/tags?post=43986"}],"curies":[{"name":"wp","href":"https:\/\/api.w.org\/{rel}","templated":true}]}}