{"id":43987,"date":"2023-06-29T08:19:28","date_gmt":"2023-06-29T12:19:28","guid":{"rendered":"https:\/\/www.uqac.ca\/?p=43818"},"modified":"2024-08-06T15:44:10","modified_gmt":"2024-08-06T19:44:10","slug":"portrait-rodrigue-ebata-nouveau-professeur-en-droit-des-affaires","status":"publish","type":"post","link":"https:\/\/www.uqac.ca\/uqactualites\/2023\/06\/29\/portrait-rodrigue-ebata-nouveau-professeur-en-droit-des-affaires\/","title":{"rendered":"Rodrigue Ebata, nouveau professeur en droit des affaires"},"content":{"rendered":"<p>\u00c0 partir de la session d\u2019automne 2023, le professeur Rodrigue Ebata enseignera le droit des affaires et la gestion de la l\u00e9gislation du travail au D\u00e9partement des sciences \u00e9conomiques et administratives de l\u2019UQAC.<\/p>\n<p>Avocat membre du Barreau du Qu\u00e9bec, le professeur Ebata a pratiqu\u00e9 en droit des affaires et en droit de l&rsquo;immigration durant plusieurs ann\u00e9es. En 2022, il a obtenu un doctorat en droit (Universit\u00e9 Laval). Sa th\u00e8se portait sur la gestion des risques juridiques par les microentreprises qu\u00e9b\u00e9coises. Il est \u00e9galement m\u00e9diateur accr\u00e9dit\u00e9 par le minist\u00e8re de la Justice en mati\u00e8re civile, commerciale et droit du travail.<\/p>\n<p>Partisan d\u2019une approche pluridisciplinaire, Rodrigue Ebata s\u2019int\u00e9resse \u00e0 la gouvernance des PME, \u00e0 la question de la p\u00e9nurie de main-d\u2019\u0153uvre au sein des entreprises canadiennes et \u00e0 la responsabilit\u00e9 sociale des organisations.<\/p>\n<h4>Portrait de professeur en bref<\/h4>\n<p><strong>Champs d\u2019int\u00e9r\u00eat et expertises de recherche<\/strong><\/p>\n<ul>\n<li>PME<\/li>\n<li>Gouvernance des organisations<\/li>\n<li>Responsabilit\u00e9 sociale des organisations<\/li>\n<li>Droit de l\u2019immigration et des travailleurs \u00e9trangers temporaires<\/li>\n<li>Gestion des risques et conformit\u00e9 des PME<\/li>\n<\/ul>\n<p><strong>Cours enseign\u00e9s \u00e0 l&rsquo;UQAC et programmes<\/strong><\/p>\n<ul>\n<li><a href=\"https:\/\/programmes.uqac.ca\/2dra110\"><em>2DRA110 Droit des affaires<\/em><\/a>\n<ul>\n<li>Baccalaur\u00e9at en sciences (r\u00e9adaptation)<\/li>\n<li>Baccalaur\u00e9at en administration<\/li>\n<li>Baccalaur\u00e9at en sciences comptables<\/li>\n<li>Baccalaur\u00e9at en g\u00e9nie g\u00e9ologique<\/li>\n<\/ul>\n<\/li>\n<\/ul>\n<ul>\n<li><a href=\"https:\/\/programmes.uqac.ca\/2dra102\" target=\"_blank\" rel=\"noopener\"><em>2DRA102 Gestion de la l\u00e9gislation du travail<\/em><\/a>\n<ul>\n<li>Baccalaur\u00e9at en g\u00e9nie civil<\/li>\n<li>Baccalaur\u00e9at en g\u00e9ologie<\/li>\n<li>Baccalaur\u00e9at en administration<\/li>\n<li>Baccalaur\u00e9at en g\u00e9nie g\u00e9ologique<\/li>\n<li>Baccalaur\u00e9at en g\u00e9nie informatique<\/li>\n<li>Baccalaur\u00e9at en g\u00e9nie \u00e9lectrique<\/li>\n<li>Baccalaur\u00e9at en g\u00e9nie m\u00e9canique<\/li>\n<\/ul>\n<\/li>\n<\/ul>\n<p><strong><a href=\"https:\/\/www.linkedin.com\/in\/rodrigue-e-49766251\" target=\"_blank\" rel=\"noopener\">Page LinkedIn du professeur<\/a><\/strong><\/p>\n","protected":false},"excerpt":{"rendered":"<p>\u00c0 partir de la session d\u2019automne 2023, le professeur Rodrigue Ebata enseignera le droit des affaires et la gestion de la l\u00e9gislation du travail au D\u00e9partement des sciences \u00e9conomiques et administratives de l\u2019UQAC. Avocat membre du Barreau du Qu\u00e9bec, le professeur Ebata a pratiqu\u00e9 en droit des affaires et en droit de l&rsquo;immigration durant plusieurs [&hellip;]<\/p>\n","protected":false},"author":5,"featured_media":43989,"comment_status":"closed","ping_status":"closed","sticky":false,"template":"","format":"standard","meta":{"footnotes":""},"categories":[2846,248],"tags":[8,565],"yoast_head":"<!-- This site is optimized with the Yoast SEO plugin v24.2 - https:\/\/yoast.com\/wordpress\/plugins\/seo\/ -->\r\n<title>Rodrigue Ebata, nouveau professeur en droit des affaires - UQACtualit\u00e9s<\/title>\r\n<meta name=\"description\" content=\"D\u00e8s l&#039;automne 2023, le professeur Rodrigue Ebata enseignera le droit des affaires et la gestion de la l\u00e9gislation du travail \u00e0 l&#039;UQAC\" \/>\r\n<meta name=\"robots\" content=\"index, follow, max-snippet:-1, max-image-preview:large, max-video-preview:-1\" \/>\r\n<link rel=\"canonical\" href=\"https:\/\/www.uqac.ca\/uqactualites\/2023\/06\/29\/portrait-rodrigue-ebata-nouveau-professeur-en-droit-des-affaires\/\" \/>\r\n<meta property=\"og:locale\" content=\"fr_CA\" \/>\r\n<meta property=\"og:type\" content=\"article\" \/>\r\n<meta property=\"og:title\" content=\"Rodrigue Ebata, nouveau professeur en droit des affaires - UQACtualit\u00e9s\" \/>\r\n<meta property=\"og:description\" content=\"D\u00e8s l&#039;automne 2023, le professeur Rodrigue Ebata enseignera le droit des affaires et la gestion de la l\u00e9gislation du travail \u00e0 l&#039;UQAC\" \/>\r\n<meta property=\"og:url\" content=\"https:\/\/www.uqac.ca\/uqactualites\/2023\/06\/29\/portrait-rodrigue-ebata-nouveau-professeur-en-droit-des-affaires\/\" \/>\r\n<meta property=\"og:site_name\" content=\"UQACtualit\u00e9s\" \/>\r\n<meta property=\"article:published_time\" content=\"2023-06-29T12:19:28+00:00\" \/>\r\n<meta property=\"article:modified_time\" content=\"2024-08-06T19:44:10+00:00\" \/>\r\n<meta property=\"og:image\" content=\"https:\/\/www.uqac.ca\/uqactualites\/wp-content\/uploads\/2023\/06\/ebata-rodrigue-e23-mduhaime-2-e1687783702786.jpg\" \/>\r\n\t<meta property=\"og:image:width\" content=\"1336\" \/>\r\n\t<meta property=\"og:image:height\" content=\"1197\" \/>\r\n\t<meta property=\"og:image:type\" content=\"image\/jpeg\" \/>\r\n<meta name=\"author\" content=\"Service des communications et des relations publiques\" \/>\r\n<meta name=\"twitter:card\" content=\"summary_large_image\" \/>\r\n<meta name=\"twitter:label1\" content=\"\u00c9crit par\" \/>\n\t<meta name=\"twitter:data1\" content=\"Service des communications et des relations publiques\" \/>\n\t<meta name=\"twitter:label2\" content=\"Estimation du temps de lecture\" \/>\n\t<meta name=\"twitter:data2\" content=\"2 minutes\" \/>\r\n<script type=\"application\/ld+json\" class=\"yoast-schema-graph\">{\"@context\":\"https:\/\/schema.org\",\"@graph\":[{\"@type\":\"WebPage\",\"@id\":\"https:\/\/www.uqac.ca\/uqactualites\/2023\/06\/29\/portrait-rodrigue-ebata-nouveau-professeur-en-droit-des-affaires\/\",\"url\":\"https:\/\/www.uqac.ca\/uqactualites\/2023\/06\/29\/portrait-rodrigue-ebata-nouveau-professeur-en-droit-des-affaires\/\",\"name\":\"Rodrigue Ebata, nouveau professeur en droit des affaires - UQACtualit\u00e9s\",\"isPartOf\":{\"@id\":\"https:\/\/www.uqac.ca\/uqactualites\/#website\"},\"primaryImageOfPage\":{\"@id\":\"https:\/\/www.uqac.ca\/uqactualites\/2023\/06\/29\/portrait-rodrigue-ebata-nouveau-professeur-en-droit-des-affaires\/#primaryimage\"},\"image\":{\"@id\":\"https:\/\/www.uqac.ca\/uqactualites\/2023\/06\/29\/portrait-rodrigue-ebata-nouveau-professeur-en-droit-des-affaires\/#primaryimage\"},\"thumbnailUrl\":\"https:\/\/www.uqac.ca\/uqactualites\/wp-content\/uploads\/2023\/06\/ebata-rodrigue-e23-mduhaime-2-e1687783702786.jpg\",\"datePublished\":\"2023-06-29T12:19:28+00:00\",\"dateModified\":\"2024-08-06T19:44:10+00:00\",\"author\":{\"@id\":\"https:\/\/www.uqac.ca\/uqactualites\/#\/schema\/person\/366c45a0c4f0e677b41b4af5886e2018\"},\"description\":\"D\u00e8s l'automne 2023, le professeur Rodrigue Ebata enseignera le droit des affaires et la gestion de la l\u00e9gislation du travail \u00e0 l'UQAC\",\"breadcrumb\":{\"@id\":\"https:\/\/www.uqac.ca\/uqactualites\/2023\/06\/29\/portrait-rodrigue-ebata-nouveau-professeur-en-droit-des-affaires\/#breadcrumb\"},\"inLanguage\":\"fr-CA\",\"potentialAction\":[{\"@type\":\"ReadAction\",\"target\":[\"https:\/\/www.uqac.ca\/uqactualites\/2023\/06\/29\/portrait-rodrigue-ebata-nouveau-professeur-en-droit-des-affaires\/\"]}]},{\"@type\":\"ImageObject\",\"inLanguage\":\"fr-CA\",\"@id\":\"https:\/\/www.uqac.ca\/uqactualites\/2023\/06\/29\/portrait-rodrigue-ebata-nouveau-professeur-en-droit-des-affaires\/#primaryimage\",\"url\":\"https:\/\/www.uqac.ca\/uqactualites\/wp-content\/uploads\/2023\/06\/ebata-rodrigue-e23-mduhaime-2-e1687783702786.jpg\",\"contentUrl\":\"https:\/\/www.uqac.ca\/uqactualites\/wp-content\/uploads\/2023\/06\/ebata-rodrigue-e23-mduhaime-2-e1687783702786.jpg\",\"width\":1336,\"height\":1197},{\"@type\":\"BreadcrumbList\",\"@id\":\"https:\/\/www.uqac.ca\/uqactualites\/2023\/06\/29\/portrait-rodrigue-ebata-nouveau-professeur-en-droit-des-affaires\/#breadcrumb\",\"itemListElement\":[{\"@type\":\"ListItem\",\"position\":1,\"name\":\"Home\",\"item\":\"https:\/\/www.uqac.ca\/uqactualites\/\"},{\"@type\":\"ListItem\",\"position\":2,\"name\":\"Rodrigue Ebata, nouveau professeur en droit des affaires\"}]},{\"@type\":\"WebSite\",\"@id\":\"https:\/\/www.uqac.ca\/uqactualites\/#website\",\"url\":\"https:\/\/www.uqac.ca\/uqactualites\/\",\"name\":\"UQACtualit\u00e9s\",\"description\":\"Le portail des nouvelles de l&#039;UQAC\",\"potentialAction\":[{\"@type\":\"SearchAction\",\"target\":{\"@type\":\"EntryPoint\",\"urlTemplate\":\"https:\/\/www.uqac.ca\/uqactualites\/?s={search_term_string}\"},\"query-input\":{\"@type\":\"PropertyValueSpecification\",\"valueRequired\":true,\"valueName\":\"search_term_string\"}}],\"inLanguage\":\"fr-CA\"},{\"@type\":\"Person\",\"@id\":\"https:\/\/www.uqac.ca\/uqactualites\/#\/schema\/person\/366c45a0c4f0e677b41b4af5886e2018\",\"name\":\"Service des communications et des relations publiques\",\"image\":{\"@type\":\"ImageObject\",\"inLanguage\":\"fr-CA\",\"@id\":\"https:\/\/www.uqac.ca\/uqactualites\/#\/schema\/person\/image\/\",\"url\":\"https:\/\/secure.gravatar.com\/avatar\/20fbbda8a292f59f2d3461a5b999c00b?s=96&d=mm&r=g\",\"contentUrl\":\"https:\/\/secure.gravatar.com\/avatar\/20fbbda8a292f59f2d3461a5b999c00b?s=96&d=mm&r=g\",\"caption\":\"Service des communications et des relations publiques\"},\"url\":\"https:\/\/www.uqac.ca\/uqactualites\/author\/bap\/\"}]}<\/script>\r\n<!-- \/ Yoast SEO plugin. -->","yoast_head_json":{"title":"Rodrigue Ebata, nouveau professeur en droit des affaires - UQACtualit\u00e9s","description":"D\u00e8s l'automne 2023, le professeur Rodrigue Ebata enseignera le droit des affaires et la gestion de la l\u00e9gislation du travail \u00e0 l'UQAC","robots":{"index":"index","follow":"follow","max-snippet":"max-snippet:-1","max-image-preview":"max-image-preview:large","max-video-preview":"max-video-preview:-1"},"canonical":"https:\/\/www.uqac.ca\/uqactualites\/2023\/06\/29\/portrait-rodrigue-ebata-nouveau-professeur-en-droit-des-affaires\/","og_locale":"fr_CA","og_type":"article","og_title":"Rodrigue Ebata, nouveau professeur en droit des affaires - UQACtualit\u00e9s","og_description":"D\u00e8s l'automne 2023, le professeur Rodrigue Ebata enseignera le droit des affaires et la gestion de la l\u00e9gislation du travail \u00e0 l'UQAC","og_url":"https:\/\/www.uqac.ca\/uqactualites\/2023\/06\/29\/portrait-rodrigue-ebata-nouveau-professeur-en-droit-des-affaires\/","og_site_name":"UQACtualit\u00e9s","article_published_time":"2023-06-29T12:19:28+00:00","article_modified_time":"2024-08-06T19:44:10+00:00","og_image":[{"width":1336,"height":1197,"url":"https:\/\/www.uqac.ca\/uqactualites\/wp-content\/uploads\/2023\/06\/ebata-rodrigue-e23-mduhaime-2-e1687783702786.jpg","type":"image\/jpeg"}],"author":"Service des communications et des relations publiques","twitter_card":"summary_large_image","twitter_misc":{"\u00c9crit par":"Service des communications et des relations publiques","Estimation du temps de lecture":"2 minutes"},"schema":{"@context":"https:\/\/schema.org","@graph":[{"@type":"WebPage","@id":"https:\/\/www.uqac.ca\/uqactualites\/2023\/06\/29\/portrait-rodrigue-ebata-nouveau-professeur-en-droit-des-affaires\/","url":"https:\/\/www.uqac.ca\/uqactualites\/2023\/06\/29\/portrait-rodrigue-ebata-nouveau-professeur-en-droit-des-affaires\/","name":"Rodrigue Ebata, nouveau professeur en droit des affaires - UQACtualit\u00e9s","isPartOf":{"@id":"https:\/\/www.uqac.ca\/uqactualites\/#website"},"primaryImageOfPage":{"@id":"https:\/\/www.uqac.ca\/uqactualites\/2023\/06\/29\/portrait-rodrigue-ebata-nouveau-professeur-en-droit-des-affaires\/#primaryimage"},"image":{"@id":"https:\/\/www.uqac.ca\/uqactualites\/2023\/06\/29\/portrait-rodrigue-ebata-nouveau-professeur-en-droit-des-affaires\/#primaryimage"},"thumbnailUrl":"https:\/\/www.uqac.ca\/uqactualites\/wp-content\/uploads\/2023\/06\/ebata-rodrigue-e23-mduhaime-2-e1687783702786.jpg","datePublished":"2023-06-29T12:19:28+00:00","dateModified":"2024-08-06T19:44:10+00:00","author":{"@id":"https:\/\/www.uqac.ca\/uqactualites\/#\/schema\/person\/366c45a0c4f0e677b41b4af5886e2018"},"description":"D\u00e8s l'automne 2023, le professeur Rodrigue Ebata enseignera le droit des affaires et la gestion de la l\u00e9gislation du travail \u00e0 l'UQAC","breadcrumb":{"@id":"https:\/\/www.uqac.ca\/uqactualites\/2023\/06\/29\/portrait-rodrigue-ebata-nouveau-professeur-en-droit-des-affaires\/#breadcrumb"},"inLanguage":"fr-CA","potentialAction":[{"@type":"ReadAction","target":["https:\/\/www.uqac.ca\/uqactualites\/2023\/06\/29\/portrait-rodrigue-ebata-nouveau-professeur-en-droit-des-affaires\/"]}]},{"@type":"ImageObject","inLanguage":"fr-CA","@id":"https:\/\/www.uqac.ca\/uqactualites\/2023\/06\/29\/portrait-rodrigue-ebata-nouveau-professeur-en-droit-des-affaires\/#primaryimage","url":"https:\/\/www.uqac.ca\/uqactualites\/wp-content\/uploads\/2023\/06\/ebata-rodrigue-e23-mduhaime-2-e1687783702786.jpg","contentUrl":"https:\/\/www.uqac.ca\/uqactualites\/wp-content\/uploads\/2023\/06\/ebata-rodrigue-e23-mduhaime-2-e1687783702786.jpg","width":1336,"height":1197},{"@type":"BreadcrumbList","@id":"https:\/\/www.uqac.ca\/uqactualites\/2023\/06\/29\/portrait-rodrigue-ebata-nouveau-professeur-en-droit-des-affaires\/#breadcrumb","itemListElement":[{"@type":"ListItem","position":1,"name":"Home","item":"https:\/\/www.uqac.ca\/uqactualites\/"},{"@type":"ListItem","position":2,"name":"Rodrigue Ebata, nouveau professeur en droit des affaires"}]},{"@type":"WebSite","@id":"https:\/\/www.uqac.ca\/uqactualites\/#website","url":"https:\/\/www.uqac.ca\/uqactualites\/","name":"UQACtualit\u00e9s","description":"Le portail des nouvelles de l&#039;UQAC","potentialAction":[{"@type":"SearchAction","target":{"@type":"EntryPoint","urlTemplate":"https:\/\/www.uqac.ca\/uqactualites\/?s={search_term_string}"},"query-input":{"@type":"PropertyValueSpecification","valueRequired":true,"valueName":"search_term_string"}}],"inLanguage":"fr-CA"},{"@type":"Person","@id":"https:\/\/www.uqac.ca\/uqactualites\/#\/schema\/person\/366c45a0c4f0e677b41b4af5886e2018","name":"Service des communications et des relations publiques","image":{"@type":"ImageObject","inLanguage":"fr-CA","@id":"https:\/\/www.uqac.ca\/uqactualites\/#\/schema\/person\/image\/","url":"https:\/\/secure.gravatar.com\/avatar\/20fbbda8a292f59f2d3461a5b999c00b?s=96&d=mm&r=g","contentUrl":"https:\/\/secure.gravatar.com\/avatar\/20fbbda8a292f59f2d3461a5b999c00b?s=96&d=mm&r=g","caption":"Service des communications et des relations publiques"},"url":"https:\/\/www.uqac.ca\/uqactualites\/author\/bap\/"}]}},"_links":{"self":[{"href":"https:\/\/www.uqac.ca\/uqactualites\/wp-json\/wp\/v2\/posts\/43987"}],"collection":[{"href":"https:\/\/www.uqac.ca\/uqactualites\/wp-json\/wp\/v2\/posts"}],"about":[{"href":"https:\/\/www.uqac.ca\/uqactualites\/wp-json\/wp\/v2\/types\/post"}],"author":[{"embeddable":true,"href":"https:\/\/www.uqac.ca\/uqactualites\/wp-json\/wp\/v2\/users\/5"}],"replies":[{"embeddable":true,"href":"https:\/\/www.uqac.ca\/uqactualites\/wp-json\/wp\/v2\/comments?post=43987"}],"version-history":[{"count":4,"href":"https:\/\/www.uqac.ca\/uqactualites\/wp-json\/wp\/v2\/posts\/43987\/revisions"}],"predecessor-version":[{"id":48349,"href":"https:\/\/www.uqac.ca\/uqactualites\/wp-json\/wp\/v2\/posts\/43987\/revisions\/48349"}],"wp:featuredmedia":[{"embeddable":true,"href":"https:\/\/www.uqac.ca\/uqactualites\/wp-json\/wp\/v2\/media\/43989"}],"wp:attachment":[{"href":"https:\/\/www.uqac.ca\/uqactualites\/wp-json\/wp\/v2\/media?parent=43987"}],"wp:term":[{"taxonomy":"category","embeddable":true,"href":"https:\/\/www.uqac.ca\/uqactualites\/wp-json\/wp\/v2\/categories?post=43987"},{"taxonomy":"post_tag","embeddable":true,"href":"https:\/\/www.uqac.ca\/uqactualites\/wp-json\/wp\/v2\/tags?post=43987"}],"curies":[{"name":"wp","href":"https:\/\/api.w.org\/{rel}","templated":true}]}}