{"id":44004,"date":"2023-07-04T08:25:42","date_gmt":"2023-07-04T12:25:42","guid":{"rendered":"https:\/\/www.uqac.ca\/?p=43978"},"modified":"2024-08-06T15:57:57","modified_gmt":"2024-08-06T19:57:57","slug":"luniversite-de-limoges-veut-renforcer-ses-liens-avec-luqac","status":"publish","type":"post","link":"https:\/\/www.uqac.ca\/uqactualites\/2023\/07\/04\/luniversite-de-limoges-veut-renforcer-ses-liens-avec-luqac\/","title":{"rendered":"L\u2019Universit\u00e9 de Limoges veut renforcer ses liens avec l\u2019UQAC"},"content":{"rendered":"<p><strong>Venue en grand nombre aux portes de l\u2019\u00e9t\u00e9, la d\u00e9l\u00e9gation de l\u2019Universit\u00e9 de Limoges a pu profiter de multiples activit\u00e9s et visites sur notre campus, dans l\u2019optique d\u2019\u00e9largir la palette d\u2019ententes partenariales entre nos deux \u00e9tablissements.<\/strong><\/p>\n<p>Deux jours d\u2019\u00e9changes porteurs entre partenaires de longue date: voici comment nous pouvons r\u00e9sumer la visite de l\u2019Universit\u00e9 de Limoges au sein de notre institution.<\/p>\n<p>Tout a commenc\u00e9 par un accueil et un d\u00eener chaleureux dans le bureau du recteur de l\u2019UQAC, Ghislain Samson, qui a \u00e9t\u00e9 une occasion d&rsquo;ouvrir de nouvelles perspectives \u00e0 l\u2019entente conclue entre nos deux \u00e9tablissements, et notamment du c\u00f4t\u00e9 de la recherche.<\/p>\n<p>S\u2019en sont poursuivies plusieurs visites dans des d\u00e9partements cl\u00e9s pour nos deux Universit\u00e9s\u00a0: les sciences fondamentales tout d\u2019abord, avec des pistes entrevues c\u00f4t\u00e9 bidiplomation, mais aussi de l\u2019accueil de stagiaires au sein de nos laboratoires. La recherche est demeur\u00e9e au c\u0153ur des discussions, et des sujets d\u2019int\u00e9r\u00eat communs semblent avoir \u00e9t\u00e9 trouv\u00e9s avec la <a href=\"https:\/\/recherche.uqac.ca\/chaire-de-recherche-sur-les-agents-anticancereux-dorigine-naturelle\">Chaire de recherche sur les agents anticanc\u00e9reux d\u2019origine naturelle<\/a>, et le <a href=\"https:\/\/recherche.uqac.ca\/laboratoire-danalyse-et-de-separation-des-essences-vegetales\">Laboratoire d\u2019analyse et de s\u00e9paration des essences v\u00e9g\u00e9tales<\/a>.<\/p>\n<figure id=\"attachment_43979\" aria-describedby=\"caption-attachment-43979\" style=\"width: 751px\" class=\"wp-caption alignnone\"><img loading=\"lazy\" decoding=\"async\" class=\"wp-image-43979\" src=\"https:\/\/www.uqac.ca\/uqactualites\/wp-content\/uploads\/2023\/07\/Unilim2-1024x768.jpg\" alt=\"\" width=\"751\" height=\"563\" \/><figcaption id=\"caption-attachment-43979\" class=\"wp-caption-text\">La d\u00e9l\u00e9gation fran\u00e7aise a pris beaucoup de plaisir \u00e0 visiter les installations du Pavillon des arts et \u00e0 \u00e9couter les pr\u00e9sentations de Mathieu Valade, professeur et directeur de l\u2019unit\u00e9 d\u2019enseignement en arts de l\u2019UQAC (de dos \u00e0 droite), et Yanick Potvin, charg\u00e9 de cours (de dos au centre).<\/figcaption><\/figure>\n<p>Quant au secteur de l\u2019informatique, de possibles collaborations avec nos diff\u00e9rents laboratoires et chaires ont \u00e9galement \u00e9t\u00e9 \u00e9voqu\u00e9es. C&rsquo;est particuli\u00e8rement le cas en cybers\u00e9curit\u00e9, puisqu\u2019Unilim implante d\u00e8s cette ann\u00e9e une chaire dans le domaine, dont nous avons le pendant \u00e0 l\u2019UQAC avec le professeur Fehmi Jaafar. Plusieurs autres champs d\u2019int\u00e9r\u00eat ont \u00e9t\u00e9 \u00e9galement relev\u00e9s dans les domaines de l\u2019intelligence artificielle et de la sant\u00e9, des domaines dans lesquels <a href=\"https:\/\/recherche.uqac.ca\/chaire-de-recherche-du-canada-en-intelligence-ambiante-et-capteurs-portatifs-pour-lassistance-technologique-en-sante\">les chercheuses et chercheurs de l\u2019UQAC se distinguent<\/a>.<\/p>\n<p>Le passage en revue de nos unit\u00e9s a \u00e9t\u00e9 conclu par un tour d\u2019horizon des recherches men\u00e9e\u00a0<a href=\"https:\/\/www.uqac.ca\/departements\/dsea\/recherche.php\">au D\u00e9partement des sciences \u00e9conomiques et administratives<\/a>. La d\u00e9l\u00e9gation a \u00e9galement eu droit \u00e0 une visite du Pavillon des arts par Mathieu Valade, professeur et directeur de l\u2019unit\u00e9 d\u2019enseignements en arts, et Yanick Potvin, charg\u00e9 de cours au sein de l\u2019unit\u00e9, qui a notamment pr\u00e9sent\u00e9 son travail d\u2019enseignement de la c\u00e9ramique \u00e0 l\u2019UQAC.<\/p>\n<figure id=\"attachment_43984\" aria-describedby=\"caption-attachment-43984\" style=\"width: 751px\" class=\"wp-caption alignnone\"><img loading=\"lazy\" decoding=\"async\" class=\"wp-image-43984\" src=\"https:\/\/www.uqac.ca\/uqactualites\/wp-content\/uploads\/2023\/07\/unilim3-1024x636.jpg\" alt=\"\" width=\"751\" height=\"467\" \/><figcaption id=\"caption-attachment-43984\" class=\"wp-caption-text\">Un petit verre de l\u2019amiti\u00e9 avec les anciens \u00e9tudiants d\u2019Unilim demeur\u00e9s au Saguenay apr\u00e8s leur passage \u00e0 l\u2019UQAC et l\u2019obtention de leur double dipl\u00f4me.<\/figcaption><\/figure>\n<p>Cette tourn\u00e9e de l&rsquo;UQAC n\u2019a pas manqu\u00e9 d\u2019int\u00e9resser au plus haut point Isabelle Klock-Fontanille, pr\u00e9sidente d\u2019Unilim et professeur en sciences du langage et ancienne directrice du <a href=\"https:\/\/www.unilim.fr\/recherche\/laboratoires\/shs\/ceres\/\">Centre de Recherche S\u00e9miotique (CeReS)<\/a>, tout comme la conf\u00e9rence sur le th\u00e8me de l\u2019analyse ethnolinguistique de chants nakodas, par le professeur Vincent Collette, invit\u00e9 au Pavillon Nikanite, \u00e0 laquelle la d\u00e9l\u00e9gation a pris part avec un plaisir non dissimul\u00e9.<\/p>\n<p>Le tout a \u00e9t\u00e9 conclu par un verre de l\u2019amiti\u00e9 entre la d\u00e9l\u00e9gation et d\u2019anciens \u00e9tudiants d\u2019Unilim, dipl\u00f4m\u00e9s en jeu vid\u00e9o et d\u00e9sormais employ\u00e9s d\u2019Ubisoft Saguenay, en pr\u00e9sence d\u2019\u00c9tienne H\u00e9bert, vice-recteur aux \u00e9tudes, \u00e0 la formation et \u00e0 la r\u00e9ussite. Outre les belles r\u00e9ussites des doubles dipl\u00f4m\u00e9s, la question de la mobilit\u00e9 sortante vers Unilim a \u00e9galement \u00e9t\u00e9 soulev\u00e9e, et fera l\u2019objet de discussions tr\u00e8s prochainement. Affaire \u00e0 suivre\u2026<\/p>\n<p>&nbsp;<\/p>\n","protected":false},"excerpt":{"rendered":"<p>Venue en grand nombre aux portes de l\u2019\u00e9t\u00e9, la d\u00e9l\u00e9gation de l\u2019Universit\u00e9 de Limoges a pu profiter de multiples activit\u00e9s et visites sur notre campus, dans l\u2019optique d\u2019\u00e9largir la palette d\u2019ententes partenariales entre nos deux \u00e9tablissements. Deux jours d\u2019\u00e9changes porteurs entre partenaires de longue date: voici comment nous pouvons r\u00e9sumer la visite de l\u2019Universit\u00e9 de [&hellip;]<\/p>\n","protected":false},"author":5,"featured_media":44010,"comment_status":"closed","ping_status":"closed","sticky":false,"template":"","format":"standard","meta":{"footnotes":""},"categories":[2],"tags":[51,452,42,2781],"yoast_head":"<!-- This site is optimized with the Yoast SEO plugin v24.2 - https:\/\/yoast.com\/wordpress\/plugins\/seo\/ -->\r\n<title>L\u2019Universit\u00e9 de Limoges veut renforcer ses liens avec l\u2019UQAC - UQACtualit\u00e9s<\/title>\r\n<meta name=\"robots\" content=\"index, follow, max-snippet:-1, max-image-preview:large, max-video-preview:-1\" \/>\r\n<link rel=\"canonical\" href=\"https:\/\/www.uqac.ca\/uqactualites\/2023\/07\/04\/luniversite-de-limoges-veut-renforcer-ses-liens-avec-luqac\/\" \/>\r\n<meta property=\"og:locale\" content=\"fr_CA\" \/>\r\n<meta property=\"og:type\" content=\"article\" \/>\r\n<meta property=\"og:title\" content=\"L\u2019Universit\u00e9 de Limoges veut renforcer ses liens avec l\u2019UQAC - UQACtualit\u00e9s\" \/>\r\n<meta property=\"og:description\" content=\"Venue en grand nombre aux portes de l\u2019\u00e9t\u00e9, la d\u00e9l\u00e9gation de l\u2019Universit\u00e9 de Limoges a pu profiter de multiples activit\u00e9s et visites sur notre campus, dans l\u2019optique d\u2019\u00e9largir la palette d\u2019ententes partenariales entre nos deux \u00e9tablissements. Deux jours d\u2019\u00e9changes porteurs entre partenaires de longue date: voici comment nous pouvons r\u00e9sumer la visite de l\u2019Universit\u00e9 de [&hellip;]\" \/>\r\n<meta property=\"og:url\" content=\"https:\/\/www.uqac.ca\/uqactualites\/2023\/07\/04\/luniversite-de-limoges-veut-renforcer-ses-liens-avec-luqac\/\" \/>\r\n<meta property=\"og:site_name\" content=\"UQACtualit\u00e9s\" \/>\r\n<meta property=\"article:published_time\" content=\"2023-07-04T12:25:42+00:00\" \/>\r\n<meta property=\"article:modified_time\" content=\"2024-08-06T19:57:57+00:00\" \/>\r\n<meta property=\"og:image\" content=\"https:\/\/www.uqac.ca\/uqactualites\/wp-content\/uploads\/2023\/07\/unilim1.jpg\" \/>\r\n\t<meta property=\"og:image:width\" content=\"1320\" \/>\r\n\t<meta property=\"og:image:height\" content=\"990\" \/>\r\n\t<meta property=\"og:image:type\" content=\"image\/jpeg\" \/>\r\n<meta name=\"author\" content=\"Service des communications et des relations publiques\" \/>\r\n<meta name=\"twitter:card\" content=\"summary_large_image\" \/>\r\n<meta name=\"twitter:label1\" content=\"\u00c9crit par\" \/>\n\t<meta name=\"twitter:data1\" content=\"Service des communications et des relations publiques\" \/>\n\t<meta name=\"twitter:label2\" content=\"Estimation du temps de lecture\" \/>\n\t<meta name=\"twitter:data2\" content=\"4 minutes\" \/>\r\n<script type=\"application\/ld+json\" class=\"yoast-schema-graph\">{\"@context\":\"https:\/\/schema.org\",\"@graph\":[{\"@type\":\"WebPage\",\"@id\":\"https:\/\/www.uqac.ca\/uqactualites\/2023\/07\/04\/luniversite-de-limoges-veut-renforcer-ses-liens-avec-luqac\/\",\"url\":\"https:\/\/www.uqac.ca\/uqactualites\/2023\/07\/04\/luniversite-de-limoges-veut-renforcer-ses-liens-avec-luqac\/\",\"name\":\"L\u2019Universit\u00e9 de Limoges veut renforcer ses liens avec l\u2019UQAC - UQACtualit\u00e9s\",\"isPartOf\":{\"@id\":\"https:\/\/www.uqac.ca\/uqactualites\/#website\"},\"primaryImageOfPage\":{\"@id\":\"https:\/\/www.uqac.ca\/uqactualites\/2023\/07\/04\/luniversite-de-limoges-veut-renforcer-ses-liens-avec-luqac\/#primaryimage\"},\"image\":{\"@id\":\"https:\/\/www.uqac.ca\/uqactualites\/2023\/07\/04\/luniversite-de-limoges-veut-renforcer-ses-liens-avec-luqac\/#primaryimage\"},\"thumbnailUrl\":\"https:\/\/www.uqac.ca\/uqactualites\/wp-content\/uploads\/2023\/07\/unilim1.jpg\",\"datePublished\":\"2023-07-04T12:25:42+00:00\",\"dateModified\":\"2024-08-06T19:57:57+00:00\",\"author\":{\"@id\":\"https:\/\/www.uqac.ca\/uqactualites\/#\/schema\/person\/366c45a0c4f0e677b41b4af5886e2018\"},\"breadcrumb\":{\"@id\":\"https:\/\/www.uqac.ca\/uqactualites\/2023\/07\/04\/luniversite-de-limoges-veut-renforcer-ses-liens-avec-luqac\/#breadcrumb\"},\"inLanguage\":\"fr-CA\",\"potentialAction\":[{\"@type\":\"ReadAction\",\"target\":[\"https:\/\/www.uqac.ca\/uqactualites\/2023\/07\/04\/luniversite-de-limoges-veut-renforcer-ses-liens-avec-luqac\/\"]}]},{\"@type\":\"ImageObject\",\"inLanguage\":\"fr-CA\",\"@id\":\"https:\/\/www.uqac.ca\/uqactualites\/2023\/07\/04\/luniversite-de-limoges-veut-renforcer-ses-liens-avec-luqac\/#primaryimage\",\"url\":\"https:\/\/www.uqac.ca\/uqactualites\/wp-content\/uploads\/2023\/07\/unilim1.jpg\",\"contentUrl\":\"https:\/\/www.uqac.ca\/uqactualites\/wp-content\/uploads\/2023\/07\/unilim1.jpg\",\"width\":1320,\"height\":990,\"caption\":\"(De gauche \u00e0 droite): Laurent Bourdier, vice-pr\u00e9sident Strat\u00e9gie Internationale d\u2019Unilim, Rachida Zerrouki, professeur \u00e0 l\u2019INSPE, Marilou Larouche, charg\u00e9e de gestion aux partenariats internationaux \u00e0 l\u2019UQAC, Isabelle Klock-Fontanille, pr\u00e9sidente d\u2019Unilim, Ghislain Samson, recteur de l\u2019UQAC, Romain Lucas, ma\u00eetre de conf\u00e9rences et coordonnateur du groupe de travail Qu\u00e9bec de l\u2019IUT du Limousin, et Bruno Mazi\u00e8res, ma\u00eetre de conf\u00e9rences et responsable du service relations internationales de l\u2019IUT du Limousin\"},{\"@type\":\"BreadcrumbList\",\"@id\":\"https:\/\/www.uqac.ca\/uqactualites\/2023\/07\/04\/luniversite-de-limoges-veut-renforcer-ses-liens-avec-luqac\/#breadcrumb\",\"itemListElement\":[{\"@type\":\"ListItem\",\"position\":1,\"name\":\"Home\",\"item\":\"https:\/\/www.uqac.ca\/uqactualites\/\"},{\"@type\":\"ListItem\",\"position\":2,\"name\":\"L\u2019Universit\u00e9 de Limoges veut renforcer ses liens avec l\u2019UQAC\"}]},{\"@type\":\"WebSite\",\"@id\":\"https:\/\/www.uqac.ca\/uqactualites\/#website\",\"url\":\"https:\/\/www.uqac.ca\/uqactualites\/\",\"name\":\"UQACtualit\u00e9s\",\"description\":\"Le portail des nouvelles de l&#039;UQAC\",\"potentialAction\":[{\"@type\":\"SearchAction\",\"target\":{\"@type\":\"EntryPoint\",\"urlTemplate\":\"https:\/\/www.uqac.ca\/uqactualites\/?s={search_term_string}\"},\"query-input\":{\"@type\":\"PropertyValueSpecification\",\"valueRequired\":true,\"valueName\":\"search_term_string\"}}],\"inLanguage\":\"fr-CA\"},{\"@type\":\"Person\",\"@id\":\"https:\/\/www.uqac.ca\/uqactualites\/#\/schema\/person\/366c45a0c4f0e677b41b4af5886e2018\",\"name\":\"Service des communications et des relations publiques\",\"image\":{\"@type\":\"ImageObject\",\"inLanguage\":\"fr-CA\",\"@id\":\"https:\/\/www.uqac.ca\/uqactualites\/#\/schema\/person\/image\/\",\"url\":\"https:\/\/secure.gravatar.com\/avatar\/20fbbda8a292f59f2d3461a5b999c00b?s=96&d=mm&r=g\",\"contentUrl\":\"https:\/\/secure.gravatar.com\/avatar\/20fbbda8a292f59f2d3461a5b999c00b?s=96&d=mm&r=g\",\"caption\":\"Service des communications et des relations publiques\"},\"url\":\"https:\/\/www.uqac.ca\/uqactualites\/author\/bap\/\"}]}<\/script>\r\n<!-- \/ Yoast SEO plugin. -->","yoast_head_json":{"title":"L\u2019Universit\u00e9 de Limoges veut renforcer ses liens avec l\u2019UQAC - UQACtualit\u00e9s","robots":{"index":"index","follow":"follow","max-snippet":"max-snippet:-1","max-image-preview":"max-image-preview:large","max-video-preview":"max-video-preview:-1"},"canonical":"https:\/\/www.uqac.ca\/uqactualites\/2023\/07\/04\/luniversite-de-limoges-veut-renforcer-ses-liens-avec-luqac\/","og_locale":"fr_CA","og_type":"article","og_title":"L\u2019Universit\u00e9 de Limoges veut renforcer ses liens avec l\u2019UQAC - UQACtualit\u00e9s","og_description":"Venue en grand nombre aux portes de l\u2019\u00e9t\u00e9, la d\u00e9l\u00e9gation de l\u2019Universit\u00e9 de Limoges a pu profiter de multiples activit\u00e9s et visites sur notre campus, dans l\u2019optique d\u2019\u00e9largir la palette d\u2019ententes partenariales entre nos deux \u00e9tablissements. Deux jours d\u2019\u00e9changes porteurs entre partenaires de longue date: voici comment nous pouvons r\u00e9sumer la visite de l\u2019Universit\u00e9 de [&hellip;]","og_url":"https:\/\/www.uqac.ca\/uqactualites\/2023\/07\/04\/luniversite-de-limoges-veut-renforcer-ses-liens-avec-luqac\/","og_site_name":"UQACtualit\u00e9s","article_published_time":"2023-07-04T12:25:42+00:00","article_modified_time":"2024-08-06T19:57:57+00:00","og_image":[{"width":1320,"height":990,"url":"https:\/\/www.uqac.ca\/uqactualites\/wp-content\/uploads\/2023\/07\/unilim1.jpg","type":"image\/jpeg"}],"author":"Service des communications et des relations publiques","twitter_card":"summary_large_image","twitter_misc":{"\u00c9crit par":"Service des communications et des relations publiques","Estimation du temps de lecture":"4 minutes"},"schema":{"@context":"https:\/\/schema.org","@graph":[{"@type":"WebPage","@id":"https:\/\/www.uqac.ca\/uqactualites\/2023\/07\/04\/luniversite-de-limoges-veut-renforcer-ses-liens-avec-luqac\/","url":"https:\/\/www.uqac.ca\/uqactualites\/2023\/07\/04\/luniversite-de-limoges-veut-renforcer-ses-liens-avec-luqac\/","name":"L\u2019Universit\u00e9 de Limoges veut renforcer ses liens avec l\u2019UQAC - UQACtualit\u00e9s","isPartOf":{"@id":"https:\/\/www.uqac.ca\/uqactualites\/#website"},"primaryImageOfPage":{"@id":"https:\/\/www.uqac.ca\/uqactualites\/2023\/07\/04\/luniversite-de-limoges-veut-renforcer-ses-liens-avec-luqac\/#primaryimage"},"image":{"@id":"https:\/\/www.uqac.ca\/uqactualites\/2023\/07\/04\/luniversite-de-limoges-veut-renforcer-ses-liens-avec-luqac\/#primaryimage"},"thumbnailUrl":"https:\/\/www.uqac.ca\/uqactualites\/wp-content\/uploads\/2023\/07\/unilim1.jpg","datePublished":"2023-07-04T12:25:42+00:00","dateModified":"2024-08-06T19:57:57+00:00","author":{"@id":"https:\/\/www.uqac.ca\/uqactualites\/#\/schema\/person\/366c45a0c4f0e677b41b4af5886e2018"},"breadcrumb":{"@id":"https:\/\/www.uqac.ca\/uqactualites\/2023\/07\/04\/luniversite-de-limoges-veut-renforcer-ses-liens-avec-luqac\/#breadcrumb"},"inLanguage":"fr-CA","potentialAction":[{"@type":"ReadAction","target":["https:\/\/www.uqac.ca\/uqactualites\/2023\/07\/04\/luniversite-de-limoges-veut-renforcer-ses-liens-avec-luqac\/"]}]},{"@type":"ImageObject","inLanguage":"fr-CA","@id":"https:\/\/www.uqac.ca\/uqactualites\/2023\/07\/04\/luniversite-de-limoges-veut-renforcer-ses-liens-avec-luqac\/#primaryimage","url":"https:\/\/www.uqac.ca\/uqactualites\/wp-content\/uploads\/2023\/07\/unilim1.jpg","contentUrl":"https:\/\/www.uqac.ca\/uqactualites\/wp-content\/uploads\/2023\/07\/unilim1.jpg","width":1320,"height":990,"caption":"(De gauche \u00e0 droite): Laurent Bourdier, vice-pr\u00e9sident Strat\u00e9gie Internationale d\u2019Unilim, Rachida Zerrouki, professeur \u00e0 l\u2019INSPE, Marilou Larouche, charg\u00e9e de gestion aux partenariats internationaux \u00e0 l\u2019UQAC, Isabelle Klock-Fontanille, pr\u00e9sidente d\u2019Unilim, Ghislain Samson, recteur de l\u2019UQAC, Romain Lucas, ma\u00eetre de conf\u00e9rences et coordonnateur du groupe de travail Qu\u00e9bec de l\u2019IUT du Limousin, et Bruno Mazi\u00e8res, ma\u00eetre de conf\u00e9rences et responsable du service relations internationales de l\u2019IUT du Limousin"},{"@type":"BreadcrumbList","@id":"https:\/\/www.uqac.ca\/uqactualites\/2023\/07\/04\/luniversite-de-limoges-veut-renforcer-ses-liens-avec-luqac\/#breadcrumb","itemListElement":[{"@type":"ListItem","position":1,"name":"Home","item":"https:\/\/www.uqac.ca\/uqactualites\/"},{"@type":"ListItem","position":2,"name":"L\u2019Universit\u00e9 de Limoges veut renforcer ses liens avec l\u2019UQAC"}]},{"@type":"WebSite","@id":"https:\/\/www.uqac.ca\/uqactualites\/#website","url":"https:\/\/www.uqac.ca\/uqactualites\/","name":"UQACtualit\u00e9s","description":"Le portail des nouvelles de l&#039;UQAC","potentialAction":[{"@type":"SearchAction","target":{"@type":"EntryPoint","urlTemplate":"https:\/\/www.uqac.ca\/uqactualites\/?s={search_term_string}"},"query-input":{"@type":"PropertyValueSpecification","valueRequired":true,"valueName":"search_term_string"}}],"inLanguage":"fr-CA"},{"@type":"Person","@id":"https:\/\/www.uqac.ca\/uqactualites\/#\/schema\/person\/366c45a0c4f0e677b41b4af5886e2018","name":"Service des communications et des relations publiques","image":{"@type":"ImageObject","inLanguage":"fr-CA","@id":"https:\/\/www.uqac.ca\/uqactualites\/#\/schema\/person\/image\/","url":"https:\/\/secure.gravatar.com\/avatar\/20fbbda8a292f59f2d3461a5b999c00b?s=96&d=mm&r=g","contentUrl":"https:\/\/secure.gravatar.com\/avatar\/20fbbda8a292f59f2d3461a5b999c00b?s=96&d=mm&r=g","caption":"Service des communications et des relations publiques"},"url":"https:\/\/www.uqac.ca\/uqactualites\/author\/bap\/"}]}},"_links":{"self":[{"href":"https:\/\/www.uqac.ca\/uqactualites\/wp-json\/wp\/v2\/posts\/44004"}],"collection":[{"href":"https:\/\/www.uqac.ca\/uqactualites\/wp-json\/wp\/v2\/posts"}],"about":[{"href":"https:\/\/www.uqac.ca\/uqactualites\/wp-json\/wp\/v2\/types\/post"}],"author":[{"embeddable":true,"href":"https:\/\/www.uqac.ca\/uqactualites\/wp-json\/wp\/v2\/users\/5"}],"replies":[{"embeddable":true,"href":"https:\/\/www.uqac.ca\/uqactualites\/wp-json\/wp\/v2\/comments?post=44004"}],"version-history":[{"count":2,"href":"https:\/\/www.uqac.ca\/uqactualites\/wp-json\/wp\/v2\/posts\/44004\/revisions"}],"predecessor-version":[{"id":48341,"href":"https:\/\/www.uqac.ca\/uqactualites\/wp-json\/wp\/v2\/posts\/44004\/revisions\/48341"}],"wp:featuredmedia":[{"embeddable":true,"href":"https:\/\/www.uqac.ca\/uqactualites\/wp-json\/wp\/v2\/media\/44010"}],"wp:attachment":[{"href":"https:\/\/www.uqac.ca\/uqactualites\/wp-json\/wp\/v2\/media?parent=44004"}],"wp:term":[{"taxonomy":"category","embeddable":true,"href":"https:\/\/www.uqac.ca\/uqactualites\/wp-json\/wp\/v2\/categories?post=44004"},{"taxonomy":"post_tag","embeddable":true,"href":"https:\/\/www.uqac.ca\/uqactualites\/wp-json\/wp\/v2\/tags?post=44004"}],"curies":[{"name":"wp","href":"https:\/\/api.w.org\/{rel}","templated":true}]}}