{"id":44050,"date":"2023-07-19T09:00:23","date_gmt":"2023-07-19T13:00:23","guid":{"rendered":"https:\/\/www.uqac.ca\/?p=44050"},"modified":"2024-08-06T15:03:26","modified_gmt":"2024-08-06T19:03:26","slug":"le-professeur-emerite-khadiyatoulah-fall-recoit-une-haute-distinction-honorifique-dans-son-pays-dorigine","status":"publish","type":"post","link":"https:\/\/www.uqac.ca\/uqactualites\/2023\/07\/19\/le-professeur-emerite-khadiyatoulah-fall-recoit-une-haute-distinction-honorifique-dans-son-pays-dorigine\/","title":{"rendered":"Le professeur \u00e9m\u00e9rite Khadiyatoulah Fall re\u00e7oit une haute distinction honorifique dans son pays d&rsquo;origine"},"content":{"rendered":"<p><strong>Apr\u00e8s avoir \u00e9t\u00e9 nomm\u00e9 par d\u00e9cret en 2022, c&rsquo;est le 6 juillet dernier que le professeur \u00e9m\u00e9rite de l\u2019UQAC Khadiyatoulah Fall a officiellement \u00e9t\u00e9 d\u00e9cor\u00e9 de la prestigieuse m\u00e9daille de Chevalier de l\u2019Ordre National du Lion, directement des mains du pr\u00e9sident de la R\u00e9publique du S\u00e9n\u00e9gal, Macky Sall. La c\u00e9r\u00e9monie s\u2019est d\u00e9roul\u00e9e au Palais pr\u00e9sidentiel \u00e0 Dakar, en pr\u00e9sence des autorit\u00e9s du protocole pr\u00e9sidentiel et de la Grande Chancellerie de l\u2019Ordre National du Lion<\/strong><\/p>\n<p><img loading=\"lazy\" decoding=\"async\" class=\"alignnone wp-image-44052\" src=\"https:\/\/www.uqac.ca\/uqactualites\/wp-content\/uploads\/2023\/07\/Fall_2-255x300.jpg\" alt=\"\" width=\"500\" height=\"588\" srcset=\"https:\/\/www.uqac.ca\/uqactualites\/wp-content\/uploads\/2023\/07\/Fall_2-255x300.jpg 255w, https:\/\/www.uqac.ca\/uqactualites\/wp-content\/uploads\/2023\/07\/Fall_2-768x903.jpg 768w, https:\/\/www.uqac.ca\/uqactualites\/wp-content\/uploads\/2023\/07\/Fall_2-150x176.jpg 150w, https:\/\/www.uqac.ca\/uqactualites\/wp-content\/uploads\/2023\/07\/Fall_2-300x353.jpg 300w, https:\/\/www.uqac.ca\/uqactualites\/wp-content\/uploads\/2023\/07\/Fall_2-696x818.jpg 696w, https:\/\/www.uqac.ca\/uqactualites\/wp-content\/uploads\/2023\/07\/Fall_2.jpg 871w\" sizes=\"(max-width: 500px) 100vw, 500px\" \/><\/p>\n<p>Ce titre honorifique, qui constitue l\u2019une des plus hautes distinctions du pays, lui a \u00e9t\u00e9 attribu\u00e9 pour les contributions\u00a0sociales, politiques, et intellectuelles apport\u00e9es en tant que citoyen s\u00e9n\u00e9galais de la diaspora. Avec cette nomination, le S\u00e9n\u00e9gal a reconnu l&rsquo;importante carri\u00e8re universitaire\u00a0du professeur s\u00e9n\u00e9galo-qu\u00e9b\u00e9cois, qui a contribu\u00e9 \u00e0 rehausser l&rsquo;image du pays \u00e0 l&rsquo;international.<\/p>\n<p>Khadiyatoulah Fall est professeur titulaire retrait\u00e9 du <a href=\"https:\/\/www.uqac.ca\/dall\/\">D\u00e9partement des arts, des lettres et du langage (DALL)<\/a> de l&rsquo;UQAC et membre \u00e9m\u00e9rite du <a href=\"https:\/\/celat.ca\/\">Centre interuniversitaire d&rsquo;\u00e9tudes sur les lettres, les arts et les traditions (C\u00c9LAT)<\/a>. Parmi les nombreuses contributions scientifiques du professeur, on peut citer ses travaux en s\u00e9mantique discursive et argumentative, qui ont eu un apport consid\u00e9rable dans la cat\u00e9gorisation et la clarification conceptuelle de termes et d&rsquo;expressions li\u00e9es \u00e0 la diversit\u00e9 ethnique, culturelle et religieuse au Canada.<\/p>\n<p>Khadiyatoulah Fall est aussi un homme politique occupant la fonction de ministre conseiller \u00e0 la pr\u00e9sidence de la R\u00e9publique du S\u00e9n\u00e9gal. Il est reconnu pour ses r\u00e9flexions\u00a0politiques et intellectuelles, qui font la promotion de la d\u00e9mocratie, de la paix\u00a0et du vivre ensemble au S\u00e9n\u00e9gal et ailleurs. Le 3 juillet dernier, il a d&rsquo;ailleurs aid\u00e9 le pr\u00e9sident Sall \u00e0 prendre la d\u00e9cision importante de renoncer \u00e0 un troisi\u00e8me mandat \u00e9ventuel,\u00a0qui occasionnait une grande tension dans le pays sur le plan d\u00e9mocratique.<\/p>\n<p>F\u00e9licitations \u00e0 notre professeur \u00e9m\u00e9rite pour cette prestigieuse d\u00e9coration qui permet de faire briller l&rsquo;UQAC \u00e0 l&rsquo;international!<\/p>\n","protected":false},"excerpt":{"rendered":"<p>Apr\u00e8s avoir \u00e9t\u00e9 nomm\u00e9 par d\u00e9cret en 2022, c&rsquo;est le 6 juillet dernier que le professeur \u00e9m\u00e9rite de l\u2019UQAC Khadiyatoulah Fall a officiellement \u00e9t\u00e9 d\u00e9cor\u00e9 de la prestigieuse m\u00e9daille de Chevalier de l\u2019Ordre National du Lion, directement des mains du pr\u00e9sident de la R\u00e9publique du S\u00e9n\u00e9gal, Macky Sall. La c\u00e9r\u00e9monie s\u2019est d\u00e9roul\u00e9e au Palais pr\u00e9sidentiel [&hellip;]<\/p>\n","protected":false},"author":5,"featured_media":44051,"comment_status":"closed","ping_status":"closed","sticky":false,"template":"","format":"standard","meta":{"footnotes":""},"categories":[9],"tags":[719,720,39],"yoast_head":"<!-- This site is optimized with the Yoast SEO plugin v24.2 - https:\/\/yoast.com\/wordpress\/plugins\/seo\/ -->\r\n<title>Le professeur \u00e9m\u00e9rite Khadiyatoulah Fall re\u00e7oit une haute distinction honorifique dans son pays d&#039;origine - UQACtualit\u00e9s<\/title>\r\n<meta name=\"description\" content=\"Le professeur \u00e9m\u00e9rite Khadiyatoulah Fall a officiellement \u00e9t\u00e9 d\u00e9cor\u00e9 de la prestigieuse m\u00e9daille de Chevalier de l\u2019Ordre National du Lion.\" \/>\r\n<meta name=\"robots\" content=\"index, follow, max-snippet:-1, max-image-preview:large, max-video-preview:-1\" \/>\r\n<link rel=\"canonical\" href=\"https:\/\/www.uqac.ca\/uqactualites\/2023\/07\/19\/le-professeur-emerite-khadiyatoulah-fall-recoit-une-haute-distinction-honorifique-dans-son-pays-dorigine\/\" \/>\r\n<meta property=\"og:locale\" content=\"fr_CA\" \/>\r\n<meta property=\"og:type\" content=\"article\" \/>\r\n<meta property=\"og:title\" content=\"Le professeur \u00e9m\u00e9rite Khadiyatoulah Fall re\u00e7oit une haute distinction honorifique dans son pays d&#039;origine - UQACtualit\u00e9s\" \/>\r\n<meta property=\"og:description\" content=\"Le professeur \u00e9m\u00e9rite Khadiyatoulah Fall a officiellement \u00e9t\u00e9 d\u00e9cor\u00e9 de la prestigieuse m\u00e9daille de Chevalier de l\u2019Ordre National du Lion.\" \/>\r\n<meta property=\"og:url\" content=\"https:\/\/www.uqac.ca\/uqactualites\/2023\/07\/19\/le-professeur-emerite-khadiyatoulah-fall-recoit-une-haute-distinction-honorifique-dans-son-pays-dorigine\/\" \/>\r\n<meta property=\"og:site_name\" content=\"UQACtualit\u00e9s\" \/>\r\n<meta property=\"article:published_time\" content=\"2023-07-19T13:00:23+00:00\" \/>\r\n<meta property=\"article:modified_time\" content=\"2024-08-06T19:03:26+00:00\" \/>\r\n<meta property=\"og:image\" content=\"https:\/\/www.uqac.ca\/uqactualites\/wp-content\/uploads\/2023\/07\/Fall_1.jpg\" \/>\r\n\t<meta property=\"og:image:width\" content=\"1024\" \/>\r\n\t<meta property=\"og:image:height\" content=\"715\" \/>\r\n\t<meta property=\"og:image:type\" content=\"image\/jpeg\" \/>\r\n<meta name=\"author\" content=\"Service des communications et des relations publiques\" \/>\r\n<meta name=\"twitter:card\" content=\"summary_large_image\" \/>\r\n<meta name=\"twitter:label1\" content=\"\u00c9crit par\" \/>\n\t<meta name=\"twitter:data1\" content=\"Service des communications et des relations publiques\" \/>\n\t<meta name=\"twitter:label2\" content=\"Estimation du temps de lecture\" \/>\n\t<meta name=\"twitter:data2\" content=\"2 minutes\" \/>\r\n<script type=\"application\/ld+json\" class=\"yoast-schema-graph\">{\"@context\":\"https:\/\/schema.org\",\"@graph\":[{\"@type\":\"WebPage\",\"@id\":\"https:\/\/www.uqac.ca\/uqactualites\/2023\/07\/19\/le-professeur-emerite-khadiyatoulah-fall-recoit-une-haute-distinction-honorifique-dans-son-pays-dorigine\/\",\"url\":\"https:\/\/www.uqac.ca\/uqactualites\/2023\/07\/19\/le-professeur-emerite-khadiyatoulah-fall-recoit-une-haute-distinction-honorifique-dans-son-pays-dorigine\/\",\"name\":\"Le professeur \u00e9m\u00e9rite Khadiyatoulah Fall re\u00e7oit une haute distinction honorifique dans son pays d'origine - UQACtualit\u00e9s\",\"isPartOf\":{\"@id\":\"https:\/\/www.uqac.ca\/uqactualites\/#website\"},\"primaryImageOfPage\":{\"@id\":\"https:\/\/www.uqac.ca\/uqactualites\/2023\/07\/19\/le-professeur-emerite-khadiyatoulah-fall-recoit-une-haute-distinction-honorifique-dans-son-pays-dorigine\/#primaryimage\"},\"image\":{\"@id\":\"https:\/\/www.uqac.ca\/uqactualites\/2023\/07\/19\/le-professeur-emerite-khadiyatoulah-fall-recoit-une-haute-distinction-honorifique-dans-son-pays-dorigine\/#primaryimage\"},\"thumbnailUrl\":\"https:\/\/www.uqac.ca\/uqactualites\/wp-content\/uploads\/2023\/07\/Fall_1.jpg\",\"datePublished\":\"2023-07-19T13:00:23+00:00\",\"dateModified\":\"2024-08-06T19:03:26+00:00\",\"author\":{\"@id\":\"https:\/\/www.uqac.ca\/uqactualites\/#\/schema\/person\/366c45a0c4f0e677b41b4af5886e2018\"},\"description\":\"Le professeur \u00e9m\u00e9rite Khadiyatoulah Fall a officiellement \u00e9t\u00e9 d\u00e9cor\u00e9 de la prestigieuse m\u00e9daille de Chevalier de l\u2019Ordre National du Lion.\",\"breadcrumb\":{\"@id\":\"https:\/\/www.uqac.ca\/uqactualites\/2023\/07\/19\/le-professeur-emerite-khadiyatoulah-fall-recoit-une-haute-distinction-honorifique-dans-son-pays-dorigine\/#breadcrumb\"},\"inLanguage\":\"fr-CA\",\"potentialAction\":[{\"@type\":\"ReadAction\",\"target\":[\"https:\/\/www.uqac.ca\/uqactualites\/2023\/07\/19\/le-professeur-emerite-khadiyatoulah-fall-recoit-une-haute-distinction-honorifique-dans-son-pays-dorigine\/\"]}]},{\"@type\":\"ImageObject\",\"inLanguage\":\"fr-CA\",\"@id\":\"https:\/\/www.uqac.ca\/uqactualites\/2023\/07\/19\/le-professeur-emerite-khadiyatoulah-fall-recoit-une-haute-distinction-honorifique-dans-son-pays-dorigine\/#primaryimage\",\"url\":\"https:\/\/www.uqac.ca\/uqactualites\/wp-content\/uploads\/2023\/07\/Fall_1.jpg\",\"contentUrl\":\"https:\/\/www.uqac.ca\/uqactualites\/wp-content\/uploads\/2023\/07\/Fall_1.jpg\",\"width\":1024,\"height\":715,\"caption\":\"Khadiyatoulah Fall\"},{\"@type\":\"BreadcrumbList\",\"@id\":\"https:\/\/www.uqac.ca\/uqactualites\/2023\/07\/19\/le-professeur-emerite-khadiyatoulah-fall-recoit-une-haute-distinction-honorifique-dans-son-pays-dorigine\/#breadcrumb\",\"itemListElement\":[{\"@type\":\"ListItem\",\"position\":1,\"name\":\"Home\",\"item\":\"https:\/\/www.uqac.ca\/uqactualites\/\"},{\"@type\":\"ListItem\",\"position\":2,\"name\":\"Le professeur \u00e9m\u00e9rite Khadiyatoulah Fall re\u00e7oit une haute distinction honorifique dans son pays d&rsquo;origine\"}]},{\"@type\":\"WebSite\",\"@id\":\"https:\/\/www.uqac.ca\/uqactualites\/#website\",\"url\":\"https:\/\/www.uqac.ca\/uqactualites\/\",\"name\":\"UQACtualit\u00e9s\",\"description\":\"Le portail des nouvelles de l&#039;UQAC\",\"potentialAction\":[{\"@type\":\"SearchAction\",\"target\":{\"@type\":\"EntryPoint\",\"urlTemplate\":\"https:\/\/www.uqac.ca\/uqactualites\/?s={search_term_string}\"},\"query-input\":{\"@type\":\"PropertyValueSpecification\",\"valueRequired\":true,\"valueName\":\"search_term_string\"}}],\"inLanguage\":\"fr-CA\"},{\"@type\":\"Person\",\"@id\":\"https:\/\/www.uqac.ca\/uqactualites\/#\/schema\/person\/366c45a0c4f0e677b41b4af5886e2018\",\"name\":\"Service des communications et des relations publiques\",\"image\":{\"@type\":\"ImageObject\",\"inLanguage\":\"fr-CA\",\"@id\":\"https:\/\/www.uqac.ca\/uqactualites\/#\/schema\/person\/image\/\",\"url\":\"https:\/\/secure.gravatar.com\/avatar\/20fbbda8a292f59f2d3461a5b999c00b?s=96&d=mm&r=g\",\"contentUrl\":\"https:\/\/secure.gravatar.com\/avatar\/20fbbda8a292f59f2d3461a5b999c00b?s=96&d=mm&r=g\",\"caption\":\"Service des communications et des relations publiques\"},\"url\":\"https:\/\/www.uqac.ca\/uqactualites\/author\/bap\/\"}]}<\/script>\r\n<!-- \/ Yoast SEO plugin. -->","yoast_head_json":{"title":"Le professeur \u00e9m\u00e9rite Khadiyatoulah Fall re\u00e7oit une haute distinction honorifique dans son pays d'origine - UQACtualit\u00e9s","description":"Le professeur \u00e9m\u00e9rite Khadiyatoulah Fall a officiellement \u00e9t\u00e9 d\u00e9cor\u00e9 de la prestigieuse m\u00e9daille de Chevalier de l\u2019Ordre National du Lion.","robots":{"index":"index","follow":"follow","max-snippet":"max-snippet:-1","max-image-preview":"max-image-preview:large","max-video-preview":"max-video-preview:-1"},"canonical":"https:\/\/www.uqac.ca\/uqactualites\/2023\/07\/19\/le-professeur-emerite-khadiyatoulah-fall-recoit-une-haute-distinction-honorifique-dans-son-pays-dorigine\/","og_locale":"fr_CA","og_type":"article","og_title":"Le professeur \u00e9m\u00e9rite Khadiyatoulah Fall re\u00e7oit une haute distinction honorifique dans son pays d'origine - UQACtualit\u00e9s","og_description":"Le professeur \u00e9m\u00e9rite Khadiyatoulah Fall a officiellement \u00e9t\u00e9 d\u00e9cor\u00e9 de la prestigieuse m\u00e9daille de Chevalier de l\u2019Ordre National du Lion.","og_url":"https:\/\/www.uqac.ca\/uqactualites\/2023\/07\/19\/le-professeur-emerite-khadiyatoulah-fall-recoit-une-haute-distinction-honorifique-dans-son-pays-dorigine\/","og_site_name":"UQACtualit\u00e9s","article_published_time":"2023-07-19T13:00:23+00:00","article_modified_time":"2024-08-06T19:03:26+00:00","og_image":[{"width":1024,"height":715,"url":"https:\/\/www.uqac.ca\/uqactualites\/wp-content\/uploads\/2023\/07\/Fall_1.jpg","type":"image\/jpeg"}],"author":"Service des communications et des relations publiques","twitter_card":"summary_large_image","twitter_misc":{"\u00c9crit par":"Service des communications et des relations publiques","Estimation du temps de lecture":"2 minutes"},"schema":{"@context":"https:\/\/schema.org","@graph":[{"@type":"WebPage","@id":"https:\/\/www.uqac.ca\/uqactualites\/2023\/07\/19\/le-professeur-emerite-khadiyatoulah-fall-recoit-une-haute-distinction-honorifique-dans-son-pays-dorigine\/","url":"https:\/\/www.uqac.ca\/uqactualites\/2023\/07\/19\/le-professeur-emerite-khadiyatoulah-fall-recoit-une-haute-distinction-honorifique-dans-son-pays-dorigine\/","name":"Le professeur \u00e9m\u00e9rite Khadiyatoulah Fall re\u00e7oit une haute distinction honorifique dans son pays d'origine - UQACtualit\u00e9s","isPartOf":{"@id":"https:\/\/www.uqac.ca\/uqactualites\/#website"},"primaryImageOfPage":{"@id":"https:\/\/www.uqac.ca\/uqactualites\/2023\/07\/19\/le-professeur-emerite-khadiyatoulah-fall-recoit-une-haute-distinction-honorifique-dans-son-pays-dorigine\/#primaryimage"},"image":{"@id":"https:\/\/www.uqac.ca\/uqactualites\/2023\/07\/19\/le-professeur-emerite-khadiyatoulah-fall-recoit-une-haute-distinction-honorifique-dans-son-pays-dorigine\/#primaryimage"},"thumbnailUrl":"https:\/\/www.uqac.ca\/uqactualites\/wp-content\/uploads\/2023\/07\/Fall_1.jpg","datePublished":"2023-07-19T13:00:23+00:00","dateModified":"2024-08-06T19:03:26+00:00","author":{"@id":"https:\/\/www.uqac.ca\/uqactualites\/#\/schema\/person\/366c45a0c4f0e677b41b4af5886e2018"},"description":"Le professeur \u00e9m\u00e9rite Khadiyatoulah Fall a officiellement \u00e9t\u00e9 d\u00e9cor\u00e9 de la prestigieuse m\u00e9daille de Chevalier de l\u2019Ordre National du Lion.","breadcrumb":{"@id":"https:\/\/www.uqac.ca\/uqactualites\/2023\/07\/19\/le-professeur-emerite-khadiyatoulah-fall-recoit-une-haute-distinction-honorifique-dans-son-pays-dorigine\/#breadcrumb"},"inLanguage":"fr-CA","potentialAction":[{"@type":"ReadAction","target":["https:\/\/www.uqac.ca\/uqactualites\/2023\/07\/19\/le-professeur-emerite-khadiyatoulah-fall-recoit-une-haute-distinction-honorifique-dans-son-pays-dorigine\/"]}]},{"@type":"ImageObject","inLanguage":"fr-CA","@id":"https:\/\/www.uqac.ca\/uqactualites\/2023\/07\/19\/le-professeur-emerite-khadiyatoulah-fall-recoit-une-haute-distinction-honorifique-dans-son-pays-dorigine\/#primaryimage","url":"https:\/\/www.uqac.ca\/uqactualites\/wp-content\/uploads\/2023\/07\/Fall_1.jpg","contentUrl":"https:\/\/www.uqac.ca\/uqactualites\/wp-content\/uploads\/2023\/07\/Fall_1.jpg","width":1024,"height":715,"caption":"Khadiyatoulah Fall"},{"@type":"BreadcrumbList","@id":"https:\/\/www.uqac.ca\/uqactualites\/2023\/07\/19\/le-professeur-emerite-khadiyatoulah-fall-recoit-une-haute-distinction-honorifique-dans-son-pays-dorigine\/#breadcrumb","itemListElement":[{"@type":"ListItem","position":1,"name":"Home","item":"https:\/\/www.uqac.ca\/uqactualites\/"},{"@type":"ListItem","position":2,"name":"Le professeur \u00e9m\u00e9rite Khadiyatoulah Fall re\u00e7oit une haute distinction honorifique dans son pays d&rsquo;origine"}]},{"@type":"WebSite","@id":"https:\/\/www.uqac.ca\/uqactualites\/#website","url":"https:\/\/www.uqac.ca\/uqactualites\/","name":"UQACtualit\u00e9s","description":"Le portail des nouvelles de l&#039;UQAC","potentialAction":[{"@type":"SearchAction","target":{"@type":"EntryPoint","urlTemplate":"https:\/\/www.uqac.ca\/uqactualites\/?s={search_term_string}"},"query-input":{"@type":"PropertyValueSpecification","valueRequired":true,"valueName":"search_term_string"}}],"inLanguage":"fr-CA"},{"@type":"Person","@id":"https:\/\/www.uqac.ca\/uqactualites\/#\/schema\/person\/366c45a0c4f0e677b41b4af5886e2018","name":"Service des communications et des relations publiques","image":{"@type":"ImageObject","inLanguage":"fr-CA","@id":"https:\/\/www.uqac.ca\/uqactualites\/#\/schema\/person\/image\/","url":"https:\/\/secure.gravatar.com\/avatar\/20fbbda8a292f59f2d3461a5b999c00b?s=96&d=mm&r=g","contentUrl":"https:\/\/secure.gravatar.com\/avatar\/20fbbda8a292f59f2d3461a5b999c00b?s=96&d=mm&r=g","caption":"Service des communications et des relations publiques"},"url":"https:\/\/www.uqac.ca\/uqactualites\/author\/bap\/"}]}},"_links":{"self":[{"href":"https:\/\/www.uqac.ca\/uqactualites\/wp-json\/wp\/v2\/posts\/44050"}],"collection":[{"href":"https:\/\/www.uqac.ca\/uqactualites\/wp-json\/wp\/v2\/posts"}],"about":[{"href":"https:\/\/www.uqac.ca\/uqactualites\/wp-json\/wp\/v2\/types\/post"}],"author":[{"embeddable":true,"href":"https:\/\/www.uqac.ca\/uqactualites\/wp-json\/wp\/v2\/users\/5"}],"replies":[{"embeddable":true,"href":"https:\/\/www.uqac.ca\/uqactualites\/wp-json\/wp\/v2\/comments?post=44050"}],"version-history":[{"count":2,"href":"https:\/\/www.uqac.ca\/uqactualites\/wp-json\/wp\/v2\/posts\/44050\/revisions"}],"predecessor-version":[{"id":48329,"href":"https:\/\/www.uqac.ca\/uqactualites\/wp-json\/wp\/v2\/posts\/44050\/revisions\/48329"}],"wp:featuredmedia":[{"embeddable":true,"href":"https:\/\/www.uqac.ca\/uqactualites\/wp-json\/wp\/v2\/media\/44051"}],"wp:attachment":[{"href":"https:\/\/www.uqac.ca\/uqactualites\/wp-json\/wp\/v2\/media?parent=44050"}],"wp:term":[{"taxonomy":"category","embeddable":true,"href":"https:\/\/www.uqac.ca\/uqactualites\/wp-json\/wp\/v2\/categories?post=44050"},{"taxonomy":"post_tag","embeddable":true,"href":"https:\/\/www.uqac.ca\/uqactualites\/wp-json\/wp\/v2\/tags?post=44050"}],"curies":[{"name":"wp","href":"https:\/\/api.w.org\/{rel}","templated":true}]}}