{"id":44235,"date":"2023-08-25T08:17:59","date_gmt":"2023-08-25T12:17:59","guid":{"rendered":"https:\/\/www.uqac.ca\/?p=44235"},"modified":"2024-08-06T08:59:13","modified_gmt":"2024-08-06T12:59:13","slug":"les-enfants-du-camp-de-jour-de-luqac-sinitient-a-la-recherche","status":"publish","type":"post","link":"https:\/\/www.uqac.ca\/uqactualites\/2023\/08\/25\/les-enfants-du-camp-de-jour-de-luqac-sinitient-a-la-recherche\/","title":{"rendered":"Les enfants du camp de jour de l\u2019UQAC s\u2019initient \u00e0 la recherche"},"content":{"rendered":"<p>Une vingtaine d\u2019enfants inscrits au volet sciences du camp de jour de l\u2019UQAC ont eu l\u2019occasion de vivre un ensemble d\u2019exp\u00e9riences hautes en couleur la semaine derni\u00e8re. Effectivement, ils ont eu la chance de visiter le <a href=\"https:\/\/lima.uqac.ca\/\" target=\"_blank\" rel=\"noopener\">Laboratoire international des mat\u00e9riaux antigivre (LIMA)<\/a> afin d\u2019assister \u00e0 la d\u00e9monstration de diff\u00e9rents ph\u00e9nom\u00e8nes scientifiques.<\/p>\n<p>Un parcours qui a d\u00e9but\u00e9 dans la salle climatique \u00e0 -10 \u00b0C o\u00f9 on leur a expliqu\u00e9 qu\u2019une quantit\u00e9 de neige \u00e9quivalente \u00e0 deux bacs de recyclage est produite chaque jour en ces lieux.<\/p>\n<p>Ils se sont ensuite dirig\u00e9s vers le Laboratoire de physique des d\u00e9charges, o\u00f9 <a href=\"https:\/\/www.uqac.ca\/portfolio\/stephanbrettschneider\/\" target=\"_blank\" rel=\"noopener\">Stephan Brettschneider<\/a>, professeur au <a href=\"https:\/\/www.uqac.ca\/dsa\/\" target=\"_blank\" rel=\"noopener\">D\u00e9partement des sciences appliqu\u00e9es<\/a>, leur a montr\u00e9 comment engendrer des d\u00e9charges \u00e9lectriques afin de reproduire un syst\u00e8me orageux.<\/p>\n<p><img loading=\"lazy\" decoding=\"async\" class=\"alignnone wp-image-44259 \" src=\"https:\/\/www.uqac.ca\/uqactualites\/wp-content\/uploads\/2023\/08\/IMG_7370_edit.png\" alt=\"\" width=\"600\" height=\"673\" srcset=\"https:\/\/www.uqac.ca\/uqactualites\/wp-content\/uploads\/2023\/08\/IMG_7370_edit.png 3015w, https:\/\/www.uqac.ca\/uqactualites\/wp-content\/uploads\/2023\/08\/IMG_7370_edit-267x300.png 267w, https:\/\/www.uqac.ca\/uqactualites\/wp-content\/uploads\/2023\/08\/IMG_7370_edit-913x1024.png 913w, https:\/\/www.uqac.ca\/uqactualites\/wp-content\/uploads\/2023\/08\/IMG_7370_edit-768x862.png 768w, https:\/\/www.uqac.ca\/uqactualites\/wp-content\/uploads\/2023\/08\/IMG_7370_edit-1369x1536.png 1369w, https:\/\/www.uqac.ca\/uqactualites\/wp-content\/uploads\/2023\/08\/IMG_7370_edit-1825x2048.png 1825w, https:\/\/www.uqac.ca\/uqactualites\/wp-content\/uploads\/2023\/08\/IMG_7370_edit-150x168.png 150w, https:\/\/www.uqac.ca\/uqactualites\/wp-content\/uploads\/2023\/08\/IMG_7370_edit-300x337.png 300w, https:\/\/www.uqac.ca\/uqactualites\/wp-content\/uploads\/2023\/08\/IMG_7370_edit-696x781.png 696w, https:\/\/www.uqac.ca\/uqactualites\/wp-content\/uploads\/2023\/08\/IMG_7370_edit-1068x1198.png 1068w, https:\/\/www.uqac.ca\/uqactualites\/wp-content\/uploads\/2023\/08\/IMG_7370_edit-1920x2154.png 1920w\" sizes=\"(max-width: 600px) 100vw, 600px\" \/><\/p>\n<p>La visite s\u2019est conclue par la mise en marche de l\u2019<a href=\"https:\/\/www.uqac.ca\/blog\/2022\/05\/30\/un-evacuateur-de-crues-a-echelle-semi-reelle-sur-le-campus-de-luqac\/\">\u00e9vacuateur de crues<\/a>, une r\u00e9plique \u00e0 \u00e9chelle semi-r\u00e9elle du barrage la Romaine 4, r\u00e9duite de 40 fois. Les jeunes ont pu monter pour observer l\u2019eau d\u00e9ferler dans l\u2019installation et apercevoir le robot qui calcule la vitesse de l\u2019eau. On leur a expliqu\u00e9 que ce type d\u2019installation se trouve \u00e0 c\u00f4t\u00e9 de chaque barrage important pour mod\u00e9rer l\u2019eau qui se trouve dans chaque gros r\u00e9servoir. Ensuite, le surplus d\u2019eau est dirig\u00e9 au bon endroit, en s\u2019assurant que le sol soit apte \u00e0 le recevoir sans en compromettre l\u2019int\u00e9grit\u00e9.<\/p>\n<p><img loading=\"lazy\" decoding=\"async\" class=\"alignnone wp-image-44248\" src=\"https:\/\/www.uqac.ca\/uqactualites\/wp-content\/uploads\/2023\/08\/IMG_7503-1024x768.jpg\" alt=\"\" width=\"600\" height=\"450\" srcset=\"https:\/\/www.uqac.ca\/uqactualites\/wp-content\/uploads\/2023\/08\/IMG_7503-1024x768.jpg 1024w, https:\/\/www.uqac.ca\/uqactualites\/wp-content\/uploads\/2023\/08\/IMG_7503-300x225.jpg 300w, https:\/\/www.uqac.ca\/uqactualites\/wp-content\/uploads\/2023\/08\/IMG_7503-768x576.jpg 768w, https:\/\/www.uqac.ca\/uqactualites\/wp-content\/uploads\/2023\/08\/IMG_7503-1536x1152.jpg 1536w, https:\/\/www.uqac.ca\/uqactualites\/wp-content\/uploads\/2023\/08\/IMG_7503-2048x1536.jpg 2048w, https:\/\/www.uqac.ca\/uqactualites\/wp-content\/uploads\/2023\/08\/IMG_7503-150x113.jpg 150w, https:\/\/www.uqac.ca\/uqactualites\/wp-content\/uploads\/2023\/08\/IMG_7503-696x522.jpg 696w, https:\/\/www.uqac.ca\/uqactualites\/wp-content\/uploads\/2023\/08\/IMG_7503-1068x801.jpg 1068w, https:\/\/www.uqac.ca\/uqactualites\/wp-content\/uploads\/2023\/08\/IMG_7503-1920x1440.jpg 1920w\" sizes=\"(max-width: 600px) 100vw, 600px\" \/><\/p>\n<p>Les enfants du camp de jour de l&rsquo;UQAC sont ressortis tout sourire, comme quoi il n\u2019est jamais trop t\u00f4t pour un premier contact avec la science.<\/p>\n","protected":false},"excerpt":{"rendered":"<p>Une vingtaine d\u2019enfants inscrits au volet sciences du camp de jour de l\u2019UQAC ont eu l\u2019occasion de vivre un ensemble d\u2019exp\u00e9riences hautes en couleur la semaine derni\u00e8re. Effectivement, ils ont eu la chance de visiter le Laboratoire international des mat\u00e9riaux antigivre (LIMA) afin d\u2019assister \u00e0 la d\u00e9monstration de diff\u00e9rents ph\u00e9nom\u00e8nes scientifiques. Un parcours qui a [&hellip;]<\/p>\n","protected":false},"author":5,"featured_media":44239,"comment_status":"closed","ping_status":"closed","sticky":false,"template":"","format":"standard","meta":{"footnotes":""},"categories":[2],"tags":[1492,21,97],"yoast_head":"<!-- This site is optimized with the Yoast SEO plugin v24.2 - https:\/\/yoast.com\/wordpress\/plugins\/seo\/ -->\r\n<title>Les enfants du camp de jour de l\u2019UQAC s\u2019initient \u00e0 la recherche - UQACtualit\u00e9s<\/title>\r\n<meta name=\"description\" content=\"Une vingtaine d\u2019enfants inscrits au volet sciences du camp de jour de l\u2019UQAC ont eu l\u2019occasion de visiter les laboratoires de l&#039;UQAC.\" \/>\r\n<meta name=\"robots\" content=\"index, follow, max-snippet:-1, max-image-preview:large, max-video-preview:-1\" \/>\r\n<link rel=\"canonical\" href=\"https:\/\/www.uqac.ca\/uqactualites\/2023\/08\/25\/les-enfants-du-camp-de-jour-de-luqac-sinitient-a-la-recherche\/\" \/>\r\n<meta property=\"og:locale\" content=\"fr_CA\" \/>\r\n<meta property=\"og:type\" content=\"article\" \/>\r\n<meta property=\"og:title\" content=\"Les enfants du camp de jour de l\u2019UQAC s\u2019initient \u00e0 la recherche - UQACtualit\u00e9s\" \/>\r\n<meta property=\"og:description\" content=\"Une vingtaine d\u2019enfants inscrits au volet sciences du camp de jour de l\u2019UQAC ont eu l\u2019occasion de visiter les laboratoires de l&#039;UQAC.\" \/>\r\n<meta property=\"og:url\" content=\"https:\/\/www.uqac.ca\/uqactualites\/2023\/08\/25\/les-enfants-du-camp-de-jour-de-luqac-sinitient-a-la-recherche\/\" \/>\r\n<meta property=\"og:site_name\" content=\"UQACtualit\u00e9s\" \/>\r\n<meta property=\"article:published_time\" content=\"2023-08-25T12:17:59+00:00\" \/>\r\n<meta property=\"article:modified_time\" content=\"2024-08-06T12:59:13+00:00\" \/>\r\n<meta property=\"og:image\" content=\"https:\/\/www.uqac.ca\/uqactualites\/wp-content\/uploads\/2023\/08\/IMG_7322-scaled.jpg\" \/>\r\n\t<meta property=\"og:image:width\" content=\"1920\" \/>\r\n\t<meta property=\"og:image:height\" content=\"2560\" \/>\r\n\t<meta property=\"og:image:type\" content=\"image\/jpeg\" \/>\r\n<meta name=\"author\" content=\"Service des communications et des relations publiques\" \/>\r\n<meta name=\"twitter:card\" content=\"summary_large_image\" \/>\r\n<meta name=\"twitter:label1\" content=\"\u00c9crit par\" \/>\n\t<meta name=\"twitter:data1\" content=\"Service des communications et des relations publiques\" \/>\n\t<meta name=\"twitter:label2\" content=\"Estimation du temps de lecture\" \/>\n\t<meta name=\"twitter:data2\" content=\"2 minutes\" \/>\r\n<script type=\"application\/ld+json\" class=\"yoast-schema-graph\">{\"@context\":\"https:\/\/schema.org\",\"@graph\":[{\"@type\":\"WebPage\",\"@id\":\"https:\/\/www.uqac.ca\/uqactualites\/2023\/08\/25\/les-enfants-du-camp-de-jour-de-luqac-sinitient-a-la-recherche\/\",\"url\":\"https:\/\/www.uqac.ca\/uqactualites\/2023\/08\/25\/les-enfants-du-camp-de-jour-de-luqac-sinitient-a-la-recherche\/\",\"name\":\"Les enfants du camp de jour de l\u2019UQAC s\u2019initient \u00e0 la recherche - UQACtualit\u00e9s\",\"isPartOf\":{\"@id\":\"https:\/\/www.uqac.ca\/uqactualites\/#website\"},\"primaryImageOfPage\":{\"@id\":\"https:\/\/www.uqac.ca\/uqactualites\/2023\/08\/25\/les-enfants-du-camp-de-jour-de-luqac-sinitient-a-la-recherche\/#primaryimage\"},\"image\":{\"@id\":\"https:\/\/www.uqac.ca\/uqactualites\/2023\/08\/25\/les-enfants-du-camp-de-jour-de-luqac-sinitient-a-la-recherche\/#primaryimage\"},\"thumbnailUrl\":\"https:\/\/www.uqac.ca\/uqactualites\/wp-content\/uploads\/2023\/08\/IMG_7322-scaled.jpg\",\"datePublished\":\"2023-08-25T12:17:59+00:00\",\"dateModified\":\"2024-08-06T12:59:13+00:00\",\"author\":{\"@id\":\"https:\/\/www.uqac.ca\/uqactualites\/#\/schema\/person\/366c45a0c4f0e677b41b4af5886e2018\"},\"description\":\"Une vingtaine d\u2019enfants inscrits au volet sciences du camp de jour de l\u2019UQAC ont eu l\u2019occasion de visiter les laboratoires de l'UQAC.\",\"breadcrumb\":{\"@id\":\"https:\/\/www.uqac.ca\/uqactualites\/2023\/08\/25\/les-enfants-du-camp-de-jour-de-luqac-sinitient-a-la-recherche\/#breadcrumb\"},\"inLanguage\":\"fr-CA\",\"potentialAction\":[{\"@type\":\"ReadAction\",\"target\":[\"https:\/\/www.uqac.ca\/uqactualites\/2023\/08\/25\/les-enfants-du-camp-de-jour-de-luqac-sinitient-a-la-recherche\/\"]}]},{\"@type\":\"ImageObject\",\"inLanguage\":\"fr-CA\",\"@id\":\"https:\/\/www.uqac.ca\/uqactualites\/2023\/08\/25\/les-enfants-du-camp-de-jour-de-luqac-sinitient-a-la-recherche\/#primaryimage\",\"url\":\"https:\/\/www.uqac.ca\/uqactualites\/wp-content\/uploads\/2023\/08\/IMG_7322-scaled.jpg\",\"contentUrl\":\"https:\/\/www.uqac.ca\/uqactualites\/wp-content\/uploads\/2023\/08\/IMG_7322-scaled.jpg\",\"width\":1920,\"height\":2560,\"caption\":\"Camp de jour de l'UQAC\"},{\"@type\":\"BreadcrumbList\",\"@id\":\"https:\/\/www.uqac.ca\/uqactualites\/2023\/08\/25\/les-enfants-du-camp-de-jour-de-luqac-sinitient-a-la-recherche\/#breadcrumb\",\"itemListElement\":[{\"@type\":\"ListItem\",\"position\":1,\"name\":\"Home\",\"item\":\"https:\/\/www.uqac.ca\/uqactualites\/\"},{\"@type\":\"ListItem\",\"position\":2,\"name\":\"Les enfants du camp de jour de l\u2019UQAC s\u2019initient \u00e0 la recherche\"}]},{\"@type\":\"WebSite\",\"@id\":\"https:\/\/www.uqac.ca\/uqactualites\/#website\",\"url\":\"https:\/\/www.uqac.ca\/uqactualites\/\",\"name\":\"UQACtualit\u00e9s\",\"description\":\"Le portail des nouvelles de l&#039;UQAC\",\"potentialAction\":[{\"@type\":\"SearchAction\",\"target\":{\"@type\":\"EntryPoint\",\"urlTemplate\":\"https:\/\/www.uqac.ca\/uqactualites\/?s={search_term_string}\"},\"query-input\":{\"@type\":\"PropertyValueSpecification\",\"valueRequired\":true,\"valueName\":\"search_term_string\"}}],\"inLanguage\":\"fr-CA\"},{\"@type\":\"Person\",\"@id\":\"https:\/\/www.uqac.ca\/uqactualites\/#\/schema\/person\/366c45a0c4f0e677b41b4af5886e2018\",\"name\":\"Service des communications et des relations publiques\",\"image\":{\"@type\":\"ImageObject\",\"inLanguage\":\"fr-CA\",\"@id\":\"https:\/\/www.uqac.ca\/uqactualites\/#\/schema\/person\/image\/\",\"url\":\"https:\/\/secure.gravatar.com\/avatar\/20fbbda8a292f59f2d3461a5b999c00b?s=96&d=mm&r=g\",\"contentUrl\":\"https:\/\/secure.gravatar.com\/avatar\/20fbbda8a292f59f2d3461a5b999c00b?s=96&d=mm&r=g\",\"caption\":\"Service des communications et des relations publiques\"},\"url\":\"https:\/\/www.uqac.ca\/uqactualites\/author\/bap\/\"}]}<\/script>\r\n<!-- \/ Yoast SEO plugin. -->","yoast_head_json":{"title":"Les enfants du camp de jour de l\u2019UQAC s\u2019initient \u00e0 la recherche - UQACtualit\u00e9s","description":"Une vingtaine d\u2019enfants inscrits au volet sciences du camp de jour de l\u2019UQAC ont eu l\u2019occasion de visiter les laboratoires de l'UQAC.","robots":{"index":"index","follow":"follow","max-snippet":"max-snippet:-1","max-image-preview":"max-image-preview:large","max-video-preview":"max-video-preview:-1"},"canonical":"https:\/\/www.uqac.ca\/uqactualites\/2023\/08\/25\/les-enfants-du-camp-de-jour-de-luqac-sinitient-a-la-recherche\/","og_locale":"fr_CA","og_type":"article","og_title":"Les enfants du camp de jour de l\u2019UQAC s\u2019initient \u00e0 la recherche - UQACtualit\u00e9s","og_description":"Une vingtaine d\u2019enfants inscrits au volet sciences du camp de jour de l\u2019UQAC ont eu l\u2019occasion de visiter les laboratoires de l'UQAC.","og_url":"https:\/\/www.uqac.ca\/uqactualites\/2023\/08\/25\/les-enfants-du-camp-de-jour-de-luqac-sinitient-a-la-recherche\/","og_site_name":"UQACtualit\u00e9s","article_published_time":"2023-08-25T12:17:59+00:00","article_modified_time":"2024-08-06T12:59:13+00:00","og_image":[{"width":1920,"height":2560,"url":"https:\/\/www.uqac.ca\/uqactualites\/wp-content\/uploads\/2023\/08\/IMG_7322-scaled.jpg","type":"image\/jpeg"}],"author":"Service des communications et des relations publiques","twitter_card":"summary_large_image","twitter_misc":{"\u00c9crit par":"Service des communications et des relations publiques","Estimation du temps de lecture":"2 minutes"},"schema":{"@context":"https:\/\/schema.org","@graph":[{"@type":"WebPage","@id":"https:\/\/www.uqac.ca\/uqactualites\/2023\/08\/25\/les-enfants-du-camp-de-jour-de-luqac-sinitient-a-la-recherche\/","url":"https:\/\/www.uqac.ca\/uqactualites\/2023\/08\/25\/les-enfants-du-camp-de-jour-de-luqac-sinitient-a-la-recherche\/","name":"Les enfants du camp de jour de l\u2019UQAC s\u2019initient \u00e0 la recherche - UQACtualit\u00e9s","isPartOf":{"@id":"https:\/\/www.uqac.ca\/uqactualites\/#website"},"primaryImageOfPage":{"@id":"https:\/\/www.uqac.ca\/uqactualites\/2023\/08\/25\/les-enfants-du-camp-de-jour-de-luqac-sinitient-a-la-recherche\/#primaryimage"},"image":{"@id":"https:\/\/www.uqac.ca\/uqactualites\/2023\/08\/25\/les-enfants-du-camp-de-jour-de-luqac-sinitient-a-la-recherche\/#primaryimage"},"thumbnailUrl":"https:\/\/www.uqac.ca\/uqactualites\/wp-content\/uploads\/2023\/08\/IMG_7322-scaled.jpg","datePublished":"2023-08-25T12:17:59+00:00","dateModified":"2024-08-06T12:59:13+00:00","author":{"@id":"https:\/\/www.uqac.ca\/uqactualites\/#\/schema\/person\/366c45a0c4f0e677b41b4af5886e2018"},"description":"Une vingtaine d\u2019enfants inscrits au volet sciences du camp de jour de l\u2019UQAC ont eu l\u2019occasion de visiter les laboratoires de l'UQAC.","breadcrumb":{"@id":"https:\/\/www.uqac.ca\/uqactualites\/2023\/08\/25\/les-enfants-du-camp-de-jour-de-luqac-sinitient-a-la-recherche\/#breadcrumb"},"inLanguage":"fr-CA","potentialAction":[{"@type":"ReadAction","target":["https:\/\/www.uqac.ca\/uqactualites\/2023\/08\/25\/les-enfants-du-camp-de-jour-de-luqac-sinitient-a-la-recherche\/"]}]},{"@type":"ImageObject","inLanguage":"fr-CA","@id":"https:\/\/www.uqac.ca\/uqactualites\/2023\/08\/25\/les-enfants-du-camp-de-jour-de-luqac-sinitient-a-la-recherche\/#primaryimage","url":"https:\/\/www.uqac.ca\/uqactualites\/wp-content\/uploads\/2023\/08\/IMG_7322-scaled.jpg","contentUrl":"https:\/\/www.uqac.ca\/uqactualites\/wp-content\/uploads\/2023\/08\/IMG_7322-scaled.jpg","width":1920,"height":2560,"caption":"Camp de jour de l'UQAC"},{"@type":"BreadcrumbList","@id":"https:\/\/www.uqac.ca\/uqactualites\/2023\/08\/25\/les-enfants-du-camp-de-jour-de-luqac-sinitient-a-la-recherche\/#breadcrumb","itemListElement":[{"@type":"ListItem","position":1,"name":"Home","item":"https:\/\/www.uqac.ca\/uqactualites\/"},{"@type":"ListItem","position":2,"name":"Les enfants du camp de jour de l\u2019UQAC s\u2019initient \u00e0 la recherche"}]},{"@type":"WebSite","@id":"https:\/\/www.uqac.ca\/uqactualites\/#website","url":"https:\/\/www.uqac.ca\/uqactualites\/","name":"UQACtualit\u00e9s","description":"Le portail des nouvelles de l&#039;UQAC","potentialAction":[{"@type":"SearchAction","target":{"@type":"EntryPoint","urlTemplate":"https:\/\/www.uqac.ca\/uqactualites\/?s={search_term_string}"},"query-input":{"@type":"PropertyValueSpecification","valueRequired":true,"valueName":"search_term_string"}}],"inLanguage":"fr-CA"},{"@type":"Person","@id":"https:\/\/www.uqac.ca\/uqactualites\/#\/schema\/person\/366c45a0c4f0e677b41b4af5886e2018","name":"Service des communications et des relations publiques","image":{"@type":"ImageObject","inLanguage":"fr-CA","@id":"https:\/\/www.uqac.ca\/uqactualites\/#\/schema\/person\/image\/","url":"https:\/\/secure.gravatar.com\/avatar\/20fbbda8a292f59f2d3461a5b999c00b?s=96&d=mm&r=g","contentUrl":"https:\/\/secure.gravatar.com\/avatar\/20fbbda8a292f59f2d3461a5b999c00b?s=96&d=mm&r=g","caption":"Service des communications et des relations publiques"},"url":"https:\/\/www.uqac.ca\/uqactualites\/author\/bap\/"}]}},"_links":{"self":[{"href":"https:\/\/www.uqac.ca\/uqactualites\/wp-json\/wp\/v2\/posts\/44235"}],"collection":[{"href":"https:\/\/www.uqac.ca\/uqactualites\/wp-json\/wp\/v2\/posts"}],"about":[{"href":"https:\/\/www.uqac.ca\/uqactualites\/wp-json\/wp\/v2\/types\/post"}],"author":[{"embeddable":true,"href":"https:\/\/www.uqac.ca\/uqactualites\/wp-json\/wp\/v2\/users\/5"}],"replies":[{"embeddable":true,"href":"https:\/\/www.uqac.ca\/uqactualites\/wp-json\/wp\/v2\/comments?post=44235"}],"version-history":[{"count":2,"href":"https:\/\/www.uqac.ca\/uqactualites\/wp-json\/wp\/v2\/posts\/44235\/revisions"}],"predecessor-version":[{"id":48307,"href":"https:\/\/www.uqac.ca\/uqactualites\/wp-json\/wp\/v2\/posts\/44235\/revisions\/48307"}],"wp:featuredmedia":[{"embeddable":true,"href":"https:\/\/www.uqac.ca\/uqactualites\/wp-json\/wp\/v2\/media\/44239"}],"wp:attachment":[{"href":"https:\/\/www.uqac.ca\/uqactualites\/wp-json\/wp\/v2\/media?parent=44235"}],"wp:term":[{"taxonomy":"category","embeddable":true,"href":"https:\/\/www.uqac.ca\/uqactualites\/wp-json\/wp\/v2\/categories?post=44235"},{"taxonomy":"post_tag","embeddable":true,"href":"https:\/\/www.uqac.ca\/uqactualites\/wp-json\/wp\/v2\/tags?post=44235"}],"curies":[{"name":"wp","href":"https:\/\/api.w.org\/{rel}","templated":true}]}}